{"id":4619,"date":"2025-07-28T23:09:28","date_gmt":"2025-07-28T21:09:28","guid":{"rendered":"https:\/\/catholicus.eu\/pt\/?p=4619"},"modified":"2025-07-28T23:09:29","modified_gmt":"2025-07-28T21:09:29","slug":"o-tempo-nao-e-igual-o-segredo-do-ano-liturgico-que-transforma-calendarios-em-caminhos-de-fe","status":"publish","type":"post","link":"https:\/\/catholicus.eu\/pt\/o-tempo-nao-e-igual-o-segredo-do-ano-liturgico-que-transforma-calendarios-em-caminhos-de-fe\/","title":{"rendered":"O tempo n\u00e3o \u00e9 igual: o segredo do \u201cAno Lit\u00fargico\u201d que transforma calend\u00e1rios em caminhos de f\u00e9"},"content":{"rendered":"\n<p><em>Na era dos calend\u00e1rios digitais e dos compromissos cronometrados, a Igreja Cat\u00f3lica nos prop\u00f5e outra maneira de viver o tempo. Uma que n\u00e3o apenas organiza, mas santifica. Uma que n\u00e3o se limita a contar os dias, mas os preenche de Mist\u00e9rio. Bem-vindo ao Ano Lit\u00fargico, o segredo mais bem guardado da espiritualidade cat\u00f3lica.<\/em><\/p>\n\n\n\n<h3 class=\"wp-block-heading\">O tempo n\u00e3o \u00e9 neutro: \u00e9 sagrado<\/h3>\n\n\n\n<p>Vivemos imersos em uma concep\u00e7\u00e3o linear, cronol\u00f3gica e \u201cneutra\u201d do tempo: um conjunto de dias, meses e anos que passam sem alma, marcados por eventos civis, prazos profissionais e feriados comerciais. Mas para o crist\u00e3o, o tempo n\u00e3o \u00e9 neutro. Ele \u00e9 o espa\u00e7o que Deus escolheu para Se revelar, para operar a salva\u00e7\u00e3o, para caminhar conosco.<\/p>\n\n\n\n<p>Como ensina o Catecismo da Igreja Cat\u00f3lica:<\/p>\n\n\n\n<blockquote class=\"wp-block-quote is-layout-flow wp-block-quote-is-layout-flow\">\n<p>\u201cA partir do Mist\u00e9rio pascal, no ano lit\u00fargico a Igreja desdobra todo o Mist\u00e9rio de Cristo [\u2026]. Durante o ano lit\u00fargico, a Igreja celebra toda a vida de Cristo: sua Encarna\u00e7\u00e3o e seu Nascimento, sua Vida oculta e sua Vida p\u00fablica, sua Paix\u00e3o e sua Morte, sua Ressurrei\u00e7\u00e3o e sua Ascens\u00e3o ao C\u00e9u, e, por fim, o Pentecostes. Ao celebrar assim o Mist\u00e9rio de Cristo, a Igreja une-se a seu Senhor no desejo de ser santificada por Ele.\u201d (CIC 1168)<\/p>\n<\/blockquote>\n\n\n\n<p>Em outras palavras: a Igreja santifica o tempo. Cada domingo, cada festa, cada tempo lit\u00fargico \u00e9 uma oportunidade de ser transformado pela Gra\u00e7a.<\/p>\n\n\n\n<h3 class=\"wp-block-heading\">As ra\u00edzes hist\u00f3ricas: como nasceu o Ano Lit\u00fargico?<\/h3>\n\n\n\n<p>O Ano Lit\u00fargico n\u00e3o \u00e9 uma cria\u00e7\u00e3o artificial, mas floresceu organicamente nos primeiros s\u00e9culos do cristianismo. Os primeiros crist\u00e3os, fi\u00e9is ao mandamento de Cristo de celebrar o \u201cmemorial\u201d de Sua Paix\u00e3o, Morte e Ressurrei\u00e7\u00e3o, come\u00e7aram a se reunir todos os domingos, o \u201cdia do Senhor\u201d (<em>dies Domini<\/em>), para partir o p\u00e3o e escutar a Palavra.<\/p>\n\n\n\n<p>Posteriormente, passou-se a celebrar anualmente a P\u00e1scoa, seguida de Pentecostes. Mais tarde, foram sendo adicionados o Advento e o Natal, e finalmente o ciclo completo que conhecemos hoje: os tempos fortes (Advento, Natal, Quaresma, P\u00e1scoa) e o Tempo Comum.<\/p>\n\n\n\n<p>O Ano Lit\u00fargico \u00e9, portanto, uma verdadeira pedagogia espiritual, que nos conduz, ano ap\u00f3s ano, a redescobrir toda a vida e a obra salv\u00edfica de Cristo.<\/p>\n\n\n\n<h3 class=\"wp-block-heading\">O tempo cristol\u00f3gico: n\u00e3o se trata de \u201clembrar\u201d, mas de viver<\/h3>\n\n\n\n<p>A liturgia n\u00e3o \u00e9 uma simples comemora\u00e7\u00e3o, como se faz com uma data hist\u00f3rica. Em cada celebra\u00e7\u00e3o lit\u00fargica, o Mist\u00e9rio de Cristo est\u00e1 realmente presente e atuante.<\/p>\n\n\n\n<p>Cada Natal n\u00e3o \u00e9 apenas o \u201canivers\u00e1rio de Jesus\u201d, mas a reatualiza\u00e7\u00e3o da Encarna\u00e7\u00e3o. Cada P\u00e1scoa n\u00e3o \u00e9 s\u00f3 um \u201canivers\u00e1rio\u201d, mas a participa\u00e7\u00e3o viva na Vit\u00f3ria de Cristo sobre a morte. Como ensina a teologia lit\u00fargica, o tempo lit\u00fargico \u00e9 <strong>tempo sacramental<\/strong>: nele Cristo age hoje.<\/p>\n\n\n\n<p>Diz S\u00e3o Paulo:<\/p>\n\n\n\n<blockquote class=\"wp-block-quote is-layout-flow wp-block-quote-is-layout-flow\">\n<p>\u201cEis agora o tempo favor\u00e1vel, eis agora o dia da salva\u00e7\u00e3o!\u201d (2Cor 6,2)<\/p>\n<\/blockquote>\n\n\n\n<p>No Ano Lit\u00fargico, cada dia pode tornar-se \u201co dia da salva\u00e7\u00e3o\u201d, se vivido em comunh\u00e3o com a Igreja e com Cristo.<\/p>\n\n\n\n<h3 class=\"wp-block-heading\">As esta\u00e7\u00f5es da Gra\u00e7a: guia dos tempos lit\u00fargicos<\/h3>\n\n\n\n<ol class=\"wp-block-list\">\n<li><strong>Advento<\/strong> \u2013 Tempo de espera e prepara\u00e7\u00e3o. Educa-nos \u00e0 esperan\u00e7a, ao desejo da vinda de Cristo, tanto na carne quanto na gl\u00f3ria.<\/li>\n\n\n\n<li><strong>Natal<\/strong> \u2013 Celebra\u00e7\u00e3o da Encarna\u00e7\u00e3o. Deus se faz Menino para nos salvar e santificar nossa humanidade.<\/li>\n\n\n\n<li><strong>Tempo Comum (primeira parte)<\/strong> \u2013 N\u00e3o \u00e9 \u201ccomum\u201d no sentido banal, mas cotidiano. \u00c9 tempo de crescimento, de escuta das par\u00e1bolas, de seguimento.<\/li>\n\n\n\n<li><strong>Quaresma<\/strong> \u2013 Tempo de penit\u00eancia e convers\u00e3o. Quarenta dias para retornar a Deus com todo o cora\u00e7\u00e3o.<\/li>\n\n\n\n<li><strong>Semana Santa e Tr\u00edduo Pascal<\/strong> \u2013 O cora\u00e7\u00e3o do ano. Paix\u00e3o, Morte e Ressurrei\u00e7\u00e3o: o Mist\u00e9rio central da nossa f\u00e9.<\/li>\n\n\n\n<li><strong>Tempo Pascal<\/strong> \u2013 Cinquenta dias de alegria, luz, vida nova.<\/li>\n\n\n\n<li><strong>Tempo Comum (segunda parte)<\/strong> \u2013 Longo caminho rumo ao cumprimento, iluminado pelo Esp\u00edrito.<\/li>\n<\/ol>\n\n\n\n<p>Cada tempo tem sua espiritualidade, sua cor lit\u00fargica, sua pedagogia interior. Nada \u00e9 casual. Tudo \u00e9 teologicamente carregado de significado.<\/p>\n\n\n\n<h3 class=\"wp-block-heading\">Como viver hoje o Ano Lit\u00fargico?<\/h3>\n\n\n\n<p>No caos do mundo moderno, o Ano Lit\u00fargico \u00e9 uma \u00e2ncora. Eis algumas propostas concretas para viv\u00ea-lo como um verdadeiro caminho de f\u00e9:<\/p>\n\n\n\n<ul class=\"wp-block-list\">\n<li><strong>Acompanhar o Evangelho do dia<\/strong>, por meio de um aplicativo lit\u00fargico ou em leitura familiar.<\/li>\n\n\n\n<li><strong>Decorar a casa com as cores lit\u00fargicas<\/strong>, para viver visivelmente o ritmo sagrado (ex: roxo na Quaresma, branco no Natal, verde no Tempo Comum).<\/li>\n\n\n\n<li><strong>Celebrar as festividades com sentido crist\u00e3o<\/strong>: preparar-se espiritualmente, participar da Missa, evitar a mundaniza\u00e7\u00e3o.<\/li>\n\n\n\n<li><strong>Cultivar a ora\u00e7\u00e3o ligada aos tempos<\/strong>: a Coroa do Advento, o Ros\u00e1rio durante o outubro mariano, a Via-Sacra na Quaresma&#8230;<\/li>\n\n\n\n<li><strong>Educar os filhos no sentido do tempo sagrado<\/strong>, contando-lhes as hist\u00f3rias do Evangelho conforme os tempos lit\u00fargicos.<\/li>\n\n\n\n<li><strong>Confessar-se com regularidade<\/strong>, especialmente no Advento e na Quaresma.<\/li>\n<\/ul>\n\n\n\n<h3 class=\"wp-block-heading\">O calend\u00e1rio da salva\u00e7\u00e3o<\/h3>\n\n\n\n<p>O Ano Lit\u00fargico n\u00e3o compete com o calend\u00e1rio civil. Mas o transcende. Porque o tempo crist\u00e3o \u00e9 <strong>tempo redimido<\/strong>, <strong>tempo de Gra\u00e7a<\/strong>, <strong>tempo de Cristo<\/strong>. \u00c9 a transfigura\u00e7\u00e3o do tempo humano em tempo divino.<\/p>\n\n\n\n<p>Cada dia, cada semana, cada ano vivido segundo o Ano Lit\u00fargico nos transforma interiormente, nos molda \u00e0 medida de Cristo, nos conduz \u00e0 santidade.<\/p>\n\n\n\n<p>Porque, no fim, n\u00e3o \u00e9 o tempo que passa. Somos n\u00f3s que passamos no tempo\u2026 ou rumo a Deus.<\/p>\n\n\n\n<blockquote class=\"wp-block-quote is-layout-flow wp-block-quote-is-layout-flow\">\n<p>\u201cJesus Cristo \u00e9 o mesmo ontem, hoje e sempre.\u201d (Hb 13,8)<\/p>\n<\/blockquote>\n\n\n\n<h3 class=\"wp-block-heading\">Conclus\u00e3o: um caminho c\u00edclico rumo ao eterno<\/h3>\n\n\n\n<p>O Ano Lit\u00fargico, em sua repeti\u00e7\u00e3o apenas aparente, \u00e9 um caminho ascendente. Cada ciclo n\u00e3o \u00e9 uma simples \u201cvolta\u201d, mas uma subida. Quanto mais o vivemos, mais nos aproximamos do cora\u00e7\u00e3o do Mist\u00e9rio, mais nos transformamos \u00e0 imagem do Filho.<\/p>\n\n\n\n<p>No turbilh\u00e3o das urg\u00eancias e do ef\u00eamero, a Igreja nos oferece um tesouro: <strong>um tempo cheio de sentido, habitado por Deus, capaz de nos transfigurar<\/strong>. N\u00e3o o deixemos passar em v\u00e3o.<\/p>\n\n\n\n<p>Vivamos o Ano Lit\u00fargico como o que ele realmente \u00e9: <strong>um caminho de santifica\u00e7\u00e3o, um percurso de f\u00e9, um calend\u00e1rio da alma<\/strong>.<\/p>\n","protected":false},"excerpt":{"rendered":"<p>Na era dos calend\u00e1rios digitais e dos compromissos cronometrados, a Igreja Cat\u00f3lica nos prop\u00f5e outra maneira de viver o tempo. Uma que n\u00e3o apenas organiza, mas santifica. Uma que n\u00e3o se limita a contar os dias, mas os preenche de Mist\u00e9rio. Bem-vindo ao Ano Lit\u00fargico, o segredo mais bem guardado da espiritualidade cat\u00f3lica. O tempo &hellip;<\/p>\n","protected":false},"author":3,"featured_media":4620,"comment_status":"open","ping_status":"open","sticky":false,"template":"","format":"standard","meta":{"_seopress_robots_primary_cat":"","_seopress_titles_title":"","_seopress_titles_desc":"","_seopress_robots_index":"","footnotes":""},"categories":[48,38],"tags":[1645],"class_list":["post-4619","post","type-post","status-publish","format-standard","has-post-thumbnail","","category-historia-da-igreja","category-historia-e-tradicao","tag-ano-liturgico"],"_links":{"self":[{"href":"https:\/\/catholicus.eu\/pt\/wp-json\/wp\/v2\/posts\/4619","targetHints":{"allow":["GET"]}}],"collection":[{"href":"https:\/\/catholicus.eu\/pt\/wp-json\/wp\/v2\/posts"}],"about":[{"href":"https:\/\/catholicus.eu\/pt\/wp-json\/wp\/v2\/types\/post"}],"author":[{"embeddable":true,"href":"https:\/\/catholicus.eu\/pt\/wp-json\/wp\/v2\/users\/3"}],"replies":[{"embeddable":true,"href":"https:\/\/catholicus.eu\/pt\/wp-json\/wp\/v2\/comments?post=4619"}],"version-history":[{"count":1,"href":"https:\/\/catholicus.eu\/pt\/wp-json\/wp\/v2\/posts\/4619\/revisions"}],"predecessor-version":[{"id":4621,"href":"https:\/\/catholicus.eu\/pt\/wp-json\/wp\/v2\/posts\/4619\/revisions\/4621"}],"wp:featuredmedia":[{"embeddable":true,"href":"https:\/\/catholicus.eu\/pt\/wp-json\/wp\/v2\/media\/4620"}],"wp:attachment":[{"href":"https:\/\/catholicus.eu\/pt\/wp-json\/wp\/v2\/media?parent=4619"}],"wp:term":[{"taxonomy":"category","embeddable":true,"href":"https:\/\/catholicus.eu\/pt\/wp-json\/wp\/v2\/categories?post=4619"},{"taxonomy":"post_tag","embeddable":true,"href":"https:\/\/catholicus.eu\/pt\/wp-json\/wp\/v2\/tags?post=4619"}],"curies":[{"name":"wp","href":"https:\/\/api.w.org\/{rel}","templated":true}]}}