{"id":4603,"date":"2025-07-27T08:20:25","date_gmt":"2025-07-27T06:20:25","guid":{"rendered":"https:\/\/catholicus.eu\/pt\/?p=4603"},"modified":"2025-07-27T08:20:26","modified_gmt":"2025-07-27T06:20:26","slug":"coracao-partido-alma-curada-o-ato-de-contricao-a-chave-da-misericordia-divina","status":"publish","type":"post","link":"https:\/\/catholicus.eu\/pt\/coracao-partido-alma-curada-o-ato-de-contricao-a-chave-da-misericordia-divina\/","title":{"rendered":"Cora\u00e7\u00e3o Partido, Alma Curada: O Ato de Contri\u00e7\u00e3o, a Chave da Miseric\u00f3rdia Divina"},"content":{"rendered":"\n<p>Num tempo em que tudo parece ef\u00eamero e superficial, onde o arrependimento \u00e9 frequentemente confundido com culpa psicol\u00f3gica ou reduzido a uma emo\u00e7\u00e3o passageira, a Igreja nos oferece um tesouro espiritual de profunda beleza e relev\u00e2ncia: o Ato de Contri\u00e7\u00e3o. N\u00e3o \u00e9 apenas uma f\u00f3rmula decorada, nem uma frase para se repetir apressadamente antes da absolvi\u00e7\u00e3o. \u00c9, antes, um ato da alma, uma ora\u00e7\u00e3o ardente que brota do cora\u00e7\u00e3o ferido mas humilde, que reconhece a pr\u00f3pria mis\u00e9ria e, sobretudo, a grandeza do Deus que salva.<\/p>\n\n\n\n<h3 class=\"wp-block-heading\">1. O que \u00e9 o Ato de Contri\u00e7\u00e3o?<\/h3>\n\n\n\n<p>O Ato de Contri\u00e7\u00e3o \u00e9 uma ora\u00e7\u00e3o cat\u00f3lica na qual o penitente expressa sincero arrependimento pelos seus pecados e a firme resolu\u00e7\u00e3o de n\u00e3o mais pecar. \u00c9 parte essencial do Sacramento da Penit\u00eancia (Confiss\u00e3o), mas tamb\u00e9m pode ser recitado diariamente, como parte da ora\u00e7\u00e3o pessoal, especialmente antes de dormir, para manter o cora\u00e7\u00e3o em estado de vigil\u00e2ncia e humildade.<\/p>\n\n\n\n<p>Existem v\u00e1rias vers\u00f5es aprovadas do Ato de Contri\u00e7\u00e3o, mas todas cont\u00eam os elementos essenciais:<\/p>\n\n\n\n<ul class=\"wp-block-list\">\n<li><strong>Dor pelo pecado<\/strong><\/li>\n\n\n\n<li><strong>Reconhecimento do mal cometido<\/strong><\/li>\n\n\n\n<li><strong>Amor a Deus<\/strong><\/li>\n\n\n\n<li><strong>Prop\u00f3sito de n\u00e3o pecar mais e evitar as ocasi\u00f5es pr\u00f3ximas de pecado<\/strong><\/li>\n<\/ul>\n\n\n\n<h3 class=\"wp-block-heading\">2. Origem e hist\u00f3ria<\/h3>\n\n\n\n<p>A pr\u00e1tica da contri\u00e7\u00e3o \u00e9 antiqu\u00edssima e encontra ra\u00edzes nas Escrituras. J\u00e1 no Salmo 50, o salmista suplica: <em>\u201cCria em mim, \u00f3 Deus, um cora\u00e7\u00e3o puro, renova em mim um esp\u00edrito firme\u201d<\/em> (Sl 50,12). Os Padres da Igreja, como S\u00e3o Cipriano e Santo Ambr\u00f3sio, falavam da necessidade da \u201cpenit\u00eancia do cora\u00e7\u00e3o\u201d como primeiro passo para o retorno a Deus.<\/p>\n\n\n\n<p>Durante a Idade M\u00e9dia, com a difus\u00e3o da confiss\u00e3o privada, o Ato de Contri\u00e7\u00e3o assumiu uma forma mais definida. Os manuais para confessores e penitentes come\u00e7aram a propor f\u00f3rmulas que inclu\u00edam dor pelo pecado (contritio), a confiss\u00e3o verbal e o prop\u00f3sito de emenda. Com o Conc\u00edlio de Trento (1545-1563), reafirmou-se a necessidade da contri\u00e7\u00e3o como disposi\u00e7\u00e3o fundamental para a validade do sacramento.<\/p>\n\n\n\n<h3 class=\"wp-block-heading\">3. Relev\u00e2ncia teol\u00f3gica<\/h3>\n\n\n\n<p>Segundo a doutrina cat\u00f3lica, existem tr\u00eas graus de contri\u00e7\u00e3o:<\/p>\n\n\n\n<ul class=\"wp-block-list\">\n<li><strong>Contri\u00e7\u00e3o perfeita<\/strong>: dor pelo pecado motivada pelo amor puro a Deus, por t\u00ea-Lo ofendido. Pode justificar a alma mesmo antes da confiss\u00e3o, se acompanhada do prop\u00f3sito de confessar-se o quanto antes.<\/li>\n\n\n\n<li><strong>Contri\u00e7\u00e3o imperfeita (attri\u00e7\u00e3o)<\/strong>: dor motivada pelo medo do inferno ou pela feiura do pecado. N\u00e3o justifica por si s\u00f3, mas disp\u00f5e a alma \u00e0 gra\u00e7a sacramental.<\/li>\n\n\n\n<li><strong>Simula\u00e7\u00e3o ou falsidade<\/strong>: recitar a f\u00f3rmula sem verdadeira convers\u00e3o do cora\u00e7\u00e3o. Isso, longe de ajudar, pode agravar a culpa.<\/li>\n<\/ul>\n\n\n\n<p>O Ato de Contri\u00e7\u00e3o, portanto, \u00e9 muito mais que uma formalidade. \u00c9 um verdadeiro ato teol\u00f3gico que implica uma reviravolta da alma, um retorno ao Pai misericordioso, como o filho pr\u00f3digo da par\u00e1bola evang\u00e9lica (Lc 15,11-32).<\/p>\n\n\n\n<p>S\u00e3o Jo\u00e3o Paulo II, na enc\u00edclica <em>Reconciliatio et Paenitentia<\/em>, escreveu:<\/p>\n\n\n\n<blockquote class=\"wp-block-quote is-layout-flow wp-block-quote-is-layout-flow\">\n<p>\u201cA contri\u00e7\u00e3o do cora\u00e7\u00e3o \u00e9 a alma do sacramento da penit\u00eancia.\u201d (n. 31)<\/p>\n<\/blockquote>\n\n\n\n<h3 class=\"wp-block-heading\">4. Um guia pr\u00e1tico: como viver o Ato de Contri\u00e7\u00e3o hoje<\/h3>\n\n\n\n<p>No mundo contempor\u00e2neo, onde muitas vezes se banaliza o pecado ou se nega sua exist\u00eancia, recuperar o sentido da contri\u00e7\u00e3o \u00e9 urgente. Aqui est\u00e1 um guia espiritual para viv\u00ea-lo profundamente:<\/p>\n\n\n\n<h4 class=\"wp-block-heading\">a. <strong>Exame de consci\u00eancia di\u00e1rio<\/strong><\/h4>\n\n\n\n<p>Todas as noites, antes de dormir, pare por alguns minutos. Reflita sobre suas palavras, a\u00e7\u00f5es, omiss\u00f5es. Onde voc\u00ea amou? Onde voc\u00ea feriu? Onde escolheu a si mesmo em vez de Deus?<\/p>\n\n\n\n<h4 class=\"wp-block-heading\">b. <strong>Recita\u00e7\u00e3o do Ato de Contri\u00e7\u00e3o<\/strong><\/h4>\n\n\n\n<p>Ap\u00f3s o exame, com cora\u00e7\u00e3o sincero, recite lentamente a ora\u00e7\u00e3o. N\u00e3o como uma f\u00f3rmula autom\u00e1tica, mas como um di\u00e1logo com o Senhor.<\/p>\n\n\n\n<h4 class=\"wp-block-heading\">c. <strong>Confiss\u00e3o frequente<\/strong><\/h4>\n\n\n\n<p>A Igreja recomenda a confiss\u00e3o ao menos uma vez por m\u00eas. Nela, o Ato de Contri\u00e7\u00e3o torna-se a porta que abre o cora\u00e7\u00e3o \u00e0 gra\u00e7a sacramental.<\/p>\n\n\n\n<h4 class=\"wp-block-heading\">d. <strong>Repara\u00e7\u00e3o concreta<\/strong><\/h4>\n\n\n\n<p>A contri\u00e7\u00e3o sincera sempre leva ao desejo de reparar. Se mentiu, diga a verdade. Se falou mal, pe\u00e7a perd\u00e3o. Se negligenciou a ora\u00e7\u00e3o, retome o di\u00e1logo com Deus.<\/p>\n\n\n\n<h4 class=\"wp-block-heading\">e. <strong>Amor crescente<\/strong><\/h4>\n\n\n\n<p>A verdadeira contri\u00e7\u00e3o n\u00e3o nasce apenas do medo, mas cresce no amor. Quanto mais conhecemos Cristo, mais detestamos o que nos separa d\u2019Ele.<\/p>\n\n\n\n<h3 class=\"wp-block-heading\">5. Uma ora\u00e7\u00e3o para todos os dias<\/h3>\n\n\n\n<p>Eis o texto tradicional do Ato de Contri\u00e7\u00e3o:<\/p>\n\n\n\n<blockquote class=\"wp-block-quote is-layout-flow wp-block-quote-is-layout-flow\">\n<p><strong>\u201cMeu Deus, eu me arrependo de todo o cora\u00e7\u00e3o de Vos ter ofendido, porque sois infinitamente bom e am\u00e1vel. Detesto todos os meus pecados e proponho firmemente, com o aux\u00edlio da vossa gra\u00e7a, emendar-me e evitar as ocasi\u00f5es pr\u00f3ximas de pecado. Senhor, miseric\u00f3rdia! Perd\u00e3o!\u201d<\/strong><\/p>\n<\/blockquote>\n\n\n\n<p>Essa ora\u00e7\u00e3o pode tornar-se o suspiro do cora\u00e7\u00e3o, a b\u00fassola que orienta nossos dias rumo \u00e0 luz.<\/p>\n\n\n\n<h3 class=\"wp-block-heading\">6. Uma Palavra que consola<\/h3>\n\n\n\n<p>A Escritura nos assegura:<\/p>\n\n\n\n<blockquote class=\"wp-block-quote is-layout-flow wp-block-quote-is-layout-flow\">\n<p><em>\u201cSe confessarmos os nossos pecados, Ele \u00e9 fiel e justo para nos perdoar os pecados e nos purificar de toda iniquidade\u201d<\/em> (1Jo 1,9).<\/p>\n<\/blockquote>\n\n\n\n<p>E ainda:<\/p>\n\n\n\n<blockquote class=\"wp-block-quote is-layout-flow wp-block-quote-is-layout-flow\">\n<p><em>\u201cUm cora\u00e7\u00e3o contrito e humilhado, \u00f3 Deus, n\u00e3o desprezar\u00e1s\u201d<\/em> (Sl 50,19).<\/p>\n<\/blockquote>\n\n\n\n<p>Deus n\u00e3o busca perfei\u00e7\u00e3o imediata, mas a verdade do cora\u00e7\u00e3o. O Ato de Contri\u00e7\u00e3o \u00e9 um retorno ao abra\u00e7o do Pai.<\/p>\n\n\n\n<hr class=\"wp-block-separator has-alpha-channel-opacity\"\/>\n\n\n\n<h3 class=\"wp-block-heading\"><strong>Conclus\u00e3o: Cora\u00e7\u00e3o partido, cora\u00e7\u00e3o curado<\/strong><\/h3>\n\n\n\n<p>No tempo dos cora\u00e7\u00f5es de pedra, o Ato de Contri\u00e7\u00e3o \u00e9 uma escola de verdade e miseric\u00f3rdia. \u00c9 o gemido de quem sabe que n\u00e3o se basta, mas sabe tamb\u00e9m que Deus basta. \u00c9 o eco do filho que volta para casa, do pecador que se deixa amar.<\/p>\n\n\n\n<p>N\u00e3o h\u00e1 santidade sem contri\u00e7\u00e3o, nem liberdade sem reconcilia\u00e7\u00e3o. Hoje mais do que nunca, aprender a dizer sinceramente: <em>\u201cMeu Deus, eu me arrependo\u201d<\/em> \u00e9 uma revolu\u00e7\u00e3o espiritual. Uma revolu\u00e7\u00e3o que come\u00e7a no cora\u00e7\u00e3o&#8230; e conduz ao pr\u00f3prio Cora\u00e7\u00e3o de Deus.<\/p>\n","protected":false},"excerpt":{"rendered":"<p>Num tempo em que tudo parece ef\u00eamero e superficial, onde o arrependimento \u00e9 frequentemente confundido com culpa psicol\u00f3gica ou reduzido a uma emo\u00e7\u00e3o passageira, a Igreja nos oferece um tesouro espiritual de profunda beleza e relev\u00e2ncia: o Ato de Contri\u00e7\u00e3o. N\u00e3o \u00e9 apenas uma f\u00f3rmula decorada, nem uma frase para se repetir apressadamente antes da &hellip;<\/p>\n","protected":false},"author":3,"featured_media":4604,"comment_status":"open","ping_status":"open","sticky":false,"template":"","format":"standard","meta":{"_seopress_robots_primary_cat":"","_seopress_titles_title":"","_seopress_titles_desc":"","_seopress_robots_index":"","footnotes":""},"categories":[40,58],"tags":[379],"class_list":["post-4603","post","type-post","status-publish","format-standard","has-post-thumbnail","","category-oracao-e-espiritualidade","category-oracao-e-vida-espiritual","tag-ato-de-contricao"],"_links":{"self":[{"href":"https:\/\/catholicus.eu\/pt\/wp-json\/wp\/v2\/posts\/4603","targetHints":{"allow":["GET"]}}],"collection":[{"href":"https:\/\/catholicus.eu\/pt\/wp-json\/wp\/v2\/posts"}],"about":[{"href":"https:\/\/catholicus.eu\/pt\/wp-json\/wp\/v2\/types\/post"}],"author":[{"embeddable":true,"href":"https:\/\/catholicus.eu\/pt\/wp-json\/wp\/v2\/users\/3"}],"replies":[{"embeddable":true,"href":"https:\/\/catholicus.eu\/pt\/wp-json\/wp\/v2\/comments?post=4603"}],"version-history":[{"count":1,"href":"https:\/\/catholicus.eu\/pt\/wp-json\/wp\/v2\/posts\/4603\/revisions"}],"predecessor-version":[{"id":4605,"href":"https:\/\/catholicus.eu\/pt\/wp-json\/wp\/v2\/posts\/4603\/revisions\/4605"}],"wp:featuredmedia":[{"embeddable":true,"href":"https:\/\/catholicus.eu\/pt\/wp-json\/wp\/v2\/media\/4604"}],"wp:attachment":[{"href":"https:\/\/catholicus.eu\/pt\/wp-json\/wp\/v2\/media?parent=4603"}],"wp:term":[{"taxonomy":"category","embeddable":true,"href":"https:\/\/catholicus.eu\/pt\/wp-json\/wp\/v2\/categories?post=4603"},{"taxonomy":"post_tag","embeddable":true,"href":"https:\/\/catholicus.eu\/pt\/wp-json\/wp\/v2\/tags?post=4603"}],"curies":[{"name":"wp","href":"https:\/\/api.w.org\/{rel}","templated":true}]}}