{"id":4576,"date":"2025-07-23T22:30:40","date_gmt":"2025-07-23T20:30:40","guid":{"rendered":"https:\/\/catholicus.eu\/pt\/?p=4576"},"modified":"2025-07-23T22:30:40","modified_gmt":"2025-07-23T20:30:40","slug":"divini-redemptoris-a-condenacao-pontificia-ao-comunismo-ateu","status":"publish","type":"post","link":"https:\/\/catholicus.eu\/pt\/divini-redemptoris-a-condenacao-pontificia-ao-comunismo-ateu\/","title":{"rendered":"Divini Redemptoris: A Condena\u00e7\u00e3o Pontif\u00edcia ao Comunismo Ateu"},"content":{"rendered":"\n<p><em>Uma luz em meio \u00e0 escurid\u00e3o moderna<\/em><\/p>\n\n\n\n<hr class=\"wp-block-separator has-alpha-channel-opacity\"\/>\n\n\n\n<h3 class=\"wp-block-heading\">Introdu\u00e7\u00e3o: Uma Carta que Ainda Ressoa com For\u00e7a<\/h3>\n\n\n\n<p>Em 19 de mar\u00e7o de 1937, na solenidade de S\u00e3o Jos\u00e9, Padroeiro da Igreja Universal e Protetor do Redentor, o Papa Pio XI publicou uma enc\u00edclica prof\u00e9tica, vigorosa e profundamente pastoral: <strong><em>Divini Redemptoris<\/em><\/strong>, \u201cSobre o Comunismo Ateu e sua Incompatibilidade com a F\u00e9 Crist\u00e3\u201d. Nela, o Vig\u00e1rio de Cristo lan\u00e7a um severo alerta contra a expans\u00e3o do comunismo marxista, que j\u00e1 havia revelado seu rosto mais cruel na R\u00fassia e amea\u00e7ava espalhar-se como praga pelo restante do mundo.<\/p>\n\n\n\n<p>Quase um s\u00e9culo depois, essa enc\u00edclica permanece <strong>impressionantemente atual<\/strong>. O comunismo, em suas formas cl\u00e1ssicas e em seus novos disfarces sob o progressismo ou a \u201cjusti\u00e7a social sem Deus\u201d, continua a minar os fundamentos da f\u00e9, da fam\u00edlia, da propriedade e da dignidade humana. Hoje, mais do que nunca, redescobrir a <strong><em>Divini Redemptoris<\/em><\/strong> \u00e9 um dever espiritual e uma b\u00fassola segura para quem deseja viver o Evangelho em um mundo cada vez mais desorientado.<\/p>\n\n\n\n<hr class=\"wp-block-separator has-alpha-channel-opacity\"\/>\n\n\n\n<h3 class=\"wp-block-heading\">I. O Contexto Hist\u00f3rico: A Ascens\u00e3o da Sombra Vermelha<\/h3>\n\n\n\n<p>Ap\u00f3s a Revolu\u00e7\u00e3o Bolchevique de 1917, o comunismo ateu instaurou na R\u00fassia um regime totalit\u00e1rio baseado na luta de classes, na aboli\u00e7\u00e3o da propriedade privada, na destrui\u00e7\u00e3o da religi\u00e3o e na supress\u00e3o de toda liberdade humana. Milh\u00f5es de crist\u00e3os foram perseguidos, igrejas foram destru\u00eddas, padres e leigos foram assassinados ou enviados a gulags.<\/p>\n\n\n\n<p>Pio XI n\u00e3o estava cego a esses horrores. Numa Europa ainda marcada pela crise econ\u00f4mica dos anos 30 e pelo temor da expans\u00e3o comunista, o Papa ergueu sua voz com for\u00e7a apost\u00f3lica. Desde a S\u00e9 de Pedro, denunciou <strong>o erro ideol\u00f3gico do marxismo<\/strong>, que prometia reden\u00e7\u00e3o sem Deus, e ofereceu a \u00fanica esperan\u00e7a verdadeira: Cristo, o Redentor do homem.<\/p>\n\n\n\n<blockquote class=\"wp-block-quote is-layout-flow wp-block-quote-is-layout-flow\">\n<p><em>\u201cA luta de classes, levada ao extremo, nega o direito \u00e0 propriedade, destr\u00f3i a fam\u00edlia e arranca da alma humana todo sentido religioso\u201d<\/em> (Divini Redemptoris, n. 9)<\/p>\n<\/blockquote>\n\n\n\n<hr class=\"wp-block-separator has-alpha-channel-opacity\"\/>\n\n\n\n<h3 class=\"wp-block-heading\">II. O Comunismo Segundo Pio XI: Uma Falsa Reden\u00e7\u00e3o<\/h3>\n\n\n\n<p>Pio XI compreendeu com clareza que o comunismo n\u00e3o era apenas uma ideologia pol\u00edtica ou econ\u00f4mica, mas sobretudo uma <strong>proposta religiosa alternativa<\/strong>, uma <strong>\u201cpseudo-religi\u00e3o\u201d<\/strong> que substitu\u00eda Deus pelo Estado, a gra\u00e7a pela ideologia e a caridade pelo \u00f3dio de classes.<\/p>\n\n\n\n<p>Essa ideologia era especialmente perigosa porque <strong>oferecia uma reden\u00e7\u00e3o terrestre, imediata, sem necessidade de Cristo<\/strong>, e prometia uma esp\u00e9cie de \u201cpara\u00edso socialista\u201d em troca da elimina\u00e7\u00e3o de tudo aquilo que representasse Deus e a Sua Igreja. Por isso, a condena\u00e7\u00e3o do Papa foi t\u00e3o forte: o comunismo n\u00e3o \u00e9 apenas um erro, <strong>\u00e9 um mal intr\u00ednseco<\/strong>, pois \u201cao negar ao homem sua dignidade de filho de Deus, o reduz a uma engrenagem da m\u00e1quina estatal\u201d.<\/p>\n\n\n\n<blockquote class=\"wp-block-quote is-layout-flow wp-block-quote-is-layout-flow\">\n<p><em>\u201cOnde quer que o comunismo tenha conquistado o poder, tentou destruir com viol\u00eancia impiedosa os povos crist\u00e3os\u201d<\/em> (Divini Redemptoris, n. 15)<\/p>\n<\/blockquote>\n\n\n\n<hr class=\"wp-block-separator has-alpha-channel-opacity\"\/>\n\n\n\n<h3 class=\"wp-block-heading\">III. Um Ju\u00edzo Teol\u00f3gico: Por Que o Comunismo \u00e9 Incompat\u00edvel com a F\u00e9 Crist\u00e3?<\/h3>\n\n\n\n<p>Do ponto de vista teol\u00f3gico, o comunismo \u00e9 irreconcili\u00e1vel com o cristianismo por v\u00e1rias raz\u00f5es:<\/p>\n\n\n\n<h4 class=\"wp-block-heading\">1. <strong>Nega Deus e a Dimens\u00e3o Espiritual do Homem<\/strong><\/h4>\n\n\n\n<p>O comunismo ateu nasce do <strong>materialismo radical<\/strong>, onde n\u00e3o h\u00e1 alma nem eternidade. Essa vis\u00e3o elimina a dimens\u00e3o transcendente do ser humano, reduzindo-o a um simples animal econ\u00f4mico, um meio e n\u00e3o um fim.<\/p>\n\n\n\n<blockquote class=\"wp-block-quote is-layout-flow wp-block-quote-is-layout-flow\">\n<p><em>\u201cNem s\u00f3 de p\u00e3o vive o homem, mas de toda palavra que sai da boca de Deus\u201d<\/em> (Mt 4,4)<\/p>\n<\/blockquote>\n\n\n\n<h4 class=\"wp-block-heading\">2. <strong>Destr\u00f3i a Liberdade Interior<\/strong><\/h4>\n\n\n\n<p>Em nome de uma falsa igualdade, o comunismo submete o indiv\u00edduo ao Estado, nega a liberdade religiosa, censura a consci\u00eancia e elimina toda dissid\u00eancia. Isso contradiz o ensinamento crist\u00e3o, que proclama a <strong>liberdade dos filhos de Deus<\/strong> (cf. Rm 8,21).<\/p>\n\n\n\n<h4 class=\"wp-block-heading\">3. <strong>Aboliu a Propriedade Privada<\/strong><\/h4>\n\n\n\n<p>A Igreja sempre defendeu que a propriedade privada \u00e9 um direito natural, que permite ao homem desenvolver-se, ser respons\u00e1vel e partilhar livremente com os outros. O comunismo, por outro lado, v\u00ea a propriedade como uma injusti\u00e7a estrutural e promove sua aboli\u00e7\u00e3o violenta, privando os povos do seu sustento.<\/p>\n\n\n\n<blockquote class=\"wp-block-quote is-layout-flow wp-block-quote-is-layout-flow\">\n<p><em>\u201cN\u00e3o cobi\u00e7ar\u00e1s os bens do teu pr\u00f3ximo\u201d<\/em> (Ex 20,17). Esse mandamento protege a posse leg\u00edtima e os frutos do trabalho.<\/p>\n<\/blockquote>\n\n\n\n<h4 class=\"wp-block-heading\">4. <strong>Promove o \u00d3dio e a Luta de Classes<\/strong><\/h4>\n\n\n\n<p>A doutrina comunista incentiva o conflito permanente e a confronta\u00e7\u00e3o entre ricos e pobres, opressores e oprimidos. O Evangelho, ao contr\u00e1rio, clama pela reconcilia\u00e7\u00e3o, pelo perd\u00e3o e pela fraternidade universal em Cristo.<\/p>\n\n\n\n<blockquote class=\"wp-block-quote is-layout-flow wp-block-quote-is-layout-flow\">\n<p><em>\u201cBem-aventurados os pacificadores, porque ser\u00e3o chamados filhos de Deus\u201d<\/em> (Mt 5,9)<\/p>\n<\/blockquote>\n\n\n\n<hr class=\"wp-block-separator has-alpha-channel-opacity\"\/>\n\n\n\n<h3 class=\"wp-block-heading\">IV. O Verdadeiro Redentor: Cristo, Fonte de Justi\u00e7a e Caridade<\/h3>\n\n\n\n<p>A solu\u00e7\u00e3o para os males sociais n\u00e3o pode vir de ideologias que negam Deus, mas de uma <strong>restaura\u00e7\u00e3o crist\u00e3 da ordem temporal<\/strong>. Pio XI insiste que <strong>a caridade crist\u00e3<\/strong>, inspirada pelo Evangelho, \u00e9 a \u00fanica for\u00e7a capaz de construir uma sociedade justa.<\/p>\n\n\n\n<p>O Papa convoca todos os cat\u00f3licos a comprometer-se ativamente com uma aut\u00eantica reforma social: aquela que respeita a dignidade dos trabalhadores, promove uma economia a servi\u00e7o do bem comum e defende os pobres\u2014<strong>sem sacrificar a verdade nem a f\u00e9<\/strong>.<\/p>\n\n\n\n<blockquote class=\"wp-block-quote is-layout-flow wp-block-quote-is-layout-flow\">\n<p><em>\u201cA justi\u00e7a crist\u00e3 deve inspirar e sustentar toda a ordem econ\u00f4mica e social\u201d<\/em> (Divini Redemptoris, n. 53)<\/p>\n<\/blockquote>\n\n\n\n<hr class=\"wp-block-separator has-alpha-channel-opacity\"\/>\n\n\n\n<h3 class=\"wp-block-heading\">V. Um Apelo \u00e0 A\u00e7\u00e3o Pastoral: O Que Podemos Fazer Hoje?<\/h3>\n\n\n\n<p>A <strong><em>Divini Redemptoris<\/em><\/strong> n\u00e3o \u00e9 apenas uma den\u00fancia. \u00c9 tamb\u00e9m um <strong>apelo pastoral urgente<\/strong> que ressoa hoje com renovada clareza. O que podem fazer os crist\u00e3os do s\u00e9culo XXI diante do avan\u00e7o das ideologias ateias, materialistas e totalit\u00e1rias\u2014muitas vezes disfar\u00e7adas de \u201cprogresso\u201d?<\/p>\n\n\n\n<h4 class=\"wp-block-heading\">1. <strong>Formar-se na Verdade<\/strong><\/h4>\n\n\n\n<p>Devemos conhecer a fundo a doutrina social da Igreja, ler documentos como <em>Rerum Novarum<\/em>, <em>Quadragesimo Anno<\/em> e <em>Centesimus Annus<\/em>, e formar grupos de estudo e discuss\u00e3o que fortale\u00e7am a f\u00e9 e o pensamento cr\u00edtico.<\/p>\n\n\n\n<h4 class=\"wp-block-heading\">2. <strong>Viver a Caridade Aut\u00eantica<\/strong><\/h4>\n\n\n\n<p>Ajudar os pobres, sim\u2014mas n\u00e3o por um assistencialismo ideologizado, e sim por <strong>amor crist\u00e3o<\/strong>, que v\u00ea no outro um irm\u00e3o, n\u00e3o uma v\u00edtima do sistema. Isso tamb\u00e9m significa apoiar fam\u00edlias necessitadas, defender a vida e oferecer tempo e recursos com generosidade.<\/p>\n\n\n\n<h4 class=\"wp-block-heading\">3. <strong>Evangelizar o Mundo do Trabalho<\/strong><\/h4>\n\n\n\n<p>Os cat\u00f3licos devem ser luz em seus ambientes de trabalho, promovendo justi\u00e7a, honestidade, respeito \u00e0 dignidade humana e rejeitando toda forma de explora\u00e7\u00e3o ou corrup\u00e7\u00e3o.<\/p>\n\n\n\n<h4 class=\"wp-block-heading\">4. <strong>Resistir a Toda Forma de Persegui\u00e7\u00e3o<\/strong><\/h4>\n\n\n\n<p>Hoje, muitos crist\u00e3os s\u00e3o perseguidos n\u00e3o por armas, mas por <strong>leis ideol\u00f3gicas, censura cultural, discrimina\u00e7\u00e3o anticrist\u00e3<\/strong>. Nestes tempos, como dizia Pio XI, \u00e9 necess\u00e1rio \u201cter a coragem dos m\u00e1rtires\u201d e n\u00e3o ceder ao medo.<\/p>\n\n\n\n<blockquote class=\"wp-block-quote is-layout-flow wp-block-quote-is-layout-flow\">\n<p><em>\u201cN\u00e3o temais os que matam o corpo, mas n\u00e3o podem matar a alma\u201d<\/em> (Mt 10,28)<\/p>\n<\/blockquote>\n\n\n\n<hr class=\"wp-block-separator has-alpha-channel-opacity\"\/>\n\n\n\n<h3 class=\"wp-block-heading\">Conclus\u00e3o: Um Documento Prof\u00e9tico para o Nosso Tempo<\/h3>\n\n\n\n<p>A <strong><em>Divini Redemptoris<\/em><\/strong> n\u00e3o \u00e9 um texto preso ao passado. \u00c9 uma <strong>profecia luminosa<\/strong> que brilha diante dos desafios atuais. Quando a f\u00e9 \u00e9 marginalizada, a fam\u00edlia destru\u00edda, a verdade censurada e a dignidade humana espezinhada por sistemas que prometem reden\u00e7\u00e3o sem Deus, <strong>a voz da Igreja\u2014firme e materna\u2014recorda que s\u00f3 em Cristo est\u00e1 a salva\u00e7\u00e3o<\/strong>.<\/p>\n\n\n\n<p>Pio XI n\u00e3o falou por medo, mas por esperan\u00e7a\u2014esperan\u00e7a de uma humanidade renovada pela gra\u00e7a. Hoje, essa esperan\u00e7a permanece viva em todo cat\u00f3lico que escolhe viver o Evangelho com coragem, fidelidade e amor.<\/p>\n\n\n\n<blockquote class=\"wp-block-quote is-layout-flow wp-block-quote-is-layout-flow\">\n<p><em>\u201cJesus Cristo \u00e9 o mesmo ontem, hoje e sempre\u201d<\/em> (Hb 13,8)<\/p>\n<\/blockquote>\n\n\n\n<hr class=\"wp-block-separator has-alpha-channel-opacity\"\/>\n\n\n\n<h3 class=\"wp-block-heading\">Para Aprofundar e Aplicar:<\/h3>\n\n\n\n<ul class=\"wp-block-list\">\n<li><strong>Leia a enc\u00edclica completa<\/strong>: est\u00e1 dispon\u00edvel gratuitamente no site do Vaticano em v\u00e1rias l\u00ednguas.<\/li>\n\n\n\n<li><strong>Organize um grupo de leitura paroquial<\/strong> sobre a doutrina social da Igreja.<\/li>\n\n\n\n<li><strong>Reze pelos crist\u00e3os perseguidos<\/strong> em pa\u00edses onde o comunismo ou seus derivados ainda oprimem os fi\u00e9is.<\/li>\n\n\n\n<li><strong>Eduque seus filhos<\/strong> numa vis\u00e3o crist\u00e3 de mundo que reconhe\u00e7a e rejeite as falsas promessas do secularismo.<\/li>\n<\/ul>\n\n\n\n<hr class=\"wp-block-separator has-alpha-channel-opacity\"\/>\n\n\n\n<p>Se o comunismo ateu promete reden\u00e7\u00e3o sem Deus, <strong>a Igreja proclama com poder que s\u00f3 h\u00e1 um verdadeiro Redentor: Jesus Cristo<\/strong>. E n\u2019Ele, podemos tudo.<\/p>\n\n\n\n<blockquote class=\"wp-block-quote is-layout-flow wp-block-quote-is-layout-flow\">\n<p><em>\u201cNele temos a reden\u00e7\u00e3o pelo seu sangue, a remiss\u00e3o dos pecados, segundo a riqueza da sua gra\u00e7a\u201d<\/em> (Ef 1,7)<\/p>\n<\/blockquote>\n","protected":false},"excerpt":{"rendered":"<p>Uma luz em meio \u00e0 escurid\u00e3o moderna Introdu\u00e7\u00e3o: Uma Carta que Ainda Ressoa com For\u00e7a Em 19 de mar\u00e7o de 1937, na solenidade de S\u00e3o Jos\u00e9, Padroeiro da Igreja Universal e Protetor do Redentor, o Papa Pio XI publicou uma enc\u00edclica prof\u00e9tica, vigorosa e profundamente pastoral: Divini Redemptoris, \u201cSobre o Comunismo Ateu e sua Incompatibilidade &hellip;<\/p>\n","protected":false},"author":3,"featured_media":4577,"comment_status":"open","ping_status":"open","sticky":false,"template":"","format":"standard","meta":{"_seopress_robots_primary_cat":"","_seopress_titles_title":"","_seopress_titles_desc":"","_seopress_robots_index":"","footnotes":""},"categories":[38,51],"tags":[1633],"class_list":["post-4576","post","type-post","status-publish","format-standard","has-post-thumbnail","","category-historia-e-tradicao","category-magisterio-da-igreja","tag-divini-redemptoris"],"_links":{"self":[{"href":"https:\/\/catholicus.eu\/pt\/wp-json\/wp\/v2\/posts\/4576","targetHints":{"allow":["GET"]}}],"collection":[{"href":"https:\/\/catholicus.eu\/pt\/wp-json\/wp\/v2\/posts"}],"about":[{"href":"https:\/\/catholicus.eu\/pt\/wp-json\/wp\/v2\/types\/post"}],"author":[{"embeddable":true,"href":"https:\/\/catholicus.eu\/pt\/wp-json\/wp\/v2\/users\/3"}],"replies":[{"embeddable":true,"href":"https:\/\/catholicus.eu\/pt\/wp-json\/wp\/v2\/comments?post=4576"}],"version-history":[{"count":1,"href":"https:\/\/catholicus.eu\/pt\/wp-json\/wp\/v2\/posts\/4576\/revisions"}],"predecessor-version":[{"id":4578,"href":"https:\/\/catholicus.eu\/pt\/wp-json\/wp\/v2\/posts\/4576\/revisions\/4578"}],"wp:featuredmedia":[{"embeddable":true,"href":"https:\/\/catholicus.eu\/pt\/wp-json\/wp\/v2\/media\/4577"}],"wp:attachment":[{"href":"https:\/\/catholicus.eu\/pt\/wp-json\/wp\/v2\/media?parent=4576"}],"wp:term":[{"taxonomy":"category","embeddable":true,"href":"https:\/\/catholicus.eu\/pt\/wp-json\/wp\/v2\/categories?post=4576"},{"taxonomy":"post_tag","embeddable":true,"href":"https:\/\/catholicus.eu\/pt\/wp-json\/wp\/v2\/tags?post=4576"}],"curies":[{"name":"wp","href":"https:\/\/api.w.org\/{rel}","templated":true}]}}