{"id":4564,"date":"2025-07-20T14:49:10","date_gmt":"2025-07-20T12:49:10","guid":{"rendered":"https:\/\/catholicus.eu\/pt\/?p=4564"},"modified":"2025-07-20T14:49:11","modified_gmt":"2025-07-20T12:49:11","slug":"syllabus-errorum-o-grito-da-igreja-contra-os-erros-do-mundo-moderno","status":"publish","type":"post","link":"https:\/\/catholicus.eu\/pt\/syllabus-errorum-o-grito-da-igreja-contra-os-erros-do-mundo-moderno\/","title":{"rendered":"Syllabus Errorum: O Grito da Igreja Contra os Erros do Mundo Moderno"},"content":{"rendered":"\n<p><em>Um guia espiritual, teol\u00f3gico e pastoral para tempos de confus\u00e3o<\/em><\/p>\n\n\n\n<hr class=\"wp-block-separator has-alpha-channel-opacity\"\/>\n\n\n\n<h3 class=\"wp-block-heading\">\ud83d\udcdc Introdu\u00e7\u00e3o: Uma b\u00fassola cat\u00f3lica na tempestade do erro<\/h3>\n\n\n\n<p>O cat\u00f3lico de hoje encontra-se no meio de uma tempestade de confus\u00e3o: doutrinas dilu\u00eddas, relativismo moral, secularismo agressivo, indiferen\u00e7a religiosa e ataques diretos \u00e0 verdade revelada. Como navegar nesse caos com fidelidade? Onde encontrar uma b\u00fassola segura?<\/p>\n\n\n\n<p>Uma resposta clara e luminosa foi dada pelo Magist\u00e9rio da Igreja no s\u00e9culo XIX: o <em>Syllabus Errorum<\/em>, ou \u201cS\u00edlabo dos Erros\u201d, publicado pelo Papa Pio IX em 1864. Este documento n\u00e3o \u00e9 apenas um texto hist\u00f3rico; \u00e9 um alerta prof\u00e9tico, uma declara\u00e7\u00e3o ousada e um ato de amor \u00e0 verdade. Seus ensinamentos permanecem profundamente atuais num mundo onde muitas de suas advert\u00eancias, infelizmente, se concretizaram.<\/p>\n\n\n\n<p>Este artigo n\u00e3o apenas explica o <em>Syllabus<\/em>, mas tamb\u00e9m te ajuda a aplic\u00e1-lo na vida cotidiana como cat\u00f3lico fiel. Porque a verdade n\u00e3o \u00e9 apenas uma ideia abstrata: \u00e9 uma Pessoa \u2014 Jesus Cristo (cf. Jo 14,6).<\/p>\n\n\n\n<hr class=\"wp-block-separator has-alpha-channel-opacity\"\/>\n\n\n\n<h2 class=\"wp-block-heading\">\ud83c\udfdb\ufe0f 1. Contexto hist\u00f3rico: Quando a Igreja enfrentou o esp\u00edrito do mundo<\/h2>\n\n\n\n<h3 class=\"wp-block-heading\">\ud83d\udcc5 O que \u00e9 o <em>Syllabus Errorum<\/em>?<\/h3>\n\n\n\n<p>O <em>Syllabus Errorum<\/em> (latim para \u201cS\u00edlabo dos Erros\u201d) \u00e9 um documento magisterial publicado por ordem do <strong>Beato Papa Pio IX<\/strong> em <strong>8 de dezembro de 1864<\/strong>, juntamente com sua enc\u00edclica <em>Quanta Cura<\/em>. Cont\u00e9m <strong>80 proposi\u00e7\u00f5es condenadas<\/strong>, ou seja, afirma que certas ideias difundidas no mundo moderno s\u00e3o <strong>err\u00f4neas segundo a vis\u00e3o cat\u00f3lica<\/strong>.<\/p>\n\n\n\n<p>Foi redigido pela Congrega\u00e7\u00e3o do Santo Of\u00edcio (atualmente Congrega\u00e7\u00e3o para a Doutrina da F\u00e9), com a aprova\u00e7\u00e3o direta do Papa. N\u00e3o \u00e9 um simples coment\u00e1rio, mas um documento <strong>magisterial<\/strong> \u2014 um guia doutrinal para afastar os fi\u00e9is do erro.<\/p>\n\n\n\n<h3 class=\"wp-block-heading\">\ud83c\udf0d Por que foi publicado?<\/h3>\n\n\n\n<p>No s\u00e9culo XIX, a Europa passava por uma transforma\u00e7\u00e3o profunda: revolu\u00e7\u00f5es liberais, ascens\u00e3o do racionalismo, nacionalismo laicista, desprezo pela autoridade eclesi\u00e1stica e avan\u00e7o do secularismo. Difundiam-se ideias como:<\/p>\n\n\n\n<ul class=\"wp-block-list\">\n<li>Liberdade absoluta de consci\u00eancia (sem refer\u00eancia \u00e0 verdade)<\/li>\n\n\n\n<li>Separa\u00e7\u00e3o radical entre Igreja e Estado<\/li>\n\n\n\n<li>Relativismo religioso<\/li>\n\n\n\n<li>Autonomia moral sem Deus<\/li>\n\n\n\n<li>Rejei\u00e7\u00e3o da Revela\u00e7\u00e3o divina<\/li>\n<\/ul>\n\n\n\n<p>O Papa Pio IX, como pastor universal, <strong>ergueu sua voz para proteger as almas<\/strong>. O <em>Syllabus<\/em> n\u00e3o foi um ato de autoritarismo, mas de caridade pastoral. Como ensina S\u00e3o Paulo:<br><strong>\u201cProclama a Palavra, insiste oportuna e inoportunamente, repreende, amea\u00e7a e exorta com toda a paci\u00eancia e doutrina.\u201d<\/strong> (2Tm 4,2)<\/p>\n\n\n\n<hr class=\"wp-block-separator has-alpha-channel-opacity\"\/>\n\n\n\n<h2 class=\"wp-block-heading\">\ud83e\udde0 2. Estrutura do <em>Syllabus<\/em>: Uma condena\u00e7\u00e3o clara do erro<\/h2>\n\n\n\n<p>O <em>Syllabus<\/em> n\u00e3o apresenta longos argumentos; ele <strong>enumera proposi\u00e7\u00f5es err\u00f4neas que a Igreja rejeita<\/strong>. Seu valor est\u00e1 na clareza: delimita o que \u00e9 incompat\u00edvel com a f\u00e9 cat\u00f3lica.<\/p>\n\n\n\n<p>Est\u00e1 dividido em 10 se\u00e7\u00f5es tem\u00e1ticas:<\/p>\n\n\n\n<ol class=\"wp-block-list\">\n<li><strong>Pante\u00edsmo, naturalismo e racionalismo absoluto<\/strong><\/li>\n\n\n\n<li><strong>Racionalismo moderado<\/strong><\/li>\n\n\n\n<li><strong>Indiferentismo e relativismo religioso<\/strong><\/li>\n\n\n\n<li><strong>Socialismo, comunismo e sociedades secretas<\/strong><\/li>\n\n\n\n<li><strong>Erros sobre a Igreja e sua natureza<\/strong><\/li>\n\n\n\n<li><strong>Erros sobre os direitos da Igreja<\/strong><\/li>\n\n\n\n<li><strong>Erros sobre a sociedade civil e sua rela\u00e7\u00e3o com a Igreja<\/strong><\/li>\n\n\n\n<li><strong>Erros em moral crist\u00e3<\/strong><\/li>\n\n\n\n<li><strong>Erros sobre o matrim\u00f4nio crist\u00e3o<\/strong><\/li>\n\n\n\n<li><strong>Erros sobre a autoridade do Papa e a Revela\u00e7\u00e3o divina<\/strong><\/li>\n<\/ol>\n\n\n\n<p>Por exemplo, o <em>Syllabus<\/em> condena afirma\u00e7\u00f5es como:<\/p>\n\n\n\n<ul class=\"wp-block-list\">\n<li><em>\u201cA liberdade religiosa \u00e9 um direito natural do homem.\u201d<\/em><\/li>\n\n\n\n<li><em>\u201cA Igreja n\u00e3o deve exercer autoridade sobre os assuntos temporais.\u201d<\/em><\/li>\n\n\n\n<li><em>\u201cO Romano Pont\u00edfice pode e deve reconciliar-se e transigir com o progresso, o liberalismo e a civiliza\u00e7\u00e3o moderna.\u201d<\/em><\/li>\n<\/ul>\n\n\n\n<p>A clareza dessas condena\u00e7\u00f5es \u00e9 um dom aos fi\u00e9is: elimina a ambiguidade e orienta para a verdade.<\/p>\n\n\n\n<hr class=\"wp-block-separator has-alpha-channel-opacity\"\/>\n\n\n\n<h2 class=\"wp-block-heading\">\u271d\ufe0f 3. Fundamento teol\u00f3gico: A verdade n\u00e3o evolui \u2014 \u00e9 guardada<\/h2>\n\n\n\n<h3 class=\"wp-block-heading\">\ud83d\udcd6 Por que condenar os erros?<\/h3>\n\n\n\n<p>Porque <strong>a verdade salva<\/strong>, e o erro <strong>desvia e destr\u00f3i<\/strong>. O <em>Syllabus<\/em> expressa o dever da Igreja de ser <strong>coluna e sustent\u00e1culo da verdade<\/strong> (cf. 1Tm 3,15).<\/p>\n\n\n\n<p>A condena\u00e7\u00e3o do erro n\u00e3o \u00e9 nega\u00e7\u00e3o da caridade, mas sua express\u00e3o mais profunda:<\/p>\n\n\n\n<blockquote class=\"wp-block-quote is-layout-flow wp-block-quote-is-layout-flow\">\n<p><strong>\u201cQuem ama a verdade, odeia o erro; e quem ama o pr\u00f3ximo, o adverte sobre o perigo espiritual.\u201d<\/strong><\/p>\n<\/blockquote>\n\n\n\n<p>A Igreja n\u00e3o \u00e9 inimiga do verdadeiro progresso, mas do <strong>falso progresso<\/strong>, que destr\u00f3i o homem ao afast\u00e1-lo de Deus. Por isso, o <em>Syllabus<\/em> age como um farol no naufr\u00e1gio do pensamento moderno.<\/p>\n\n\n\n<h3 class=\"wp-block-heading\">\ud83c\udfdb\ufe0f Magist\u00e9rio: Ainda tem autoridade hoje?<\/h3>\n\n\n\n<p>Sim! O <em>Syllabus<\/em> faz parte do <strong>Magist\u00e9rio ordin\u00e1rio e universal<\/strong>. Embora nem toda proposi\u00e7\u00e3o esteja definida infalivelmente, <strong>expressa o ensinamento constante da Igreja sobre a incompatibilidade de certas doutrinas modernas com a f\u00e9 cat\u00f3lica<\/strong>.<\/p>\n\n\n\n<p>Foi posteriormente reafirmado por:<\/p>\n\n\n\n<ul class=\"wp-block-list\">\n<li><strong>Le\u00e3o XIII<\/strong> (<em>Immortale Dei<\/em>, 1885)<\/li>\n\n\n\n<li><strong>S\u00e3o Pio X<\/strong> (<em>Pascendi Dominici Gregis<\/em>, 1907)<\/li>\n\n\n\n<li><strong>Pio XI<\/strong> (<em>Quas Primas<\/em>, 1925)<\/li>\n\n\n\n<li><strong>Pio XII<\/strong> (em v\u00e1rios discursos sobre os erros modernos)<\/li>\n<\/ul>\n\n\n\n<hr class=\"wp-block-separator has-alpha-channel-opacity\"\/>\n\n\n\n<h2 class=\"wp-block-heading\">\ud83d\udccc 4. Aplica\u00e7\u00f5es pr\u00e1ticas: O que isso significa para voc\u00ea, cat\u00f3lico do s\u00e9culo XXI?<\/h2>\n\n\n\n<h3 class=\"wp-block-heading\">\ud83c\udf10 a) Desmascarar o pensamento secular<\/h3>\n\n\n\n<p>Muitas ideias condenadas no <em>Syllabus<\/em> hoje s\u00e3o apresentadas como \u201cnormais\u201d, \u201cdemocr\u00e1ticas\u201d ou \u201cprogressistas\u201d. Por exemplo:<\/p>\n\n\n\n<ul class=\"wp-block-list\">\n<li>Liberdade religiosa entendida como relativismo doutrin\u00e1rio<\/li>\n\n\n\n<li>Subjetivismo moral baseado na consci\u00eancia sem refer\u00eancia \u00e0 lei divina<\/li>\n\n\n\n<li>Cren\u00e7a de que todas as religi\u00f5es s\u00e3o igualmente v\u00e1lidas<\/li>\n\n\n\n<li>Suposta autonomia moral do Estado em rela\u00e7\u00e3o a qualquer lei divina<\/li>\n<\/ul>\n\n\n\n<p>\ud83d\udc49 Como cat\u00f3lico, voc\u00ea \u00e9 chamado a <strong>formar seu pensamento segundo a verdade de Cristo<\/strong>, e n\u00e3o segundo ideologias mundanas.<\/p>\n\n\n\n<h3 class=\"wp-block-heading\">\ud83d\udc68\u200d\ud83d\udc69\u200d\ud83d\udc67 b) Fortalecer sua fam\u00edlia e sua vida social<\/h3>\n\n\n\n<p>O <em>Syllabus<\/em> tamb\u00e9m defende verdades fundamentais sobre o matrim\u00f4nio, a educa\u00e7\u00e3o dos filhos e o papel da Igreja na vida p\u00fablica.<\/p>\n\n\n\n<p>Por exemplo:<\/p>\n\n\n\n<ul class=\"wp-block-list\">\n<li>O Estado n\u00e3o pode impor uma educa\u00e7\u00e3o moralmente neutra.<\/li>\n\n\n\n<li>O matrim\u00f4nio n\u00e3o \u00e9 inven\u00e7\u00e3o do Estado, mas um sacramento institu\u00eddo por Deus.<\/li>\n\n\n\n<li>Os pais t\u00eam o direito (e o dever) de formar os filhos na f\u00e9 crist\u00e3.<\/li>\n<\/ul>\n\n\n\n<p>\ud83d\udc49 O <em>Syllabus<\/em> te ajuda a <strong>afirmar teu direito de viver e transmitir a f\u00e9<\/strong> sem concess\u00f5es.<\/p>\n\n\n\n<h3 class=\"wp-block-heading\">\u26ea c) Defender a Igreja e o Papa em meio \u00e0 confus\u00e3o<\/h3>\n\n\n\n<p>O <em>Syllabus<\/em> reafirma a autoridade do Papa como <strong>defensor da verdade revelada<\/strong>, mesmo quando o mundo a rejeita. Recorda que a Igreja n\u00e3o pode fazer acordos com o erro, ainda que isso a torne impopular.<\/p>\n\n\n\n<blockquote class=\"wp-block-quote is-layout-flow wp-block-quote-is-layout-flow\">\n<p><strong>\u201cN\u00e3o vos conformeis com este mundo, mas transformai-vos pela renova\u00e7\u00e3o da vossa mente\u201d<\/strong> (Rm 12,2)<\/p>\n<\/blockquote>\n\n\n\n<hr class=\"wp-block-separator has-alpha-channel-opacity\"\/>\n\n\n\n<h2 class=\"wp-block-heading\">\ud83d\udee1\ufe0f 5. Obje\u00e7\u00f5es comuns (e como respond\u00ea-las)<\/h2>\n\n\n\n<h3 class=\"wp-block-heading\">\u201c\u00c9 um documento do s\u00e9culo XIX; est\u00e1 ultrapassado\u201d<\/h3>\n\n\n\n<p>Falso. Embora o contexto tenha mudado, <strong>as verdades que ele defende s\u00e3o eternas<\/strong>. O relativismo, o secularismo e o indiferentismo religioso continuam muito vivos. O <em>Syllabus<\/em> ajuda a identific\u00e1-los.<\/p>\n\n\n\n<h3 class=\"wp-block-heading\">\u201c\u00c9 muito negativo, s\u00f3 condena\u201d<\/h3>\n\n\n\n<p>Falso tamb\u00e9m. Toda condena\u00e7\u00e3o implica a afirma\u00e7\u00e3o de seu contr\u00e1rio. Ao condenar os erros, a Igreja <strong>afirma com clareza a verdade<\/strong>. Como um m\u00e9dico que adverte contra o veneno, o <em>Syllabus<\/em> \u00e9 um ato de amor.<\/p>\n\n\n\n<h3 class=\"wp-block-heading\">\u201cN\u00e3o se pode impor a f\u00e9\u201d<\/h3>\n\n\n\n<p>Verdade. Mas recusar impor \u00e9 diferente de <strong>tolerar o erro como se fosse igual \u00e0 verdade<\/strong>. A liberdade n\u00e3o \u00e9 licen\u00e7a para o mal, mas a <strong>possibilidade de escolher o bem<\/strong>.<\/p>\n\n\n\n<hr class=\"wp-block-separator has-alpha-channel-opacity\"\/>\n\n\n\n<h2 class=\"wp-block-heading\">\ud83d\udd25 6. Um ensinamento prof\u00e9tico para os nossos tempos<\/h2>\n\n\n\n<p>O que o Papa Pio IX previu no <em>Syllabus<\/em> se concretizou em grande parte:<\/p>\n\n\n\n<ul class=\"wp-block-list\">\n<li>A fam\u00edlia est\u00e1 sendo redefinida por leis injustas<\/li>\n\n\n\n<li>A educa\u00e7\u00e3o crist\u00e3 est\u00e1 sob ataque<\/li>\n\n\n\n<li>Promove-se uma moral \u201cl\u00edquida\u201d sem refer\u00eancia a Deus<\/li>\n\n\n\n<li>Prega-se um \u201ccristianismo\u201d sem cruz e sem verdade<\/li>\n<\/ul>\n\n\n\n<p>Hoje mais do que nunca, o <em>Syllabus<\/em> ressoa como um <strong>toque de trombeta para os cat\u00f3licos fi\u00e9is<\/strong>. Lembra-nos que n\u00e3o somos chamados a ser populares, mas a ser <strong>fi\u00e9is<\/strong>. N\u00e3o a diluir a f\u00e9, mas a <strong>proclam\u00e1-la com coragem e amor<\/strong>.<\/p>\n\n\n\n<hr class=\"wp-block-separator has-alpha-channel-opacity\"\/>\n\n\n\n<h2 class=\"wp-block-heading\">\ud83d\ude4f Conclus\u00e3o: Caminhar na verdade, viver na luz<\/h2>\n\n\n\n<p>O <em>Syllabus Errorum<\/em> n\u00e3o \u00e9 um monumento do passado, mas <strong>uma b\u00fassola para o presente<\/strong>. \u00c9 um documento que sacode, mas tamb\u00e9m orienta. Sua mensagem \u00e9 simples: n\u00e3o se pode amar Cristo sem amar a Sua verdade. E n\u00e3o se pode amar Sua verdade sem rejeitar o que a contradiz.<\/p>\n\n\n\n<p>Em tempos de confus\u00e3o, os cat\u00f3licos precisam de clareza. Em tempos de relativismo, precisamos de firmeza. E em tempos de persegui\u00e7\u00e3o espiritual, precisamos de coragem.<\/p>\n\n\n\n<blockquote class=\"wp-block-quote is-layout-flow wp-block-quote-is-layout-flow\">\n<p><strong>\u201cV\u00f3s sois a luz do mundo&#8230; N\u00e3o se acende uma l\u00e2mpada para coloc\u00e1-la debaixo do alqueire, mas sobre o candeeiro, e ela brilha para todos os que est\u00e3o na casa.\u201d<\/strong> (Mt 5,14-15)<\/p>\n<\/blockquote>\n\n\n\n<p>N\u00e3o escondas a luz da verdade. Conhece o <em>Syllabus<\/em>, estuda-o e vive segundo a f\u00e9 imut\u00e1vel da Igreja. O mundo precisa de cat\u00f3licos despertos, valentes e profundamente enraizados na Verdade que nunca passar\u00e1.<\/p>\n","protected":false},"excerpt":{"rendered":"<p>Um guia espiritual, teol\u00f3gico e pastoral para tempos de confus\u00e3o \ud83d\udcdc Introdu\u00e7\u00e3o: Uma b\u00fassola cat\u00f3lica na tempestade do erro O cat\u00f3lico de hoje encontra-se no meio de uma tempestade de confus\u00e3o: doutrinas dilu\u00eddas, relativismo moral, secularismo agressivo, indiferen\u00e7a religiosa e ataques diretos \u00e0 verdade revelada. Como navegar nesse caos com fidelidade? Onde encontrar uma b\u00fassola &hellip;<\/p>\n","protected":false},"author":3,"featured_media":4565,"comment_status":"open","ping_status":"open","sticky":false,"template":"","format":"standard","meta":{"_seopress_robots_primary_cat":"","_seopress_titles_title":"","_seopress_titles_desc":"","_seopress_robots_index":"","footnotes":""},"categories":[38,51],"tags":[1629],"class_list":["post-4564","post","type-post","status-publish","format-standard","has-post-thumbnail","","category-historia-e-tradicao","category-magisterio-da-igreja","tag-syllabus-errorum"],"_links":{"self":[{"href":"https:\/\/catholicus.eu\/pt\/wp-json\/wp\/v2\/posts\/4564","targetHints":{"allow":["GET"]}}],"collection":[{"href":"https:\/\/catholicus.eu\/pt\/wp-json\/wp\/v2\/posts"}],"about":[{"href":"https:\/\/catholicus.eu\/pt\/wp-json\/wp\/v2\/types\/post"}],"author":[{"embeddable":true,"href":"https:\/\/catholicus.eu\/pt\/wp-json\/wp\/v2\/users\/3"}],"replies":[{"embeddable":true,"href":"https:\/\/catholicus.eu\/pt\/wp-json\/wp\/v2\/comments?post=4564"}],"version-history":[{"count":1,"href":"https:\/\/catholicus.eu\/pt\/wp-json\/wp\/v2\/posts\/4564\/revisions"}],"predecessor-version":[{"id":4566,"href":"https:\/\/catholicus.eu\/pt\/wp-json\/wp\/v2\/posts\/4564\/revisions\/4566"}],"wp:featuredmedia":[{"embeddable":true,"href":"https:\/\/catholicus.eu\/pt\/wp-json\/wp\/v2\/media\/4565"}],"wp:attachment":[{"href":"https:\/\/catholicus.eu\/pt\/wp-json\/wp\/v2\/media?parent=4564"}],"wp:term":[{"taxonomy":"category","embeddable":true,"href":"https:\/\/catholicus.eu\/pt\/wp-json\/wp\/v2\/categories?post=4564"},{"taxonomy":"post_tag","embeddable":true,"href":"https:\/\/catholicus.eu\/pt\/wp-json\/wp\/v2\/tags?post=4564"}],"curies":[{"name":"wp","href":"https:\/\/api.w.org\/{rel}","templated":true}]}}