{"id":4522,"date":"2025-07-16T22:51:52","date_gmt":"2025-07-16T20:51:52","guid":{"rendered":"https:\/\/catholicus.eu\/pt\/?p=4522"},"modified":"2025-07-16T22:51:53","modified_gmt":"2025-07-16T20:51:53","slug":"o-privilegio-sabatino-o-que-prometeu-a-virgem-aqueles-que-morrem-com-o-escapulario","status":"publish","type":"post","link":"https:\/\/catholicus.eu\/pt\/o-privilegio-sabatino-o-que-prometeu-a-virgem-aqueles-que-morrem-com-o-escapulario\/","title":{"rendered":"O Privil\u00e9gio Sabatino: O que prometeu a Virgem \u00e0queles que morrem com o Escapul\u00e1rio?"},"content":{"rendered":"\n<p><em>Guia espiritual, hist\u00f3rico e teol\u00f3gico para os devotos de Nossa Senhora do Carmo<\/em><\/p>\n\n\n\n<hr class=\"wp-block-separator has-alpha-channel-opacity\"\/>\n\n\n\n<h3 class=\"wp-block-heading\"><strong>Introdu\u00e7\u00e3o<\/strong><\/h3>\n\n\n\n<p>No cora\u00e7\u00e3o da devo\u00e7\u00e3o mariana, entre tantas pr\u00e1ticas piedosas que t\u00eam acompanhado os fi\u00e9is ao longo dos s\u00e9culos, brilha uma promessa que acendeu a esperan\u00e7a em in\u00fameras almas: o <em>privil\u00e9gio sabatino<\/em>. Intimamente ligado ao escapul\u00e1rio marrom de Nossa Senhora do Carmo, este privil\u00e9gio \u00e9 muito mais do que uma antiga tradi\u00e7\u00e3o: \u00e9 um apelo a uma vida de convers\u00e3o, de ora\u00e7\u00e3o e de confian\u00e7a na intercess\u00e3o da Virgem Maria.<\/p>\n\n\n\n<p>Neste artigo, exploraremos em profundidade o que \u00e9 o privil\u00e9gio sabatino, suas origens hist\u00f3ricas, seu fundamento teol\u00f3gico e como ele pode ser vivido hoje de maneira aut\u00eantica e profunda, em conformidade com o ensinamento da Igreja. O escapul\u00e1rio n\u00e3o \u00e9 um \u201camuleto\u201d, mas um sinal vis\u00edvel de uma vida consagrada a Maria. O privil\u00e9gio sabatino \u00e9 uma promessa que exige uma resposta concreta em f\u00e9, penit\u00eancia e caridade.<\/p>\n\n\n\n<hr class=\"wp-block-separator has-alpha-channel-opacity\"\/>\n\n\n\n<h3 class=\"wp-block-heading\"><strong>1. O que \u00e9 o escapul\u00e1rio de Nossa Senhora do Carmo?<\/strong><\/h3>\n\n\n\n<p>Antes de falarmos sobre o privil\u00e9gio sabatino, \u00e9 importante entender o que representa o escapul\u00e1rio. O escapul\u00e1rio marrom \u00e9 um sacramental da Igreja Cat\u00f3lica, nascido no s\u00e9culo XIII no seio da Ordem dos Carmelitas, religiosos que haviam se retirado para o Monte Carmelo, na Terra Santa, e depois se espalharam pela Europa.<\/p>\n\n\n\n<p>Segundo a tradi\u00e7\u00e3o, em 16 de julho de 1251, a Virgem Maria apareceu a S\u00e3o Sim\u00e3o Stock, prior geral da Ordem, e entregou-lhe o escapul\u00e1rio dizendo:<\/p>\n\n\n\n<blockquote class=\"wp-block-quote is-layout-flow wp-block-quote-is-layout-flow\">\n<p>\u201c<em>Recebe, meu filho amado, este escapul\u00e1rio da tua Ordem, sinal da minha confraria. Todo aquele que morrer com ele, n\u00e3o padecer\u00e1 o fogo eterno.<\/em>\u201d<\/p>\n<\/blockquote>\n\n\n\n<p>Essa promessa \u00e9 conhecida como o \u201cgrande privil\u00e9gio\u201d do escapul\u00e1rio, que envolve prote\u00e7\u00e3o espiritual e promessa de salva\u00e7\u00e3o para aqueles que vivem na gra\u00e7a de Deus e usam com devo\u00e7\u00e3o o escapul\u00e1rio.<\/p>\n\n\n\n<hr class=\"wp-block-separator has-alpha-channel-opacity\"\/>\n\n\n\n<h3 class=\"wp-block-heading\"><strong>2. O que \u00e9 o privil\u00e9gio sabatino?<\/strong><\/h3>\n\n\n\n<p>O <em>privil\u00e9gio sabatino<\/em> \u00e9 uma segunda promessa mariana ligada \u00e0 devo\u00e7\u00e3o do escapul\u00e1rio, baseada numa revela\u00e7\u00e3o privada que a Virgem teria feito ao Papa Jo\u00e3o XXII no s\u00e9culo XIV. Segundo essa revela\u00e7\u00e3o, Maria prometeu:<\/p>\n\n\n\n<blockquote class=\"wp-block-quote is-layout-flow wp-block-quote-is-layout-flow\">\n<p>\u201c<em>Eu, M\u00e3e de Miseric\u00f3rdia, descerei no s\u00e1bado ap\u00f3s sua morte ao Purgat\u00f3rio e libertarei aqueles que ali encontrar, os quais, em vida, tenham usado o escapul\u00e1rio, observado a castidade segundo seu estado e recitado o Pequeno Of\u00edcio da Bem-Aventurada Virgem Maria, ou em alternativa, as ora\u00e7\u00f5es permitidas por seu confessor.<\/em>\u201d<\/p>\n<\/blockquote>\n\n\n\n<p>Esse privil\u00e9gio \u2014 chamado \u201csabatino\u201d por referir-se ao s\u00e1bado, dia tradicionalmente dedicado \u00e0 Virgem Maria \u2014 significa ent\u00e3o a liberta\u00e7\u00e3o do Purgat\u00f3rio no primeiro s\u00e1bado ap\u00f3s a morte, para aqueles que tiverem vivido com f\u00e9 e observado determinadas condi\u00e7\u00f5es.<\/p>\n\n\n\n<hr class=\"wp-block-separator has-alpha-channel-opacity\"\/>\n\n\n\n<h3 class=\"wp-block-heading\"><strong>3. As condi\u00e7\u00f5es do privil\u00e9gio sabatino<\/strong><\/h3>\n\n\n\n<p>A promessa de Maria n\u00e3o \u00e9 autom\u00e1tica nem m\u00e1gica. Como tudo na vida crist\u00e3, ela depende da disposi\u00e7\u00e3o do cora\u00e7\u00e3o, da fidelidade a Deus e de uma vida virtuosa. As condi\u00e7\u00f5es tradicionais para receber o privil\u00e9gio sabatino s\u00e3o:<\/p>\n\n\n\n<ol class=\"wp-block-list\">\n<li><strong>Usar com devo\u00e7\u00e3o o escapul\u00e1rio marrom de Nossa Senhora do Carmo.<\/strong><br>N\u00e3o como um amuleto, mas como sinal vis\u00edvel de perten\u00e7a a Maria e de compromisso com Cristo.<\/li>\n\n\n\n<li><strong>Observar a castidade segundo o pr\u00f3prio estado de vida.<\/strong><br>Viver de acordo com o ensinamento moral da Igreja sobre a sexualidade, seja no matrim\u00f4nio, na vida consagrada ou celibat\u00e1ria.<\/li>\n\n\n\n<li><strong>Recitar diariamente o Pequeno Of\u00edcio da Bem-Aventurada Virgem Maria<\/strong>, ou \u2014 se n\u00e3o poss\u00edvel \u2014 praticar outras obras piedosas aprovadas pelo confessor (como o Ter\u00e7o, a participa\u00e7\u00e3o na Missa, confiss\u00e3o regular, etc.).<\/li>\n<\/ol>\n\n\n\n<p>Essas condi\u00e7\u00f5es n\u00e3o s\u00e3o inacess\u00edveis, mas exigem uma vida coerente com o Evangelho. \u00c9 um convite a viver na gra\u00e7a, em comunh\u00e3o com Maria, confiando na miseric\u00f3rdia divina.<\/p>\n\n\n\n<hr class=\"wp-block-separator has-alpha-channel-opacity\"\/>\n\n\n\n<h3 class=\"wp-block-heading\"><strong>4. Fundamentos teol\u00f3gicos e eclesiais do privil\u00e9gio<\/strong><\/h3>\n\n\n\n<p>Do ponto de vista teol\u00f3gico, a Igreja \u00e9 sempre prudente com rela\u00e7\u00e3o \u00e0s revela\u00e7\u00f5es privadas. O <em>privil\u00e9gio sabatino<\/em> n\u00e3o \u00e9 um dogma, e o Magist\u00e9rio sempre recomendou uma compreens\u00e3o equilibrada e conforme \u00e0 f\u00e9 cat\u00f3lica. No entanto, a <strong>Igreja reconheceu o escapul\u00e1rio como um sacramental<\/strong>, enriqueceu-o com indulg\u00eancias, aben\u00e7oou-o e promoveu sua venera\u00e7\u00e3o lit\u00fargica \u2014 especialmente no dia de Nossa Senhora do Carmo (16 de julho).<\/p>\n\n\n\n<p>O Papa Paulo V (no s\u00e9culo XVII) concedeu que os fi\u00e9is poderiam \u201c<em>crer piamente<\/em>\u201d que Maria ajuda de maneira especial no s\u00e1bado e que \u201c<em>aqueles que usam o escapul\u00e1rio podem esperar na intercess\u00e3o da M\u00e3e de Deus<\/em>\u201d.<\/p>\n\n\n\n<p>O fundamento teol\u00f3gico dessa promessa reside na doutrina da Igreja sobre Maria como <strong>M\u00e3e da Miseric\u00f3rdia<\/strong>, intercessora poderosa e \u201cnossa advogada\u201d, como rezamos na <em>Salve Rainha<\/em>. Como afirma o Conc\u00edlio Vaticano II:<\/p>\n\n\n\n<blockquote class=\"wp-block-quote is-layout-flow wp-block-quote-is-layout-flow\">\n<p>\u201cA Bem-Aventurada Virgem foi predestinada por Deus, juntamente com a encarna\u00e7\u00e3o do Verbo, para ser a M\u00e3e de Deus, e, como tal, tamb\u00e9m foi a M\u00e3e do Redentor.\u201d (<em>Lumen Gentium<\/em>, 61)<\/p>\n<\/blockquote>\n\n\n\n<p>A <strong>media\u00e7\u00e3o materna de Maria<\/strong> n\u00e3o substitui a \u00fanica media\u00e7\u00e3o de Cristo, mas participa dela de forma subordinada. O privil\u00e9gio sabatino insere-se nesse plano de salva\u00e7\u00e3o como express\u00e3o da miseric\u00f3rdia mariana para com seus filhos fi\u00e9is.<\/p>\n\n\n\n<hr class=\"wp-block-separator has-alpha-channel-opacity\"\/>\n\n\n\n<h3 class=\"wp-block-heading\"><strong>5. O que diz a B\u00edblia?<\/strong><\/h3>\n\n\n\n<p>Embora o privil\u00e9gio sabatino n\u00e3o esteja diretamente contido nas Sagradas Escrituras (como muitas devo\u00e7\u00f5es nascidas com o tempo), ele encontra fundamento na espiritualidade mariana e na comunh\u00e3o dos santos. S\u00e3o Paulo afirma:<\/p>\n\n\n\n<blockquote class=\"wp-block-quote is-layout-flow wp-block-quote-is-layout-flow\">\n<p>\u201cDeus quer que todos os homens sejam salvos e cheguem ao conhecimento da verdade.\u201d (1 Tim\u00f3teo 2,4)<\/p>\n<\/blockquote>\n\n\n\n<p>E o pr\u00f3prio Jesus, na cruz, nos deu Maria como M\u00e3e:<\/p>\n\n\n\n<blockquote class=\"wp-block-quote is-layout-flow wp-block-quote-is-layout-flow\">\n<p>\u201cMulher, eis o teu filho&#8230; Filho, eis a tua m\u00e3e.\u201d (Jo\u00e3o 19,26-27)<\/p>\n<\/blockquote>\n\n\n\n<p>A partir desse momento, Maria exerce uma maternidade espiritual para com todos os fi\u00e9is, acompanhando-os, intercedendo por eles \u2014 inclusive ap\u00f3s a morte, como ensina a doutrina do Purgat\u00f3rio.<\/p>\n\n\n\n<hr class=\"wp-block-separator has-alpha-channel-opacity\"\/>\n\n\n\n<h3 class=\"wp-block-heading\"><strong>6. Aplica\u00e7\u00e3o pr\u00e1tica: como viver hoje o escapul\u00e1rio<\/strong><\/h3>\n\n\n\n<p>Num mundo marcado pela pressa, pelo relativismo moral e pelo esquecimento da eternidade, o escapul\u00e1rio e o privil\u00e9gio sabatino s\u00e3o <strong>sinais de esperan\u00e7a crist\u00e3<\/strong> e da necessidade de viver na gra\u00e7a de Deus. N\u00e3o basta \u201cusar\u201d o escapul\u00e1rio \u2014 \u00e9 preciso <strong>viver como filhos de Maria<\/strong>:<\/p>\n\n\n\n<ul class=\"wp-block-list\">\n<li><strong>Rezar o Ter\u00e7o com const\u00e2ncia<\/strong>, sinal de perten\u00e7a a Maria.<\/li>\n\n\n\n<li><strong>Viver em estado de gra\u00e7a<\/strong>, com confiss\u00e3o frequente.<\/li>\n\n\n\n<li><strong>Participar ativamente da Missa e receber a Eucaristia<\/strong>.<\/li>\n\n\n\n<li><strong>Praticar a caridade, a penit\u00eancia e a humildade<\/strong>, segundo a pr\u00f3pria voca\u00e7\u00e3o.<\/li>\n\n\n\n<li><strong>Cultivar a devo\u00e7\u00e3o mariana em fam\u00edlia<\/strong>, especialmente com crian\u00e7as e jovens.<\/li>\n<\/ul>\n\n\n\n<p>A promessa de Maria \u00e9 um consolo, mas tamb\u00e9m uma responsabilidade. Convida-nos a caminhar com ela at\u00e9 Cristo, a morrer sob sua prote\u00e7\u00e3o e confiar na sua intercess\u00e3o em todos os momentos da vida.<\/p>\n\n\n\n<hr class=\"wp-block-separator has-alpha-channel-opacity\"\/>\n\n\n\n<h3 class=\"wp-block-heading\"><strong>7. Qual o significado do privil\u00e9gio sabatino hoje?<\/strong><\/h3>\n\n\n\n<p>Hoje, o privil\u00e9gio sabatino pode parecer um eco de uma espiritualidade medieval, mas carrega uma mensagem extremamente atual: <strong>Maria nunca abandona seus filhos<\/strong>, nem mesmo ap\u00f3s a morte. Em tempos de incerteza, de batalhas espirituais e de confus\u00e3o doutrinal, Maria se apresenta como <strong>ref\u00fagio seguro<\/strong>, intercessora poderosa e M\u00e3e que n\u00e3o se esquece de seus filhos fi\u00e9is.<\/p>\n\n\n\n<p>O s\u00e1bado, na espiritualidade crist\u00e3, \u00e9 o dia do sil\u00eancio e da esperan\u00e7a na Ressurrei\u00e7\u00e3o. Que Maria venha em nosso aux\u00edlio \u201cno s\u00e1bado ap\u00f3s a nossa morte\u201d significa que <strong>sua presen\u00e7a materna nos acompanha para al\u00e9m do v\u00e9u da morte<\/strong>, at\u00e9 o encontro com o Cristo glorioso.<\/p>\n\n\n\n<hr class=\"wp-block-separator has-alpha-channel-opacity\"\/>\n\n\n\n<h3 class=\"wp-block-heading\"><strong>Conclus\u00e3o: O que nos prometeu a Virgem? Uma resposta de amor<\/strong><\/h3>\n\n\n\n<p>O privil\u00e9gio sabatino \u2014 como toda verdadeira devo\u00e7\u00e3o \u2014 n\u00e3o \u00e9 um \u201catalho\u201d para o Para\u00edso, mas um caminho de amor. N\u00e3o substitui o Evangelho, mas o encarna no cora\u00e7\u00e3o dos pequenos, dos humildes, daqueles que confiam plenamente em Maria.<\/p>\n\n\n\n<blockquote class=\"wp-block-quote is-layout-flow wp-block-quote-is-layout-flow\">\n<p>\u201cQuem vos recebe, a mim recebe; e quem me recebe, recebe aquele que me enviou.\u201d (Mateus 10,40)<\/p>\n<\/blockquote>\n\n\n\n<p>Receber Maria em nossa vida, usar seu escapul\u00e1rio e viver fielmente as condi\u00e7\u00f5es do privil\u00e9gio sabatino \u00e9 uma forma concreta de pertencer mais profundamente a Cristo. Cada vez que tocarmos o escapul\u00e1rio, lembremo-nos da promessa da M\u00e3e e renovemos nossa esperan\u00e7a na vida eterna, certos de que ela \u2014 como verdadeira M\u00e3e \u2014 <strong>nunca nos abandonar\u00e1<\/strong>.<\/p>\n\n\n\n<hr class=\"wp-block-separator has-alpha-channel-opacity\"\/>\n\n\n\n<p><strong>Nossa Senhora do Carmo, rogai por n\u00f3s.<\/strong><br><strong>M\u00e3e do Monte Carmelo, guia nossos cora\u00e7\u00f5es para o C\u00e9u.<\/strong><br><strong>Maria, Rainha do Purgat\u00f3rio, salva-nos com tua intercess\u00e3o.<\/strong><\/p>\n","protected":false},"excerpt":{"rendered":"<p>Guia espiritual, hist\u00f3rico e teol\u00f3gico para os devotos de Nossa Senhora do Carmo Introdu\u00e7\u00e3o No cora\u00e7\u00e3o da devo\u00e7\u00e3o mariana, entre tantas pr\u00e1ticas piedosas que t\u00eam acompanhado os fi\u00e9is ao longo dos s\u00e9culos, brilha uma promessa que acendeu a esperan\u00e7a em in\u00fameras almas: o privil\u00e9gio sabatino. Intimamente ligado ao escapul\u00e1rio marrom de Nossa Senhora do Carmo, &hellip;<\/p>\n","protected":false},"author":3,"featured_media":4523,"comment_status":"open","ping_status":"open","sticky":false,"template":"","format":"standard","meta":{"_seopress_robots_primary_cat":"","_seopress_titles_title":"","_seopress_titles_desc":"","_seopress_robots_index":"","footnotes":""},"categories":[40,62],"tags":[1615],"class_list":["post-4522","post","type-post","status-publish","format-standard","has-post-thumbnail","","category-oracao-e-espiritualidade","category-sacramentais-e-peregrinacoes","tag-privilegio-sabatino"],"_links":{"self":[{"href":"https:\/\/catholicus.eu\/pt\/wp-json\/wp\/v2\/posts\/4522","targetHints":{"allow":["GET"]}}],"collection":[{"href":"https:\/\/catholicus.eu\/pt\/wp-json\/wp\/v2\/posts"}],"about":[{"href":"https:\/\/catholicus.eu\/pt\/wp-json\/wp\/v2\/types\/post"}],"author":[{"embeddable":true,"href":"https:\/\/catholicus.eu\/pt\/wp-json\/wp\/v2\/users\/3"}],"replies":[{"embeddable":true,"href":"https:\/\/catholicus.eu\/pt\/wp-json\/wp\/v2\/comments?post=4522"}],"version-history":[{"count":1,"href":"https:\/\/catholicus.eu\/pt\/wp-json\/wp\/v2\/posts\/4522\/revisions"}],"predecessor-version":[{"id":4524,"href":"https:\/\/catholicus.eu\/pt\/wp-json\/wp\/v2\/posts\/4522\/revisions\/4524"}],"wp:featuredmedia":[{"embeddable":true,"href":"https:\/\/catholicus.eu\/pt\/wp-json\/wp\/v2\/media\/4523"}],"wp:attachment":[{"href":"https:\/\/catholicus.eu\/pt\/wp-json\/wp\/v2\/media?parent=4522"}],"wp:term":[{"taxonomy":"category","embeddable":true,"href":"https:\/\/catholicus.eu\/pt\/wp-json\/wp\/v2\/categories?post=4522"},{"taxonomy":"post_tag","embeddable":true,"href":"https:\/\/catholicus.eu\/pt\/wp-json\/wp\/v2\/tags?post=4522"}],"curies":[{"name":"wp","href":"https:\/\/api.w.org\/{rel}","templated":true}]}}