{"id":4516,"date":"2025-07-16T16:50:13","date_gmt":"2025-07-16T14:50:13","guid":{"rendered":"https:\/\/catholicus.eu\/pt\/?p=4516"},"modified":"2025-07-16T16:50:14","modified_gmt":"2025-07-16T14:50:14","slug":"combatendo-a-secularizacao-estrategias-para-uma-catequese-contracultural","status":"publish","type":"post","link":"https:\/\/catholicus.eu\/pt\/combatendo-a-secularizacao-estrategias-para-uma-catequese-contracultural\/","title":{"rendered":"Combatendo a seculariza\u00e7\u00e3o: Estrat\u00e9gias para uma catequese contracultural"},"content":{"rendered":"\n<h3 class=\"wp-block-heading\">Introdu\u00e7\u00e3o: O campo de batalha da f\u00e9<\/h3>\n\n\n\n<p>A seculariza\u00e7\u00e3o avan\u00e7a como uma mar\u00e9 silenciosa que infiltra as consci\u00eancias, as fam\u00edlias e as institui\u00e7\u00f5es. J\u00e1 n\u00e3o vivemos numa \u201csociedade crist\u00e3\u201d, por mais que alguns ainda queiram sustentar essa ilus\u00e3o. Aquilo que outrora foi um cristianismo cultural evaporou-se em poucas d\u00e9cadas. As igrejas esvaziam-se, os sacramentos s\u00e3o abandonados, a moral cat\u00f3lica \u00e9 ridicularizada, e as novas gera\u00e7\u00f5es crescem sem Deus.<\/p>\n\n\n\n<p>Neste cen\u00e1rio sombrio, j\u00e1 n\u00e3o basta queixarmo-nos ou esperarmos por dias melhores. Como Igreja e como batizados, somos chamados a <strong>combater a seculariza\u00e7\u00e3o com uma catequese contracultural<\/strong>, ousada, profunda, viva, fiel \u00e0 Tradi\u00e7\u00e3o e inteiramente centrada em Cristo. Este artigo \u00e9 um guia teol\u00f3gico e pastoral para construir esse baluarte espiritual de que o mundo tanto precisa.<\/p>\n\n\n\n<hr class=\"wp-block-separator has-alpha-channel-opacity\"\/>\n\n\n\n<h2 class=\"wp-block-heading\">1. <strong>O que \u00e9 a seculariza\u00e7\u00e3o e por que \u00e9 perigosa?<\/strong><\/h2>\n\n\n\n<p>A seculariza\u00e7\u00e3o n\u00e3o \u00e9 apenas uma diminui\u00e7\u00e3o da religiosidade. Trata-se da <strong>exclus\u00e3o progressiva de Deus da vida p\u00fablica, cultural, intelectual e, por fim, pessoal<\/strong>. \u00c9 a ideia de que a sociedade pode ser organizada sem qualquer refer\u00eancia ao Criador, sem moral objetiva nem verdade revelada. \u00c9, em suma, o triunfo da autossufici\u00eancia humana sobre a humildade da f\u00e9.<\/p>\n\n\n\n<p>Desde o Conc\u00edlio Vaticano II \u2014 e sobretudo ap\u00f3s a revolu\u00e7\u00e3o cultural de 1968 \u2014 essa tend\u00eancia intensificou-se. Bento XVI advertiu claramente: vivemos sob uma <strong>ditadura do relativismo<\/strong>, onde todas as cren\u00e7as s\u00e3o consideradas v\u00e1lidas\u2026 exceto aquela que afirma ser verdadeira.<\/p>\n\n\n\n<p>O problema de fundo n\u00e3o \u00e9 sociol\u00f3gico, mas <strong>teol\u00f3gico e espiritual<\/strong>: quando se exclui Deus, o homem destr\u00f3i a si mesmo.<\/p>\n\n\n\n<hr class=\"wp-block-separator has-alpha-channel-opacity\"\/>\n\n\n\n<h2 class=\"wp-block-heading\">2. <strong>Uma catequese contracultural: voltar ao fogo do Evangelho<\/strong><\/h2>\n\n\n\n<p>Neste ambiente hostil, a catequese n\u00e3o pode ser uma simples forma\u00e7\u00e3o doutrinal superficial. Ela deve ser <strong>uma verdadeira inicia\u00e7\u00e3o \u00e0 vida crist\u00e3<\/strong>, uma escola de santidade, uma armaria para o combate espiritual, uma sementeira de fogo nos cora\u00e7\u00f5es. A catequese contracultural \u00e9 radical, n\u00e3o por ideologia, mas por fidelidade ao Evangelho.<\/p>\n\n\n\n<p>Como diz S\u00e3o Paulo:<\/p>\n\n\n\n<blockquote class=\"wp-block-quote is-layout-flow wp-block-quote-is-layout-flow\">\n<p><em>\u201cN\u00e3o vos conformeis com este mundo, mas transformai-vos pela renova\u00e7\u00e3o da vossa mente, para que possais discernir qual \u00e9 a vontade de Deus: o que \u00e9 bom, agrad\u00e1vel e perfeito.\u201d<\/em> (Romanos 12,2)<\/p>\n<\/blockquote>\n\n\n\n<p>A catequese deve ensinar a <strong>pensar como Cristo, viver como Cristo, sofrer com Cristo e esperar com Cristo<\/strong>. Ela n\u00e3o forma cidad\u00e3os do mundo, mas filhos de Deus. N\u00e3o produz consumidores religiosos, mas m\u00e1rtires em pot\u00eancia.<\/p>\n\n\n\n<hr class=\"wp-block-separator has-alpha-channel-opacity\"\/>\n\n\n\n<h2 class=\"wp-block-heading\">3. <strong>Fundamentos teol\u00f3gicos de uma catequese militante<\/strong><\/h2>\n\n\n\n<p>Uma catequese contracultural repousa sobre <strong>tr\u00eas pilares teol\u00f3gicos fundamentais<\/strong>:<\/p>\n\n\n\n<h3 class=\"wp-block-heading\">a) <strong>Cristocentrismo absoluto<\/strong><\/h3>\n\n\n\n<p>Jesus Cristo n\u00e3o \u00e9 apenas um modelo \u00e9tico entre outros. Ele \u00e9 o <strong>\u00fanico Salvador, o Alfa e o \u00d4mega, o Senhor do tempo e da hist\u00f3ria<\/strong>. Toda catequese deve partir da pessoa de Cristo \u2014 a sua vida, a sua Cruz, a sua Ressurrei\u00e7\u00e3o e o seu reinado glorioso.<\/p>\n\n\n\n<p>O ensinamento n\u00e3o pode ser reduzido a valores humanos. Deve apresentar a realidade de Cristo como Senhor e Redentor:<br><strong>\u201cNingu\u00e9m pode lan\u00e7ar outro fundamento, al\u00e9m do que j\u00e1 foi posto: Jesus Cristo.\u201d<\/strong> (1 Cor\u00edntios 3,11)<\/p>\n\n\n\n<h3 class=\"wp-block-heading\">b) <strong>Fidelidade doutrinal sem concess\u00f5es<\/strong><\/h3>\n\n\n\n<p>O dep\u00f3sito da f\u00e9 n\u00e3o \u00e9 negoci\u00e1vel. O catequista n\u00e3o \u00e9 um criador, mas um <strong>transmissor fiel da Revela\u00e7\u00e3o<\/strong>, que ensina em comunh\u00e3o com o Magist\u00e9rio e a Tradi\u00e7\u00e3o. A confus\u00e3o doutrinal \u00e9 combust\u00edvel para a seculariza\u00e7\u00e3o.<\/p>\n\n\n\n<p>Como recordava S\u00e3o Pio X na <em>Pascendi<\/em>, o modernismo dissolve a f\u00e9 por dentro. <strong>A \u00fanica resposta \u00e9 a clareza, a coer\u00eancia e a coragem teol\u00f3gica<\/strong>.<\/p>\n\n\n\n<h3 class=\"wp-block-heading\">c) <strong>Vida eclesial e sacramental<\/strong><\/h3>\n\n\n\n<p>A f\u00e9 n\u00e3o \u00e9 privada nem individualista. Ela se vive <strong>em comunh\u00e3o com a Igreja<\/strong>, Corpo de Cristo, e se nutre dos sacramentos. Uma catequese contracultural deve inserir profundamente o catequizando na <strong>liturgia, na ora\u00e7\u00e3o, na penit\u00eancia e na caridade ativa<\/strong>.<\/p>\n\n\n\n<hr class=\"wp-block-separator has-alpha-channel-opacity\"\/>\n\n\n\n<h2 class=\"wp-block-heading\">4. <strong>Estrat\u00e9gias pr\u00e1ticas para uma catequese contracultural<\/strong><\/h2>\n\n\n\n<h3 class=\"wp-block-heading\">1. <strong>Catequistas formados e orantes<\/strong><\/h3>\n\n\n\n<p>A catequese come\u00e7a com o catequista. A boa vontade n\u00e3o basta. \u00c9 necess\u00e1rio <strong>uma forma\u00e7\u00e3o teol\u00f3gica s\u00f3lida, uma vida sacramental intensa e uma ora\u00e7\u00e3o constante<\/strong>. O catequista n\u00e3o informa, <strong>transmite vida<\/strong>. S\u00f3 quem vive na gra\u00e7a pode formar almas para a eternidade.<\/p>\n\n\n\n<h3 class=\"wp-block-heading\">2. <strong>Evangelizar a linguagem: falar com clareza, autoridade e beleza<\/strong><\/h3>\n\n\n\n<p>N\u00e3o se trata de \u201cadaptar-se \u00e0 linguagem do mundo\u201d, mas de <strong>recuperar a linguagem da Igreja<\/strong>, tornando-a intelig\u00edvel sem diminuir a sua for\u00e7a. As palavras t\u00eam peso: pecado, gra\u00e7a, reden\u00e7\u00e3o, inferno, santidade, cruz, castidade\u2026 <strong>N\u00e3o as escondamos<\/strong>. Pelo contr\u00e1rio, expliquemo-las com amor e firmeza.<\/p>\n\n\n\n<h3 class=\"wp-block-heading\">3. <strong>Formar para a resist\u00eancia<\/strong><\/h3>\n\n\n\n<p>Os crist\u00e3os n\u00e3o podem ser ing\u00eanuos. Desde a inf\u00e2ncia, \u00e9 preciso saber que <strong>seguir Cristo \u00e9 ir contra a corrente<\/strong>. Devemos preparar crian\u00e7as, jovens e adultos para as zombarias, as press\u00f5es, a marginaliza\u00e7\u00e3o e at\u00e9 a persegui\u00e7\u00e3o.<\/p>\n\n\n\n<p>Como o pr\u00f3prio Jesus disse:<\/p>\n\n\n\n<blockquote class=\"wp-block-quote is-layout-flow wp-block-quote-is-layout-flow\">\n<p><em>\u201cSe o mundo vos odeia, sabei que, antes de v\u00f3s, odiou a mim\u2026 V\u00f3s n\u00e3o sois do mundo, por isso o mundo vos odeia.\u201d<\/em> (Jo\u00e3o 15,18-19)<\/p>\n<\/blockquote>\n\n\n\n<h3 class=\"wp-block-heading\">4. <strong>Utilizar os meios digitais com discernimento<\/strong><\/h3>\n\n\n\n<p>As redes sociais, os filmes, as s\u00e9ries, a m\u00fasica\u2026 s\u00e3o <strong>lugares de forma\u00e7\u00e3o ou deforma\u00e7\u00e3o<\/strong>. A catequese deve educar para o discernimento midi\u00e1tico e tamb\u00e9m <strong>criar conte\u00fado contracultural de qualidade<\/strong>: podcasts, v\u00eddeos, publica\u00e7\u00f5es, debates. A evangeliza\u00e7\u00e3o digital \u00e9 um campo urgente.<\/p>\n\n\n\n<h3 class=\"wp-block-heading\">5. <strong>Redescobrir a beleza lit\u00fargica e a arte sacra<\/strong><\/h3>\n\n\n\n<p>Nada forma mais profundamente do que <strong>a beleza habitada pela f\u00e9<\/strong>. Uma catequese que introduz \u00e0 missa tradicional, ao canto gregoriano, aos s\u00edmbolos sagrados, ao sil\u00eancio reverente\u2026 desperta na alma o sentido do sagrado e a prepara para a adora\u00e7\u00e3o.<\/p>\n\n\n\n<hr class=\"wp-block-separator has-alpha-channel-opacity\"\/>\n\n\n\n<h2 class=\"wp-block-heading\">5. <strong>O papel da fam\u00edlia: primeira trincheira da alma<\/strong><\/h2>\n\n\n\n<p>A fam\u00edlia crist\u00e3 \u00e9 <strong>a primeira Igreja, a primeira escola, a primeira trincheira contra a seculariza\u00e7\u00e3o<\/strong>. Sem fam\u00edlias s\u00f3lidas, nenhum esfor\u00e7o catequ\u00e9tico dar\u00e1 frutos. \u00c9 urgente formar os pais para que sejam <strong>pastores, profetas e sacerdotes em seu lar<\/strong>.<\/p>\n\n\n\n<p>Uma crian\u00e7a que reza com os pais, que v\u00ea seu pai ajoelhar-se, que ouve falar de Deus em casa, estar\u00e1 mais preparada para resistir ao veneno do mundo.<\/p>\n\n\n\n<hr class=\"wp-block-separator has-alpha-channel-opacity\"\/>\n\n\n\n<h2 class=\"wp-block-heading\">6. <strong>E os jovens? Uma evangeliza\u00e7\u00e3o sem descontos<\/strong><\/h2>\n\n\n\n<p>Os jovens n\u00e3o se conquistam com entretenimento ou m\u00fasica \u201cmoderna\u201d, mas com <strong>a verdade inteira do Evangelho, dita com amor e sem descontos<\/strong>. Eles querem raz\u00f5es para viver \u2014 e mais ainda, para morrer. Querem pertencer a uma grande causa, n\u00e3o a um clube simp\u00e1tico.<\/p>\n\n\n\n<p>O jovem cat\u00f3lico deve saber que foi <strong>criado para a gl\u00f3ria de Deus, chamado \u00e0 santidade heroica e destinado ao C\u00e9u<\/strong>. N\u00e3o podemos oferecer-lhe menos.<\/p>\n\n\n\n<hr class=\"wp-block-separator has-alpha-channel-opacity\"\/>\n\n\n\n<h2 class=\"wp-block-heading\">7. <strong>Combate espiritual: a catequese como mil\u00edcia<\/strong><\/h2>\n\n\n\n<p>A f\u00e9 n\u00e3o se conserva passivamente. Ela se combate. S\u00e3o Paulo fala da \u201carmadura de Deus\u201d (cf. Ef\u00e9sios 6). Cada catequese deve incluir:<\/p>\n\n\n\n<ul class=\"wp-block-list\">\n<li>Um ensinamento sobre a exist\u00eancia do dem\u00f4nio e a realidade do pecado<\/li>\n\n\n\n<li>Uma forma\u00e7\u00e3o para a ora\u00e7\u00e3o pessoal e comunit\u00e1ria<\/li>\n\n\n\n<li>Um amor profundo \u00e0 Virgem Maria e ao Ros\u00e1rio<\/li>\n\n\n\n<li>A confiss\u00e3o frequente como arma contra a tibieza<\/li>\n\n\n\n<li>O jejum, a mortifica\u00e7\u00e3o e os sacrif\u00edcios oferecidos com alegria<\/li>\n<\/ul>\n\n\n\n<hr class=\"wp-block-separator has-alpha-channel-opacity\"\/>\n\n\n\n<h2 class=\"wp-block-heading\">8. <strong>Objetivo: formar santos, n\u00e3o clientes<\/strong><\/h2>\n\n\n\n<p>O objetivo de toda catequese \u00e9 <strong>formar santos<\/strong>, n\u00e3o simpatizantes. E isso s\u00f3 \u00e9 poss\u00edvel se os catequizandos <strong>experimentarem que Deus n\u00e3o \u00e9 uma ideia, mas uma Pessoa viva<\/strong>. A catequese contracultural busca a convers\u00e3o do cora\u00e7\u00e3o, n\u00e3o apenas a informa\u00e7\u00e3o da mente.<\/p>\n\n\n\n<p>Como recorda o Catecismo:<\/p>\n\n\n\n<blockquote class=\"wp-block-quote is-layout-flow wp-block-quote-is-layout-flow\">\n<p><em>\u201cO objetivo definitivo da catequese \u00e9 colocar algu\u00e9m n\u00e3o apenas em contato, mas em comunh\u00e3o, em intimidade com Jesus Cristo.\u201d<\/em> (CIC 426)<\/p>\n<\/blockquote>\n\n\n\n<hr class=\"wp-block-separator has-alpha-channel-opacity\"\/>\n\n\n\n<h2 class=\"wp-block-heading\">Conclus\u00e3o: Acender fogueiras na noite<\/h2>\n\n\n\n<p>Vivemos uma \u00e9poca de apostasia silenciosa. Mas tamb\u00e9m uma <strong>hora providencial para a santidade<\/strong>. Deus suscita ap\u00f3stolos corajosos, fam\u00edlias fi\u00e9is, catequistas santos, jovens determinados. E Ele o far\u00e1 tamb\u00e9m atrav\u00e9s de ti \u2014 se permitires.<\/p>\n\n\n\n<p>N\u00e3o tenhas medo de formar crist\u00e3os diferentes, estranhos aos olhos do mundo, mas luminosos para o Reino. <strong>A catequese contracultural n\u00e3o \u00e9 uma estrat\u00e9gia de marketing; \u00e9 uma profecia viva no cora\u00e7\u00e3o do deserto.<\/strong><\/p>\n\n\n\n<p>Ergue a tua voz. Forma uma alma. Acende uma chama.<\/p>\n\n\n\n<hr class=\"wp-block-separator has-alpha-channel-opacity\"\/>\n\n\n\n<blockquote class=\"wp-block-quote is-layout-flow wp-block-quote-is-layout-flow\">\n<p><em><strong>\u201cSede s\u00f3brios e vigilantes. O vosso advers\u00e1rio, o diabo, anda ao redor, como um le\u00e3o que ruge, procurando a quem devorar. Resisti-lhe, firmes na f\u00e9.\u201d<\/strong><\/em> (1 Pedro 5,8-9)<\/p>\n<\/blockquote>\n","protected":false},"excerpt":{"rendered":"<p>Introdu\u00e7\u00e3o: O campo de batalha da f\u00e9 A seculariza\u00e7\u00e3o avan\u00e7a como uma mar\u00e9 silenciosa que infiltra as consci\u00eancias, as fam\u00edlias e as institui\u00e7\u00f5es. J\u00e1 n\u00e3o vivemos numa \u201csociedade crist\u00e3\u201d, por mais que alguns ainda queiram sustentar essa ilus\u00e3o. Aquilo que outrora foi um cristianismo cultural evaporou-se em poucas d\u00e9cadas. As igrejas esvaziam-se, os sacramentos s\u00e3o &hellip;<\/p>\n","protected":false},"author":3,"featured_media":4517,"comment_status":"open","ping_status":"open","sticky":false,"template":"","format":"standard","meta":{"_seopress_robots_primary_cat":"","_seopress_titles_title":"","_seopress_titles_desc":"","_seopress_robots_index":"","footnotes":""},"categories":[43,37],"tags":[1592,1613],"class_list":["post-4516","post","type-post","status-publish","format-standard","has-post-thumbnail","","category-catecismo-da-igreja-catolica","category-doutrina-e-fe","tag-catequese","tag-secularizacao"],"_links":{"self":[{"href":"https:\/\/catholicus.eu\/pt\/wp-json\/wp\/v2\/posts\/4516","targetHints":{"allow":["GET"]}}],"collection":[{"href":"https:\/\/catholicus.eu\/pt\/wp-json\/wp\/v2\/posts"}],"about":[{"href":"https:\/\/catholicus.eu\/pt\/wp-json\/wp\/v2\/types\/post"}],"author":[{"embeddable":true,"href":"https:\/\/catholicus.eu\/pt\/wp-json\/wp\/v2\/users\/3"}],"replies":[{"embeddable":true,"href":"https:\/\/catholicus.eu\/pt\/wp-json\/wp\/v2\/comments?post=4516"}],"version-history":[{"count":1,"href":"https:\/\/catholicus.eu\/pt\/wp-json\/wp\/v2\/posts\/4516\/revisions"}],"predecessor-version":[{"id":4518,"href":"https:\/\/catholicus.eu\/pt\/wp-json\/wp\/v2\/posts\/4516\/revisions\/4518"}],"wp:featuredmedia":[{"embeddable":true,"href":"https:\/\/catholicus.eu\/pt\/wp-json\/wp\/v2\/media\/4517"}],"wp:attachment":[{"href":"https:\/\/catholicus.eu\/pt\/wp-json\/wp\/v2\/media?parent=4516"}],"wp:term":[{"taxonomy":"category","embeddable":true,"href":"https:\/\/catholicus.eu\/pt\/wp-json\/wp\/v2\/categories?post=4516"},{"taxonomy":"post_tag","embeddable":true,"href":"https:\/\/catholicus.eu\/pt\/wp-json\/wp\/v2\/tags?post=4516"}],"curies":[{"name":"wp","href":"https:\/\/api.w.org\/{rel}","templated":true}]}}