{"id":4507,"date":"2025-07-15T08:49:42","date_gmt":"2025-07-15T06:49:42","guid":{"rendered":"https:\/\/catholicus.eu\/pt\/?p=4507"},"modified":"2025-07-15T08:49:43","modified_gmt":"2025-07-15T06:49:43","slug":"o-sentido-do-sagrado-ensinar-aos-jovens-o-respeito-na-liturgia","status":"publish","type":"post","link":"https:\/\/catholicus.eu\/pt\/o-sentido-do-sagrado-ensinar-aos-jovens-o-respeito-na-liturgia\/","title":{"rendered":"O sentido do sagrado: ensinar aos jovens o respeito na liturgia"},"content":{"rendered":"\n<p><em>Um guia espiritual para redescobrir a rever\u00eancia no cora\u00e7\u00e3o do culto cat\u00f3lico<\/em><\/p>\n\n\n\n<hr class=\"wp-block-separator has-alpha-channel-opacity\"\/>\n\n\n\n<h3 class=\"wp-block-heading\">Introdu\u00e7\u00e3o: Por que falar hoje sobre o sentido do sagrado?<\/h3>\n\n\n\n<p>Vivemos numa \u00e9poca em que a imediatidade, a tecnologia e o entretenimento dominam o cen\u00e1rio emocional e espiritual das novas gera\u00e7\u00f5es. Nesse contexto acelerado e frequentemente superficial, a liturgia da Igreja \u2014 com seu sil\u00eancio, sua simbologia, sua linguagem sagrada e sua orienta\u00e7\u00e3o para o mist\u00e9rio \u2014 parece, para muitos jovens, uma linguagem estranha, at\u00e9 mesmo incompreens\u00edvel. Como, ent\u00e3o, ajud\u00e1-los a descobrir o valor profundo do sagrado? Como ensin\u00e1-los que a liturgia n\u00e3o \u00e9 um espet\u00e1culo nem uma reuni\u00e3o social, mas o lugar privilegiado do encontro com o Deus vivo?<\/p>\n\n\n\n<p>Este artigo procura responder a essas perguntas a partir de uma perspectiva teol\u00f3gica, pastoral e pr\u00e1tica, ajudando pais, catequistas, sacerdotes e fi\u00e9is em geral a redescobrir e transmitir o sentido do sagrado, especialmente dentro da liturgia.<\/p>\n\n\n\n<hr class=\"wp-block-separator has-alpha-channel-opacity\"\/>\n\n\n\n<h3 class=\"wp-block-heading\">1. O que \u00e9 o sagrado?<\/h3>\n\n\n\n<p>O termo \u201csagrado\u201d vem do latim <em>sacer<\/em>, que significa \u201cconsagrado\u201d, \u201cseparado para Deus\u201d. No pensamento b\u00edblico, o sagrado \u00e9 aquilo que foi tocado por Deus, aquilo que Lhe pertence exclusivamente. Nesse sentido, n\u00e3o se trata apenas de um objeto ou lugar, mas de uma realidade impregnada da presen\u00e7a divina.<\/p>\n\n\n\n<p>Deus \u00e9 o Santo por excel\u00eancia. O profeta Isa\u00edas proclama isso em sua vis\u00e3o do trono celestial:<\/p>\n\n\n\n<blockquote class=\"wp-block-quote is-layout-flow wp-block-quote-is-layout-flow\">\n<p>\u00abSanto, santo, santo \u00e9 o Senhor dos Ex\u00e9rcitos; toda a terra est\u00e1 cheia da sua gl\u00f3ria\u00bb (Isa\u00edas 6,3).<\/p>\n<\/blockquote>\n\n\n\n<p>A santidade de Deus n\u00e3o \u00e9 apenas um de Seus atributos \u2014 \u00e9 Sua pr\u00f3pria identidade. Participar do sagrado \u00e9, portanto, entrar numa rela\u00e7\u00e3o direta com esse Deus tr\u00eas vezes santo. Assim, ao longo de toda a B\u00edblia, o contato com o sagrado exige uma atitude de rever\u00eancia, admira\u00e7\u00e3o, humildade e at\u00e9 mesmo de temor sagrado.<\/p>\n\n\n\n<hr class=\"wp-block-separator has-alpha-channel-opacity\"\/>\n\n\n\n<h3 class=\"wp-block-heading\">2. A liturgia como espa\u00e7o sagrado<\/h3>\n\n\n\n<p>A liturgia n\u00e3o \u00e9 uma inven\u00e7\u00e3o humana, mas uma a\u00e7\u00e3o de Cristo e da Sua Igreja. Nela, o mist\u00e9rio da salva\u00e7\u00e3o se torna presente sacramentalmente. \u00c9 o pr\u00f3prio Deus quem age, e somos convidados a participar dessa a\u00e7\u00e3o divina.<\/p>\n\n\n\n<p>O Conc\u00edlio Vaticano II expressou isso com clareza:<\/p>\n\n\n\n<blockquote class=\"wp-block-quote is-layout-flow wp-block-quote-is-layout-flow\">\n<p>\u00abA liturgia, mediante a qual, sobretudo no sacrif\u00edcio divino da Eucaristia, se realiza a obra da nossa reden\u00e7\u00e3o, contribui em m\u00e1ximo grau para que os fi\u00e9is, expressando em sua vida e manifestando aos outros o mist\u00e9rio de Cristo, realizem a natureza aut\u00eantica da verdadeira Igreja.\u00bb (<em>Sacrosanctum Concilium<\/em>, 2)<\/p>\n<\/blockquote>\n\n\n\n<p>Portanto, a liturgia n\u00e3o \u00e9 simplesmente \u201cfazer coisas religiosas\u201d, mas entrar no \u00e2mbito do Mist\u00e9rio. Cada gesto, palavra, paramento, s\u00edmbolo e rito possui uma profundidade que remete \u00e0 eternidade. O altar, o incenso, o canto, o sil\u00eancio\u2026 tudo na liturgia aponta para uma realidade que nos transcende e que s\u00f3 pode ser acolhida com f\u00e9 e rever\u00eancia.<\/p>\n\n\n\n<hr class=\"wp-block-separator has-alpha-channel-opacity\"\/>\n\n\n\n<h3 class=\"wp-block-heading\">3. Por que os jovens perderam o sentido do sagrado?<\/h3>\n\n\n\n<p>Essa perda n\u00e3o \u00e9 exclusiva dos jovens. Ela faz parte de uma crise cultural mais ampla: a seculariza\u00e7\u00e3o minou a percep\u00e7\u00e3o do mist\u00e9rio e, com isso, a consci\u00eancia do sagrado. Contudo, nos jovens esse processo \u00e9 intensificado por diversos fatores:<\/p>\n\n\n\n<ul class=\"wp-block-list\">\n<li><strong>Educa\u00e7\u00e3o religiosa superficial ou inexistente<\/strong>: muitos jovens n\u00e3o foram formados na riqueza doutrinal e lit\u00fargica da f\u00e9 cat\u00f3lica.<\/li>\n\n\n\n<li><strong>Ambientes lit\u00fargicos banalizados<\/strong>: em muitas par\u00f3quias, a liturgia perdeu sua dignidade: \u00e9 improvisada, a linguagem simb\u00f3lica \u00e9 negligenciada, o sil\u00eancio \u00e9 sacrificado em nome da espontaneidade.<\/li>\n\n\n\n<li><strong>Influ\u00eancia da cultura digital<\/strong>: acostumados \u00e0 imediatidade, \u00e0 estimula\u00e7\u00e3o visual e ao impacto emocional, os jovens t\u00eam dificuldade para apreciar o ritmo lento e o significado profundo da liturgia.<\/li>\n<\/ul>\n\n\n\n<p>Tudo isso faz com que a Missa seja percebida como entediante ou irrelevante, e o sagrado como algo \u201cultrapassado\u201d ou \u201cdesnecess\u00e1rio\u201d. No entanto, aquilo de que os jovens mais precisam \u2014 ainda que nem sempre percebam \u2014 \u00e9 justamente esse contato com o transcendente que s\u00f3 o sagrado pode oferecer.<\/p>\n\n\n\n<hr class=\"wp-block-separator has-alpha-channel-opacity\"\/>\n\n\n\n<h3 class=\"wp-block-heading\">4. O significado teol\u00f3gico da rever\u00eancia lit\u00fargica<\/h3>\n\n\n\n<p>A rever\u00eancia na liturgia n\u00e3o \u00e9 apenas uma quest\u00e3o de etiqueta ou protocolo. Ela tem um fundamento teol\u00f3gico profundo: \u00e9 express\u00e3o de f\u00e9 e de caridade. Quem cr\u00ea que Cristo est\u00e1 realmente presente na Eucaristia n\u00e3o pode se comportar como se estivesse numa sala de reuni\u00f5es. Quem ama o Senhor deseja honr\u00e1-Lo com todo o seu ser: corpo, mente e cora\u00e7\u00e3o.<\/p>\n\n\n\n<p>Como diz S\u00e3o Paulo:<\/p>\n\n\n\n<blockquote class=\"wp-block-quote is-layout-flow wp-block-quote-is-layout-flow\">\n<p>\u00abAcaso n\u00e3o sabeis que sois santu\u00e1rio de Deus e que o Esp\u00edrito de Deus habita em v\u00f3s?\u00bb (1 Cor\u00edntios 3,16)<\/p>\n<\/blockquote>\n\n\n\n<p>Essa rever\u00eancia se manifesta por meio de:<\/p>\n\n\n\n<ul class=\"wp-block-list\">\n<li><strong>Mod\u00e9stia no vestir<\/strong>, reconhecendo que se entra na casa de Deus.<\/li>\n\n\n\n<li><strong>Postura corporal<\/strong>: ajoelhar-se, genuflex\u00f5es, m\u00e3os postas em ora\u00e7\u00e3o.<\/li>\n\n\n\n<li><strong>Sil\u00eancio orante<\/strong>, antes, durante e depois da Missa.<\/li>\n\n\n\n<li><strong>Modo de receber a Comunh\u00e3o<\/strong>, com f\u00e9 e recolhimento.<\/li>\n\n\n\n<li><strong>Linguagem lit\u00fargica<\/strong>, que evita a banalidade e abre a alma ao sublime.<\/li>\n<\/ul>\n\n\n\n<p>N\u00e3o se trata de seguir normas por medo ou h\u00e1bito, mas de educar a alma para entrar em harmonia com o Mist\u00e9rio. A liturgia \u00e9 \u201ca escola da santidade\u201d, como dizia S\u00e3o Jo\u00e3o Paulo II.<\/p>\n\n\n\n<hr class=\"wp-block-separator has-alpha-channel-opacity\"\/>\n\n\n\n<h3 class=\"wp-block-heading\">5. Como ensinar os jovens \u00e0 rever\u00eancia lit\u00fargica<\/h3>\n\n\n\n<p>Ensinar a rever\u00eancia n\u00e3o \u00e9 impor, mas <strong>despertar o desejo<\/strong>. \u00c9 mostrar a beleza do sagrado para que a alma deseje o eterno. Eis algumas sugest\u00f5es concretas:<\/p>\n\n\n\n<h4 class=\"wp-block-heading\">a) Testemunho dos adultos<\/h4>\n\n\n\n<p>Nada ensina mais do que um adulto que vive a sua f\u00e9 com coer\u00eancia. Se os jovens veem seus pais, catequistas ou sacerdotes ajoelhando-se com recolhimento, cantando com devo\u00e7\u00e3o, mantendo o sil\u00eancio, vestindo-se com respeito, aprender\u00e3o mesmo sem muitas palavras.<\/p>\n\n\n\n<h4 class=\"wp-block-heading\">b) Explicar o \u201cporqu\u00ea\u201d dos sinais<\/h4>\n\n\n\n<p>Cada s\u00edmbolo lit\u00fargico tem uma hist\u00f3ria, um significado teol\u00f3gico e uma fun\u00e7\u00e3o espiritual. Ensinar aos jovens o valor do incenso, da \u00e1gua benta, da orienta\u00e7\u00e3o para o Oriente, das cores lit\u00fargicas, permite que eles compreendam e amem mais profundamente a liturgia.<\/p>\n\n\n\n<h4 class=\"wp-block-heading\">c) Recuperar o sil\u00eancio<\/h4>\n\n\n\n<p>Num mundo barulhento, o sil\u00eancio \u00e9 contracultural. Mas tamb\u00e9m \u00e9 profundamente necess\u00e1rio. Ensinar os jovens a \u201csilenciar com Deus\u201d \u00e9 ensinar-lhes a rezar.<\/p>\n\n\n\n<h4 class=\"wp-block-heading\">d) Viver a Missa como um ato de amor<\/h4>\n\n\n\n<p>\u00c9 preciso ajud\u00e1-los a ver que a Missa n\u00e3o \u00e9 apenas um rito, mas uma oferta: Cristo se entrega, e n\u00f3s somos convidados a entregar o nosso cora\u00e7\u00e3o. Se os jovens perceberem que a liturgia \u00e9 uma hist\u00f3ria de amor, viver\u00e3o de maneira diferente.<\/p>\n\n\n\n<h4 class=\"wp-block-heading\">e) Introduzi-los \u00e0 tradi\u00e7\u00e3o lit\u00fargica<\/h4>\n\n\n\n<p>Muitos jovens que descobrem a riqueza da liturgia tradicional (seja a Forma Extraordin\u00e1ria do Rito Romano, o uso do canto gregoriano, a beleza da arte sacra, etc.) vivem uma verdadeira convers\u00e3o interior. O antigo n\u00e3o os repele \u2014 os fascina.<\/p>\n\n\n\n<hr class=\"wp-block-separator has-alpha-channel-opacity\"\/>\n\n\n\n<h3 class=\"wp-block-heading\">6. Aplica\u00e7\u00f5es pr\u00e1ticas na vida cotidiana<\/h3>\n\n\n\n<p>A rever\u00eancia na liturgia n\u00e3o permanece confinada \u00e0 igreja. Ela transforma a vida. Uma alma que aprende a tratar Deus com rever\u00eancia tamb\u00e9m tratar\u00e1 os pais, professores e colegas com maior respeito. Um jovem que entende que Deus merece o melhor buscar\u00e1 tamb\u00e9m dar o melhor de si na escola, nas amizades e nas decis\u00f5es do dia a dia.<\/p>\n\n\n\n<p>Ensinar o sentido do sagrado \u00e9 semear sementes de santidade. N\u00e3o h\u00e1 santidade sem rever\u00eancia. N\u00e3o h\u00e1 maturidade espiritual sem adora\u00e7\u00e3o.<\/p>\n\n\n\n<hr class=\"wp-block-separator has-alpha-channel-opacity\"\/>\n\n\n\n<h3 class=\"wp-block-heading\">7. Um apelo pastoral urgente<\/h3>\n\n\n\n<p>Pastores, catequistas, pais: n\u00e3o tenhamos medo de exigir respeito, de formar na rever\u00eancia, de cuidar da liturgia. N\u00e3o se trata de rigidez ou de gerar medo, mas de abrir as portas para o mist\u00e9rio. O cora\u00e7\u00e3o humano \u2014 inclusive o cora\u00e7\u00e3o jovem \u2014 \u00e9 feito para a grandeza, para o eterno, para o santo.<\/p>\n\n\n\n<p>Como diz o Salmo:<\/p>\n\n\n\n<blockquote class=\"wp-block-quote is-layout-flow wp-block-quote-is-layout-flow\">\n<p>\u00abVinde, prostremo-nos em adora\u00e7\u00e3o, de joelhos diante do Senhor que nos criou!\u00bb (Salmo 95,6)<\/p>\n<\/blockquote>\n\n\n\n<hr class=\"wp-block-separator has-alpha-channel-opacity\"\/>\n\n\n\n<h3 class=\"wp-block-heading\">Conclus\u00e3o: Redescobrir o sagrado \u00e9 redescobrir Deus<\/h3>\n\n\n\n<p>O mundo precisa de santos. E a santidade come\u00e7a com a admira\u00e7\u00e3o diante de Deus. Ensinar aos jovens a rever\u00eancia na liturgia \u00e9 dar-lhes os instrumentos para encontrar o Deus vivo. \u00c9 ensin\u00e1-los que as coisas mais belas nunca s\u00e3o improvisadas, que o que importa n\u00e3o \u00e9 o que se sente, mas <em>Quem<\/em> se encontra.<\/p>\n\n\n\n<p>A Igreja possui um tesouro que o mundo n\u00e3o pode oferecer: <strong>a presen\u00e7a real de Cristo na Eucaristia<\/strong>. Que os jovens possam descobri-Lo, am\u00e1-Lo e ador\u00e1-Lo \u00e9 tarefa de todos n\u00f3s. E tudo come\u00e7a com algo muito simples, mas profundamente transformador: <strong>ensinar novamente o sentido do sagrado<\/strong>.<\/p>\n","protected":false},"excerpt":{"rendered":"<p>Um guia espiritual para redescobrir a rever\u00eancia no cora\u00e7\u00e3o do culto cat\u00f3lico Introdu\u00e7\u00e3o: Por que falar hoje sobre o sentido do sagrado? Vivemos numa \u00e9poca em que a imediatidade, a tecnologia e o entretenimento dominam o cen\u00e1rio emocional e espiritual das novas gera\u00e7\u00f5es. Nesse contexto acelerado e frequentemente superficial, a liturgia da Igreja \u2014 com &hellip;<\/p>\n","protected":false},"author":3,"featured_media":4508,"comment_status":"open","ping_status":"open","sticky":false,"template":"","format":"standard","meta":{"_seopress_robots_primary_cat":"","_seopress_titles_title":"","_seopress_titles_desc":"","_seopress_robots_index":"","footnotes":""},"categories":[43,37],"tags":[1609],"class_list":["post-4507","post","type-post","status-publish","format-standard","has-post-thumbnail","","category-catecismo-da-igreja-catolica","category-doutrina-e-fe","tag-sentido-do-sagrado"],"_links":{"self":[{"href":"https:\/\/catholicus.eu\/pt\/wp-json\/wp\/v2\/posts\/4507","targetHints":{"allow":["GET"]}}],"collection":[{"href":"https:\/\/catholicus.eu\/pt\/wp-json\/wp\/v2\/posts"}],"about":[{"href":"https:\/\/catholicus.eu\/pt\/wp-json\/wp\/v2\/types\/post"}],"author":[{"embeddable":true,"href":"https:\/\/catholicus.eu\/pt\/wp-json\/wp\/v2\/users\/3"}],"replies":[{"embeddable":true,"href":"https:\/\/catholicus.eu\/pt\/wp-json\/wp\/v2\/comments?post=4507"}],"version-history":[{"count":1,"href":"https:\/\/catholicus.eu\/pt\/wp-json\/wp\/v2\/posts\/4507\/revisions"}],"predecessor-version":[{"id":4509,"href":"https:\/\/catholicus.eu\/pt\/wp-json\/wp\/v2\/posts\/4507\/revisions\/4509"}],"wp:featuredmedia":[{"embeddable":true,"href":"https:\/\/catholicus.eu\/pt\/wp-json\/wp\/v2\/media\/4508"}],"wp:attachment":[{"href":"https:\/\/catholicus.eu\/pt\/wp-json\/wp\/v2\/media?parent=4507"}],"wp:term":[{"taxonomy":"category","embeddable":true,"href":"https:\/\/catholicus.eu\/pt\/wp-json\/wp\/v2\/categories?post=4507"},{"taxonomy":"post_tag","embeddable":true,"href":"https:\/\/catholicus.eu\/pt\/wp-json\/wp\/v2\/tags?post=4507"}],"curies":[{"name":"wp","href":"https:\/\/api.w.org\/{rel}","templated":true}]}}