{"id":4504,"date":"2025-07-15T08:28:15","date_gmt":"2025-07-15T06:28:15","guid":{"rendered":"https:\/\/catholicus.eu\/pt\/?p=4504"},"modified":"2025-07-15T08:28:15","modified_gmt":"2025-07-15T06:28:15","slug":"detem-te-o-coracao-de-jesus-esta-comigo","status":"publish","type":"post","link":"https:\/\/catholicus.eu\/pt\/detem-te-o-coracao-de-jesus-esta-comigo\/","title":{"rendered":"Det\u00e9m-te! O Cora\u00e7\u00e3o de Jesus est\u00e1 comigo"},"content":{"rendered":"\n<p><strong>O poder do \u201cDetente\u201d na vida do cat\u00f3lico de hoje<\/strong><\/p>\n\n\n\n<hr class=\"wp-block-separator has-alpha-channel-opacity\"\/>\n\n\n\n<h3 class=\"wp-block-heading\">Introdu\u00e7\u00e3o: Um escudo em tempos de guerra&#8230; e de f\u00e9 enfraquecida<\/h3>\n\n\n\n<p>Vivemos numa \u00e9poca em que o combate espiritual \u00e9 mais intenso do que nunca. O barulho do mundo, a confus\u00e3o doutrinal, a indiferen\u00e7a religiosa, as tenta\u00e7\u00f5es constantes e os ataques \u00e0 alma n\u00e3o cessam. Muitos crist\u00e3os sentem-se desarmados, desprotegidos. Onde encontrar ajuda? Onde est\u00e1 o escudo contra o mal?<\/p>\n\n\n\n<p>Existe um sacramental quase esquecido, mas cheio de poder, ternura e prote\u00e7\u00e3o. O seu nome evoca uma ordem firme: <strong>\u201cDet\u00e9m-te!\u201d<\/strong> N\u00e3o \u00e9 apenas uma medalha nem um enfeite piedoso. \u00c9 um <strong>estandarte de f\u00e9<\/strong>, uma <strong>salvaguarda espiritual<\/strong>, um <strong>s\u00edmbolo de consagra\u00e7\u00e3o e defesa<\/strong>, que traz a imagem do <strong>Cora\u00e7\u00e3o de Jesus<\/strong>, ferido e ardente de amor.<\/p>\n\n\n\n<p>Este artigo convida-te a redescobrir o <strong>Detente<\/strong>, a entender a sua rica hist\u00f3ria, o seu profundo significado teol\u00f3gico e como ele pode ser hoje um <strong>instrumento espiritual pr\u00e1tico e eficaz<\/strong> para fortalecer a tua f\u00e9 e a tua vida interior.<\/p>\n\n\n\n<hr class=\"wp-block-separator has-alpha-channel-opacity\"\/>\n\n\n\n<h2 class=\"wp-block-heading\">1. O que \u00e9 o \u201cDetente\u201d?<\/h2>\n\n\n\n<p>O <strong>Detente<\/strong>, tamb\u00e9m conhecido como <strong>\u201cSalvaguarda do Sagrado Cora\u00e7\u00e3o de Jesus\u201d<\/strong>, \u00e9 um <strong>sacramental<\/strong>. Isso significa que n\u00e3o \u00e9 um sacramento (como o Batismo ou a Eucaristia), mas um <strong>sinal sagrado institu\u00eddo pela Igreja<\/strong> que prepara a alma para receber a gra\u00e7a e disp\u00f5e o cora\u00e7\u00e3o a cooperar com ela.<\/p>\n\n\n\n<p>Tradicionalmente, \u00e9 composto por um pequeno emblema de tecido vermelho com a imagem do <strong>Sagrado Cora\u00e7\u00e3o de Jesus<\/strong>, rodeado pela inscri\u00e7\u00e3o: <strong>\u201cDet\u00e9m-te! O Cora\u00e7\u00e3o de Jesus est\u00e1 comigo. Venha o Teu Reino!\u201d<\/strong><\/p>\n\n\n\n<p>Esse sinal externo \u00e9, na verdade, um <strong>grito de f\u00e9 e um escudo espiritual<\/strong>.<\/p>\n\n\n\n<hr class=\"wp-block-separator has-alpha-channel-opacity\"\/>\n\n\n\n<h2 class=\"wp-block-heading\">2. Hist\u00f3ria do Detente: Dos conventos aos campos de batalha<\/h2>\n\n\n\n<h3 class=\"wp-block-heading\">Ra\u00edzes m\u00edsticas: Santa Margarida Maria Alacoque<\/h3>\n\n\n\n<p>O Detente nasce do fogo do misticismo. No final do s\u00e9culo XVII, <strong>Santa Margarida Maria Alacoque<\/strong>, religiosa da Ordem da Visita\u00e7\u00e3o, no convento de Paray-le-Monial (Fran\u00e7a), recebeu as <strong>revela\u00e7\u00f5es do Sagrado Cora\u00e7\u00e3o de Jesus<\/strong>.<\/p>\n\n\n\n<p>Numa dessas revela\u00e7\u00f5es, Jesus pediu-lhe que promovesse a devo\u00e7\u00e3o ao Seu Cora\u00e7\u00e3o e mostrou-lhe o desejo de que a Sua imagem fosse venerada. Santa Margarida come\u00e7ou a <strong>bordar a imagem do Cora\u00e7\u00e3o de Jesus em tecido<\/strong> e a oferec\u00ea-la \u00e0s suas irm\u00e3s e a outras pessoas como <strong>prote\u00e7\u00e3o espiritual<\/strong>. Assim nasceu o Detente.<\/p>\n\n\n\n<h3 class=\"wp-block-heading\">Expans\u00e3o popular: as Filhas de Maria e a difus\u00e3o da devo\u00e7\u00e3o<\/h3>\n\n\n\n<p>O costume espalhou-se com a ajuda das <strong>Filhas de Maria<\/strong>, que popularizaram o Detente em Fran\u00e7a como meio de consagra\u00e7\u00e3o e prote\u00e7\u00e3o.<\/p>\n\n\n\n<p>Mas foi no <strong>s\u00e9culo XIX<\/strong>, durante o <strong>pontificado do Papa Pio IX<\/strong>, que este sacramental ganhou novo impulso. O Papa aben\u00e7oou esta pr\u00e1tica e deu-lhe o seu apoio como meio de prote\u00e7\u00e3o espiritual.<\/p>\n\n\n\n<h3 class=\"wp-block-heading\">Em tempo de guerra: o Detente nos ex\u00e9rcitos cat\u00f3licos<\/h3>\n\n\n\n<p>Durante as Guerras Carlistas, depois na <strong>Guerra Cristera no M\u00e9xico<\/strong>, e tamb\u00e9m nas <strong>duas Guerras Mundiais<\/strong>, muitos soldados cat\u00f3licos usavam o Detente cosido na farda como <strong>uma verdadeira armadura da alma<\/strong>. Multiplicaram-se os testemunhos de <strong>prote\u00e7\u00e3o providencial<\/strong> e convers\u00f5es atribu\u00eddas a este pequeno escudo do Sagrado Cora\u00e7\u00e3o.<\/p>\n\n\n\n<hr class=\"wp-block-separator has-alpha-channel-opacity\"\/>\n\n\n\n<h2 class=\"wp-block-heading\">3. Teologia do Detente: Um Cora\u00e7\u00e3o que protege e reina<\/h2>\n\n\n\n<p>Por tr\u00e1s de um s\u00edmbolo t\u00e3o simples, esconde-se uma <strong>mensagem teol\u00f3gica profunda<\/strong>:<\/p>\n\n\n\n<h3 class=\"wp-block-heading\">a) O Cora\u00e7\u00e3o de Jesus: o centro de tudo<\/h3>\n\n\n\n<p>O Cora\u00e7\u00e3o de Jesus n\u00e3o \u00e9 um simples s\u00edmbolo rom\u00e2ntico. \u00c9 o <strong>centro vivo do amor de Deus feito carne<\/strong>. Nele, Cristo mostra-nos que <strong>Deus n\u00e3o ama de forma abstrata<\/strong>, mas com um cora\u00e7\u00e3o humano \u2014 trespassado, sofredor e palpitante.<\/p>\n\n\n\n<p>O Evangelho diz:<\/p>\n\n\n\n<blockquote class=\"wp-block-quote is-layout-flow wp-block-quote-is-layout-flow\">\n<p>\u201cAprendei de mim, porque sou manso e humilde de cora\u00e7\u00e3o\u201d (Mt 11,29)<\/p>\n<\/blockquote>\n\n\n\n<p>Este Cora\u00e7\u00e3o aberto \u00e9 <strong>ref\u00fagio, consola\u00e7\u00e3o, justi\u00e7a, repara\u00e7\u00e3o, miseric\u00f3rdia e fortaleza<\/strong>. T\u00ea-lo pr\u00f3ximo de si n\u00e3o \u00e9 supersti\u00e7\u00e3o \u2014 \u00e9 uma profiss\u00e3o de f\u00e9 no seu poder e no seu reinado.<\/p>\n\n\n\n<h3 class=\"wp-block-heading\">b) O \u201cDet\u00e9m-te!\u201d: Um grito de autoridade espiritual<\/h3>\n\n\n\n<p>A palavra <strong>\u201cDet\u00e9m-te!\u201d<\/strong> n\u00e3o \u00e9 decorativa. \u00c9 um <strong>imperativo espiritual<\/strong>, uma declara\u00e7\u00e3o de guerra contra o mal. \u00c9 a alma do crente, com a for\u00e7a de Cristo, a dizer ao pecado, ao dem\u00f3nio, ao medo: <strong>\u201cN\u00e3o passes! Aqui reina o Cora\u00e7\u00e3o de Jesus!\u201d<\/strong><\/p>\n\n\n\n<p>Esta breve inscri\u00e7\u00e3o \u00e9 uma <strong>ora\u00e7\u00e3o de f\u00e9 e combate<\/strong>, no esp\u00edrito do <strong>\u201cAfasta-te, Satan\u00e1s!\u201d<\/strong> (Mt 4,10), dito pelo pr\u00f3prio Cristo.<\/p>\n\n\n\n<hr class=\"wp-block-separator has-alpha-channel-opacity\"\/>\n\n\n\n<h2 class=\"wp-block-heading\">4. Perspetiva pastoral sobre o Detente: Para que serve hoje<\/h2>\n\n\n\n<p>O Detente <strong>n\u00e3o \u00e9 um talism\u00e3<\/strong>, e \u00e9 importante sublinh\u00e1-lo. N\u00e3o atua por magia. \u00c9 eficaz <strong>na medida em que se vive unido ao Cora\u00e7\u00e3o de Cristo<\/strong>. Ou seja:<\/p>\n\n\n\n<ul class=\"wp-block-list\">\n<li>Se usas um Detente mas n\u00e3o rezas, n\u00e3o recebes os sacramentos, n\u00e3o te confessas&#8230; o seu significado fica vazio.<\/li>\n\n\n\n<li>Se o usas <strong>como sinal de consagra\u00e7\u00e3o<\/strong>, procurando viver em estado de gra\u00e7a e com f\u00e9, ele torna-se uma <strong>arma poderosa contra o mal<\/strong>.<\/li>\n<\/ul>\n\n\n\n<h3 class=\"wp-block-heading\">Como pode ajudar-te hoje?<\/h3>\n\n\n\n<ul class=\"wp-block-list\">\n<li><strong>Como escudo espiritual<\/strong>: diante de perigos, tenta\u00e7\u00f5es, medos ou situa\u00e7\u00f5es dif\u00edceis.<\/li>\n\n\n\n<li><strong>Como lembran\u00e7a da tua consagra\u00e7\u00e3o<\/strong> ao Sagrado Cora\u00e7\u00e3o.<\/li>\n\n\n\n<li><strong>Como testemunho p\u00fablico de f\u00e9<\/strong>: us\u00e1-lo visivelmente pode ser um ato evangelizador.<\/li>\n\n\n\n<li><strong>Como ora\u00e7\u00e3o silenciosa<\/strong>: sempre que o olhares ou tocares, podes dizer interiormente: <em>\u201cJesus, manso e humilde de cora\u00e7\u00e3o, faz o meu cora\u00e7\u00e3o semelhante ao Teu.\u201d<\/em><\/li>\n<\/ul>\n\n\n\n<hr class=\"wp-block-separator has-alpha-channel-opacity\"\/>\n\n\n\n<h2 class=\"wp-block-heading\">5. Como usar corretamente o Detente<\/h2>\n\n\n\n<p>A Igreja recomenda seguir estas orienta\u00e7\u00f5es:<\/p>\n\n\n\n<ol class=\"wp-block-list\">\n<li><strong>Manda-o aben\u00e7oar<\/strong>: pede a um sacerdote que o aben\u00e7oe como sacramental.<\/li>\n\n\n\n<li><strong>Usa-o com f\u00e9 e devo\u00e7\u00e3o<\/strong>, n\u00e3o por h\u00e1bito ou supersti\u00e7\u00e3o.<\/li>\n\n\n\n<li><strong>Coloca-o junto ao corpo<\/strong>: no peito, cosido \u00e0 roupa, no bolso ou na carteira.<\/li>\n\n\n\n<li><strong>Acompanha-o com vida sacramental e ora\u00e7\u00e3o.<\/strong><\/li>\n\n\n\n<li><strong>Consagra-te pessoalmente ao Sagrado Cora\u00e7\u00e3o<\/strong> e renova essa consagra\u00e7\u00e3o com frequ\u00eancia.<\/li>\n<\/ol>\n\n\n\n<p>Podes rezar:<\/p>\n\n\n\n<blockquote class=\"wp-block-quote is-layout-flow wp-block-quote-is-layout-flow\">\n<p>\u201c\u00d3 Sagrado Cora\u00e7\u00e3o de Jesus, confio em Ti.<br>Det\u00e9m-te, inimigo da alma!<br>Aqui reina o Cora\u00e7\u00e3o do meu Salvador!\u201d<\/p>\n<\/blockquote>\n\n\n\n<hr class=\"wp-block-separator has-alpha-channel-opacity\"\/>\n\n\n\n<h2 class=\"wp-block-heading\">6. Curiosidades e fatos hist\u00f3ricos<\/h2>\n\n\n\n<ul class=\"wp-block-list\">\n<li>Durante a <strong>Guerra Civil Espanhola<\/strong>, o Detente foi usado por soldados do lado nacionalista como <strong>sinal de prote\u00e7\u00e3o<\/strong>. Existem casos documentados de <strong>balas que pararam<\/strong> ao atingir o sacramental.<\/li>\n\n\n\n<li>No M\u00e9xico, os <strong>cristeros<\/strong> usavam-no sobre o peito com a frase: <em>\u201cViva Cristo Rei!\u201d<\/em><\/li>\n\n\n\n<li>O <strong>Papa Le\u00e3o XIII<\/strong> recomendava vivamente esta devo\u00e7\u00e3o como meio pastoral para restaurar a sociedade em Cristo.<\/li>\n\n\n\n<li>O Detente tamb\u00e9m foi usado nas casas, colocado em portas ou janelas, como sinal de prote\u00e7\u00e3o da fam\u00edlia.<\/li>\n<\/ul>\n\n\n\n<hr class=\"wp-block-separator has-alpha-channel-opacity\"\/>\n\n\n\n<h2 class=\"wp-block-heading\">7. Aplica\u00e7\u00f5es pr\u00e1ticas: como incorpor\u00e1-lo na tua vida<\/h2>\n\n\n\n<ul class=\"wp-block-list\">\n<li><strong>Consagra-te a ti e \u00e0 tua fam\u00edlia<\/strong> ao Sagrado Cora\u00e7\u00e3o e usa o Detente como sinal dessa consagra\u00e7\u00e3o.<\/li>\n\n\n\n<li><strong>Coloca-o no ber\u00e7o dos teus filhos, no carro, no local de trabalho.<\/strong><\/li>\n\n\n\n<li><strong>Oferece-o como presente<\/strong> em ocasi\u00f5es especiais: batismos, primeiras comunh\u00f5es, casamentos, crismas.<\/li>\n\n\n\n<li>Usa-o como <strong>arma de combate espiritual<\/strong> em tempos de tenta\u00e7\u00e3o, tristeza ou perigo.<\/li>\n<\/ul>\n\n\n\n<blockquote class=\"wp-block-quote is-layout-flow wp-block-quote-is-layout-flow\">\n<p>\u201cFelizes os que nele se refugiam\u201d (Salmo 2,12)<\/p>\n<\/blockquote>\n\n\n\n<hr class=\"wp-block-separator has-alpha-channel-opacity\"\/>\n\n\n\n<h2 class=\"wp-block-heading\">8. Conclus\u00e3o: Um Cora\u00e7\u00e3o que arde, um escudo que protege<\/h2>\n\n\n\n<p>O <strong>Detente<\/strong> n\u00e3o \u00e9 apenas um ornamento piedoso. \u00c9 uma <strong>chama viva do amor de Deus<\/strong>, uma <strong>proclama\u00e7\u00e3o do reinado de Cristo nas nossas vidas<\/strong>. \u00c9 uma ferramenta m\u00edstica, pastoral e profundamente atual.<\/p>\n\n\n\n<p>Num mundo que perdeu o rumo, voltar ao <strong>Cora\u00e7\u00e3o de Jesus<\/strong> \u00e9 voltar \u00e0 origem do amor. E trazer esse Cora\u00e7\u00e3o ao peito \u00e9 como dizer ao mundo:<br><strong>\u201cEu sei em quem pus a minha confian\u00e7a\u201d (2 Tm 1,12)<\/strong>.<\/p>\n\n\n\n<hr class=\"wp-block-separator has-alpha-channel-opacity\"\/>\n\n\n\n<h3 class=\"wp-block-heading\">\ud83d\udcff Ora\u00e7\u00e3o final:<\/h3>\n\n\n\n<p><strong>\u201cSagrado Cora\u00e7\u00e3o de Jesus, confio em Ti.<br>Det\u00e9m-te, inimigo da alma.<br>Aqui reina Jesus, meu Rei e Salvador.<br>Faz o meu cora\u00e7\u00e3o semelhante ao Teu.<br>\u00c1men.\u201d<\/strong><\/p>\n\n\n\n<hr class=\"wp-block-separator has-alpha-channel-opacity\"\/>\n\n\n\n<p>E tu? J\u00e1 tens o teu Detente?<br>Se ainda n\u00e3o tens, arranja um hoje mesmo, manda-o aben\u00e7oar e usa-o com f\u00e9.<br>Porque nestes tempos\u2026 <strong>precisamos mais do que nunca que o Cora\u00e7\u00e3o de Jesus reine!<\/strong><\/p>\n","protected":false},"excerpt":{"rendered":"<p>O poder do \u201cDetente\u201d na vida do cat\u00f3lico de hoje Introdu\u00e7\u00e3o: Um escudo em tempos de guerra&#8230; e de f\u00e9 enfraquecida Vivemos numa \u00e9poca em que o combate espiritual \u00e9 mais intenso do que nunca. O barulho do mundo, a confus\u00e3o doutrinal, a indiferen\u00e7a religiosa, as tenta\u00e7\u00f5es constantes e os ataques \u00e0 alma n\u00e3o cessam. &hellip;<\/p>\n","protected":false},"author":3,"featured_media":4505,"comment_status":"open","ping_status":"open","sticky":false,"template":"","format":"standard","meta":{"_seopress_robots_primary_cat":"","_seopress_titles_title":"","_seopress_titles_desc":"","_seopress_robots_index":"","footnotes":""},"categories":[40,62],"tags":[1608,1607],"class_list":["post-4504","post","type-post","status-publish","format-standard","has-post-thumbnail","","category-oracao-e-espiritualidade","category-sacramentais-e-peregrinacoes","tag-coracao-de-jesus","tag-detente"],"_links":{"self":[{"href":"https:\/\/catholicus.eu\/pt\/wp-json\/wp\/v2\/posts\/4504","targetHints":{"allow":["GET"]}}],"collection":[{"href":"https:\/\/catholicus.eu\/pt\/wp-json\/wp\/v2\/posts"}],"about":[{"href":"https:\/\/catholicus.eu\/pt\/wp-json\/wp\/v2\/types\/post"}],"author":[{"embeddable":true,"href":"https:\/\/catholicus.eu\/pt\/wp-json\/wp\/v2\/users\/3"}],"replies":[{"embeddable":true,"href":"https:\/\/catholicus.eu\/pt\/wp-json\/wp\/v2\/comments?post=4504"}],"version-history":[{"count":1,"href":"https:\/\/catholicus.eu\/pt\/wp-json\/wp\/v2\/posts\/4504\/revisions"}],"predecessor-version":[{"id":4506,"href":"https:\/\/catholicus.eu\/pt\/wp-json\/wp\/v2\/posts\/4504\/revisions\/4506"}],"wp:featuredmedia":[{"embeddable":true,"href":"https:\/\/catholicus.eu\/pt\/wp-json\/wp\/v2\/media\/4505"}],"wp:attachment":[{"href":"https:\/\/catholicus.eu\/pt\/wp-json\/wp\/v2\/media?parent=4504"}],"wp:term":[{"taxonomy":"category","embeddable":true,"href":"https:\/\/catholicus.eu\/pt\/wp-json\/wp\/v2\/categories?post=4504"},{"taxonomy":"post_tag","embeddable":true,"href":"https:\/\/catholicus.eu\/pt\/wp-json\/wp\/v2\/tags?post=4504"}],"curies":[{"name":"wp","href":"https:\/\/api.w.org\/{rel}","templated":true}]}}