{"id":4489,"date":"2025-07-13T22:42:40","date_gmt":"2025-07-13T20:42:40","guid":{"rendered":"https:\/\/catholicus.eu\/pt\/?p=4489"},"modified":"2025-07-13T22:42:41","modified_gmt":"2025-07-13T20:42:41","slug":"os-frutos-do-espirito-santo-sinais-vivos-de-uma-vida-transformada-por-deus","status":"publish","type":"post","link":"https:\/\/catholicus.eu\/pt\/os-frutos-do-espirito-santo-sinais-vivos-de-uma-vida-transformada-por-deus\/","title":{"rendered":"Os frutos do Esp\u00edrito Santo: sinais vivos de uma vida transformada por Deus"},"content":{"rendered":"\n<p><em>Um artigo educativo, espiritual e atual sobre o cora\u00e7\u00e3o da vida crist\u00e3<\/em><\/p>\n\n\n\n<hr class=\"wp-block-separator has-alpha-channel-opacity\"\/>\n\n\n\n<h3 class=\"wp-block-heading\">Introdu\u00e7\u00e3o<\/h3>\n\n\n\n<p>Num mundo marcado pela incerteza, pela ang\u00fastia e pela superficialidade, a vida crist\u00e3 eleva-se como um farol que guia rumo \u00e0 eternidade. No entanto, muitos fi\u00e9is se perguntam: <em>Como saber se estou crescendo na f\u00e9? Como reconhecer se o Esp\u00edrito Santo realmente est\u00e1 agindo em minha vida?<\/em> A resposta, t\u00e3o luminosa quanto antiga como a pr\u00f3pria Tradi\u00e7\u00e3o da Igreja, encontra-se nos chamados <strong>frutos do Esp\u00edrito Santo<\/strong>.<\/p>\n\n\n\n<p>Longe de serem meras virtudes ou valores gen\u00e9ricos, os frutos do Esp\u00edrito Santo s\u00e3o a manifesta\u00e7\u00e3o concreta, tang\u00edvel e transformadora de uma vida unida a Deus. S\u00e3o os sinais vis\u00edveis de que a alma \u00e9 fecundada pela gra\u00e7a e de que o Esp\u00edrito Santo age nas profundezas do cora\u00e7\u00e3o humano.<\/p>\n\n\n\n<p>Este artigo, escrito com uma perspectiva teol\u00f3gica s\u00f3lida e uma sensibilidade pastoral pr\u00f3xima do leitor, ir\u00e1 ajud\u00e1-lo a conhecer, compreender e viver os frutos do Esp\u00edrito em sua vida cotidiana. Exploraremos seu fundamento b\u00edblico, seu desenvolvimento na doutrina cat\u00f3lica, sua import\u00e2ncia para a vida espiritual e como podem ser cultivados hoje, em meio aos desafios contempor\u00e2neos.<\/p>\n\n\n\n<hr class=\"wp-block-separator has-alpha-channel-opacity\"\/>\n\n\n\n<h3 class=\"wp-block-heading\">O que s\u00e3o os frutos do Esp\u00edrito Santo?<\/h3>\n\n\n\n<p>A express\u00e3o \u201cfrutos do Esp\u00edrito\u201d aparece <strong>na Carta de S\u00e3o Paulo aos G\u00e1latas<\/strong>, onde o Ap\u00f3stolo op\u00f5e as obras da carne \u2014 ou seja, a\u00e7\u00f5es que nos afastam de Deus \u2014 aos frutos que nascem de uma vida no Esp\u00edrito:<\/p>\n\n\n\n<blockquote class=\"wp-block-quote is-layout-flow wp-block-quote-is-layout-flow\">\n<p>\u00abMas o fruto do Esp\u00edrito \u00e9: <strong>caridade, alegria, paz, paci\u00eancia, benignidade, bondade, fidelidade, mansid\u00e3o, dom\u00ednio de si<\/strong>. Contra essas coisas n\u00e3o h\u00e1 lei.\u00bb<br>(G\u00e1latas 5,22\u201323)<\/p>\n<\/blockquote>\n\n\n\n<p>A Igreja Cat\u00f3lica, seguindo a tradi\u00e7\u00e3o latina \u2014 em particular a tradu\u00e7\u00e3o da <strong>Vulgata<\/strong> de S\u00e3o Jer\u00f4nimo \u2014 identificou <strong>doze frutos do Esp\u00edrito Santo<\/strong>, que s\u00e3o:<\/p>\n\n\n\n<ol class=\"wp-block-list\">\n<li>Caridade (amor)<\/li>\n\n\n\n<li>Alegria<\/li>\n\n\n\n<li>Paz<\/li>\n\n\n\n<li>Paci\u00eancia<\/li>\n\n\n\n<li>Longanimidade<\/li>\n\n\n\n<li>Bondade<\/li>\n\n\n\n<li>Benignidade<\/li>\n\n\n\n<li>Mansid\u00e3o<\/li>\n\n\n\n<li>Fidelidade<\/li>\n\n\n\n<li>Mod\u00e9stia<\/li>\n\n\n\n<li>Contin\u00eancia<\/li>\n\n\n\n<li>Castidade<\/li>\n<\/ol>\n\n\n\n<p>Esses frutos n\u00e3o s\u00e3o apenas sentimentos agrad\u00e1veis ou tra\u00e7os de personalidade. S\u00e3o <strong>efeitos permanentes<\/strong> que o Esp\u00edrito Santo produz na alma do fiel que se deixa conduzir pela gra\u00e7a. S\u00e3o o <strong>resultado vis\u00edvel<\/strong> da a\u00e7\u00e3o interior do Esp\u00edrito, que transforma aos poucos o crist\u00e3o num reflexo de Cristo.<\/p>\n\n\n\n<hr class=\"wp-block-separator has-alpha-channel-opacity\"\/>\n\n\n\n<h3 class=\"wp-block-heading\">Fundamento b\u00edblico e patr\u00edstico<\/h3>\n\n\n\n<p>O fundamento principal dos frutos do Esp\u00edrito encontra-se na Sagrada Escritura, especialmente no trecho de G\u00e1latas 5,22\u201323. No entanto, sua compreens\u00e3o foi sendo aprofundada ao longo da hist\u00f3ria da Igreja. Padres como <strong>Santo Agostinho<\/strong>, <strong>S\u00e3o Jer\u00f4nimo<\/strong> e <strong>S\u00e3o Greg\u00f3rio Magno<\/strong> refletiram sobre como esses frutos s\u00e3o o desdobramento pr\u00e1tico dos <strong>dons do Esp\u00edrito Santo<\/strong>, mencionados em Isa\u00edas 11 (sabedoria, entendimento, conselho, fortaleza, ci\u00eancia, piedade e temor de Deus).<\/p>\n\n\n\n<p>Enquanto os dons do Esp\u00edrito s\u00e3o <strong>princ\u00edpios est\u00e1veis<\/strong> infundidos por Deus para mover a alma ao divino, os frutos s\u00e3o a <strong>express\u00e3o madura<\/strong> dessa a\u00e7\u00e3o divina \u2014 como o fruto de uma \u00e1rvore que cresceu e floresceu.<\/p>\n\n\n\n<p>Santo Agostinho afirmava que a alma transformada pela caridade divina come\u00e7a a produzir frutos, n\u00e3o por obriga\u00e7\u00e3o externa, mas por <strong>deleite espiritual<\/strong>: ela ama o bem e o pratica com alegria. Ou seja, <strong>os frutos do Esp\u00edrito n\u00e3o s\u00e3o meros objetivos morais, mas a consequ\u00eancia de uma transforma\u00e7\u00e3o interior<\/strong>.<\/p>\n\n\n\n<hr class=\"wp-block-separator has-alpha-channel-opacity\"\/>\n\n\n\n<h3 class=\"wp-block-heading\">Dimens\u00e3o teol\u00f3gica dos frutos<\/h3>\n\n\n\n<p>Do ponto de vista teol\u00f3gico, os frutos do Esp\u00edrito Santo pertencem ao \u00e2mbito da <strong>vida de gra\u00e7a<\/strong>. Em outras palavras, <strong>n\u00e3o podem ser plenamente vividos sem a gra\u00e7a santificante<\/strong>, ou seja, sem a vida divina na alma, recebida no batismo e nutrida pelos sacramentos, especialmente a Eucaristia e a Reconcilia\u00e7\u00e3o.<\/p>\n\n\n\n<p>Os frutos do Esp\u00edrito se op\u00f5em \u00e0s \u201cobras da carne\u201d que S\u00e3o Paulo enumera em G\u00e1latas 5,19\u201321: fornica\u00e7\u00e3o, impureza, idolatria, inimizades, rivalidades, ci\u00fames, ira&#8230; Num mundo dominado pelo ego\u00edsmo e pela concupisc\u00eancia, viver os frutos do Esp\u00edrito \u00e9 um <strong>ato contra a cultura<\/strong>.<\/p>\n\n\n\n<p>Al\u00e9m disso, os frutos s\u00e3o uma <strong>antecipa\u00e7\u00e3o do c\u00e9u<\/strong>, pois mostram que o Reino de Deus j\u00e1 come\u00e7a a se realizar no cora\u00e7\u00e3o do fiel. Como ensina o <strong>Catecismo da Igreja Cat\u00f3lica<\/strong> (n. 1832):<\/p>\n\n\n\n<blockquote class=\"wp-block-quote is-layout-flow wp-block-quote-is-layout-flow\">\n<p>\u00abOs frutos do Esp\u00edrito s\u00e3o perfei\u00e7\u00f5es que o Esp\u00edrito Santo forma em n\u00f3s como prim\u00edcias da gl\u00f3ria eterna.\u00bb<\/p>\n<\/blockquote>\n\n\n\n<p>Assim, cada fruto \u00e9 um sinal de que <strong>Cristo vive em n\u00f3s<\/strong> (Gl 2,20) e de que o Esp\u00edrito Santo molda nosso ser \u00e0 imagem do Filho.<\/p>\n\n\n\n<hr class=\"wp-block-separator has-alpha-channel-opacity\"\/>\n\n\n\n<h3 class=\"wp-block-heading\">Os doze frutos, um por um: significado e aplica\u00e7\u00e3o pr\u00e1tica<\/h3>\n\n\n\n<p>Vejamos agora o significado de cada um dos doze frutos e como podem ser vividos no dia a dia.<\/p>\n\n\n\n<h4 class=\"wp-block-heading\">1. Caridade (Amor)<\/h4>\n\n\n\n<p>\u00c9 o fruto principal. N\u00e3o se trata de qualquer amor, mas do <strong>\u00e1gape<\/strong>, o amor que doa a vida, que busca o bem do outro, que ama at\u00e9 mesmo o inimigo. \u00c9 o amor que nasce da comunh\u00e3o com Deus. Sem a caridade, os outros frutos murcham (cf. 1Cor 13).<\/p>\n\n\n\n<p><strong>Como viv\u00ea-lo hoje?<\/strong><br>Perdoando, servindo de modo desinteressado, cuidando dos pobres, amando at\u00e9 mesmo quem nos fere.<\/p>\n\n\n\n<h4 class=\"wp-block-heading\">2. Alegria<\/h4>\n\n\n\n<p>N\u00e3o \u00e9 euforia nem divertimento superficial. \u00c9 a alegria serena de quem sabe que pertence a Deus, que \u00e9 salvo, que tudo tem sentido em Cristo.<\/p>\n\n\n\n<p><strong>Como viv\u00ea-la hoje?<\/strong><br>Vivendo na gratid\u00e3o, sabendo que nada nos separar\u00e1 do amor de Deus (cf. Rm 8,39), mesmo na dor.<\/p>\n\n\n\n<h4 class=\"wp-block-heading\">3. Paz<\/h4>\n\n\n\n<p>\u00c9 a harmonia interior que nasce da reconcilia\u00e7\u00e3o com Deus. Tamb\u00e9m \u00e9 a paz com os outros e a paz social que vem da justi\u00e7a.<\/p>\n\n\n\n<p><strong>Como viv\u00ea-la hoje?<\/strong><br>Evitando conflitos desnecess\u00e1rios, sendo artes\u00e3o da paz, rezando para acalmar as tempestades interiores.<\/p>\n\n\n\n<h4 class=\"wp-block-heading\">4. Paci\u00eancia<\/h4>\n\n\n\n<p>\u00c9 a capacidade de suportar com amor as dificuldades e os erros dos outros. Nasce da humildade e da confian\u00e7a no tempo de Deus.<\/p>\n\n\n\n<p><strong>Como viv\u00ea-la hoje?<\/strong><br>Tolerando com serenidade os erros alheios, sem exigir resultados imediatos na vida ou na f\u00e9.<\/p>\n\n\n\n<h4 class=\"wp-block-heading\">5. Longanimidade<\/h4>\n\n\n\n<p>\u00c9 a const\u00e2ncia no bem, mesmo quando n\u00e3o se v\u00eaem frutos imediatos. \u00c9 uma esperan\u00e7a ativa e perseverante.<\/p>\n\n\n\n<p><strong>Como viv\u00ea-la hoje?<\/strong><br>Sem se desanimar diante dos fracassos. Continuando a confiar, a semear, a esperar.<\/p>\n\n\n\n<h4 class=\"wp-block-heading\">6. Bondade<\/h4>\n\n\n\n<p>\u00c9 a inclina\u00e7\u00e3o constante para o bem, a vontade de fazer o bem sem esperar recompensa.<\/p>\n\n\n\n<p><strong>Como viv\u00ea-la hoje?<\/strong><br>Ajudando sem que nos pe\u00e7am, agindo com retid\u00e3o mesmo quando ningu\u00e9m est\u00e1 olhando.<\/p>\n\n\n\n<h4 class=\"wp-block-heading\">7. Benignidade<\/h4>\n\n\n\n<p>\u00c9 a delicadeza no comportamento, a ternura, o cuidado, sobretudo com os mais fr\u00e1geis.<\/p>\n\n\n\n<p><strong>Como viv\u00ea-la hoje?<\/strong><br>Sendo am\u00e1vel nas redes sociais, com os idosos, as crian\u00e7as, os que sofrem.<\/p>\n\n\n\n<h4 class=\"wp-block-heading\">8. Mansid\u00e3o<\/h4>\n\n\n\n<p>Longe de ser fraqueza, \u00e9 for\u00e7a controlada, dom\u00ednio do ego, serenidade diante da ofensa.<\/p>\n\n\n\n<p><strong>Como viv\u00ea-la hoje?<\/strong><br>Respondendo com calma \u00e0 provoca\u00e7\u00e3o, evitando a vingan\u00e7a, renunciando ao orgulho.<\/p>\n\n\n\n<h4 class=\"wp-block-heading\">9. Fidelidade<\/h4>\n\n\n\n<p>\u00c9 a const\u00e2ncia no amor, na f\u00e9, nos compromissos. Fidelidade a Deus, aos sacramentos, \u00e0 pr\u00f3pria voca\u00e7\u00e3o.<\/p>\n\n\n\n<p><strong>Como viv\u00ea-la hoje?<\/strong><br>Sendo coerente, cumprindo promessas, vivendo a f\u00e9 sem vergonha.<\/p>\n\n\n\n<h4 class=\"wp-block-heading\">10. Mod\u00e9stia<\/h4>\n\n\n\n<p>\u00c9 a ordem interior que se reflete no comportamento, no vestir, nas palavras. Expressa a dignidade da alma.<\/p>\n\n\n\n<p><strong>Como viv\u00ea-la hoje?<\/strong><br>Evitando a ostenta\u00e7\u00e3o, cuidando do modo de se vestir e de se expressar, sem provocar ou escandalizar.<\/p>\n\n\n\n<h4 class=\"wp-block-heading\">11. Contin\u00eancia<\/h4>\n\n\n\n<p>\u00c9 o controle dos desejos e prazeres, sobretudo os sensuais. Permite amar de verdade, sem usar o outro.<\/p>\n\n\n\n<p><strong>Como viv\u00ea-la hoje?<\/strong><br>Vivendo a castidade, evitando a pornografia, moderando o uso do corpo e dos sentidos.<\/p>\n\n\n\n<h4 class=\"wp-block-heading\">12. Castidade<\/h4>\n\n\n\n<p>\u00c9 a integra\u00e7\u00e3o plena da sexualidade na pessoa. N\u00e3o \u00e9 repress\u00e3o, mas liberdade interior para amar como Cristo.<\/p>\n\n\n\n<p><strong>Como viv\u00ea-la hoje?<\/strong><br>Respeitando o pr\u00f3prio corpo e o dos outros, conforme o pr\u00f3prio estado de vida: solteiro, consagrado ou casado.<\/p>\n\n\n\n<hr class=\"wp-block-separator has-alpha-channel-opacity\"\/>\n\n\n\n<h3 class=\"wp-block-heading\">Como cultivar os frutos do Esp\u00edrito?<\/h3>\n\n\n\n<p>Os frutos n\u00e3o se for\u00e7am. <strong>N\u00e3o s\u00e3o produzidos apenas pela vontade humana<\/strong>, mas por uma vida em gra\u00e7a, ou seja, em comunh\u00e3o com Deus. Algumas chaves para cultiv\u00e1-los:<\/p>\n\n\n\n<ul class=\"wp-block-list\">\n<li><strong>Ora\u00e7\u00e3o constante<\/strong>, invocando especialmente o Esp\u00edrito Santo<\/li>\n\n\n\n<li><strong>Leitura orante da Palavra de Deus<\/strong><\/li>\n\n\n\n<li><strong>Frequ\u00eancia aos sacramentos<\/strong>, especialmente a Eucaristia e a Confiss\u00e3o<\/li>\n\n\n\n<li><strong>Vida comunit\u00e1ria<\/strong>, pois os frutos amadurecem na conviv\u00eancia<\/li>\n\n\n\n<li><strong>Combate espiritual<\/strong>, j\u00e1 que o Esp\u00edrito age mediante nossa livre coopera\u00e7\u00e3o<\/li>\n\n\n\n<li><strong>Exame de consci\u00eancia<\/strong>, para reconhecer os frutos que faltam e pedi-los com humildade<\/li>\n<\/ul>\n\n\n\n<hr class=\"wp-block-separator has-alpha-channel-opacity\"\/>\n\n\n\n<h3 class=\"wp-block-heading\">Relev\u00e2ncia no mundo atual<\/h3>\n\n\n\n<p>Na sociedade contempor\u00e2nea, marcada pela pressa, pela viol\u00eancia, pelo narcisismo e pelo relativismo, os frutos do Esp\u00edrito s\u00e3o um <strong>testemunho prof\u00e9tico<\/strong>. O crist\u00e3o que vive esses frutos torna-se um sinal vis\u00edvel da presen\u00e7a de Deus no mundo.<\/p>\n\n\n\n<p>Diante da cultura do descarte, a <strong>caridade<\/strong>.<br>Diante da depress\u00e3o generalizada, a <strong>alegria<\/strong>.<br>Diante do caos, a <strong>paz<\/strong>.<br>Diante do \u00f3dio, a <strong>benignidade<\/strong>.<br>Diante da impureza, a <strong>castidade<\/strong>.<\/p>\n\n\n\n<p>Em resumo, <strong>viver os frutos do Esp\u00edrito \u00e9 viver como um outro Cristo<\/strong>.<\/p>\n\n\n\n<hr class=\"wp-block-separator has-alpha-channel-opacity\"\/>\n\n\n\n<h3 class=\"wp-block-heading\">Conclus\u00e3o<\/h3>\n\n\n\n<p>Os frutos do Esp\u00edrito Santo n\u00e3o s\u00e3o enfeites espirituais nem teorias piedosas. S\u00e3o a prova viva de que Deus habita em n\u00f3s. S\u00e3o a linguagem que o mundo entende: n\u00e3o ideias, mas testemunhos. N\u00e3o discursos, mas vidas transformadas.<\/p>\n\n\n\n<p>Hoje mais do que nunca, a Igreja precisa de fi\u00e9is que deem fruto: <strong>fruto abundante e duradouro<\/strong> (cf. Jo 15,16). Invoquemos, portanto, com f\u00e9, o Esp\u00edrito Santo, pe\u00e7amos que nos transforme e abramos a nossa alma para que Ele produza em n\u00f3s esses frutos, que j\u00e1 s\u00e3o uma antecipa\u00e7\u00e3o do c\u00e9u.<\/p>\n\n\n\n<blockquote class=\"wp-block-quote is-layout-flow wp-block-quote-is-layout-flow\">\n<p>\u00abPelos seus frutos os conhecereis.\u00bb<br>(Mateus 7,16)<\/p>\n<\/blockquote>\n\n\n\n<hr class=\"wp-block-separator has-alpha-channel-opacity\"\/>\n\n\n\n<p>Quer viver uma vida plena, serena e fecunda?<br><strong>Deixe o Esp\u00edrito Santo frutificar em voc\u00ea.<\/strong><\/p>\n","protected":false},"excerpt":{"rendered":"<p>Um artigo educativo, espiritual e atual sobre o cora\u00e7\u00e3o da vida crist\u00e3 Introdu\u00e7\u00e3o Num mundo marcado pela incerteza, pela ang\u00fastia e pela superficialidade, a vida crist\u00e3 eleva-se como um farol que guia rumo \u00e0 eternidade. No entanto, muitos fi\u00e9is se perguntam: Como saber se estou crescendo na f\u00e9? Como reconhecer se o Esp\u00edrito Santo realmente &hellip;<\/p>\n","protected":false},"author":3,"featured_media":4490,"comment_status":"open","ping_status":"open","sticky":false,"template":"","format":"standard","meta":{"_seopress_robots_primary_cat":"","_seopress_titles_title":"","_seopress_titles_desc":"","_seopress_robots_index":"","footnotes":""},"categories":[39,57],"tags":[1601],"class_list":["post-4489","post","type-post","status-publish","format-standard","has-post-thumbnail","","category-moral-e-vida-crista","category-virtudes-cristas","tag-frutos-do-espirito-santo"],"_links":{"self":[{"href":"https:\/\/catholicus.eu\/pt\/wp-json\/wp\/v2\/posts\/4489","targetHints":{"allow":["GET"]}}],"collection":[{"href":"https:\/\/catholicus.eu\/pt\/wp-json\/wp\/v2\/posts"}],"about":[{"href":"https:\/\/catholicus.eu\/pt\/wp-json\/wp\/v2\/types\/post"}],"author":[{"embeddable":true,"href":"https:\/\/catholicus.eu\/pt\/wp-json\/wp\/v2\/users\/3"}],"replies":[{"embeddable":true,"href":"https:\/\/catholicus.eu\/pt\/wp-json\/wp\/v2\/comments?post=4489"}],"version-history":[{"count":1,"href":"https:\/\/catholicus.eu\/pt\/wp-json\/wp\/v2\/posts\/4489\/revisions"}],"predecessor-version":[{"id":4491,"href":"https:\/\/catholicus.eu\/pt\/wp-json\/wp\/v2\/posts\/4489\/revisions\/4491"}],"wp:featuredmedia":[{"embeddable":true,"href":"https:\/\/catholicus.eu\/pt\/wp-json\/wp\/v2\/media\/4490"}],"wp:attachment":[{"href":"https:\/\/catholicus.eu\/pt\/wp-json\/wp\/v2\/media?parent=4489"}],"wp:term":[{"taxonomy":"category","embeddable":true,"href":"https:\/\/catholicus.eu\/pt\/wp-json\/wp\/v2\/categories?post=4489"},{"taxonomy":"post_tag","embeddable":true,"href":"https:\/\/catholicus.eu\/pt\/wp-json\/wp\/v2\/tags?post=4489"}],"curies":[{"name":"wp","href":"https:\/\/api.w.org\/{rel}","templated":true}]}}