{"id":4471,"date":"2025-07-13T15:26:04","date_gmt":"2025-07-13T13:26:04","guid":{"rendered":"https:\/\/catholicus.eu\/pt\/?p=4471"},"modified":"2025-07-13T15:26:04","modified_gmt":"2025-07-13T13:26:04","slug":"tao-fraca-a-minha-oracao-tao-grande-a-tua-misericordia","status":"publish","type":"post","link":"https:\/\/catholicus.eu\/pt\/tao-fraca-a-minha-oracao-tao-grande-a-tua-misericordia\/","title":{"rendered":"T\u00e3o fraca a minha ora\u00e7\u00e3o, t\u00e3o grande a tua Miseric\u00f3rdia"},"content":{"rendered":"\n<p><em>Um guia espiritual para aqueles que clamam a partir da sua pobreza interior<\/em><\/p>\n\n\n\n<hr class=\"wp-block-separator has-alpha-channel-opacity\"\/>\n\n\n\n<h3 class=\"wp-block-heading\"><strong>Introdu\u00e7\u00e3o: Quando a ora\u00e7\u00e3o parece um suspiro quebrado<\/strong><\/h3>\n\n\n\n<p>Quantas vezes voc\u00ea se ajoelhou para rezar e sentiu que n\u00e3o sabia o que dizer? Quantas vezes suas palavras foram apenas um murm\u00fario \u2013 sem for\u00e7a, sem forma, quase sem esperan\u00e7a? Em um mundo que exige efici\u00eancia e desempenho at\u00e9 na vida espiritual, pode doer profundamente descobrir-se pobre na ora\u00e7\u00e3o. E, no entanto, \u00e9 justamente nesse lugar onde acreditamos que tudo est\u00e1 perdido que brilha um dos maiores mist\u00e9rios do amor divino: <strong>a Miseric\u00f3rdia de Deus<\/strong>.<\/p>\n\n\n\n<p>A frase \u201cT\u00e3o fraca a minha ora\u00e7\u00e3o, t\u00e3o grande a tua Miseric\u00f3rdia\u201d n\u00e3o \u00e9 apenas uma confiss\u00e3o, \u00e9 um ato de f\u00e9. \u00c9 um grito nascido do fundo da alma que encontra eco no cora\u00e7\u00e3o de Deus. Este artigo deseja conduzir voc\u00ea por um caminho de luz, de teologia e de consola\u00e7\u00e3o. Porque, mesmo que a nossa ora\u00e7\u00e3o seja fr\u00e1gil, <strong>o Amor que a ouve n\u00e3o tem limites<\/strong>.<\/p>\n\n\n\n<hr class=\"wp-block-separator has-alpha-channel-opacity\"\/>\n\n\n\n<h3 class=\"wp-block-heading\"><strong>1. A fragilidade da nossa ora\u00e7\u00e3o: uma verdade inevit\u00e1vel<\/strong><\/h3>\n\n\n\n<p>A Tradi\u00e7\u00e3o da Igreja nos ensina que o homem, ferido pelo pecado original, n\u00e3o reza com facilidade. S\u00e3o Paulo expressa isso com clareza:<br><strong>\u201cPois n\u00e3o sabemos o que pedir, nem orar como conv\u00e9m\u201d<\/strong> (Romanos 8,26).<br>Nossa mente se dispersa, nossas palavras se repetem sem alma, nossos hor\u00e1rios se enchem de desculpas.<\/p>\n\n\n\n<p>Mesmo os santos reconheceram essa luta:<\/p>\n\n\n\n<blockquote class=\"wp-block-quote is-layout-flow wp-block-quote-is-layout-flow\">\n<p>\u201cPara mim, a ora\u00e7\u00e3o \u00e9 um impulso do cora\u00e7\u00e3o, \u00e9 um simples olhar lan\u00e7ado ao c\u00e9u, um grito de reconhecimento e de amor, tanto na prova\u00e7\u00e3o quanto na alegria.\u201d<br>\u2014 <em>Santa Teresinha do Menino Jesus<\/em><\/p>\n<\/blockquote>\n\n\n\n<p>Ela, Doutora da Igreja, nos lembra que a ora\u00e7\u00e3o mais poderosa nem sempre \u00e9 a mais eloquente, mas a mais sincera, a mais pobre, a mais necessitada.<\/p>\n\n\n\n<hr class=\"wp-block-separator has-alpha-channel-opacity\"\/>\n\n\n\n<h3 class=\"wp-block-heading\"><strong>2. A Miseric\u00f3rdia de Deus: resposta divina \u00e0 nossa fraqueza<\/strong><\/h3>\n\n\n\n<p>Deus n\u00e3o mede nossas palavras; Ele mede nosso cora\u00e7\u00e3o. Quando nossas ora\u00e7\u00f5es parecem fr\u00e1geis, <strong>Sua Miseric\u00f3rdia se manifesta com ainda mais for\u00e7a<\/strong>. Foi o pr\u00f3prio Jesus quem revelou isso a Santa Faustina Kowalska:<\/p>\n\n\n\n<blockquote class=\"wp-block-quote is-layout-flow wp-block-quote-is-layout-flow\">\n<p>\u201c<strong>Quanto maior a mis\u00e9ria da alma, tanto maior \u00e9 o direito \u00e0 minha miseric\u00f3rdia.<\/strong>\u201d (<em>Di\u00e1rio<\/em>, 1182)<\/p>\n<\/blockquote>\n\n\n\n<p>Essa afirma\u00e7\u00e3o desafia toda l\u00f3gica humana. Em qualquer outro lugar, a fraqueza gera rejei\u00e7\u00e3o ou exclus\u00e3o. Em Deus, <strong>a fraqueza \u00e9 a porta aberta \u00e0 sua ternura<\/strong>. Ele n\u00e3o procura a perfei\u00e7\u00e3o em n\u00f3s, mas a confian\u00e7a.<\/p>\n\n\n\n<hr class=\"wp-block-separator has-alpha-channel-opacity\"\/>\n\n\n\n<h3 class=\"wp-block-heading\"><strong>3. A ora\u00e7\u00e3o na hist\u00f3ria da salva\u00e7\u00e3o: vozes fracas, respostas eternas<\/strong><\/h3>\n\n\n\n<p>As Sagradas Escrituras est\u00e3o repletas de exemplos em que Deus escuta a ora\u00e7\u00e3o do pobre, daquele que clama do p\u00f3:<\/p>\n\n\n\n<ul class=\"wp-block-list\">\n<li><strong>Ana<\/strong>, m\u00e3e de Samuel, chora em sil\u00eancio no templo. Sua ora\u00e7\u00e3o n\u00e3o tem palavras, mas Deus lhe d\u00e1 um filho profeta (1 Samuel 1).<\/li>\n\n\n\n<li><strong>O publicano<\/strong>, que n\u00e3o ousa levantar os olhos ao c\u00e9u, diz apenas: \u201cSenhor, tem piedade de mim, pecador\u201d (Lucas 18,13). E Jesus afirma que sua ora\u00e7\u00e3o foi atendida.<\/li>\n\n\n\n<li><strong>O bom ladr\u00e3o<\/strong>, com seu \u00faltimo suspiro, diz simplesmente: \u201cLembra-te de mim\u201d (Lucas 23,42). E Jesus lhe abre as portas do Para\u00edso.<\/li>\n<\/ul>\n\n\n\n<p>Essas pessoas n\u00e3o fizeram longas s\u00faplicas. Mas suas palavras vieram do fundo. E Deus, que sonda os cora\u00e7\u00f5es, as acolheu como p\u00e9rolas preciosas.<\/p>\n\n\n\n<hr class=\"wp-block-separator has-alpha-channel-opacity\"\/>\n\n\n\n<h3 class=\"wp-block-heading\"><strong>4. Fundamento teol\u00f3gico: por que Deus ouve os fracos?<\/strong><\/h3>\n\n\n\n<p>Do ponto de vista teol\u00f3gico, a ora\u00e7\u00e3o n\u00e3o \u00e9 uma t\u00e9cnica \u2013 \u00e9 um relacionamento. S\u00e3o Tom\u00e1s de Aquino ensina que <strong>\u201ca ora\u00e7\u00e3o n\u00e3o muda a vontade de Deus, mas disp\u00f5e o homem a receber aquilo que Deus j\u00e1 quer dar\u201d<\/strong> (<em>Suma Teol\u00f3gica<\/em>, II-II, q. 83, a. 2).<\/p>\n\n\n\n<p>Isso significa que <strong>a fraqueza na ora\u00e7\u00e3o n\u00e3o \u00e9 um obst\u00e1culo para Deus<\/strong>. Ao contr\u00e1rio, <strong>a humildade \u00e9 a disposi\u00e7\u00e3o ideal para que Deus aja<\/strong>. Como diz o Salmo:<\/p>\n\n\n\n<blockquote class=\"wp-block-quote is-layout-flow wp-block-quote-is-layout-flow\">\n<p>\u201cCora\u00e7\u00e3o contrito e humilhado, \u00f3 Deus, n\u00e3o o desprezas\u201d (Salmo 51,17).<\/p>\n<\/blockquote>\n\n\n\n<p>A Miseric\u00f3rdia divina n\u00e3o \u00e9 ativada pelos nossos m\u00e9ritos, mas pela nossa f\u00e9. Nos Evangelhos, Jesus repete continuamente:<\/p>\n\n\n\n<blockquote class=\"wp-block-quote is-layout-flow wp-block-quote-is-layout-flow\">\n<p>\u201cTua f\u00e9 te salvou.\u201d<br>Ele n\u00e3o diz: \u201cTua eloqu\u00eancia\u201d, \u201cteu conhecimento\u201d, \u201ctua vida perfeita\u201d. Ele simplesmente diz: \u201ctua f\u00e9\u201d.<\/p>\n<\/blockquote>\n\n\n\n<hr class=\"wp-block-separator has-alpha-channel-opacity\"\/>\n\n\n\n<h3 class=\"wp-block-heading\"><strong>5. Miseric\u00f3rdia e ora\u00e7\u00e3o no Magist\u00e9rio da Igreja<\/strong><\/h3>\n\n\n\n<p>O <em>Catecismo da Igreja Cat\u00f3lica<\/em> (CIC) apresenta a Miseric\u00f3rdia como um atributo essencial de Deus (CIC 211). Define a ora\u00e7\u00e3o como \u201ca eleva\u00e7\u00e3o da alma a Deus\u201d (CIC 2559), mesmo quando n\u00e3o possui forma verbal ou estrutura ritual.<\/p>\n\n\n\n<p>Na enc\u00edclica <em>Dives in Misericordia<\/em>, S\u00e3o Jo\u00e3o Paulo II afirma que <strong>a Miseric\u00f3rdia \u00e9 mais poderosa que o pecado, que a mis\u00e9ria humana e at\u00e9 que a morte<\/strong>. Por isso, mesmo quando nossa ora\u00e7\u00e3o desmorona, <strong>Deus a transforma em instrumento de gra\u00e7a<\/strong>.<\/p>\n\n\n\n<p>O Papa Francisco tamb\u00e9m afirmou com ternura:<\/p>\n\n\n\n<blockquote class=\"wp-block-quote is-layout-flow wp-block-quote-is-layout-flow\">\n<p>\u201cDeus nunca se cansa de nos perdoar; somos n\u00f3s que nos cansamos de pedir a sua miseric\u00f3rdia.\u201d (<em>Evangelii Gaudium<\/em>, 3)<\/p>\n<\/blockquote>\n\n\n\n<hr class=\"wp-block-separator has-alpha-channel-opacity\"\/>\n\n\n\n<h3 class=\"wp-block-heading\"><strong>6. Como rezar quando n\u00e3o conseguimos rezar: guia pr\u00e1tico<\/strong><\/h3>\n\n\n\n<p>\u00c0s vezes ficamos sem palavras. Mas Deus n\u00e3o precisa de discursos. Aqui est\u00e3o algumas pr\u00e1ticas para rezar a partir da fraqueza:<\/p>\n\n\n\n<h4 class=\"wp-block-heading\">a. <strong>Respire e invoque o Nome de Jesus<\/strong><\/h4>\n\n\n\n<p>Basta dizer interiormente: \u201cJesus\u2026 Jesus\u2026 Jesus\u2026\u201d<br>Como ensina S\u00e3o Paulo: \u201cOrai sem cessar\u201d (1 Ts 5,17), esse sussurro constante transforma a alma.<\/p>\n\n\n\n<h4 class=\"wp-block-heading\">b. <strong>Repita uma ora\u00e7\u00e3o breve (jaculat\u00f3ria)<\/strong><\/h4>\n\n\n\n<p>\u201cJesus, eu confio em Ti.\u201d<br>\u201cSenhor, tem piedade de mim, pecador.\u201d<br>\u201cTudo por Ti, Jesus.\u201d<\/p>\n\n\n\n<p>Essas frases curtas s\u00e3o flechas de amor que tocam o Cora\u00e7\u00e3o de Deus.<\/p>\n\n\n\n<h4 class=\"wp-block-heading\">c. <strong>Ofere\u00e7a o seu sil\u00eancio<\/strong><\/h4>\n\n\n\n<p>O sil\u00eancio tamb\u00e9m \u00e9 ora\u00e7\u00e3o. Sentar-se na presen\u00e7a do Senhor, mesmo sem dizer nada, j\u00e1 \u00e9 um ato de f\u00e9. Diz a Ele: \u201cEstou aqui. N\u00e3o posso mais. Mas confio.\u201d<\/p>\n\n\n\n<h4 class=\"wp-block-heading\">d. <strong>Reze com os Salmos<\/strong><\/h4>\n\n\n\n<p>Os Salmos foram as primeiras ora\u00e7\u00f5es do povo de Deus. S\u00e3o poesia, s\u00faplica, louvor e lamento. Use-os quando n\u00e3o encontrar palavras pr\u00f3prias.<\/p>\n\n\n\n<blockquote class=\"wp-block-quote is-layout-flow wp-block-quote-is-layout-flow\">\n<p>\u201cDo fundo do abismo clamo a ti, Senhor: Senhor, escuta minha voz!\u201d (Salmo 130,1)<\/p>\n<\/blockquote>\n\n\n\n<hr class=\"wp-block-separator has-alpha-channel-opacity\"\/>\n\n\n\n<h3 class=\"wp-block-heading\"><strong>7. Quais frutos nascem da ora\u00e7\u00e3o na fraqueza?<\/strong><\/h3>\n\n\n\n<p>Quando ousamos rezar a partir da nossa pobreza:<\/p>\n\n\n\n<ul class=\"wp-block-list\">\n<li><strong>Descobrimos que Deus nos ama por quem somos, e n\u00e3o pelo que realizamos.<\/strong><\/li>\n\n\n\n<li><strong>Aprendemos a confiar mais n\u2019Ele do que em n\u00f3s mesmos.<\/strong><\/li>\n\n\n\n<li><strong>Tornamo-nos mais humildes, compassivos e pacientes.<\/strong><\/li>\n\n\n\n<li><strong>Entramos num relacionamento mais aut\u00eantico com o Senhor.<\/strong><\/li>\n<\/ul>\n\n\n\n<p>A ora\u00e7\u00e3o feita na fraqueza tamb\u00e9m tem um forte car\u00e1ter <strong>redentor<\/strong>. Como ensinou Santa Faustina:<\/p>\n\n\n\n<blockquote class=\"wp-block-quote is-layout-flow wp-block-quote-is-layout-flow\">\n<p>\u201cA alma mais miser\u00e1vel, se confiar na minha Miseric\u00f3rdia, glorifica-me mais do que a alma mais fervorosa.\u201d (<em>Di\u00e1rio<\/em>, 1784)<\/p>\n<\/blockquote>\n\n\n\n<hr class=\"wp-block-separator has-alpha-channel-opacity\"\/>\n\n\n\n<h3 class=\"wp-block-heading\"><strong>8. Aplica\u00e7\u00e3o pastoral: como ensinar isso na fam\u00edlia, na comunidade e na par\u00f3quia<\/strong><\/h3>\n\n\n\n<p>Hoje, muitos fi\u00e9is se afastam da ora\u00e7\u00e3o porque n\u00e3o a sentem \u201ceficaz\u201d. Pastoralmente, precisamos:<\/p>\n\n\n\n<ul class=\"wp-block-list\">\n<li><strong>Desmistificar a ora\u00e7\u00e3o, mostrando que n\u00e3o \u00e9 apenas para m\u00edsticos ou estudiosos.<\/strong><\/li>\n\n\n\n<li><strong>Encorajar a ora\u00e7\u00e3o mesmo quando se est\u00e1 seco, distra\u00eddo ou quebrado.<\/strong><\/li>\n\n\n\n<li><strong>Incluir momentos de sil\u00eancio nas celebra\u00e7\u00f5es lit\u00fargicas.<\/strong><\/li>\n\n\n\n<li><strong>Promover o Ros\u00e1rio como ora\u00e7\u00e3o dos pobres.<\/strong><\/li>\n\n\n\n<li><strong>Ensinar as crian\u00e7as desde cedo a falar com Jesus como com um Amigo.<\/strong><\/li>\n<\/ul>\n\n\n\n<p>\u00c9 tamb\u00e9m essencial <strong>acompanhar com ternura aqueles que atravessam crises de f\u00e9 ou noites escuras<\/strong>, recordando que <strong>Deus n\u00e3o mede a perfei\u00e7\u00e3o, mas a entrega confiante<\/strong>.<\/p>\n\n\n\n<hr class=\"wp-block-separator has-alpha-channel-opacity\"\/>\n\n\n\n<h3 class=\"wp-block-heading\"><strong>Conclus\u00e3o: A ora\u00e7\u00e3o que mais agrada a Deus<\/strong><\/h3>\n\n\n\n<p>Nossa ora\u00e7\u00e3o n\u00e3o precisa ser perfeita. Precisa apenas ser sincera. E mesmo que nossas palavras se desfa\u00e7am, <strong>a Miseric\u00f3rdia de Deus as recolhe, as purifica e as apresenta ao Pai como incenso perfumado<\/strong>.<\/p>\n\n\n\n<p>Lembre-se das palavras de Santo Agostinho:<\/p>\n\n\n\n<blockquote class=\"wp-block-quote is-layout-flow wp-block-quote-is-layout-flow\">\n<p>\u201cQuando oramos com f\u00e9, nosso gemido j\u00e1 \u00e9 uma ora\u00e7\u00e3o; e se as palavras n\u00e3o v\u00eam, Ele entende o suspiro do nosso cora\u00e7\u00e3o.\u201d<\/p>\n<\/blockquote>\n\n\n\n<p><strong>T\u00e3o fraca nossa ora\u00e7\u00e3o\u2026 t\u00e3o grande Sua Miseric\u00f3rdia.<\/strong> N\u00e3o se canse de rezar. N\u00e3o importa o qu\u00e3o pequeno voc\u00ea se sinta. Na sua fragilidade, Deus v\u00ea um tesouro. E no seu balbuciar, Ele escuta um canto de amor.<\/p>\n","protected":false},"excerpt":{"rendered":"<p>Um guia espiritual para aqueles que clamam a partir da sua pobreza interior Introdu\u00e7\u00e3o: Quando a ora\u00e7\u00e3o parece um suspiro quebrado Quantas vezes voc\u00ea se ajoelhou para rezar e sentiu que n\u00e3o sabia o que dizer? Quantas vezes suas palavras foram apenas um murm\u00fario \u2013 sem for\u00e7a, sem forma, quase sem esperan\u00e7a? Em um mundo &hellip;<\/p>\n","protected":false},"author":3,"featured_media":4472,"comment_status":"open","ping_status":"open","sticky":false,"template":"","format":"standard","meta":{"_seopress_robots_primary_cat":"","_seopress_titles_title":"","_seopress_titles_desc":"","_seopress_robots_index":"","footnotes":""},"categories":[40,58],"tags":[187],"class_list":["post-4471","post","type-post","status-publish","format-standard","has-post-thumbnail","","category-oracao-e-espiritualidade","category-oracao-e-vida-espiritual","tag-oracao"],"_links":{"self":[{"href":"https:\/\/catholicus.eu\/pt\/wp-json\/wp\/v2\/posts\/4471","targetHints":{"allow":["GET"]}}],"collection":[{"href":"https:\/\/catholicus.eu\/pt\/wp-json\/wp\/v2\/posts"}],"about":[{"href":"https:\/\/catholicus.eu\/pt\/wp-json\/wp\/v2\/types\/post"}],"author":[{"embeddable":true,"href":"https:\/\/catholicus.eu\/pt\/wp-json\/wp\/v2\/users\/3"}],"replies":[{"embeddable":true,"href":"https:\/\/catholicus.eu\/pt\/wp-json\/wp\/v2\/comments?post=4471"}],"version-history":[{"count":1,"href":"https:\/\/catholicus.eu\/pt\/wp-json\/wp\/v2\/posts\/4471\/revisions"}],"predecessor-version":[{"id":4473,"href":"https:\/\/catholicus.eu\/pt\/wp-json\/wp\/v2\/posts\/4471\/revisions\/4473"}],"wp:featuredmedia":[{"embeddable":true,"href":"https:\/\/catholicus.eu\/pt\/wp-json\/wp\/v2\/media\/4472"}],"wp:attachment":[{"href":"https:\/\/catholicus.eu\/pt\/wp-json\/wp\/v2\/media?parent=4471"}],"wp:term":[{"taxonomy":"category","embeddable":true,"href":"https:\/\/catholicus.eu\/pt\/wp-json\/wp\/v2\/categories?post=4471"},{"taxonomy":"post_tag","embeddable":true,"href":"https:\/\/catholicus.eu\/pt\/wp-json\/wp\/v2\/tags?post=4471"}],"curies":[{"name":"wp","href":"https:\/\/api.w.org\/{rel}","templated":true}]}}