{"id":4462,"date":"2025-07-12T23:03:49","date_gmt":"2025-07-12T21:03:49","guid":{"rendered":"https:\/\/catholicus.eu\/pt\/?p=4462"},"modified":"2025-07-12T23:04:46","modified_gmt":"2025-07-12T21:04:46","slug":"nietzsche-marx-e-o-vazio-pos-moderno-so-cristo-preenche-o-abismo","status":"publish","type":"post","link":"https:\/\/catholicus.eu\/pt\/nietzsche-marx-e-o-vazio-pos-moderno-so-cristo-preenche-o-abismo\/","title":{"rendered":"Nietzsche, Marx e o vazio p\u00f3s-moderno: S\u00f3 Cristo preenche o abismo"},"content":{"rendered":"\n<p class=\"wp-block-paragraph\"><em>\u201cFizeste-nos para Ti, Senhor, e o nosso cora\u00e7\u00e3o est\u00e1 inquieto enquanto n\u00e3o repousa em Ti.\u201d \u2013 Santo Agostinho, Confiss\u00f5es.<\/em><\/p>\n\n\n\n<hr class=\"wp-block-separator has-alpha-channel-opacity\"\/>\n\n\n\n<h3 class=\"wp-block-heading\">Introdu\u00e7\u00e3o: Um mundo ferido pela perda de sentido<\/h3>\n\n\n\n<p class=\"wp-block-paragraph\">Vivemos numa \u00e9poca que pode ser descrita com uma \u00fanica palavra: <em>vazio<\/em>. N\u00e3o um vazio f\u00edsico, mas espiritual. \u00c9 o vazio da alma humana que j\u00e1 n\u00e3o sabe quem \u00e9, de onde vem ou para onde vai. \u00c9 a desola\u00e7\u00e3o silenciosa do homem moderno que, embora rodeado de tecnologia, ru\u00eddo e est\u00edmulos, sente-se s\u00f3, fragmentado, desconectado. Nesta cultura l\u00edquida, como chamou Zygmunt Bauman, muitos procuram respostas nas ideologias, nos movimentos sociais, nas emo\u00e7\u00f5es passageiras ou mesmo na nega\u00e7\u00e3o de tudo. Mas o vazio permanece.<\/p>\n\n\n\n<p class=\"wp-block-paragraph\">Neste abismo surgem duas figuras hist\u00f3ricas que influenciaram profundamente a demoli\u00e7\u00e3o do sentido transcendente: <strong>Friedrich Nietzsche<\/strong> e <strong>Karl Marx<\/strong>. Ambos, a partir das suas perspetivas filos\u00f3ficas e pol\u00edticas, contribu\u00edram para semear uma semente de rutura: a nega\u00e7\u00e3o de Deus como centro do cosmos e do homem como criatura feita para o infinito.<\/p>\n\n\n\n<p class=\"wp-block-paragraph\">Hoje, esse legado fermentado deu origem ao que poder\u00edamos chamar de <strong>vazio p\u00f3s-moderno<\/strong>. E s\u00f3 <strong>Cristo<\/strong>, o Logos encarnado, pode preencher esse abismo. Este artigo pretende caminhar contigo por essa via: desde as feridas de Nietzsche e Marx at\u00e9 \u00e0 resposta eterna e sempre nova que o Evangelho nos oferece.<\/p>\n\n\n\n<hr class=\"wp-block-separator has-alpha-channel-opacity\"\/>\n\n\n\n<h3 class=\"wp-block-heading\">1. Nietzsche: A morte de Deus e o grito do niilismo<\/h3>\n\n\n\n<p class=\"wp-block-paragraph\">Friedrich Nietzsche (1844\u20131900) foi sem d\u00favida um dos grandes provocadores do pensamento moderno. A sua c\u00e9lebre frase \u201c<strong>Deus est\u00e1 morto<\/strong>\u201d n\u00e3o era tanto um triunfo, mas um lamento. Na sua obra <em>A Gaia Ci\u00eancia<\/em>, ele escreve:<\/p>\n\n\n\n<blockquote class=\"wp-block-quote is-layout-flow wp-block-quote-is-layout-flow\">\n<p class=\"wp-block-paragraph\">\u201cDeus est\u00e1 morto. Deus continua morto. E n\u00f3s o matamos. Como poderemos consolar-nos, os assassinos dos assassinos?\u201d<\/p>\n<\/blockquote>\n\n\n\n<p class=\"wp-block-paragraph\">Nietzsche percebia com lucidez que a civiliza\u00e7\u00e3o ocidental realmente deixara de acreditar em Deus. Aquilo que antes dava sentido, moral, ordem e finalidade \u00e0 vida passou a ser visto como constru\u00e7\u00e3o humana. Ao eliminar Deus do horizonte, o que restava era o <strong>niilismo<\/strong>, o vazio, a aus\u00eancia total de sentido.<\/p>\n\n\n\n<p class=\"wp-block-paragraph\">A sua resposta foi o <strong>\u00dcbermensch<\/strong> (al\u00e9m-do-homem ou super-homem), o indiv\u00edduo que se constr\u00f3i a si mesmo, que cria os seus pr\u00f3prios valores e vive para al\u00e9m do bem e do mal. Mas ser\u00e1 essa a verdadeira liberdade? No fundo, \u00e9 uma solid\u00e3o dilacerante.<\/p>\n\n\n\n<p class=\"wp-block-paragraph\"><strong>Teologicamente<\/strong>, o drama de Nietzsche \u00e9 o drama da criatura desligada do seu Criador. \u00c9 a repeti\u00e7\u00e3o do pecado original: \u201csereis como deuses\u201d (G\u00e9nesis 3,5), uma ilus\u00e3o de autonomia total que termina sempre em escravid\u00e3o.<\/p>\n\n\n\n<hr class=\"wp-block-separator has-alpha-channel-opacity\"\/>\n\n\n\n<h3 class=\"wp-block-heading\">2. Marx: A religi\u00e3o como \u00f3pio e a esperan\u00e7a deslocada<\/h3>\n\n\n\n<p class=\"wp-block-paragraph\">Karl Marx (1818\u20131883), pai do materialismo hist\u00f3rico e do comunismo, n\u00e3o via a religi\u00e3o como verdade, mas como instrumento de domina\u00e7\u00e3o. Na sua c\u00e9lebre frase, afirmou:<\/p>\n\n\n\n<blockquote class=\"wp-block-quote is-layout-flow wp-block-quote-is-layout-flow\">\n<p class=\"wp-block-paragraph\">\u201cA religi\u00e3o \u00e9 o \u00f3pio do povo.\u201d<\/p>\n<\/blockquote>\n\n\n\n<p class=\"wp-block-paragraph\">Para Marx, a religi\u00e3o era uma ilus\u00e3o que anestesiava as consci\u00eancias, mantinha os oprimidos na sua posi\u00e7\u00e3o e impedia a revolu\u00e7\u00e3o social. O para\u00edso j\u00e1 n\u00e3o estava no C\u00e9u, mas devia ser constru\u00eddo aqui, atrav\u00e9s da luta de classes, da aboli\u00e7\u00e3o da propriedade privada e do desaparecimento do Estado.<\/p>\n\n\n\n<p class=\"wp-block-paragraph\"><strong>O problema teol\u00f3gico<\/strong> \u00e9 que Marx deslocou a <strong>virtude teologal da esperan\u00e7a<\/strong>, uma das mais nobres virtudes da alma crist\u00e3, e substituiu-a por uma esperan\u00e7a terrena. Mas toda tentativa humana de instaurar o Reino sem o Rei termina no totalitarismo, como demonstrou a hist\u00f3ria do s\u00e9culo XX: gulags, campos de concentra\u00e7\u00e3o, censura, morte de milh\u00f5es.<\/p>\n\n\n\n<p class=\"wp-block-paragraph\">A <strong>doutrina social da Igreja<\/strong>, por sua vez, reconhece sim a necessidade da justi\u00e7a social, mas com base na dignidade inalien\u00e1vel do ser humano criado \u00e0 imagem de Deus e enraizada na caridade, n\u00e3o na luta. O Papa Pio XI expressou isso claramente na enc\u00edclica <em>Quadragesimo Anno<\/em> (1931): <em>\u201cO comunismo \u00e9 intrinsecamente perverso, e ningu\u00e9m que deseje salvar a civiliza\u00e7\u00e3o crist\u00e3 pode colaborar com ele em qualquer empreendimento.\u201d<\/em><\/p>\n\n\n\n<hr class=\"wp-block-separator has-alpha-channel-opacity\"\/>\n\n\n\n<h3 class=\"wp-block-heading\">3. P\u00f3s-modernidade: O filho \u00f3rf\u00e3o da modernidade<\/h3>\n\n\n\n<p class=\"wp-block-paragraph\">Hoje, ap\u00f3s o fracasso de muitas ideologias, o mundo n\u00e3o voltou a Deus, mas aprofundou o <strong>vazio p\u00f3s-moderno<\/strong>. \u00c9 uma \u00e9poca marcada por:<\/p>\n\n\n\n<ul class=\"wp-block-list\">\n<li>Relativismo: \u201cNada \u00e9 verdade para todos.\u201d<\/li>\n\n\n\n<li>Subjetivismo: \u201cO que importa \u00e9 o que eu sinto.\u201d<\/li>\n\n\n\n<li>Hedonismo: \u201cO prazer \u00e9 o \u00fanico bem.\u201d<\/li>\n\n\n\n<li>Fragmenta\u00e7\u00e3o: j\u00e1 n\u00e3o h\u00e1 grandes narrativas nem objetivos comuns.<\/li>\n\n\n\n<li>Individualismo extremo: \u201cTu \u00e9s o teu pr\u00f3prio projeto.\u201d<\/li>\n<\/ul>\n\n\n\n<p class=\"wp-block-paragraph\">Vivemos uma esp\u00e9cie de \u201cate\u00edsmo pr\u00e1tico\u201d: Deus n\u00e3o \u00e9 explicitamente negado, mas vive-se como se Ele n\u00e3o existisse. \u00c9 nesse solo que brotam ansiedade, depress\u00e3o, solid\u00e3o, apatia e suic\u00eddio.<\/p>\n\n\n\n<p class=\"wp-block-paragraph\"><strong>O Papa Bento XVI<\/strong> diagnosticou essa situa\u00e7\u00e3o com clareza: <em>\u201cUma ditadura do relativismo que n\u00e3o reconhece nada como definitivo e que s\u00f3 deixa como \u00faltima medida o pr\u00f3prio eu e os seus desejos.\u201d<\/em><\/p>\n\n\n\n<hr class=\"wp-block-separator has-alpha-channel-opacity\"\/>\n\n\n\n<h3 class=\"wp-block-heading\">4. S\u00f3 Cristo preenche o abismo<\/h3>\n\n\n\n<p class=\"wp-block-paragraph\">E aqui entra em cena <strong>Cristo<\/strong>, n\u00e3o como uma teoria, mas como uma Pessoa viva. Ele n\u00e3o veio para nos dar uma nova ideologia, mas para <strong>revelar o rosto do Pai<\/strong> e restaurar a nossa voca\u00e7\u00e3o divina. Ele mesmo disse:<\/p>\n\n\n\n<blockquote class=\"wp-block-quote is-layout-flow wp-block-quote-is-layout-flow\">\n<p class=\"wp-block-paragraph\"><em>\u201cEu sou o caminho, a verdade e a vida. Ningu\u00e9m vem ao Pai sen\u00e3o por mim.\u201d<\/em> (Jo\u00e3o 14,6)<\/p>\n<\/blockquote>\n\n\n\n<p class=\"wp-block-paragraph\">Diante do vazio, Cristo \u00e9 <strong>plenitude<\/strong>. Diante do niilismo, Ele \u00e9 <strong>sentido<\/strong>. Diante da ideologia, Ele \u00e9 a <strong>Verdade encarnada<\/strong>. Diante do ego\u00edsmo p\u00f3s-moderno, Ele \u00e9 <strong>dom total de si mesmo<\/strong>.<\/p>\n\n\n\n<p class=\"wp-block-paragraph\"><strong>Teologicamente<\/strong>, s\u00f3 em Cristo encontramos:<\/p>\n\n\n\n<ul class=\"wp-block-list\">\n<li>A verdade sobre Deus: n\u00e3o um ser distante, mas um Pai amoroso.<\/li>\n\n\n\n<li>A verdade sobre o homem: criatura amada, redimida, chamada \u00e0 eternidade.<\/li>\n\n\n\n<li>O sentido do sofrimento: n\u00e3o como absurdo, mas como participa\u00e7\u00e3o na Cruz redentora.<\/li>\n\n\n\n<li>A esperan\u00e7a do C\u00e9u: n\u00e3o como fuga, mas como cumprimento definitivo.<\/li>\n<\/ul>\n\n\n\n<p class=\"wp-block-paragraph\">S\u00e3o Paulo proclamava com for\u00e7a:<\/p>\n\n\n\n<blockquote class=\"wp-block-quote is-layout-flow wp-block-quote-is-layout-flow\">\n<p class=\"wp-block-paragraph\"><em>\u201cNele foram criadas todas as coisas, nos c\u00e9us e na terra, as vis\u00edveis e as invis\u00edveis\u2026 Tudo foi criado por meio d\u2019Ele e para Ele. Ele \u00e9 antes de tudo, e tudo subsiste n\u2019Ele.\u201d<\/em> (Colossenses 1,16-17)<\/p>\n<\/blockquote>\n\n\n\n<hr class=\"wp-block-separator has-alpha-channel-opacity\"\/>\n\n\n\n<h3 class=\"wp-block-heading\">5. Aplica\u00e7\u00f5es pr\u00e1ticas para a vida quotidiana<\/h3>\n\n\n\n<p class=\"wp-block-paragraph\">Como preencher o abismo que Nietzsche e Marx ajudaram a cavar na alma moderna? Como viver a partir de Cristo no meio do vazio p\u00f3s-moderno? Aqui est\u00e3o algumas chaves espirituais e pastorais:<\/p>\n\n\n\n<h4 class=\"wp-block-heading\">a) Redescobrir o sil\u00eancio e a ora\u00e7\u00e3o<\/h4>\n\n\n\n<p class=\"wp-block-paragraph\">Num mundo saturado de ru\u00eddo, o sil\u00eancio \u00e9 o lugar onde Deus fala. A ora\u00e7\u00e3o pessoal, a adora\u00e7\u00e3o eucar\u00edstica, o Ros\u00e1rio, a liturgia bem vivida\u2026 tudo isso reorganiza a alma.<\/p>\n\n\n\n<h4 class=\"wp-block-heading\">b) Recuperar a comunidade<\/h4>\n\n\n\n<p class=\"wp-block-paragraph\">A Igreja \u00e9 uma <strong>comunidade de salva\u00e7\u00e3o<\/strong>, n\u00e3o um projeto individual. Procura grupos, comunidades, amizades crist\u00e3s onde possas partilhar a f\u00e9 e a vida.<\/p>\n\n\n\n<h4 class=\"wp-block-heading\">c) Formar-se na f\u00e9<\/h4>\n\n\n\n<p class=\"wp-block-paragraph\">O vazio tamb\u00e9m se alimenta da ignor\u00e2ncia. L\u00ea o Evangelho, o Catecismo, os grandes santos e doutores da Igreja. Conhece a verdade para viv\u00ea-la com liberdade.<\/p>\n\n\n\n<h4 class=\"wp-block-heading\">d) Viver a caridade<\/h4>\n\n\n\n<p class=\"wp-block-paragraph\">A p\u00f3s-modernidade torna-nos indiferentes. Mas Cristo chama-nos ao amor concreto: ao necessitado, ao que sofre, ao que pensa de forma diferente. A caridade \u00e9 o rosto mais cred\u00edvel do cristianismo.<\/p>\n\n\n\n<h4 class=\"wp-block-heading\">e) Testemunhar com alegria<\/h4>\n\n\n\n<p class=\"wp-block-paragraph\">Num mundo desesperado, o crist\u00e3o \u00e9 chamado a irradiar uma alegria que n\u00e3o depende das circunst\u00e2ncias, porque a sua fonte \u00e9 Deus.<\/p>\n\n\n\n<hr class=\"wp-block-separator has-alpha-channel-opacity\"\/>\n\n\n\n<h3 class=\"wp-block-heading\">Conclus\u00e3o: S\u00f3 em Cristo, a plenitude da vida<\/h3>\n\n\n\n<p class=\"wp-block-paragraph\">Nietzsche e Marx foram profetas de um mundo sem Deus. As suas vozes ainda ressoam na cultura atual. Mas tamb\u00e9m ressoa outra voz \u2013 mais antiga e eterna \u2013 a voz do Bom Pastor:<\/p>\n\n\n\n<blockquote class=\"wp-block-quote is-layout-flow wp-block-quote-is-layout-flow\">\n<p class=\"wp-block-paragraph\"><em>\u201cEu vim para que tenham vida e a tenham em abund\u00e2ncia.\u201d<\/em> (Jo\u00e3o 10,10)<\/p>\n<\/blockquote>\n\n\n\n<p class=\"wp-block-paragraph\">Esse \u00e9 o \u00fanico caminho que preenche o abismo. N\u00e3o com teorias, n\u00e3o com utopias, mas com uma Pessoa: <strong>Jesus Cristo<\/strong>.<\/p>\n\n\n\n<p class=\"wp-block-paragraph\">N\u00e3o tenhas medo do vazio. Ousa entrar nele com Cristo. Porque onde tudo desaba, <strong>Ele permanece<\/strong>.<\/p>\n\n\n\n<hr class=\"wp-block-separator has-alpha-channel-opacity\"\/>\n\n\n\n<p class=\"wp-block-paragraph\"><em>\u201cSenhor, a quem iremos? Tu tens palavras de vida eterna.\u201d<\/em> (Jo\u00e3o 6,68)<\/p>\n","protected":false},"excerpt":{"rendered":"<p>\u201cFizeste-nos para Ti, Senhor, e o nosso cora\u00e7\u00e3o est\u00e1 inquieto enquanto n\u00e3o repousa em Ti.\u201d \u2013 Santo Agostinho, Confiss\u00f5es. Introdu\u00e7\u00e3o: Um mundo ferido pela perda de sentido Vivemos numa \u00e9poca que pode ser descrita com uma \u00fanica palavra: vazio. N\u00e3o um vazio f\u00edsico, mas espiritual. \u00c9 o vazio da alma humana que j\u00e1 n\u00e3o sabe &hellip;<\/p>\n","protected":false},"author":3,"featured_media":4465,"comment_status":"open","ping_status":"open","sticky":false,"template":"","format":"standard","meta":{"_seopress_titles_title":"","_seopress_titles_desc":"","_seopress_robots_index":"","_seopress_robots_follow":"","_seopress_robots_imageindex":"","_seopress_robots_snippet":"","_seopress_robots_primary_cat":"","_seopress_robots_breadcrumbs":"","_seopress_robots_freeze_modified_date":"","_seopress_robots_custom_modified_date":"","_seopress_robots_canonical":"","_seopress_social_fb_title":"","_seopress_social_fb_desc":"","_seopress_social_fb_img":"","_seopress_social_fb_img_attachment_id":0,"_seopress_social_fb_img_width":0,"_seopress_social_fb_img_height":0,"_seopress_social_twitter_title":"","_seopress_social_twitter_desc":"","_seopress_social_twitter_img":"","_seopress_social_twitter_img_attachment_id":0,"_seopress_social_twitter_img_width":0,"_seopress_social_twitter_img_height":0,"_seopress_redirections_value":"","_seopress_redirections_enabled":"","_seopress_redirections_enabled_regex":"","_seopress_redirections_logged_status":"","_seopress_redirections_param":"","_seopress_redirections_type":0,"_seopress_analysis_target_kw":"","footnotes":""},"categories":[41,63],"tags":[1589,1588],"class_list":["post-4462","post","type-post","status-publish","format-standard","has-post-thumbnail","","category-fe-e-cultura","category-filosofia-e-fe","tag-marx","tag-nietzsche"],"_links":{"self":[{"href":"https:\/\/catholicus.eu\/pt\/wp-json\/wp\/v2\/posts\/4462","targetHints":{"allow":["GET"]}}],"collection":[{"href":"https:\/\/catholicus.eu\/pt\/wp-json\/wp\/v2\/posts"}],"about":[{"href":"https:\/\/catholicus.eu\/pt\/wp-json\/wp\/v2\/types\/post"}],"author":[{"embeddable":true,"href":"https:\/\/catholicus.eu\/pt\/wp-json\/wp\/v2\/users\/3"}],"replies":[{"embeddable":true,"href":"https:\/\/catholicus.eu\/pt\/wp-json\/wp\/v2\/comments?post=4462"}],"version-history":[{"count":1,"href":"https:\/\/catholicus.eu\/pt\/wp-json\/wp\/v2\/posts\/4462\/revisions"}],"predecessor-version":[{"id":4464,"href":"https:\/\/catholicus.eu\/pt\/wp-json\/wp\/v2\/posts\/4462\/revisions\/4464"}],"wp:featuredmedia":[{"embeddable":true,"href":"https:\/\/catholicus.eu\/pt\/wp-json\/wp\/v2\/media\/4465"}],"wp:attachment":[{"href":"https:\/\/catholicus.eu\/pt\/wp-json\/wp\/v2\/media?parent=4462"}],"wp:term":[{"taxonomy":"category","embeddable":true,"href":"https:\/\/catholicus.eu\/pt\/wp-json\/wp\/v2\/categories?post=4462"},{"taxonomy":"post_tag","embeddable":true,"href":"https:\/\/catholicus.eu\/pt\/wp-json\/wp\/v2\/tags?post=4462"}],"curies":[{"name":"wp","href":"https:\/\/api.w.org\/{rel}","templated":true}]}}