{"id":4418,"date":"2025-07-08T16:25:36","date_gmt":"2025-07-08T14:25:36","guid":{"rendered":"https:\/\/catholicus.eu\/pt\/?p=4418"},"modified":"2025-07-08T16:25:37","modified_gmt":"2025-07-08T14:25:37","slug":"protoevangelho-a-primeira-promessa-de-um-salvador-no-genesis","status":"publish","type":"post","link":"https:\/\/catholicus.eu\/pt\/protoevangelho-a-primeira-promessa-de-um-salvador-no-genesis\/","title":{"rendered":"Protoevangelho: A primeira promessa de um Salvador\u2026 no G\u00eanesis!"},"content":{"rendered":"\n<p><em>Uma esperan\u00e7a semeada no cora\u00e7\u00e3o do pecado, uma promessa que atravessa os s\u00e9culos e encontra seu cumprimento em Cristo. O Protoevangelho n\u00e3o \u00e9 apenas o come\u00e7o da hist\u00f3ria da salva\u00e7\u00e3o\u2026 \u00e9 tamb\u00e9m o an\u00fancio da tua pr\u00f3pria reden\u00e7\u00e3o.<\/em><\/p>\n\n\n\n<hr class=\"wp-block-separator has-alpha-channel-opacity\"\/>\n\n\n\n<h2 class=\"wp-block-heading\">I. O que \u00e9 o Protoevangelho?<\/h2>\n\n\n\n<p>A palavra <em>Protoevangelho<\/em> vem do grego: <em>pr\u014dtos<\/em> (primeiro) e <em>euangelion<\/em> (boa nova ou evangelho). Significa literalmente \u201ca primeira boa nova\u201d ou \u201co primeiro evangelho\u201d. Este termo \u00e9 utilizado pela Tradi\u00e7\u00e3o da Igreja para se referir a <strong>G\u00eanesis 3,15<\/strong>, um vers\u00edculo fundamental em que, no meio da queda do homem, Deus anuncia pela primeira vez a vit\u00f3ria final do bem sobre o mal:<\/p>\n\n\n\n<blockquote class=\"wp-block-quote is-layout-flow wp-block-quote-is-layout-flow\">\n<p>\u201cPorei inimizade entre ti e a mulher, entre a tua descend\u00eancia e a descend\u00eancia dela; ela te esmagar\u00e1 a cabe\u00e7a, e tu lhe ferir\u00e1s o calcanhar.\u201d (G\u00eanesis 3,15)<\/p>\n<\/blockquote>\n\n\n\n<p>Esta frase, dirigida \u00e0 serpente \u2014s\u00edmbolo de Satan\u00e1s\u2014 ap\u00f3s o pecado de Ad\u00e3o e Eva, n\u00e3o \u00e9 apenas uma senten\u00e7a de castigo, mas uma <strong>revela\u00e7\u00e3o do plano de salva\u00e7\u00e3o de Deus<\/strong>: uma mulher, uma descend\u00eancia, uma batalha\u2026 e uma vit\u00f3ria final.<\/p>\n\n\n\n<hr class=\"wp-block-separator has-alpha-channel-opacity\"\/>\n\n\n\n<h2 class=\"wp-block-heading\">II. Contexto: A queda e o in\u00edcio da esperan\u00e7a<\/h2>\n\n\n\n<p>O relato de G\u00eanesis 3 \u00e9 um dos mais dram\u00e1ticos e profundos de toda a Sagrada Escritura. O homem e a mulher, criados em harmonia com Deus, com a cria\u00e7\u00e3o e entre si, cedem \u00e0 tenta\u00e7\u00e3o do dem\u00f4nio. A consequ\u00eancia imediata \u00e9 o pecado original, que introduz o sofrimento, a morte e a separa\u00e7\u00e3o de Deus na hist\u00f3ria humana.<\/p>\n\n\n\n<p>Mas <em>Deus n\u00e3o abandona<\/em>. Em vez de destruir o que criou, Ele <strong>oferece uma promessa<\/strong>. Mesmo quando Ad\u00e3o e Eva s\u00e3o expulsos do Para\u00edso, n\u00e3o ficam sem esperan\u00e7a. <strong>Deus anuncia que o mal ser\u00e1 vencido<\/strong>, que haver\u00e1 reden\u00e7\u00e3o, e que ela vir\u00e1 por meio de uma mulher e de sua descend\u00eancia.<\/p>\n\n\n\n<hr class=\"wp-block-separator has-alpha-channel-opacity\"\/>\n\n\n\n<h2 class=\"wp-block-heading\">III. Interpreta\u00e7\u00e3o teol\u00f3gica: Cristo e Maria no G\u00eanesis<\/h2>\n\n\n\n<p>Desde os primeiros s\u00e9culos, os Padres da Igreja viram no Protoevangelho um <strong>an\u00fancio velado de Jesus Cristo e da Virgem Maria<\/strong>.<\/p>\n\n\n\n<h3 class=\"wp-block-heading\">1. <strong>A Mulher<\/strong><\/h3>\n\n\n\n<p>Embora, no contexto imediato, a \u201cmulher\u201d possa se referir a Eva, <strong>a Tradi\u00e7\u00e3o crist\u00e3 viu nessa figura Maria<\/strong>, a nova Eva, a mulher por excel\u00eancia, sem pecado, que d\u00e1 \u00e0 luz o Redentor. Santo Irineu de Li\u00e3o dizia:<\/p>\n\n\n\n<blockquote class=\"wp-block-quote is-layout-flow wp-block-quote-is-layout-flow\">\n<p>\u201cAssim como Eva, desobedecendo, tornou-se causa de morte para si e para todo o g\u00eanero humano, assim tamb\u00e9m Maria, obedecendo, tornou-se causa de salva\u00e7\u00e3o para si e para todo o g\u00eanero humano.\u201d<\/p>\n<\/blockquote>\n\n\n\n<p>Maria \u00e9 essa \u201cmulher\u201d que estar\u00e1 em inimizade perp\u00e9tua com a serpente, preservada do pecado original pelo privil\u00e9gio de sua Imaculada Concei\u00e7\u00e3o.<\/p>\n\n\n\n<h3 class=\"wp-block-heading\">2. <strong>A Descend\u00eancia<\/strong><\/h3>\n\n\n\n<p>A \u201cdescend\u00eancia\u201d da mulher, no singular, <strong>\u00e9 interpretada como uma pessoa: Jesus Cristo<\/strong>. \u00c9 Ele quem, na cruz, esmaga a cabe\u00e7a da serpente, vencendo o pecado e a morte. A frase \u201cele te esmagar\u00e1 a cabe\u00e7a\u201d (\u00e0s vezes tamb\u00e9m traduzida como \u201cela te esmagar\u00e1 a cabe\u00e7a\u201d) aponta para uma <strong>vit\u00f3ria total<\/strong> sobre Satan\u00e1s, embora n\u00e3o sem sofrimento: \u201ctu lhe ferir\u00e1s o calcanhar\u201d refere-se \u00e0 paix\u00e3o de Cristo, \u00e0 sua entrega total at\u00e9 a morte.<\/p>\n\n\n\n<p>O Catecismo da Igreja Cat\u00f3lica resume assim:<\/p>\n\n\n\n<blockquote class=\"wp-block-quote is-layout-flow wp-block-quote-is-layout-flow\">\n<p>\u201cEste trecho \u00e9 chamado \u2018Protoevangelho\u2019, porque \u00e9 o primeiro an\u00fancio do Messias Redentor, de uma luta entre a serpente e a Mulher, e da vit\u00f3ria final de um descendente dela.\u201d (CIC, 410)<\/p>\n<\/blockquote>\n\n\n\n<hr class=\"wp-block-separator has-alpha-channel-opacity\"\/>\n\n\n\n<h2 class=\"wp-block-heading\">IV. Relev\u00e2ncia atual: O que isso significa para n\u00f3s hoje?<\/h2>\n\n\n\n<h3 class=\"wp-block-heading\">1. <strong>O mal n\u00e3o tem a \u00faltima palavra<\/strong><\/h3>\n\n\n\n<p>Vivemos em um mundo ferido. O pecado, o sofrimento, a viol\u00eancia e a morte parecem muitas vezes ter a vantagem. Mas o Protoevangelho nos recorda que, desde o princ\u00edpio, <strong>Deus tra\u00e7ou um caminho de salva\u00e7\u00e3o<\/strong>. Essa promessa n\u00e3o \u00e9 apenas para Ad\u00e3o e Eva\u2026 <strong>\u00e9 tamb\u00e9m para ti e para mim<\/strong>.<\/p>\n\n\n\n<p>Quando sentimos que o mal nos domina \u2014seja o pecado pessoal, as estruturas injustas ou as feridas do passado\u2014 o Protoevangelho nos assegura que <strong>Cristo venceu<\/strong>. N\u00e3o estamos condenados a viver na escravid\u00e3o.<\/p>\n\n\n\n<h3 class=\"wp-block-heading\">2. <strong>Uma espiritualidade de luta e esperan\u00e7a<\/strong><\/h3>\n\n\n\n<p>G\u00eanesis 3,15 fala de inimizade, de batalha. A vida crist\u00e3 \u00e9 uma luta constante contra o pecado, contra o dem\u00f4nio e contra as nossas pr\u00f3prias fraquezas. Mas n\u00e3o \u00e9 uma luta sem sentido. Sabemos que <strong>o final j\u00e1 est\u00e1 escrito<\/strong>: Cristo \u00e9 vencedor.<\/p>\n\n\n\n<p>Esse an\u00fancio nos chama a <strong>viver com esperan\u00e7a ativa<\/strong>, confiando em Deus e tomando decis\u00f5es que nos aproximem d\u2019Ele. S\u00e3o Paulo o expressa assim:<\/p>\n\n\n\n<blockquote class=\"wp-block-quote is-layout-flow wp-block-quote-is-layout-flow\">\n<p>\u201cO Deus da paz esmagar\u00e1 em breve Satan\u00e1s debaixo dos vossos p\u00e9s.\u201d (Romanos 16,20)<\/p>\n<\/blockquote>\n\n\n\n<p>Tu e eu somos chamados a participar dessa vit\u00f3ria. N\u00e3o como espectadores, mas como soldados da luz.<\/p>\n\n\n\n<h3 class=\"wp-block-heading\">3. <strong>O papel central de Maria<\/strong><\/h3>\n\n\n\n<p>A Virgem Maria n\u00e3o \u00e9 um acess\u00f3rio devocional, mas parte central do plano de salva\u00e7\u00e3o. Ela, desde sua Imaculada Concei\u00e7\u00e3o, \u00e9 a inimiga eterna do dem\u00f4nio. Por isso, os santos e a Tradi\u00e7\u00e3o viram no Ros\u00e1rio, no escapul\u00e1rio do Carmo, nas ladainhas e nas consagra\u00e7\u00f5es marianas <strong>armas poderosas contra o mal<\/strong>.<\/p>\n\n\n\n<p>Num mundo que tenta relativizar o mal, Maria nos lembra que h\u00e1 uma verdadeira batalha espiritual. Mas tamb\u00e9m que n\u00e3o estamos sozinhos.<\/p>\n\n\n\n<hr class=\"wp-block-separator has-alpha-channel-opacity\"\/>\n\n\n\n<h2 class=\"wp-block-heading\">V. O Protoevangelho e a tua vida cotidiana<\/h2>\n\n\n\n<p>Como podemos aplicar esse an\u00fancio primordial da salva\u00e7\u00e3o no nosso dia a dia?<\/p>\n\n\n\n<h3 class=\"wp-block-heading\">A. <strong>Viver com esperan\u00e7a<\/strong><\/h3>\n\n\n\n<p>N\u00e3o importa qu\u00e3o quebrada pare\u00e7a tua vida, tua fam\u00edlia ou tua hist\u00f3ria. Deus \u00e9 especialista em come\u00e7ar hist\u00f3rias de reden\u00e7\u00e3o no meio das ru\u00ednas. Ele o fez com Ad\u00e3o e Eva\u2026 e quer faz\u00ea-lo contigo.<\/p>\n\n\n\n<h3 class=\"wp-block-heading\">B. <strong>Renunciar ao pecado<\/strong><\/h3>\n\n\n\n<p>O pecado n\u00e3o \u00e9 um jogo ou uma escolha neutra. Ele tem consequ\u00eancias e nos afasta do plano de Deus. Mas o Protoevangelho nos impulsiona a <strong>retornar \u00e0 gra\u00e7a, \u00e0 confiss\u00e3o, ao arrependimento verdadeiro<\/strong>.<\/p>\n\n\n\n<h3 class=\"wp-block-heading\">C. <strong>Invocar Maria<\/strong><\/h3>\n\n\n\n<p>Consagra-te \u00e0 Virgem. Invoca-a nos momentos de tenta\u00e7\u00e3o. Reza com as palavras do <em>Sub tuum praesidium<\/em>, da Ave-Maria, do Magnificat\u2026 Ela esmaga a cabe\u00e7a da serpente.<\/p>\n\n\n\n<h3 class=\"wp-block-heading\">D. <strong>Lutar com f\u00e9<\/strong><\/h3>\n\n\n\n<p>Tu n\u00e3o est\u00e1s s\u00f3. A batalha espiritual n\u00e3o se vence com for\u00e7as humanas, mas com os sacramentos, a ora\u00e7\u00e3o e a Palavra de Deus. Vive cada Eucaristia como uma batalha, cada confiss\u00e3o como uma vit\u00f3ria.<\/p>\n\n\n\n<hr class=\"wp-block-separator has-alpha-channel-opacity\"\/>\n\n\n\n<h2 class=\"wp-block-heading\">VI. Uma mensagem eterna que atravessa os s\u00e9culos<\/h2>\n\n\n\n<p>O Protoevangelho n\u00e3o \u00e9 uma nota de rodap\u00e9 do Antigo Testamento. Ele \u00e9 <strong>a primeira proclama\u00e7\u00e3o do Evangelho<\/strong>, a semente da Boa Nova que se desenvolver\u00e1 por toda a Escritura. \u00c9 o gr\u00e3o de mostarda da esperan\u00e7a que brota mesmo em meio ao pecado.<\/p>\n\n\n\n<p>E, acima de tudo, <strong>\u00e9 uma promessa pessoal para ti<\/strong>.<\/p>\n\n\n\n<p>Tu tamb\u00e9m podes vencer o mal com Cristo. Tu tamb\u00e9m podes ser parte da descend\u00eancia da Mulher, do povo que n\u00e3o desiste, que espera, que luta, que cr\u00ea.<\/p>\n\n\n\n<hr class=\"wp-block-separator has-alpha-channel-opacity\"\/>\n\n\n\n<h2 class=\"wp-block-heading\">VII. Para meditar e rezar<\/h2>\n\n\n\n<p>Convido-te a meditar esta semana sobre G\u00eanesis 3,15 e Romanos 16,20. Repete estas palavras com f\u00e9:<\/p>\n\n\n\n<blockquote class=\"wp-block-quote is-layout-flow wp-block-quote-is-layout-flow\">\n<p>\u201cO Deus da paz esmagar\u00e1 em breve Satan\u00e1s debaixo dos vossos p\u00e9s.\u201d<\/p>\n<\/blockquote>\n\n\n\n<p>E reza com Maria, a Mulher do Apocalipse (Ap 12), a nova Eva, a Rainha revestida de sol:<\/p>\n\n\n\n<blockquote class=\"wp-block-quote is-layout-flow wp-block-quote-is-layout-flow\">\n<p>\u201c\u00d3 Maria, concebida sem pecado, rogai por n\u00f3s que recorremos a v\u00f3s.\u201d<\/p>\n<\/blockquote>\n\n\n\n<hr class=\"wp-block-separator has-alpha-channel-opacity\"\/>\n\n\n\n<h2 class=\"wp-block-heading\">Conclus\u00e3o<\/h2>\n\n\n\n<p>No primeiro livro da B\u00edblia, quando tudo parecia perdido, <strong>Deus falou de vit\u00f3ria<\/strong>. Essa promessa \u00e9 o que chamamos <em>Protoevangelho<\/em>. E hoje, mais do que nunca, precisamos lembrar que <strong>a vit\u00f3ria j\u00e1 foi prometida\u2026 e conquistada<\/strong> em Jesus Cristo.<\/p>\n\n\n\n<p>Que tua vida seja transformada \u00e0 luz dessa primeira Boa Nova.<\/p>\n","protected":false},"excerpt":{"rendered":"<p>Uma esperan\u00e7a semeada no cora\u00e7\u00e3o do pecado, uma promessa que atravessa os s\u00e9culos e encontra seu cumprimento em Cristo. O Protoevangelho n\u00e3o \u00e9 apenas o come\u00e7o da hist\u00f3ria da salva\u00e7\u00e3o\u2026 \u00e9 tamb\u00e9m o an\u00fancio da tua pr\u00f3pria reden\u00e7\u00e3o. I. O que \u00e9 o Protoevangelho? A palavra Protoevangelho vem do grego: pr\u014dtos (primeiro) e euangelion (boa &hellip;<\/p>\n","protected":false},"author":3,"featured_media":4419,"comment_status":"open","ping_status":"open","sticky":false,"template":"","format":"standard","meta":{"_seopress_robots_primary_cat":"","_seopress_titles_title":"","_seopress_titles_desc":"","_seopress_robots_index":"","footnotes":""},"categories":[37,45],"tags":[1575],"class_list":["post-4418","post","type-post","status-publish","format-standard","has-post-thumbnail","","category-doutrina-e-fe","category-sagradas-escrituras","tag-protoevangelho"],"_links":{"self":[{"href":"https:\/\/catholicus.eu\/pt\/wp-json\/wp\/v2\/posts\/4418","targetHints":{"allow":["GET"]}}],"collection":[{"href":"https:\/\/catholicus.eu\/pt\/wp-json\/wp\/v2\/posts"}],"about":[{"href":"https:\/\/catholicus.eu\/pt\/wp-json\/wp\/v2\/types\/post"}],"author":[{"embeddable":true,"href":"https:\/\/catholicus.eu\/pt\/wp-json\/wp\/v2\/users\/3"}],"replies":[{"embeddable":true,"href":"https:\/\/catholicus.eu\/pt\/wp-json\/wp\/v2\/comments?post=4418"}],"version-history":[{"count":1,"href":"https:\/\/catholicus.eu\/pt\/wp-json\/wp\/v2\/posts\/4418\/revisions"}],"predecessor-version":[{"id":4420,"href":"https:\/\/catholicus.eu\/pt\/wp-json\/wp\/v2\/posts\/4418\/revisions\/4420"}],"wp:featuredmedia":[{"embeddable":true,"href":"https:\/\/catholicus.eu\/pt\/wp-json\/wp\/v2\/media\/4419"}],"wp:attachment":[{"href":"https:\/\/catholicus.eu\/pt\/wp-json\/wp\/v2\/media?parent=4418"}],"wp:term":[{"taxonomy":"category","embeddable":true,"href":"https:\/\/catholicus.eu\/pt\/wp-json\/wp\/v2\/categories?post=4418"},{"taxonomy":"post_tag","embeddable":true,"href":"https:\/\/catholicus.eu\/pt\/wp-json\/wp\/v2\/tags?post=4418"}],"curies":[{"name":"wp","href":"https:\/\/api.w.org\/{rel}","templated":true}]}}