{"id":4409,"date":"2025-07-08T09:10:46","date_gmt":"2025-07-08T07:10:46","guid":{"rendered":"https:\/\/catholicus.eu\/pt\/?p=4409"},"modified":"2025-07-08T09:10:47","modified_gmt":"2025-07-08T07:10:47","slug":"kerygma-o-nucleo-do-evangelho-que-ate-uma-crianca-pode-explicar","status":"publish","type":"post","link":"https:\/\/catholicus.eu\/pt\/kerygma-o-nucleo-do-evangelho-que-ate-uma-crianca-pode-explicar\/","title":{"rendered":"Kerygma: O n\u00facleo do Evangelho que at\u00e9 uma crian\u00e7a pode explicar"},"content":{"rendered":"\n<p><em>Um guia profundo, atual e acess\u00edvel para redescobrir o cora\u00e7\u00e3o do cristianismo<\/em><\/p>\n\n\n\n<hr class=\"wp-block-separator has-alpha-channel-opacity\"\/>\n\n\n\n<h3 class=\"wp-block-heading\">1. O que \u00e9 o Kerygma?<\/h3>\n\n\n\n<p>O termo <strong>Kerygma<\/strong> vem do grego <em>k\u0113rygma<\/em>, que significa <em>proclama\u00e7\u00e3o<\/em> ou <em>an\u00fancio<\/em>. A sua raiz \u00e9 o verbo <em>k\u0113r\u00fdssein<\/em>, que quer dizer \u201cproclamar como um arauto\u201d. No contexto crist\u00e3o, o kerygma \u00e9 <strong>o an\u00fancio essencial do Evangelho<\/strong>, o n\u00facleo vital da mensagem que Cristo confiou aos ap\u00f3stolos: o an\u00fancio da Sua morte e ressurrei\u00e7\u00e3o, e o convite \u00e0 convers\u00e3o para alcan\u00e7ar a salva\u00e7\u00e3o.<\/p>\n\n\n\n<p>\u00c9 t\u00e3o simples que at\u00e9 uma crian\u00e7a pode compreend\u00ea-lo, e t\u00e3o profundo que pode sustentar uma vida inteira de f\u00e9 \u2014 ou at\u00e9 mesmo uma civiliza\u00e7\u00e3o inteira. O Kerygma n\u00e3o \u00e9 apenas doutrina ou moral; <strong>\u00e9 uma proclama\u00e7\u00e3o de vida<\/strong>, uma mensagem que muda os cora\u00e7\u00f5es e transforma destinos.<\/p>\n\n\n\n<hr class=\"wp-block-separator has-alpha-channel-opacity\"\/>\n\n\n\n<h3 class=\"wp-block-heading\">2. O Kerygma nas Escrituras: Uma proclama\u00e7\u00e3o apost\u00f3lica<\/h3>\n\n\n\n<p>Desde o momento de Pentecostes, os ap\u00f3stolos proclamaram o Kerygma com for\u00e7a e simplicidade. Eles n\u00e3o come\u00e7aram explicando tratados filos\u00f3ficos ou teologias complexas. O seu primeiro impulso foi <strong>anunciar Cristo crucificado e ressuscitado<\/strong>.<\/p>\n\n\n\n<p>S\u00e3o Pedro, em seu discurso de Pentecostes (Atos 2), expressa isso claramente:<\/p>\n\n\n\n<blockquote class=\"wp-block-quote is-layout-flow wp-block-quote-is-layout-flow\">\n<p>\u00abA esse Jesus, Deus ressuscitou, e disso todos n\u00f3s somos testemunhas. Exaltado, pois, pela direita de Deus [&#8230;] saiba, pois, com certeza toda a casa de Israel: Deus o fez Senhor e Cristo, a esse Jesus que v\u00f3s crucificastes.\u00bb<br><em>(Atos 2,32\u201336)<\/em><\/p>\n<\/blockquote>\n\n\n\n<p>Este \u00e9 o cora\u00e7\u00e3o do Kerygma:<\/p>\n\n\n\n<ol class=\"wp-block-list\">\n<li>Deus te ama e te criou para um relacionamento com Ele.<\/li>\n\n\n\n<li>O pecado nos separa de Deus.<\/li>\n\n\n\n<li>Jesus morreu pelos nossos pecados.<\/li>\n\n\n\n<li>Deus o ressuscitou, e Ele est\u00e1 vivo.<\/li>\n\n\n\n<li>Ele nos chama \u00e0 convers\u00e3o, ao arrependimento e a receber o dom do Esp\u00edrito Santo.<\/li>\n\n\n\n<li>Entramos numa vida nova em Cristo e na sua Igreja.<\/li>\n<\/ol>\n\n\n\n<hr class=\"wp-block-separator has-alpha-channel-opacity\"\/>\n\n\n\n<h3 class=\"wp-block-heading\">3. Por que o Kerygma \u00e9 t\u00e3o importante hoje?<\/h3>\n\n\n\n<p>Em uma \u00e9poca marcada pelo relativismo, pela confus\u00e3o moral e pelo cansa\u00e7o espiritual, \u00e9 f\u00e1cil cair na tenta\u00e7\u00e3o de reduzir o cristianismo \u00e0 \u00e9tica social, \u00e0 espiritualidade \u201cleve\u201d ou a estruturas rituais sem vida.<\/p>\n\n\n\n<p>Mas <strong>o cristianismo n\u00e3o come\u00e7a com uma regra \u2014 come\u00e7a com uma Pessoa<\/strong>: Jesus Cristo.<\/p>\n\n\n\n<p>O Papa Francisco expressou isso com for\u00e7a em <em>Evangelii Gaudium<\/em>:<\/p>\n\n\n\n<blockquote class=\"wp-block-quote is-layout-flow wp-block-quote-is-layout-flow\">\n<p>\u00abNo centro do Evangelho est\u00e1 a beleza do amor salv\u00edfico de Deus manifestado em Jesus Cristo morto e ressuscitado.\u00bb (EG, 36)<\/p>\n<\/blockquote>\n\n\n\n<p>E ainda mais profundamente, ele disse:<\/p>\n\n\n\n<blockquote class=\"wp-block-quote is-layout-flow wp-block-quote-is-layout-flow\">\n<p>\u00abN\u00e3o se deve pensar que, na catequese, o Kerygma cede lugar a uma forma\u00e7\u00e3o supostamente mais \u2018s\u00f3lida\u2019. Nada h\u00e1 de mais s\u00f3lido, profundo, seguro, significativo e s\u00e1bio do que esse primeiro an\u00fancio.\u00bb (EG, 165)<\/p>\n<\/blockquote>\n\n\n\n<p><strong>Hoje mais do que nunca, a Igreja precisa voltar ao Kerygma.<\/strong> Porque \u00e9 a \u00fanica coisa capaz de acender um novo fogo nos cora\u00e7\u00f5es frios, devolver a esperan\u00e7a \u00e0s almas feridas, salvar os perdidos. Nenhuma pastoral dar\u00e1 frutos sem o Kerygma. Nenhuma catequese ser\u00e1 fecunda se n\u00e3o come\u00e7ar pelo encontro com Cristo vivo.<\/p>\n\n\n\n<hr class=\"wp-block-separator has-alpha-channel-opacity\"\/>\n\n\n\n<h3 class=\"wp-block-heading\">4. A profundidade teol\u00f3gica do Kerygma: Mais do que um resumo<\/h3>\n\n\n\n<p>Embora pare\u00e7a uma f\u00f3rmula simples, o Kerygma <strong>condensa toda a teologia crist\u00e3 em forma de semente<\/strong>. Assim como o DNA de um corpo cont\u00e9m toda a sua estrutura, o Kerygma cont\u00e9m as verdades essenciais da f\u00e9:<\/p>\n\n\n\n<ul class=\"wp-block-list\">\n<li><strong>Cristologia<\/strong>: proclama que Jesus \u00e9 o Filho de Deus, verdadeiro Deus e verdadeiro homem, crucificado e ressuscitado.<\/li>\n\n\n\n<li><strong>Soteriologia<\/strong>: anuncia que Sua morte tem poder redentor; que somos salvos n\u00e3o pelos nossos m\u00e9ritos, mas pela gra\u00e7a.<\/li>\n\n\n\n<li><strong>Pneumatologia<\/strong>: abre a porta ao Esp\u00edrito Santo, que age hoje como em Pentecostes.<\/li>\n\n\n\n<li><strong>Eclesiologia<\/strong>: convida-nos a entrar na Igreja, o Corpo de Cristo, onde vivemos essa salva\u00e7\u00e3o.<\/li>\n\n\n\n<li><strong>Escatologia<\/strong>: recorda-nos que tudo est\u00e1 orientado para a plenitude da vida eterna com Deus.<\/li>\n<\/ul>\n\n\n\n<p>O Kerygma, portanto, <strong>n\u00e3o \u00e9 opcional<\/strong>. \u00c9 a \u201cporta de entrada\u201d de todo o edif\u00edcio da f\u00e9. Como dizia o Beato Paulo VI em <em>Evangelii Nuntiandi<\/em> (n. 27):<\/p>\n\n\n\n<blockquote class=\"wp-block-quote is-layout-flow wp-block-quote-is-layout-flow\">\n<p>\u00abN\u00e3o h\u00e1 verdadeira evangeliza\u00e7\u00e3o se o nome, o ensinamento, a vida, as promessas, o Reino e o mist\u00e9rio de Jesus de Nazar\u00e9, Filho de Deus, n\u00e3o forem anunciados.\u00bb<\/p>\n<\/blockquote>\n\n\n\n<hr class=\"wp-block-separator has-alpha-channel-opacity\"\/>\n\n\n\n<h3 class=\"wp-block-heading\">5. O Kerygma \u00e9 para todos: Dimens\u00f5es pastoral e mission\u00e1ria<\/h3>\n\n\n\n<p>Um dos grandes erros pastorais contempor\u00e2neos foi supor que o Kerygma \u00e9 apenas para os \u201cnovatos\u201d, para os distantes, para os que n\u00e3o conhecem Cristo. Nada poderia estar mais errado.<\/p>\n\n\n\n<p><strong>Todos n\u00f3s precisamos ser evangelizados continuamente.<\/strong><\/p>\n\n\n\n<p>O crist\u00e3o jamais pode deixar de ouvir esse an\u00fancio essencial. Porque na vida h\u00e1 quedas, secura, rotina\u2026 e o Kerygma <strong>renova a alma<\/strong>, como a chuva refresca a terra ressequida.<\/p>\n\n\n\n<p>Pastoralmente, isso tem consequ\u00eancias muito concretas:<\/p>\n\n\n\n<ul class=\"wp-block-list\">\n<li><strong>Na catequese<\/strong>: n\u00e3o pode come\u00e7ar com os mandamentos ou sacramentos sem antes proclamar Jesus como vivo.<\/li>\n\n\n\n<li><strong>Na prega\u00e7\u00e3o<\/strong>: toda homilia deve ter um tom kerygm\u00e1tico, e n\u00e3o apenas moral ou doutrinal.<\/li>\n\n\n\n<li><strong>Na fam\u00edlia<\/strong>: os pais devem anunciar o amor de Deus aos filhos com palavras simples e testemunho sincero.<\/li>\n\n\n\n<li><strong>Nos sacramentos<\/strong>: a confiss\u00e3o, a Eucaristia, at\u00e9 o batismo devem estar rodeados por esse an\u00fancio vital.<\/li>\n<\/ul>\n\n\n\n<hr class=\"wp-block-separator has-alpha-channel-opacity\"\/>\n\n\n\n<h3 class=\"wp-block-heading\">6. Como viver o Kerygma no dia a dia<\/h3>\n\n\n\n<p>O Kerygma n\u00e3o \u00e9 apenas uma mensagem a ser ouvida. \u00c9 <strong>uma verdade a ser vivida<\/strong>. Integr\u00e1-lo em nossa vida di\u00e1ria permite que ele se torne o motor da nossa identidade crist\u00e3.<\/p>\n\n\n\n<h4 class=\"wp-block-heading\">a) <strong>Agrade\u00e7a todos os dias pela sua salva\u00e7\u00e3o<\/strong><\/h4>\n\n\n\n<p>Acorde a cada manh\u00e3 dizendo: \u201cObrigado, Jesus, por me amar e morrer por mim!\u201d Isso muda o tom do seu dia.<\/p>\n\n\n\n<h4 class=\"wp-block-heading\">b) <strong>Arrependa-se com frequ\u00eancia<\/strong><\/h4>\n\n\n\n<p>N\u00e3o h\u00e1 proclama\u00e7\u00e3o de salva\u00e7\u00e3o sem consci\u00eancia do pecado. Examine sua vida com humildade. Pe\u00e7a perd\u00e3o. Procure o sacramento da Reconcilia\u00e7\u00e3o.<\/p>\n\n\n\n<h4 class=\"wp-block-heading\">c) <strong>Fale sobre Jesus<\/strong><\/h4>\n\n\n\n<p>Sim, fale com os outros \u2014 seus filhos, amigos, colegas de trabalho. N\u00e3o imponha, mas <strong>proclame com alegria<\/strong> que Jesus est\u00e1 vivo e voc\u00ea O conhece.<\/p>\n\n\n\n<h4 class=\"wp-block-heading\">d) <strong>Viva em comunidade<\/strong><\/h4>\n\n\n\n<p>Participe ativamente de uma comunidade crist\u00e3 que viva o Evangelho de cora\u00e7\u00e3o \u2014 onde haja an\u00fancio, fraternidade, caridade e ora\u00e7\u00e3o.<\/p>\n\n\n\n<h4 class=\"wp-block-heading\">e) <strong>Confie na for\u00e7a do Esp\u00edrito Santo<\/strong><\/h4>\n\n\n\n<p>Voc\u00ea n\u00e3o est\u00e1 sozinho. O mesmo Esp\u00edrito que ressuscitou Jesus vive em voc\u00ea. Confie, pe\u00e7a Sua for\u00e7a, deixe-se conduzir por Ele.<\/p>\n\n\n\n<hr class=\"wp-block-separator has-alpha-channel-opacity\"\/>\n\n\n\n<h3 class=\"wp-block-heading\">7. O Kerygma nas palavras de uma crian\u00e7a<\/h3>\n\n\n\n<p>Um catequista contou que perguntou certa vez a uma crian\u00e7a de sete anos por que ela era crist\u00e3. A crian\u00e7a respondeu:<\/p>\n\n\n\n<blockquote class=\"wp-block-quote is-layout-flow wp-block-quote-is-layout-flow\">\n<p>\u00abPorque Jesus me ama, morreu por mim e agora vive comigo.\u00bb<\/p>\n<\/blockquote>\n\n\n\n<p>Isso \u00e9 <strong>a ess\u00eancia do Kerygma<\/strong>. Sem complica\u00e7\u00f5es. Sem enfeites. Apenas a verdade que salva.<\/p>\n\n\n\n<hr class=\"wp-block-separator has-alpha-channel-opacity\"\/>\n\n\n\n<h3 class=\"wp-block-heading\">8. Conclus\u00e3o: Voltar ao princ\u00edpio<\/h3>\n\n\n\n<p>Voltar ao Kerygma n\u00e3o \u00e9 retroceder. \u00c9 <strong>retornar ao centro<\/strong>, ao fogo que aquece todo o resto. \u00c9 permitir que o primeiro an\u00fancio seja tamb\u00e9m o \u00faltimo: <strong>Cristo vive e te ama<\/strong>. Ele venceu o pecado e a morte. E chama voc\u00ea pelo nome.<\/p>\n\n\n\n<blockquote class=\"wp-block-quote is-layout-flow wp-block-quote-is-layout-flow\">\n<p>\u00abAi de mim se eu n\u00e3o anunciar o Evangelho!\u00bb<br><em>(1 Cor\u00edntios 9,16)<\/em><\/p>\n<\/blockquote>\n\n\n\n<hr class=\"wp-block-separator has-alpha-channel-opacity\"\/>\n\n\n\n<h3 class=\"wp-block-heading\">Reze, proclame, viva o Kerygma.<\/h3>\n\n\n\n<p>Porque nele est\u00e1 a Vida. E essa Vida\u2026 chama-se Jesus Cristo.<\/p>\n","protected":false},"excerpt":{"rendered":"<p>Um guia profundo, atual e acess\u00edvel para redescobrir o cora\u00e7\u00e3o do cristianismo 1. O que \u00e9 o Kerygma? O termo Kerygma vem do grego k\u0113rygma, que significa proclama\u00e7\u00e3o ou an\u00fancio. A sua raiz \u00e9 o verbo k\u0113r\u00fdssein, que quer dizer \u201cproclamar como um arauto\u201d. No contexto crist\u00e3o, o kerygma \u00e9 o an\u00fancio essencial do Evangelho, &hellip;<\/p>\n","protected":false},"author":3,"featured_media":4410,"comment_status":"open","ping_status":"open","sticky":false,"template":"","format":"standard","meta":{"_seopress_robots_primary_cat":"","_seopress_titles_title":"","_seopress_titles_desc":"","_seopress_robots_index":"","footnotes":""},"categories":[38,51],"tags":[1571],"class_list":["post-4409","post","type-post","status-publish","format-standard","has-post-thumbnail","","category-historia-e-tradicao","category-magisterio-da-igreja","tag-kerygma"],"_links":{"self":[{"href":"https:\/\/catholicus.eu\/pt\/wp-json\/wp\/v2\/posts\/4409","targetHints":{"allow":["GET"]}}],"collection":[{"href":"https:\/\/catholicus.eu\/pt\/wp-json\/wp\/v2\/posts"}],"about":[{"href":"https:\/\/catholicus.eu\/pt\/wp-json\/wp\/v2\/types\/post"}],"author":[{"embeddable":true,"href":"https:\/\/catholicus.eu\/pt\/wp-json\/wp\/v2\/users\/3"}],"replies":[{"embeddable":true,"href":"https:\/\/catholicus.eu\/pt\/wp-json\/wp\/v2\/comments?post=4409"}],"version-history":[{"count":1,"href":"https:\/\/catholicus.eu\/pt\/wp-json\/wp\/v2\/posts\/4409\/revisions"}],"predecessor-version":[{"id":4411,"href":"https:\/\/catholicus.eu\/pt\/wp-json\/wp\/v2\/posts\/4409\/revisions\/4411"}],"wp:featuredmedia":[{"embeddable":true,"href":"https:\/\/catholicus.eu\/pt\/wp-json\/wp\/v2\/media\/4410"}],"wp:attachment":[{"href":"https:\/\/catholicus.eu\/pt\/wp-json\/wp\/v2\/media?parent=4409"}],"wp:term":[{"taxonomy":"category","embeddable":true,"href":"https:\/\/catholicus.eu\/pt\/wp-json\/wp\/v2\/categories?post=4409"},{"taxonomy":"post_tag","embeddable":true,"href":"https:\/\/catholicus.eu\/pt\/wp-json\/wp\/v2\/tags?post=4409"}],"curies":[{"name":"wp","href":"https:\/\/api.w.org\/{rel}","templated":true}]}}