{"id":4406,"date":"2025-07-07T23:28:41","date_gmt":"2025-07-07T21:28:41","guid":{"rendered":"https:\/\/catholicus.eu\/pt\/?p=4406"},"modified":"2025-07-07T23:28:41","modified_gmt":"2025-07-07T21:28:41","slug":"magisterio-quem-tem-a-ultima-palavra-na-igreja","status":"publish","type":"post","link":"https:\/\/catholicus.eu\/pt\/magisterio-quem-tem-a-ultima-palavra-na-igreja\/","title":{"rendered":"Magist\u00e9rio: Quem tem a \u00faltima palavra na Igreja?"},"content":{"rendered":"\n<p><em>Um guia teol\u00f3gico, pastoral e espiritual para compreender a autoridade na Igreja Cat\u00f3lica hoje<\/em><\/p>\n\n\n\n<hr class=\"wp-block-separator has-alpha-channel-opacity\"\/>\n\n\n\n<h3 class=\"wp-block-heading\">Introdu\u00e7\u00e3o: Quem fala em nome de Deus?<\/h3>\n\n\n\n<p>Em tempos de confus\u00e3o, tens\u00f5es internas na Igreja e opini\u00f5es divergentes \u2014 at\u00e9 mesmo entre os fi\u00e9is \u2014 muitos cat\u00f3licos se fazem uma pergunta central:<br><strong>Quem tem a \u00faltima palavra na Igreja?<\/strong><br>\u00c9 o Papa? Os bispos? A Sagrada Escritura? Ou a consci\u00eancia pessoal iluminada pelo Esp\u00edrito Santo?<\/p>\n\n\n\n<p>A resposta a essa pergunta n\u00e3o \u00e9 apenas te\u00f3rica, mas profundamente <strong>pr\u00e1tica e espiritual<\/strong>. Saber quem tem a \u00faltima palavra na Igreja n\u00e3o trata apenas de uma quest\u00e3o de autoridade: significa <strong>compreender como viver na verdade, permanecer unido ao Corpo de Cristo, caminhar na f\u00e9 e discernir com sabedoria no barulho do mundo.<\/strong><\/p>\n\n\n\n<p>Este artigo deseja ajud\u00e1-lo a descobrir a profundidade e a beleza do <strong>Magist\u00e9rio da Igreja<\/strong>: sua hist\u00f3ria, seu fundamento teol\u00f3gico, sua atualidade \u2014 e, sobretudo, <strong>como ele pode guiar e fortalecer a sua vida crist\u00e3 cotidiana.<\/strong><\/p>\n\n\n\n<hr class=\"wp-block-separator has-alpha-channel-opacity\"\/>\n\n\n\n<h2 class=\"wp-block-heading\">1. O que \u00e9 o Magist\u00e9rio da Igreja?<\/h2>\n\n\n\n<p>A palavra <em>magist\u00e9rio<\/em> vem do latim <em>magister<\/em>, que significa \u201cmestre\u201d. \u00c9 a miss\u00e3o da Igreja de <strong>ensinar, guardar e interpretar autenticamente o Evangelho<\/strong>.<br>N\u00e3o se trata de um poder humano, mas de <strong>uma miss\u00e3o divina confiada pelo pr\u00f3prio Cristo<\/strong>.<\/p>\n\n\n\n<p>O <em>Catecismo da Igreja Cat\u00f3lica<\/em> explica:<\/p>\n\n\n\n<blockquote class=\"wp-block-quote is-layout-flow wp-block-quote-is-layout-flow\">\n<p><strong>\u00abO encargo de interpretar autenticamente a Palavra de Deus, escrita ou transmitida, foi confiado unicamente ao Magist\u00e9rio vivo da Igreja, cuja autoridade \u00e9 exercida em nome de Jesus Cristo. Esse Magist\u00e9rio n\u00e3o est\u00e1 acima da Palavra de Deus, mas a servi\u00e7o dela.\u00bb<\/strong> (CIC 85)<\/p>\n<\/blockquote>\n\n\n\n<p>O Magist\u00e9rio <strong>n\u00e3o est\u00e1 acima da Revela\u00e7\u00e3o<\/strong>, mas <strong>a serve<\/strong>, para proteg\u00ea-la e transmiti-la fielmente atrav\u00e9s dos s\u00e9culos.<\/p>\n\n\n\n<hr class=\"wp-block-separator has-alpha-channel-opacity\"\/>\n\n\n\n<h2 class=\"wp-block-heading\">2. Quem comp\u00f5e o Magist\u00e9rio?<\/h2>\n\n\n\n<h3 class=\"wp-block-heading\">a) <strong>O Papa sozinho:<\/strong><\/h3>\n\n\n\n<p>Quando o Papa fala <em>ex cathedra<\/em> (ou seja, de forma solene e definitiva sobre quest\u00f5es de f\u00e9 e moral), seu ensinamento \u00e9 <strong>infal\u00edvel<\/strong>, por assist\u00eancia do Esp\u00edrito Santo. Essa verdade foi definida como <strong>dogma no Conc\u00edlio Vaticano I (1870)<\/strong>.<\/p>\n\n\n\n<blockquote class=\"wp-block-quote is-layout-flow wp-block-quote-is-layout-flow\">\n<p>\u00abTu \u00e9s Pedro, e sobre esta pedra edificarei a minha Igreja, e as portas do inferno n\u00e3o prevalecer\u00e3o contra ela.\u00bb (Mateus 16,18)<\/p>\n<\/blockquote>\n\n\n\n<h3 class=\"wp-block-heading\">b) <strong>O Col\u00e9gio dos Bispos em comunh\u00e3o com o Papa:<\/strong><\/h3>\n\n\n\n<p>Quando todos os bispos do mundo, unidos ao Papa, definem uma verdade de f\u00e9 (por exemplo, em um Conc\u00edlio ecum\u00eanico), exercem tamb\u00e9m o <strong>Magist\u00e9rio infal\u00edvel<\/strong>.<\/p>\n\n\n\n<h3 class=\"wp-block-heading\">c) <strong>O Magist\u00e9rio ordin\u00e1rio:<\/strong><\/h3>\n\n\n\n<p>Inclui os ensinamentos cotidianos do Papa ou dos bispos, mesmo que n\u00e3o definidos como dogmas. S\u00e3o <strong>ensinamentos aut\u00eanticos<\/strong> que exigem dos fi\u00e9is uma <em>obsequiosa submiss\u00e3o do intelecto e da vontade<\/em>. S\u00e3o fundamentais para a vida crist\u00e3 e para se orientar com seguran\u00e7a.<\/p>\n\n\n\n<hr class=\"wp-block-separator has-alpha-channel-opacity\"\/>\n\n\n\n<h2 class=\"wp-block-heading\">3. Breve hist\u00f3ria do Magist\u00e9rio: dos Ap\u00f3stolos at\u00e9 hoje<\/h2>\n\n\n\n<h3 class=\"wp-block-heading\">Na Igreja primitiva:<\/h3>\n\n\n\n<p>Jesus confiou aos Ap\u00f3stolos a miss\u00e3o de anunciar o Evangelho e guardar a verdade. Pedro foi constitu\u00eddo como rocha e princ\u00edpio vis\u00edvel da unidade.<br>Desde o in\u00edcio, a Igreja come\u00e7ou a <strong>discernir e ensinar com autoridade<\/strong> as verdades reveladas.<\/p>\n\n\n\n<h3 class=\"wp-block-heading\">Os primeiros s\u00e9culos:<\/h3>\n\n\n\n<ul class=\"wp-block-list\">\n<li>A Igreja definiu as verdades fundamentais contra as heresias: a divindade de Cristo, a Trindade, a virgindade de Maria, os sacramentos.<\/li>\n\n\n\n<li>Os <strong>Padres da Igreja<\/strong> como Agostinho, Atan\u00e1sio, Le\u00e3o Magno foram incans\u00e1veis defensores da f\u00e9 ortodoxa.<\/li>\n<\/ul>\n\n\n\n<h3 class=\"wp-block-heading\">A Idade M\u00e9dia:<\/h3>\n\n\n\n<ul class=\"wp-block-list\">\n<li>Te\u00f3logos como <strong>S\u00e3o Tom\u00e1s de Aquino<\/strong> aprofundaram a doutrina cat\u00f3lica com grande rigor e fidelidade ao Magist\u00e9rio.<\/li>\n\n\n\n<li>Os Conc\u00edlios (de Latr\u00e3o, de Li\u00e3o, etc.) definiram importantes verdades teol\u00f3gicas e morais.<\/li>\n<\/ul>\n\n\n\n<h3 class=\"wp-block-heading\">A \u00e9poca moderna:<\/h3>\n\n\n\n<ul class=\"wp-block-list\">\n<li>A Reforma protestante contestou a autoridade da Igreja: o <strong>Conc\u00edlio de Trento (1545\u20131563)<\/strong> respondeu com clareza doutrin\u00e1ria.<\/li>\n\n\n\n<li>O <strong>Conc\u00edlio Vaticano I (1869\u20131870)<\/strong> definiu o dogma da infalibilidade do Papa <em>ex cathedra<\/em>.<\/li>\n<\/ul>\n\n\n\n<h3 class=\"wp-block-heading\">S\u00e9culos XX e XXI:<\/h3>\n\n\n\n<ul class=\"wp-block-list\">\n<li>O <strong>Conc\u00edlio Vaticano II (1962\u20131965)<\/strong> deu novo impulso ao Magist\u00e9rio em chave pastoral, sem proclamar novos dogmas, mas com grande autoridade.<\/li>\n\n\n\n<li>Os Papas recentes \u2014 <strong>Jo\u00e3o Paulo II, Bento XVI, Francisco<\/strong> \u2014 enriqueceram o Magist\u00e9rio com enc\u00edclicas, exorta\u00e7\u00f5es, catequeses e documentos sobre temas morais, espirituais e sociais.<\/li>\n<\/ul>\n\n\n\n<hr class=\"wp-block-separator has-alpha-channel-opacity\"\/>\n\n\n\n<h2 class=\"wp-block-heading\">4. Por que o Magist\u00e9rio \u00e9 necess\u00e1rio?<\/h2>\n\n\n\n<p>Numa \u00e9poca em que cada um parece construir sua pr\u00f3pria \u201cverdade\u201d, o Magist\u00e9rio \u00e9 <strong>uma fortaleza contra o relativismo, a confus\u00e3o e a perda da f\u00e9.<\/strong><\/p>\n\n\n\n<p>Cristo prometeu enviar o Esp\u00edrito Santo que \u00abvos guiar\u00e1 \u00e0 plena verdade\u00bb (Jo\u00e3o 16,13).<br>\u00c9 precisamente <strong>atrav\u00e9s do Magist\u00e9rio que o Esp\u00edrito age<\/strong>, para guardar a integridade da f\u00e9 ao longo do tempo.<\/p>\n\n\n\n<blockquote class=\"wp-block-quote is-layout-flow wp-block-quote-is-layout-flow\">\n<p><strong>\u00abH\u00e1 caminho que ao homem parece direito, mas afinal \u00e9 caminho de morte.\u00bb<\/strong> (Prov\u00e9rbios 14,12)<\/p>\n<\/blockquote>\n\n\n\n<hr class=\"wp-block-separator has-alpha-channel-opacity\"\/>\n\n\n\n<h2 class=\"wp-block-heading\">5. Magist\u00e9rio e consci\u00eancia pessoal: posso discordar?<\/h2>\n\n\n\n<p>Costuma-se ouvir: <em>Sigo minha consci\u00eancia, n\u00e3o o Papa.<\/em><br>\u00c9 verdade que a consci\u00eancia \u00e9 sagrada. Mas <strong>n\u00e3o \u00e9 infal\u00edvel<\/strong>: precisa ser <strong>formada \u00e0 luz da verdade revelada.<\/strong><\/p>\n\n\n\n<p>O Magist\u00e9rio <strong>n\u00e3o substitui a consci\u00eancia<\/strong>, mas <strong>a ilumina e a guia<\/strong>.<br>Se a consci\u00eancia est\u00e1 em desacordo com a doutrina da Igreja, isso n\u00e3o significa necessariamente que a Igreja esteja errada, mas frequentemente que <strong>a consci\u00eancia ainda n\u00e3o est\u00e1 suficientemente formada.<\/strong><\/p>\n\n\n\n<blockquote class=\"wp-block-quote is-layout-flow wp-block-quote-is-layout-flow\">\n<p>\u00abQuem vos ouve, a mim ouve.\u00bb (Lucas 10,16)<\/p>\n<\/blockquote>\n\n\n\n<hr class=\"wp-block-separator has-alpha-channel-opacity\"\/>\n\n\n\n<h2 class=\"wp-block-heading\">6. Guia pr\u00e1tica teol\u00f3gica e pastoral: Como viver o Magist\u00e9rio no dia a dia?<\/h2>\n\n\n\n<h3 class=\"wp-block-heading\">a) <strong>Aprofunde sua forma\u00e7\u00e3o<\/strong><\/h3>\n\n\n\n<ul class=\"wp-block-list\">\n<li>Leia o <em>Catecismo da Igreja Cat\u00f3lica<\/em>.<\/li>\n\n\n\n<li>Familiarize-se com os documentos magisteriais: enc\u00edclicas, conc\u00edlios, cartas apost\u00f3licas.<\/li>\n\n\n\n<li>Use fontes confi\u00e1veis: hoje muitos documentos s\u00e3o escritos de forma acess\u00edvel para todos.<\/li>\n<\/ul>\n\n\n\n<h3 class=\"wp-block-heading\">b) <strong>Distinga entre opini\u00f5es e doutrina<\/strong><\/h3>\n\n\n\n<ul class=\"wp-block-list\">\n<li>Nem todas as opini\u00f5es de te\u00f3logos, influenciadores ou padres representam o Magist\u00e9rio.<\/li>\n\n\n\n<li>Recorra \u00e0 Tradi\u00e7\u00e3o: <em>quod ubique, quod semper, quod ab omnibus creditum est<\/em> (\u201co que foi crido em toda parte, sempre e por todos\u201d).<\/li>\n<\/ul>\n\n\n\n<h3 class=\"wp-block-heading\">c) <strong>Permane\u00e7a em comunh\u00e3o com o Papa e os Bispos<\/strong><\/h3>\n\n\n\n<ul class=\"wp-block-list\">\n<li>Mesmo sem compreender tudo, a fidelidade n\u00e3o \u00e9 submiss\u00e3o cega, mas <strong>ato de confian\u00e7a<\/strong> em Cristo e em sua Igreja.<\/li>\n\n\n\n<li>A cr\u00edtica, quando necess\u00e1ria, deve ser feita com caridade, respeito, e sem cair em rebeldia ou cisma.<\/li>\n<\/ul>\n\n\n\n<h3 class=\"wp-block-heading\">d) <strong>Viva concretamente o Magist\u00e9rio<\/strong><\/h3>\n\n\n\n<ul class=\"wp-block-list\">\n<li>Sobre a fam\u00edlia: viva o matrim\u00f4nio segundo a vis\u00e3o sacramental.<\/li>\n\n\n\n<li>Sobre a dignidade humana: guie suas escolhas profissionais, pol\u00edticas, bio\u00e9ticas de acordo com os princ\u00edpios da doutrina social cat\u00f3lica.<\/li>\n\n\n\n<li>Sobre a ora\u00e7\u00e3o e os sacramentos: frequente a Missa, confesse-se regularmente, viva uma vida espiritual coerente com a f\u00e9 ensinada pela Igreja.<\/li>\n<\/ul>\n\n\n\n<hr class=\"wp-block-separator has-alpha-channel-opacity\"\/>\n\n\n\n<h2 class=\"wp-block-heading\">7. Em resumo: Quem tem a \u00faltima palavra?<\/h2>\n\n\n\n<p><strong>A \u00faltima palavra \u00e9 de Cristo.<\/strong> E Cristo fala <strong>atrav\u00e9s da sua Igreja<\/strong>, especialmente <strong>atrav\u00e9s do Magist\u00e9rio<\/strong>, institu\u00eddo por Ele mesmo.<\/p>\n\n\n\n<p>Confiar no Magist\u00e9rio \u00e9 <strong>confiar em Cristo<\/strong>, que prometeu:<\/p>\n\n\n\n<blockquote class=\"wp-block-quote is-layout-flow wp-block-quote-is-layout-flow\">\n<p>\u00abEis que estou convosco todos os dias, at\u00e9 o fim do mundo.\u00bb (Mateus 28,20)<\/p>\n<\/blockquote>\n\n\n\n<p>Isso n\u00e3o significa anular a raz\u00e3o ou a liberdade, mas <strong>obedecer com f\u00e9, para permanecer na verdade.<\/strong><\/p>\n\n\n\n<hr class=\"wp-block-separator has-alpha-channel-opacity\"\/>\n\n\n\n<h3 class=\"wp-block-heading\">Conclus\u00e3o: O Magist\u00e9rio como b\u00fassola segura<\/h3>\n\n\n\n<p>No mar agitado do mundo moderno, o Magist\u00e9rio \u00e9 <strong>uma b\u00fassola confi\u00e1vel, que sempre aponta para o Norte: a Verdade.<\/strong><br>N\u00e3o segue as modas do tempo, mas <strong>anuncia o Evangelho, ontem, hoje e para sempre.<\/strong><\/p>\n\n\n\n<p>Como escreve S\u00e3o Paulo:<\/p>\n\n\n\n<blockquote class=\"wp-block-quote is-layout-flow wp-block-quote-is-layout-flow\">\n<p><strong>\u00abMas ainda que n\u00f3s mesmos ou um anjo do c\u00e9u vos anuncie um evangelho diferente do que vos temos anunciado, seja an\u00e1tema!\u00bb<\/strong> (G\u00e1latas 1,8)<\/p>\n<\/blockquote>\n\n\n\n<p><strong>Escute, portanto, a Igreja.<br>Ame a sua doutrina.<br>Estude-a.<br>Defenda-a.<br>Viva-a.<\/strong><br>E voc\u00ea conhecer\u00e1 a paz de quem <strong>n\u00e3o anda nas trevas<\/strong>, mas navega <strong>no barco guiado pelo pr\u00f3prio Cristo.<\/strong><\/p>\n","protected":false},"excerpt":{"rendered":"<p>Um guia teol\u00f3gico, pastoral e espiritual para compreender a autoridade na Igreja Cat\u00f3lica hoje Introdu\u00e7\u00e3o: Quem fala em nome de Deus? Em tempos de confus\u00e3o, tens\u00f5es internas na Igreja e opini\u00f5es divergentes \u2014 at\u00e9 mesmo entre os fi\u00e9is \u2014 muitos cat\u00f3licos se fazem uma pergunta central:Quem tem a \u00faltima palavra na Igreja?\u00c9 o Papa? Os &hellip;<\/p>\n","protected":false},"author":3,"featured_media":4407,"comment_status":"open","ping_status":"open","sticky":false,"template":"","format":"standard","meta":{"_seopress_robots_primary_cat":"","_seopress_titles_title":"","_seopress_titles_desc":"","_seopress_robots_index":"","footnotes":""},"categories":[38,51],"tags":[71],"class_list":["post-4406","post","type-post","status-publish","format-standard","has-post-thumbnail","","category-historia-e-tradicao","category-magisterio-da-igreja","tag-magisterio"],"_links":{"self":[{"href":"https:\/\/catholicus.eu\/pt\/wp-json\/wp\/v2\/posts\/4406","targetHints":{"allow":["GET"]}}],"collection":[{"href":"https:\/\/catholicus.eu\/pt\/wp-json\/wp\/v2\/posts"}],"about":[{"href":"https:\/\/catholicus.eu\/pt\/wp-json\/wp\/v2\/types\/post"}],"author":[{"embeddable":true,"href":"https:\/\/catholicus.eu\/pt\/wp-json\/wp\/v2\/users\/3"}],"replies":[{"embeddable":true,"href":"https:\/\/catholicus.eu\/pt\/wp-json\/wp\/v2\/comments?post=4406"}],"version-history":[{"count":1,"href":"https:\/\/catholicus.eu\/pt\/wp-json\/wp\/v2\/posts\/4406\/revisions"}],"predecessor-version":[{"id":4408,"href":"https:\/\/catholicus.eu\/pt\/wp-json\/wp\/v2\/posts\/4406\/revisions\/4408"}],"wp:featuredmedia":[{"embeddable":true,"href":"https:\/\/catholicus.eu\/pt\/wp-json\/wp\/v2\/media\/4407"}],"wp:attachment":[{"href":"https:\/\/catholicus.eu\/pt\/wp-json\/wp\/v2\/media?parent=4406"}],"wp:term":[{"taxonomy":"category","embeddable":true,"href":"https:\/\/catholicus.eu\/pt\/wp-json\/wp\/v2\/categories?post=4406"},{"taxonomy":"post_tag","embeddable":true,"href":"https:\/\/catholicus.eu\/pt\/wp-json\/wp\/v2\/tags?post=4406"}],"curies":[{"name":"wp","href":"https:\/\/api.w.org\/{rel}","templated":true}]}}