{"id":4325,"date":"2025-06-28T00:29:50","date_gmt":"2025-06-27T22:29:50","guid":{"rendered":"https:\/\/catholicus.eu\/pt\/?p=4325"},"modified":"2025-06-28T00:29:50","modified_gmt":"2025-06-27T22:29:50","slug":"quando-o-excesso-de-bondade-e-soberba-a-arrogancia-do-auto-sacrificio-e-a-virtude-exibicionista","status":"publish","type":"post","link":"https:\/\/catholicus.eu\/pt\/quando-o-excesso-de-bondade-e-soberba-a-arrogancia-do-auto-sacrificio-e-a-virtude-exibicionista\/","title":{"rendered":"Quando o excesso de \u201cbondade\u201d \u00e9 soberba: a arrog\u00e2ncia do auto-sacrif\u00edcio e a virtude exibicionista"},"content":{"rendered":"\n<p><em>Quando o desejo de ser bom se torna idolatria do pr\u00f3prio eu<\/em><\/p>\n\n\n\n<hr class=\"wp-block-separator has-alpha-channel-opacity\"\/>\n\n\n\n<h3 class=\"wp-block-heading\">INTRODU\u00c7\u00c3O: a armadilha do bem aparente<\/h3>\n\n\n\n<p>Vivemos numa \u00e9poca em que as redes sociais, a exposi\u00e7\u00e3o p\u00fablica e o desejo de aceita\u00e7\u00e3o contaminaram at\u00e9 os espa\u00e7os espirituais mais profundos. Nesse contexto, a virtude \u2014 que deveria ser discreta, humilde e silenciosa \u2014 transforma-se facilmente em espet\u00e1culo. Por vezes, sem nos darmos conta, usamos as nossas boas a\u00e7\u00f5es n\u00e3o como servi\u00e7o ao pr\u00f3ximo e para gl\u00f3ria de Deus, mas como combust\u00edvel para a vaidade.<\/p>\n\n\n\n<p>Uma pessoa aparentemente bondosa pode agir por orgulho? O sacrif\u00edcio pessoal pode tornar-se um altar onde se venera o pr\u00f3prio ego? Uma virtude aparentemente bem vivida pode esconder uma inten\u00e7\u00e3o desordenada?<\/p>\n\n\n\n<p>A resposta \u00e9 sim. E a hist\u00f3ria do cristianismo est\u00e1 cheia de exemplos, advert\u00eancias e ensinamentos sobre isso. Este artigo \u00e9 um convite a olhar para dentro de si e a examinar \u2014 com a ajuda da f\u00e9 e da raz\u00e3o \u2014 se a nossa \u201cbondade\u201d \u00e9 virtude verdadeira ou apenas uma m\u00e1scara bem constru\u00edda para esconder um orgulho profundamente disfar\u00e7ado.<\/p>\n\n\n\n<hr class=\"wp-block-separator has-alpha-channel-opacity\"\/>\n\n\n\n<h3 class=\"wp-block-heading\">I. A virtude n\u00e3o se exibe, vive-se<\/h3>\n\n\n\n<p>A virtude crist\u00e3, como ensina a Tradi\u00e7\u00e3o da Igreja, n\u00e3o \u00e9 algo que se ostenta como uma medalha. \u00c9, antes, um h\u00e1bito da alma que permanece escondido, como uma semente debaixo da terra, mas que d\u00e1 frutos vis\u00edveis em caridade, humildade e servi\u00e7o.<\/p>\n\n\n\n<p>Jesus foi direto com os fariseus, cujo comportamento ilustra perfeitamente este tema:<\/p>\n\n\n\n<blockquote class=\"wp-block-quote is-layout-flow wp-block-quote-is-layout-flow\">\n<p>\u00abGuardai-vos de fazer a vossa justi\u00e7a diante dos homens, para serdes vistos por eles; doutra sorte n\u00e3o recebereis galard\u00e3o junto de vosso Pai, que est\u00e1 nos c\u00e9us.\u00bb<br>\u2014 <em>Mateus 6,1<\/em><\/p>\n<\/blockquote>\n\n\n\n<p>A \u201cjusti\u00e7a\u201d de que Jesus fala n\u00e3o \u00e9 apenas a legalidade, mas o conjunto das virtudes e boas obras. A advert\u00eancia n\u00e3o \u00e9 contra fazer o bem, mas contra faz\u00ea-lo com a inten\u00e7\u00e3o de ser visto. E aqui est\u00e1 o cerne do problema: <strong>a motiva\u00e7\u00e3o oculta<\/strong>.<\/p>\n\n\n\n<hr class=\"wp-block-separator has-alpha-channel-opacity\"\/>\n\n\n\n<h3 class=\"wp-block-heading\">II. Quando o bem se corrompe: a virtude exibicionista<\/h3>\n\n\n\n<p>A virtude exibicionista n\u00e3o \u00e9 verdadeira virtude, mas uma imita\u00e7\u00e3o perversa. Caracteriza-se por:<\/p>\n\n\n\n<ul class=\"wp-block-list\">\n<li><strong>Buscar aprova\u00e7\u00e3o<\/strong> em vez de obedecer a Deus.<\/li>\n\n\n\n<li><strong>Evidenciar o pr\u00f3prio sacrif\u00edcio<\/strong>, esperando admira\u00e7\u00e3o ou compaix\u00e3o.<\/li>\n\n\n\n<li><strong>Assumir o papel de m\u00e1rtir<\/strong> sem realmente ter sido crucificado por amor.<\/li>\n\n\n\n<li><strong>Controlar atrav\u00e9s do bem<\/strong>, fazendo os outros sentirem-se em d\u00edvida.<\/li>\n<\/ul>\n\n\n\n<p>Esse fen\u00f4meno observa-se frequentemente em ambientes familiares, comunit\u00e1rios ou eclesiais, onde algu\u00e9m \u201cd\u00e1 tudo por todos\u201d, mas, em sil\u00eancio, exige reconhecimento. Esse tipo de \u201cauto-sacrif\u00edcio\u201d \u00e9 muitas vezes uma forma sutil de manipula\u00e7\u00e3o: faz-se o bem, mas n\u00e3o por amor, e sim para obter poder emocional.<\/p>\n\n\n\n<hr class=\"wp-block-separator has-alpha-channel-opacity\"\/>\n\n\n\n<h3 class=\"wp-block-heading\">III. Hist\u00f3ria e Tradi\u00e7\u00e3o: o falso ascetismo<\/h3>\n\n\n\n<p>Desde os seus prim\u00f3rdios, a Igreja teve de lidar com desvios espirituais. Entre eles, encontra-se o <strong>falso ascetismo<\/strong>: a ideia de que quanto mais se sofre, mais santo se \u00e9. Isso levou alguns a impor a si mesmos sacrif\u00edcios desnecess\u00e1rios, n\u00e3o por amor a Deus, mas para destacar-se como \u201cmais santos\u201d.<\/p>\n\n\n\n<p>Santo Agostinho combateu fortemente essas atitudes, ensinando que <strong>o verdadeiro sacrif\u00edcio \u00e9 interior<\/strong>: \u00abA verdadeira mortifica\u00e7\u00e3o \u00e9 aquela que, sem se exibir, transforma o cora\u00e7\u00e3o.\u00bb<\/p>\n\n\n\n<p>Os Padres do Deserto tamb\u00e9m contavam hist\u00f3rias de monges que, no desejo de parecer virtuosos, condenavam-se ao inferno do orgulho. Um deles dizia:<\/p>\n\n\n\n<blockquote class=\"wp-block-quote is-layout-flow wp-block-quote-is-layout-flow\">\n<p><em>\u00abH\u00e1 aqueles que jejuam com tanto rigor que se enchem de dem\u00f4nios de orgulho. O jejum lhes incha o peito, mas n\u00e3o abre a alma \u00e0 gra\u00e7a.\u00bb<\/em><\/p>\n<\/blockquote>\n\n\n\n<hr class=\"wp-block-separator has-alpha-channel-opacity\"\/>\n\n\n\n<h3 class=\"wp-block-heading\">IV. Teologia do orgulho disfar\u00e7ado<\/h3>\n\n\n\n<p>O orgulho espiritual \u00e9 um dos pecados mais perigosos precisamente porque se esconde por tr\u00e1s da virtude. S\u00e3o Tom\u00e1s de Aquino alerta que <strong>o orgulho \u00e9 a raiz de todos os pecados<\/strong>, pois \u00e9 a desordem da alma que se recusa a submeter-se a Deus.<\/p>\n\n\n\n<p>Quando algu\u00e9m se sacrifica \u201cpor todos\u201d, mas depois se sente ressentido porque ningu\u00e9m o reconhece, revela-se o verdadeiro motor da sua a\u00e7\u00e3o: <strong>o ego<\/strong>. Deus n\u00e3o foi o destinat\u00e1rio do esfor\u00e7o \u2014 foi a sua pr\u00f3pria autoestima.<\/p>\n\n\n\n<p>Isso n\u00e3o significa que devemos deixar de fazer o bem. A quest\u00e3o est\u00e1 na inten\u00e7\u00e3o:<br>Fazemos o bem porque realmente amamos a Deus e ao pr\u00f3ximo, ou porque precisamos sentir-nos necess\u00e1rios, importantes ou superiores?<\/p>\n\n\n\n<p>A <strong>gra\u00e7a santificante<\/strong> age em segredo, n\u00e3o precisa de holofotes nem de aplausos. S\u00e3o Francisco de Sales dizia:<\/p>\n\n\n\n<blockquote class=\"wp-block-quote is-layout-flow wp-block-quote-is-layout-flow\">\n<p>\u00abA humildade \u00e9 a m\u00e3e de todas as virtudes. Sem ela, at\u00e9 as nossas melhores obras s\u00e3o suspeitas.\u00bb<\/p>\n<\/blockquote>\n\n\n\n<hr class=\"wp-block-separator has-alpha-channel-opacity\"\/>\n\n\n\n<h3 class=\"wp-block-heading\">V. Aplica\u00e7\u00f5es pastorais: examinar a nossa \u201cbondade\u201d<\/h3>\n\n\n\n<p>Um guia espiritual concreto para evitar cair nesta armadilha pode incluir:<\/p>\n\n\n\n<ol class=\"wp-block-list\">\n<li><strong>Discernir as nossas inten\u00e7\u00f5es<\/strong>: Por que fa\u00e7o isto? Faria se ningu\u00e9m soubesse?<\/li>\n\n\n\n<li><strong>Evitar falar dos nossos sacrif\u00edcios<\/strong>: Um sacrif\u00edcio oferecido a Deus n\u00e3o precisa de narra\u00e7\u00e3o.<\/li>\n\n\n\n<li><strong>Aceitar n\u00e3o ser agradecido<\/strong>: Se o fizeste por amor, a ingratid\u00e3o n\u00e3o deveria incomodar-te.<\/li>\n\n\n\n<li><strong>Confessar os pecados de orgulho espiritual<\/strong>: N\u00e3o basta \u201cn\u00e3o fazer o mal\u201d; \u00e9 necess\u00e1rio examinar a raiz do nosso \u201cbem\u201d.<\/li>\n<\/ol>\n\n\n\n<p>Na vida comunit\u00e1ria, \u00e9 tamb\u00e9m fundamental discernir quando algu\u00e9m \u201cajuda\u201d ou \u201cserve\u201d, mas gera tens\u00e3o, ressentimento e divis\u00e3o, transformando a sua bondade numa esp\u00e9cie de superioridade moral. Isso destr\u00f3i a comunh\u00e3o e fere o Corpo M\u00edstico de Cristo.<\/p>\n\n\n\n<hr class=\"wp-block-separator has-alpha-channel-opacity\"\/>\n\n\n\n<h3 class=\"wp-block-heading\">VI. O caminho da verdadeira virtude: humildade e amor<\/h3>\n\n\n\n<p>A solu\u00e7\u00e3o n\u00e3o \u00e9 deixar de fazer o bem, mas <strong>purificar o cora\u00e7\u00e3o<\/strong>. A virtude n\u00e3o desaparece por medo do orgulho \u2014 ela se fortalece quando acompanhada pela humildade. O verdadeiro santo \u00e9 aquele que se considera servo in\u00fatil, mesmo depois de ter feito tudo o que era obrigado a fazer (cf. <em>Lucas 17,10<\/em>).<\/p>\n\n\n\n<p>Cristo, nosso modelo perfeito, <strong>nunca se exibiu<\/strong>. Os seus milagres eram frequentemente acompanhados pela instru\u00e7\u00e3o: <em>\u00abN\u00e3o contes a ningu\u00e9m.\u00bb<\/em> No Gets\u00eamani, quando ofereceu a sua vida por n\u00f3s, <strong>n\u00e3o o proclamou ao mundo<\/strong>, mas viveu-o na escurid\u00e3o do abandono, confiado apenas ao Pai.<\/p>\n\n\n\n<hr class=\"wp-block-separator has-alpha-channel-opacity\"\/>\n\n\n\n<h3 class=\"wp-block-heading\">CONCLUS\u00c3O: o desafio da pureza interior<\/h3>\n\n\n\n<p>Num tempo em que tudo se publica, tudo se mede e tudo se compara, ser verdadeiramente humilde \u00e9 revolucion\u00e1rio. A santidade n\u00e3o se mede pela quantidade de sacrif\u00edcios que acumulamos nem pela bondade que todos aplaudem, mas pela capacidade de <strong>desaparecer para que Cristo cres\u00e7a<\/strong> (cf. <em>Jo\u00e3o 3,30<\/em>).<\/p>\n\n\n\n<p>\u00c9 tempo de purificar a nossa forma de fazer o bem. Que as nossas obras n\u00e3o sejam um modo de idolatrar a nossa pr\u00f3pria imagem, mas um verdadeiro reflexo do amor de Deus, que d\u00e1 sem esperar, ama sem exigir e serve sem publicidade.<\/p>\n\n\n\n<blockquote class=\"wp-block-quote is-layout-flow wp-block-quote-is-layout-flow\">\n<p>\u00abTeu Pai, que v\u00ea no segredo, te recompensar\u00e1.\u00bb<br>\u2014 <em>Mateus 6,6<\/em><\/p>\n<\/blockquote>\n\n\n\n<hr class=\"wp-block-separator has-alpha-channel-opacity\"\/>\n\n\n\n<p><strong>Guia para ora\u00e7\u00e3o pessoal:<\/strong><\/p>\n\n\n\n<ul class=\"wp-block-list\">\n<li>Que motiva\u00e7\u00f5es ocultas existem nos meus atos de \u201cbondade\u201d?<\/li>\n\n\n\n<li>Incomoda-me n\u00e3o ser reconhecido ou agradecido?<\/li>\n\n\n\n<li>Estou a servir realmente a Deus ou a alimentar o meu ego?<\/li>\n<\/ul>\n\n\n\n<p>Pede a Deus um cora\u00e7\u00e3o puro, livre da vaidade e desejoso apenas de amar. Que possas dizer com S\u00e3o Paulo:<\/p>\n\n\n\n<blockquote class=\"wp-block-quote is-layout-flow wp-block-quote-is-layout-flow\">\n<p>\u00abJ\u00e1 n\u00e3o sou eu que vivo, mas \u00e9 Cristo que vive em mim.\u00bb<br>\u2014 <em>G\u00e1latas 2,20<\/em><\/p>\n<\/blockquote>\n\n\n\n<hr class=\"wp-block-separator has-alpha-channel-opacity\"\/>\n\n\n\n<p><strong>\u00abFaz o bem. Faz em sil\u00eancio. Faz por Deus.\u00bb<\/strong><\/p>\n","protected":false},"excerpt":{"rendered":"<p>Quando o desejo de ser bom se torna idolatria do pr\u00f3prio eu INTRODU\u00c7\u00c3O: a armadilha do bem aparente Vivemos numa \u00e9poca em que as redes sociais, a exposi\u00e7\u00e3o p\u00fablica e o desejo de aceita\u00e7\u00e3o contaminaram at\u00e9 os espa\u00e7os espirituais mais profundos. Nesse contexto, a virtude \u2014 que deveria ser discreta, humilde e silenciosa \u2014 transforma-se &hellip;<\/p>\n","protected":false},"author":3,"featured_media":4326,"comment_status":"open","ping_status":"open","sticky":false,"template":"","format":"standard","meta":{"_seopress_robots_primary_cat":"","_seopress_titles_title":"","_seopress_titles_desc":"","_seopress_robots_index":"","footnotes":""},"categories":[39,57],"tags":[1550,122],"class_list":["post-4325","post","type-post","status-publish","format-standard","has-post-thumbnail","","category-moral-e-vida-crista","category-virtudes-cristas","tag-bondade","tag-soberba"],"_links":{"self":[{"href":"https:\/\/catholicus.eu\/pt\/wp-json\/wp\/v2\/posts\/4325","targetHints":{"allow":["GET"]}}],"collection":[{"href":"https:\/\/catholicus.eu\/pt\/wp-json\/wp\/v2\/posts"}],"about":[{"href":"https:\/\/catholicus.eu\/pt\/wp-json\/wp\/v2\/types\/post"}],"author":[{"embeddable":true,"href":"https:\/\/catholicus.eu\/pt\/wp-json\/wp\/v2\/users\/3"}],"replies":[{"embeddable":true,"href":"https:\/\/catholicus.eu\/pt\/wp-json\/wp\/v2\/comments?post=4325"}],"version-history":[{"count":1,"href":"https:\/\/catholicus.eu\/pt\/wp-json\/wp\/v2\/posts\/4325\/revisions"}],"predecessor-version":[{"id":4327,"href":"https:\/\/catholicus.eu\/pt\/wp-json\/wp\/v2\/posts\/4325\/revisions\/4327"}],"wp:featuredmedia":[{"embeddable":true,"href":"https:\/\/catholicus.eu\/pt\/wp-json\/wp\/v2\/media\/4326"}],"wp:attachment":[{"href":"https:\/\/catholicus.eu\/pt\/wp-json\/wp\/v2\/media?parent=4325"}],"wp:term":[{"taxonomy":"category","embeddable":true,"href":"https:\/\/catholicus.eu\/pt\/wp-json\/wp\/v2\/categories?post=4325"},{"taxonomy":"post_tag","embeddable":true,"href":"https:\/\/catholicus.eu\/pt\/wp-json\/wp\/v2\/tags?post=4325"}],"curies":[{"name":"wp","href":"https:\/\/api.w.org\/{rel}","templated":true}]}}