{"id":4319,"date":"2025-06-25T23:30:51","date_gmt":"2025-06-25T21:30:51","guid":{"rendered":"https:\/\/catholicus.eu\/pt\/?p=4319"},"modified":"2025-06-25T23:30:52","modified_gmt":"2025-06-25T21:30:52","slug":"da-oferta-por-tempo-limitado-ao-fomo-como-o-marketing-explora-os-pecados-capitais-no-seu-carrinho-online","status":"publish","type":"post","link":"https:\/\/catholicus.eu\/pt\/da-oferta-por-tempo-limitado-ao-fomo-como-o-marketing-explora-os-pecados-capitais-no-seu-carrinho-online\/","title":{"rendered":"Da \u201cOferta por Tempo Limitado\u201d ao FOMO: Como o Marketing Explora os Pecados Capitais no Seu Carrinho Online"},"content":{"rendered":"\n<h3 class=\"wp-block-heading\">Introdu\u00e7\u00e3o: A alma e o algoritmo<\/h3>\n\n\n\n<p>Vivemos numa \u00e9poca em que cada clique tem um pre\u00e7o, cada desejo pode ser monetizado e cada impulso vira uma venda. As t\u00e9cnicas de marketing digital evolu\u00edram a ponto de alcan\u00e7ar uma precis\u00e3o quase cir\u00fargica na manipula\u00e7\u00e3o do comportamento humano. Por tr\u00e1s de banners chamativos, cron\u00f4metros regressivos e notifica\u00e7\u00f5es pop-up, esconde-se algo mais profundo do que uma simples estrat\u00e9gia comercial: <strong>uma explora\u00e7\u00e3o sistem\u00e1tica das fraquezas morais do homem<\/strong>.<\/p>\n\n\n\n<p>O que o mundo chama de \u201cpsicologia do consumidor\u201d, a teologia poderia chamar com mais propriedade de <strong>explora\u00e7\u00e3o dos pecados capitais<\/strong>. Por meio de mecanismos como o <em>FOMO<\/em> (medo de ficar de fora), urg\u00eancia artificial, consumo compulsivo e personaliza\u00e7\u00e3o emocional dos produtos, o marketing moderno n\u00e3o apenas apela ao desejo&#8230; ele o <strong>distorce<\/strong>.<\/p>\n\n\n\n<p>Este artigo tem como objetivo lan\u00e7ar luz espiritual sobre esse fen\u00f4meno, ajudar o leitor a reconhecer a raiz teol\u00f3gica dessas pr\u00e1ticas e propor ferramentas concretas para viver uma vida mais livre, s\u00f3bria e voltada para Deus no mundo digital.<\/p>\n\n\n\n<hr class=\"wp-block-separator has-alpha-channel-opacity\"\/>\n\n\n\n<h3 class=\"wp-block-heading\">1. Hist\u00f3ria e evolu\u00e7\u00e3o do desejo: Do mercado \u00e0 manipula\u00e7\u00e3o emocional<\/h3>\n\n\n\n<p>Originalmente, o com\u00e9rcio era uma simples troca de bens necess\u00e1rios. Com o tempo, o consumo adquiriu uma dimens\u00e3o emocional, simb\u00f3lica e at\u00e9 espiritual. A publicidade moderna \u2014 especialmente a partir dos anos 1950 \u2014 deixou de vender objetos para vender <strong>estados de esp\u00edrito, aspira\u00e7\u00f5es e desejos<\/strong>. J\u00e1 n\u00e3o se comprava um carro, mas o <em>status<\/em> que ele representava. Um perfume deixava de ser apenas uma fragr\u00e2ncia para se tornar a ilus\u00e3o de ser desejado. Um plano de celular n\u00e3o era apenas conex\u00e3o, mas pertencimento a uma tribo digital.<\/p>\n\n\n\n<p>Hoje, na era dos algoritmos e da intelig\u00eancia artificial, essa evolu\u00e7\u00e3o chegou ao auge: n\u00e3o \u00e9 mais o consumidor que busca os produtos, mas <strong>\u00e9 o sistema que busca o consumidor, com base em seus pecados mais \u00edntimos, disfar\u00e7ados de prefer\u00eancias<\/strong>.<\/p>\n\n\n\n<p>O ap\u00f3stolo Tiago j\u00e1 alertava sobre essa din\u00e2mica interior:<\/p>\n\n\n\n<blockquote class=\"wp-block-quote is-layout-flow wp-block-quote-is-layout-flow\">\n<p>\u201cCada um, por\u00e9m, \u00e9 tentado, quando atra\u00eddo e engodado pela sua pr\u00f3pria concupisc\u00eancia. Depois, a concupisc\u00eancia, tendo concebido, d\u00e1 \u00e0 luz o pecado; e o pecado, uma vez consumado, gera a morte.\u201d (Tiago 1,14-15)<\/p>\n<\/blockquote>\n\n\n\n<hr class=\"wp-block-separator has-alpha-channel-opacity\"\/>\n\n\n\n<h3 class=\"wp-block-heading\">2. Os sete pecados capitais: As alavancas ocultas do marketing<\/h3>\n\n\n\n<p>Ao longo dos s\u00e9culos, a teologia moral cat\u00f3lica identificou sete paix\u00f5es desordenadas como ra\u00edzes de muitos outros pecados: soberba, avareza, lux\u00faria, ira, gula, inveja e pregui\u00e7a. Cada uma delas n\u00e3o \u00e9 apenas \u201cm\u00e1\u201d, mas representa <strong>uma inclina\u00e7\u00e3o desordenada de algo que \u00e9 bom em si mesmo<\/strong>, como o desejo de ser reconhecido, de possuir, de desfrutar ou de descansar&#8230;<\/p>\n\n\n\n<p>O mais perturbador \u00e9 perceber que <strong>as t\u00e9cnicas modernas de marketing digital s\u00e3o projetadas precisamente para ativar e alimentar essas inclina\u00e7\u00f5es<\/strong>.<\/p>\n\n\n\n<h4 class=\"wp-block-heading\">A. Avareza: \u201cOferta limitada\u201d e \u201c\u00daltimos itens dispon\u00edveis\u201d<\/h4>\n\n\n\n<p>O medo de perder uma promo\u00e7\u00e3o ou de n\u00e3o aproveitar um desconto atinge diretamente nossa <strong>inseguran\u00e7a financeira<\/strong> e o desejo de acumular. A avareza \u00e9 manipulada com frases como:<\/p>\n\n\n\n<ul class=\"wp-block-list\">\n<li>\u201cRestam apenas 2 unidades\u201d<\/li>\n\n\n\n<li>\u201cOferta v\u00e1lida por 12 horas\u201d<\/li>\n\n\n\n<li>\u201cOutro usu\u00e1rio est\u00e1 visualizando este item\u201d<\/li>\n<\/ul>\n\n\n\n<p>Aqui, o que se vende n\u00e3o \u00e9 o produto, mas <strong>a ansiedade de perd\u00ea-lo<\/strong>. Em vez de confiar na Provid\u00eancia, alimenta-se a acumula\u00e7\u00e3o e a desconfian\u00e7a.<\/p>\n\n\n\n<blockquote class=\"wp-block-quote is-layout-flow wp-block-quote-is-layout-flow\">\n<p>\u201cN\u00e3o ajunteis tesouros na terra&#8230; Porque onde estiver o teu tesouro, a\u00ed estar\u00e1 tamb\u00e9m o teu cora\u00e7\u00e3o.\u201d (Mateus 6,19-21)<\/p>\n<\/blockquote>\n\n\n\n<h4 class=\"wp-block-heading\">B. Inveja: Redes sociais e compara\u00e7\u00e3o constante<\/h4>\n\n\n\n<p>Nas plataformas digitais, a inveja \u00e9 alimentada pela exposi\u00e7\u00e3o cont\u00ednua \u00e0 (suposta) vida dos outros: suas viagens, compras, \u201csucessos\u201d. Isso gera um sentimento constante de <strong>insatisfa\u00e7\u00e3o e desejo de imita\u00e7\u00e3o ou supera\u00e7\u00e3o<\/strong>.<\/p>\n\n\n\n<p>As marcas sabem disso, e o marketing de influ\u00eancia \u00e9 a sua principal arma: se a pessoa que voc\u00ea inveja usa esse produto, voc\u00ea tamb\u00e9m deveria us\u00e1-lo.<\/p>\n\n\n\n<h4 class=\"wp-block-heading\">C. Lux\u00faria: Erotiza\u00e7\u00e3o do insignificante<\/h4>\n\n\n\n<p>A lux\u00faria no marketing n\u00e3o se limita \u00e0 pornografia. A hiperssexualiza\u00e7\u00e3o se infiltrou em an\u00fancios de alimentos, roupas e perfumes. A mensagem impl\u00edcita \u00e9: se voc\u00ea consumir este produto, ser\u00e1 <strong>mais sedutor<\/strong>, mais sensual, mais digno de amor.<\/p>\n\n\n\n<p>Isso explora uma das feridas mais profundas da alma humana: a necessidade de ser amado. Aquilo que deveria ser dom de si, torna-se instrumento de consumo.<\/p>\n\n\n\n<h4 class=\"wp-block-heading\">D. Gula: Entregas, comida emocional e gratifica\u00e7\u00e3o instant\u00e2nea<\/h4>\n\n\n\n<p>O crescimento de aplicativos de entrega transformou o ato de comer em uma experi\u00eancia emocional e de fuga. J\u00e1 n\u00e3o comemos para viver, mas para aliviar ansiedade, t\u00e9dio ou tristeza.<\/p>\n\n\n\n<p>A gula digital tamb\u00e9m se manifesta na incapacidade de dizer \u201cn\u00e3o\u201d ao <em>scroll<\/em> infinito, \u00e0 estimula\u00e7\u00e3o constante. Em ambos os casos, a alma fica saturada, mas vazia.<\/p>\n\n\n\n<h4 class=\"wp-block-heading\">E. Soberba: Personaliza\u00e7\u00e3o, culto ao ego e sensa\u00e7\u00e3o de onipot\u00eancia<\/h4>\n\n\n\n<p>A publicidade moderna baseia-se em te fazer <strong>sentir \u00fanico<\/strong>: \u201cPorque voc\u00ea merece\u201d, \u201cFeito s\u00f3 para voc\u00ea\u201d, \u201cPersonalize sua experi\u00eancia\u201d. Alimenta-se a ilus\u00e3o de que tudo gira em torno de voc\u00ea.<\/p>\n\n\n\n<p>Mas essa personaliza\u00e7\u00e3o extrema <strong>alimenta a soberba espiritual<\/strong>: rejei\u00e7\u00e3o de limites, desprezo pelo ordin\u00e1rio, esquecimento dos outros.<\/p>\n\n\n\n<h4 class=\"wp-block-heading\">F. Ira: Indigna\u00e7\u00e3o viral e estrat\u00e9gia de polariza\u00e7\u00e3o<\/h4>\n\n\n\n<p>Algumas marcas (e m\u00eddias) usam a ira para gerar tr\u00e1fego: manchetes provocativas, pol\u00eamicas artificiais, memes incendi\u00e1rios. Porque a raiva <strong>gera mais cliques do que a paz<\/strong>.<\/p>\n\n\n\n<p>Consequ\u00eancia? Uma sociedade fragmentada, impulsiva, incapaz de ouvir ou dialogar.<\/p>\n\n\n\n<h4 class=\"wp-block-heading\">G. Pregui\u00e7a: Automa\u00e7\u00e3o e conforto viciante<\/h4>\n\n\n\n<p>Tudo \u00e9 pensado para que o usu\u00e1rio fa\u00e7a <strong>o m\u00ednimo esfor\u00e7o poss\u00edvel<\/strong>: um clique, um gesto, uma assinatura autom\u00e1tica. Tudo convida \u00e0 passividade.<\/p>\n\n\n\n<p>Mas o conforto n\u00e3o \u00e9 neutro: ele pode gerar um estado de anestesia moral, onde n\u00e3o se luta mais pelo verdadeiro ou pelo bem, mas se escolhe sempre o mais f\u00e1cil.<\/p>\n\n\n\n<hr class=\"wp-block-separator has-alpha-channel-opacity\"\/>\n\n\n\n<h3 class=\"wp-block-heading\">3. FOMO: Medo de ficar de fora&#8230; do Reino?<\/h3>\n\n\n\n<p>O <em>FOMO<\/em> \u2014 \u201cFear Of Missing Out\u201d, medo de ficar de fora \u2014 \u00e9 uma das for\u00e7as mais poderosas do marketing digital. Ele se aproveita da inseguran\u00e7a espiritual do homem moderno, que teme n\u00e3o estar no lugar certo, n\u00e3o ter a \u00faltima novidade, n\u00e3o fazer parte do \u201cmovimento\u201d.<\/p>\n\n\n\n<p>Mas esse medo \u00e9 tamb\u00e9m um espelho invertido de uma <strong>verdade teol\u00f3gica mais profunda<\/strong>:<\/p>\n\n\n\n<blockquote class=\"wp-block-quote is-layout-flow wp-block-quote-is-layout-flow\">\n<p><strong>\u201cMuitos s\u00e3o chamados, mas poucos s\u00e3o escolhidos.\u201d (Mateus 22,14)<\/strong><\/p>\n<\/blockquote>\n\n\n\n<p>Cristo nos chama para um Reino que n\u00e3o passa. E, no entanto, a maioria teme mais perder uma promo\u00e7\u00e3o do que uma Missa, mais uma notifica\u00e7\u00e3o do que uma ora\u00e7\u00e3o. O verdadeiro FOMO deveria ser este:<\/p>\n\n\n\n<blockquote class=\"wp-block-quote is-layout-flow wp-block-quote-is-layout-flow\">\n<p><strong>Medo de perder a vontade de Deus para minha vida.<\/strong><\/p>\n<\/blockquote>\n\n\n\n<hr class=\"wp-block-separator has-alpha-channel-opacity\"\/>\n\n\n\n<h3 class=\"wp-block-heading\">4. Discernimento espiritual na era do clique<\/h3>\n\n\n\n<p>Diante dessa realidade, n\u00e3o se trata de demonizar a tecnologia nem de renunciar a todo consumo. Trata-se de <strong>reeducar o cora\u00e7\u00e3o<\/strong> e <strong>discernir espiritualmente<\/strong> cada impulso. Algumas pistas pr\u00e1ticas:<\/p>\n\n\n\n<ul class=\"wp-block-list\">\n<li><strong>Antes de comprar, pergunte-se:<\/strong> Eu realmente preciso disso? Por que eu desejo isso? Que vazio estou tentando preencher?<\/li>\n\n\n\n<li><strong>Jejum digital:<\/strong> Escolha um dia da semana sem compras, sem redes sociais, sem consumo. Lembre-se: voc\u00ea n\u00e3o \u00e9 o que possui.<\/li>\n\n\n\n<li><strong>Confiss\u00e3o frequente:<\/strong> Reconhe\u00e7a no sacramento os modos sutis pelos quais o pecado entra pelos sentidos e pelos cliques.<\/li>\n\n\n\n<li><strong>Ora\u00e7\u00e3o antes de navegar:<\/strong> Pe\u00e7a ao Esp\u00edrito Santo que guie e purifique seu tempo online.<\/li>\n\n\n\n<li><strong>Caridade consciente:<\/strong> Doe regularmente a quem tem menos. Quebre o ciclo do ego\u00edsmo com a generosidade.<\/li>\n<\/ul>\n\n\n\n<hr class=\"wp-block-separator has-alpha-channel-opacity\"\/>\n\n\n\n<h3 class=\"wp-block-heading\">5. Consumidores ou disc\u00edpulos?<\/h3>\n\n\n\n<p>Em \u00faltima an\u00e1lise, essa batalha n\u00e3o se d\u00e1 entre voc\u00ea e uma empresa, mas entre <strong>o homem velho e o homem novo<\/strong> (cf. Ef\u00e9sios 4,22-24). N\u00e3o se trata de consumir menos por moralismo, mas de viver mais <strong>livres para amar<\/strong>.<br>Cristo n\u00e3o nos chamou a ser consumidores eficientes, mas <strong>disc\u00edpulos transformados pela verdade<\/strong>.<\/p>\n\n\n\n<p>Num mundo que quer preencher cada espa\u00e7o com urg\u00eancia, consumo, ansiedade e ru\u00eddo&#8230; <strong>seja uma alma livre<\/strong>. Porque:<\/p>\n\n\n\n<blockquote class=\"wp-block-quote is-layout-flow wp-block-quote-is-layout-flow\">\n<p>\u201cTudo me \u00e9 permitido\u201d, mas nem tudo conv\u00e9m. (1 Cor\u00edntios 6,12)<\/p>\n<\/blockquote>\n\n\n\n<hr class=\"wp-block-separator has-alpha-channel-opacity\"\/>\n\n\n\n<h3 class=\"wp-block-heading\">Conclus\u00e3o: O carrinho e a cruz<\/h3>\n\n\n\n<p>Toda vez que enchemos um carrinho online, dever\u00edamos nos perguntar: Estou tentando preencher um vazio que s\u00f3 Deus pode preencher?<br>A f\u00e9 crist\u00e3 n\u00e3o \u00e9 contra o com\u00e9rcio, mas se op\u00f5e <strong>ao consumismo como idolatria<\/strong>. N\u00e3o se trata de deixar de comprar, mas de <strong>escolher novamente Cristo como centro do nosso desejo<\/strong>.<\/p>\n\n\n\n<p>Diante de um marketing que quer usar seus pecados como alavancas, <strong>a f\u00e9 te oferece a convers\u00e3o como caminho de liberdade<\/strong>.<br>N\u00e3o se contente com a oferta por tempo limitado. Busque <strong>a vida eterna, que n\u00e3o tem desconto\u2026 mas tamb\u00e9m n\u00e3o tem data de validade<\/strong>.<\/p>\n","protected":false},"excerpt":{"rendered":"<p>Introdu\u00e7\u00e3o: A alma e o algoritmo Vivemos numa \u00e9poca em que cada clique tem um pre\u00e7o, cada desejo pode ser monetizado e cada impulso vira uma venda. As t\u00e9cnicas de marketing digital evolu\u00edram a ponto de alcan\u00e7ar uma precis\u00e3o quase cir\u00fargica na manipula\u00e7\u00e3o do comportamento humano. Por tr\u00e1s de banners chamativos, cron\u00f4metros regressivos e notifica\u00e7\u00f5es &hellip;<\/p>\n","protected":false},"author":3,"featured_media":4320,"comment_status":"open","ping_status":"open","sticky":false,"template":"","format":"standard","meta":{"_seopress_robots_primary_cat":"","_seopress_titles_title":"","_seopress_titles_desc":"","_seopress_robots_index":"","footnotes":""},"categories":[65,41],"tags":[1546,1547],"class_list":["post-4319","post","type-post","status-publish","format-standard","has-post-thumbnail","","category-evangelizacao-e-novas-tecnologias","category-fe-e-cultura","tag-marketing","tag-pecados-capitais"],"_links":{"self":[{"href":"https:\/\/catholicus.eu\/pt\/wp-json\/wp\/v2\/posts\/4319","targetHints":{"allow":["GET"]}}],"collection":[{"href":"https:\/\/catholicus.eu\/pt\/wp-json\/wp\/v2\/posts"}],"about":[{"href":"https:\/\/catholicus.eu\/pt\/wp-json\/wp\/v2\/types\/post"}],"author":[{"embeddable":true,"href":"https:\/\/catholicus.eu\/pt\/wp-json\/wp\/v2\/users\/3"}],"replies":[{"embeddable":true,"href":"https:\/\/catholicus.eu\/pt\/wp-json\/wp\/v2\/comments?post=4319"}],"version-history":[{"count":1,"href":"https:\/\/catholicus.eu\/pt\/wp-json\/wp\/v2\/posts\/4319\/revisions"}],"predecessor-version":[{"id":4321,"href":"https:\/\/catholicus.eu\/pt\/wp-json\/wp\/v2\/posts\/4319\/revisions\/4321"}],"wp:featuredmedia":[{"embeddable":true,"href":"https:\/\/catholicus.eu\/pt\/wp-json\/wp\/v2\/media\/4320"}],"wp:attachment":[{"href":"https:\/\/catholicus.eu\/pt\/wp-json\/wp\/v2\/media?parent=4319"}],"wp:term":[{"taxonomy":"category","embeddable":true,"href":"https:\/\/catholicus.eu\/pt\/wp-json\/wp\/v2\/categories?post=4319"},{"taxonomy":"post_tag","embeddable":true,"href":"https:\/\/catholicus.eu\/pt\/wp-json\/wp\/v2\/tags?post=4319"}],"curies":[{"name":"wp","href":"https:\/\/api.w.org\/{rel}","templated":true}]}}