{"id":4310,"date":"2025-06-23T23:13:28","date_gmt":"2025-06-23T21:13:28","guid":{"rendered":"https:\/\/catholicus.eu\/pt\/?p=4310"},"modified":"2025-06-23T23:13:28","modified_gmt":"2025-06-23T21:13:28","slug":"do-lixo-alimentar-ao-clean-eating-obsessivo-a-gula-na-era-do-culto-ao-corpo-saudavel","status":"publish","type":"post","link":"https:\/\/catholicus.eu\/pt\/do-lixo-alimentar-ao-clean-eating-obsessivo-a-gula-na-era-do-culto-ao-corpo-saudavel\/","title":{"rendered":"Do Lixo Alimentar ao \u201cClean Eating\u201d Obsessivo: A Gula na Era do Culto ao Corpo Saud\u00e1vel"},"content":{"rendered":"\n<p><em>Uma reflex\u00e3o teol\u00f3gica e pastoral sobre alimenta\u00e7\u00e3o, obsess\u00e3o corporal e a virtude da temperan\u00e7a<\/em><\/p>\n\n\n\n<hr class=\"wp-block-separator has-alpha-channel-opacity\"\/>\n\n\n\n<h3 class=\"wp-block-heading\">Introdu\u00e7\u00e3o: Do excesso vis\u00edvel ao excesso disfar\u00e7ado<\/h3>\n\n\n\n<p>No nosso tempo \u2014 marcado pela hiperconex\u00e3o, pelo culto \u00e0 imagem e pela constante disponibilidade \u2014 a comida deixou de ser apenas nutri\u00e7\u00e3o para se tornar identidade, ideologia, forma de controle ou at\u00e9 rebeldia. Durante d\u00e9cadas, o chamado <em>junk food<\/em> (comida lixo) \u2014 cal\u00f3rico, pobre em nutrientes \u2014 foi s\u00edmbolo da <strong>gula<\/strong>: excesso, desleixo, pregui\u00e7a. Mas hoje nos deparamos com um fen\u00f4meno mais sutil: o <em>clean eating<\/em>, a ortorexia, as dietas restritivas e o culto ao corpo em nome da \u201csa\u00fade\u201d. Paradoxalmente, at\u00e9 mesmo esse autocontrole extremo pode ser, teologicamente falando, outra face do mesmo v\u00edcio capital: <strong>a gula<\/strong>.<\/p>\n\n\n\n<p>Este artigo pretende explorar esse fen\u00f4meno \u00e0 luz da Tradi\u00e7\u00e3o da Igreja, iluminado pela Palavra de Deus, pelos Padres do Deserto e pela milenar sabedoria da teologia moral cat\u00f3lica. N\u00e3o para julgar, mas para acompanhar. N\u00e3o para condenar, mas para indicar um caminho rumo \u00e0 liberdade.<\/p>\n\n\n\n<hr class=\"wp-block-separator has-alpha-channel-opacity\"\/>\n\n\n\n<h2 class=\"wp-block-heading\">I. O que \u00e9 a gula? Uma defini\u00e7\u00e3o cl\u00e1ssica de surpreendente atualidade<\/h2>\n\n\n\n<p>A <strong>gula<\/strong> n\u00e3o consiste simplesmente em comer demais. Segundo S\u00e3o Tom\u00e1s de Aquino, \u00e9 \u201cum desejo desordenado de comida ou bebida\u201d. Isso significa que se trata de uma rela\u00e7\u00e3o equivocada com a alimenta\u00e7\u00e3o \u2014 seja por excesso, avidez, sofistica\u00e7\u00e3o \u2014 ou at\u00e9 mesmo (e aqui tocamos na atualidade) <strong>por um desejo extremo de pureza e controle, que acaba nos escravizando<\/strong>.<\/p>\n\n\n\n<p>A Tradi\u00e7\u00e3o crist\u00e3 \u2014 dos Padres do Deserto \u00e0 teologia moral \u2014 identifica cinco formas cl\u00e1ssicas da gula:<\/p>\n\n\n\n<ol class=\"wp-block-list\">\n<li><strong>Comer antes da hora<\/strong> (<em>praepropere<\/em>)<\/li>\n\n\n\n<li><strong>Comer com avidez<\/strong> (<em>laute<\/em>)<\/li>\n\n\n\n<li><strong>Desejar comidas sofisticadas ou caras demais<\/strong> (<em>nimis exquisite<\/em>)<\/li>\n\n\n\n<li><strong>Comer em excesso<\/strong> (<em>nimis<\/em>)<\/li>\n\n\n\n<li><strong>Comer com desejo desordenado<\/strong> (<em>ardenter<\/em>)<\/li>\n<\/ol>\n\n\n\n<p>Hoje poder\u00edamos acrescentar uma sexta forma: <strong>a obsess\u00e3o pela alimenta\u00e7\u00e3o \u201climpa\u201d como nova forma de idolatria do corpo<\/strong>. Quando a comida deixa de ser alimento e se torna um meio de <em>auto-salva\u00e7\u00e3o<\/em>, sem Deus.<\/p>\n\n\n\n<hr class=\"wp-block-separator has-alpha-channel-opacity\"\/>\n\n\n\n<h2 class=\"wp-block-heading\">II. Uma mudan\u00e7a cultural: do fast food \u00e0 ideologia do \u201cfit food\u201d<\/h2>\n\n\n\n<p>Nas \u00faltimas d\u00e9cadas, especialmente no Ocidente, assistimos a uma mudan\u00e7a not\u00e1vel:<\/p>\n\n\n\n<ul class=\"wp-block-list\">\n<li><strong>Ontem<\/strong>: o pecado da gula se manifestava no excesso vis\u00edvel \u2014 comer demais, pregui\u00e7a, desleixo.<\/li>\n\n\n\n<li><strong>Hoje<\/strong>: a gula tamb\u00e9m se expressa como necessidade de controle extremo \u2014 com dietas restritivas, obsess\u00e3o por sa\u00fade, desempenho e est\u00e9tica corporal.<\/li>\n<\/ul>\n\n\n\n<p>O fast food ainda \u00e9 uma tenta\u00e7\u00e3o. Mas hoje, a cultura do \u201cfitness\u201d, do \u201cclean eating\u201d, do jejum intermitente por vaidade e dos substitutos alimentares proteicos gerou uma nova espiritualidade sem alma: <strong>o corpo como supremo bem<\/strong>.<\/p>\n\n\n\n<p>Essa obsess\u00e3o n\u00e3o apenas prejudica a sa\u00fade f\u00edsica e psicol\u00f3gica \u2014 <strong>tamb\u00e9m mina a vida espiritual<\/strong>: torna-se culto, nova moral, onde \u201cbom\u201d \u00e9 o que \u00e9 \u201cleve\u201d, \u201climpo\u201d, \u201csem a\u00e7\u00facar\u201d e \u201csem gordura\u201d.<\/p>\n\n\n\n<hr class=\"wp-block-separator has-alpha-channel-opacity\"\/>\n\n\n\n<h2 class=\"wp-block-heading\">III. \u00abNem s\u00f3 de p\u00e3o vive o homem\u00bb: nutrir o corpo, saciar a alma<\/h2>\n\n\n\n<p>Jesus responde ao diabo no deserto com estas palavras:<\/p>\n\n\n\n<blockquote class=\"wp-block-quote is-layout-flow wp-block-quote-is-layout-flow\">\n<p><em>\u00abNem s\u00f3 de p\u00e3o vive o homem, mas de toda palavra que procede da boca de Deus\u00bb<\/em> (Mt 4,4).<\/p>\n<\/blockquote>\n\n\n\n<p>Esse vers\u00edculo nos recorda que o ser humano tem fome \u2014 mas n\u00e3o s\u00f3 f\u00edsica. Temos <strong>fome espiritual<\/strong>. Quando tentamos preencher essa fome com comida (em excesso ou em escassez), com dietas, suplementos, planos alimentares ou n\u00fameros na balan\u00e7a, estamos tentando saciar um vazio que s\u00f3 Deus pode preencher.<\/p>\n\n\n\n<p>Santo Agostinho entendeu isso profundamente:<\/p>\n\n\n\n<blockquote class=\"wp-block-quote is-layout-flow wp-block-quote-is-layout-flow\">\n<p><em>\u00abFizeste-nos para Ti, Senhor, e o nosso cora\u00e7\u00e3o est\u00e1 inquieto enquanto n\u00e3o repousar em Ti\u00bb<\/em>.<\/p>\n<\/blockquote>\n\n\n\n<hr class=\"wp-block-separator has-alpha-channel-opacity\"\/>\n\n\n\n<h2 class=\"wp-block-heading\">IV. O corpo: templo, n\u00e3o \u00eddolo<\/h2>\n\n\n\n<p>O cristianismo <strong>n\u00e3o despreza o corpo<\/strong> \u2014 pelo contr\u00e1rio, reconhece-o como <strong>templo do Esp\u00edrito Santo<\/strong> (1Cor 6,19). Cuidar dele \u00e9 um ato de gratid\u00e3o e responsabilidade. Mas cuidar <strong>n\u00e3o significa ador\u00e1-lo<\/strong>. Obsess\u00e3o n\u00e3o \u00e9 caminho de salva\u00e7\u00e3o.<\/p>\n\n\n\n<p>Quando o corpo se torna o centro absoluto da aten\u00e7\u00e3o, quando nossa paz interior depende do que comemos ou deixamos de comer, de quantos quilos ganhamos ou perdemos, ent\u00e3o <strong>n\u00e3o o consideramos mais um templo \u2014 mas um \u00eddolo<\/strong>.<\/p>\n\n\n\n<p>E a idolatria \u00e9 uma forma sutil de gula espiritual: <strong>querer saciar a fome da alma com algo que n\u00e3o \u00e9 Deus<\/strong>.<\/p>\n\n\n\n<hr class=\"wp-block-separator has-alpha-channel-opacity\"\/>\n\n\n\n<h2 class=\"wp-block-heading\">V. Gula disfar\u00e7ada: quando a sa\u00fade se torna escravid\u00e3o<\/h2>\n\n\n\n<p>Hoje a gula n\u00e3o se manifesta apenas em comer demais \u2014 mas <strong>na necessidade de controlar tudo<\/strong>. A <strong>ortorexia<\/strong> \u2014 a obsess\u00e3o patol\u00f3gica por comer saud\u00e1vel \u2014 est\u00e1 em crescimento. As redes sociais est\u00e3o cheias de influenciadores que pregam dietas extremas, corpos esculpidos, alimentos \u201csem pecado\u201d (sem a\u00e7\u00facar, sem gl\u00faten, sem gordura, sem sabor\u2026).<\/p>\n\n\n\n<p>Essa fixa\u00e7\u00e3o \u2014 muitas vezes admirada pela sociedade \u2014 pode ser <strong>espiritualmente perigosa<\/strong>:<\/p>\n\n\n\n<ul class=\"wp-block-list\">\n<li>Rouba a liberdade interior<\/li>\n\n\n\n<li>Leva a julgar os outros com base em seu corpo ou alimenta\u00e7\u00e3o<\/li>\n\n\n\n<li>Gera ansiedade e culpa<\/li>\n\n\n\n<li>Nos priva da alegria e da gratid\u00e3o pelas coisas simples<\/li>\n<\/ul>\n\n\n\n<p>Sobretudo, coloca <strong>a n\u00f3s mesmos<\/strong> \u2014 nosso corpo, nossa vontade, nosso plano alimentar \u2014 no centro. Em vez de confiarmos em Deus, tentamos <em>nos salvar por uma dieta<\/em>.<\/p>\n\n\n\n<hr class=\"wp-block-separator has-alpha-channel-opacity\"\/>\n\n\n\n<h2 class=\"wp-block-heading\">VI. Um guia teol\u00f3gico e pastoral para viver a virtude da temperan\u00e7a<\/h2>\n\n\n\n<p>A virtude oposta \u00e0 gula n\u00e3o \u00e9 \u201ca dieta\u201d, mas a <strong>temperan\u00e7a<\/strong>: a capacidade de usar corretamente os bens criados. Comer com ordem, gratid\u00e3o e liberdade.<\/p>\n\n\n\n<p>Eis um guia pr\u00e1tico para uma rela\u00e7\u00e3o crist\u00e3, equilibrada e espiritual com a comida:<\/p>\n\n\n\n<h3 class=\"wp-block-heading\">1. <strong>Redescobrir a comida como dom<\/strong><\/h3>\n\n\n\n<p>Cada refei\u00e7\u00e3o \u00e9 um dom de Deus. O sinal da cruz antes de comer, a refei\u00e7\u00e3o partilhada, a lentid\u00e3o ao comer: tudo isso santifica o alimento.<\/p>\n\n\n\n<blockquote class=\"wp-block-quote is-layout-flow wp-block-quote-is-layout-flow\">\n<p><em>\u00abQuer comais, quer bebais, ou fa\u00e7ais qualquer outra coisa, fazei tudo para a gl\u00f3ria de Deus\u00bb<\/em> (1Cor 10,31)<\/p>\n<\/blockquote>\n\n\n\n<h3 class=\"wp-block-heading\">2. <strong>N\u00e3o buscar a paz nas etiquetas nutricionais<\/strong><\/h3>\n\n\n\n<p>A paz interior n\u00e3o vem das calorias, dos macronutrientes ou do \u00edndice glic\u00eamico. Nasce da consci\u00eancia de que Deus nos ama \u2014 com nossos quilos a mais ou a menos, com nossas quedas, com nossos esfor\u00e7os.<\/p>\n\n\n\n<h3 class=\"wp-block-heading\">3. <strong>Viver a temperan\u00e7a<\/strong><\/h3>\n\n\n\n<p>N\u00e3o se trata de privar-se de tudo \u2014 mas de <strong>n\u00e3o ser escravo<\/strong>. Saborear um doce sem culpa, ou renunciar livremente a um excesso \u2014 s\u00e3o sinais de maturidade espiritual.<\/p>\n\n\n\n<h3 class=\"wp-block-heading\">4. <strong>Cuidar do corpo \u2014 mas ainda mais da alma<\/strong><\/h3>\n\n\n\n<p>Fazer exerc\u00edcios, comer bem \u2014 sim. Mas n\u00e3o esquecer a ora\u00e7\u00e3o, a Palavra de Deus, o sacramento da Reconcilia\u00e7\u00e3o, a caridade. A sa\u00fade espiritual permanece \u2014 a f\u00edsica passa.<\/p>\n\n\n\n<h3 class=\"wp-block-heading\">5. <strong>N\u00e3o julgar os outros pelo corpo ou pela comida<\/strong><\/h3>\n\n\n\n<p>O olhar crist\u00e3o \u00e9 benevolente. Nunca sabemos o que est\u00e1 por tr\u00e1s de uma apar\u00eancia \u2014 sobrepeso ou magreza extrema. A miseric\u00f3rdia come\u00e7a \u00e0 mesa.<\/p>\n\n\n\n<h3 class=\"wp-block-heading\">6. <strong>Redescobrir o jejum \u2014 como caminho de liberdade, n\u00e3o puni\u00e7\u00e3o<\/strong><\/h3>\n\n\n\n<p>O jejum crist\u00e3o <strong>n\u00e3o \u00e9 uma dieta<\/strong> \u2014 \u00e9 uni\u00e3o com Cristo, ordenamento do desejo, abertura ao pr\u00f3ximo. N\u00e3o \u00e9 puni\u00e7\u00e3o: \u00e9 <strong>ora\u00e7\u00e3o com o corpo<\/strong>.<\/p>\n\n\n\n<hr class=\"wp-block-separator has-alpha-channel-opacity\"\/>\n\n\n\n<h2 class=\"wp-block-heading\">Conclus\u00e3o: Um novo caminho para a liberdade interior<\/h2>\n\n\n\n<p>A gula n\u00e3o desapareceu. Apenas mudou de forma. N\u00e3o se manifesta mais apenas em comer demais \u2014 mas na necessidade de controlar tudo, no medo, na idolatria. Mas o Evangelho continua propondo um <strong>caminho de liberdade<\/strong>.<\/p>\n\n\n\n<p>Cristo nos convida a comer com gratid\u00e3o, jejuar com alegria, viver com equil\u00edbrio. A considerar o corpo <strong>como templo, e n\u00e3o como escultura de academia<\/strong>. Cada refei\u00e7\u00e3o pode se tornar uma <strong>Eucaristia cotidiana<\/strong>: <strong>um ato de a\u00e7\u00e3o de gra\u00e7as, n\u00e3o de idolatria<\/strong>.<\/p>\n\n\n\n<p>Porque a verdadeira sa\u00fade \u2014 aquela que traz paz, alegria e sentido \u2014 n\u00e3o nasce do \u201cclean eating\u201d, mas de <strong>um cora\u00e7\u00e3o puro<\/strong>.<\/p>\n\n\n\n<hr class=\"wp-block-separator has-alpha-channel-opacity\"\/>\n\n\n\n<h3 class=\"wp-block-heading\">\ud83d\udccc <em>Uma ora\u00e7\u00e3o final para este caminho espiritual atrav\u00e9s da alimenta\u00e7\u00e3o:<\/em><\/h3>\n\n\n\n<blockquote class=\"wp-block-quote is-layout-flow wp-block-quote-is-layout-flow\">\n<p>Senhor, d\u00e1-me a gra\u00e7a de comer com gratid\u00e3o, jejuar com alegria e viver com liberdade.<br>Que meu corpo seja um templo, n\u00e3o um \u00eddolo.<br>Que eu n\u00e3o busque salva\u00e7\u00e3o em meus pr\u00f3prios esfor\u00e7os, mas receba o Teu amor como alimento cotidiano.<br>Am\u00e9m.<\/p>\n<\/blockquote>\n","protected":false},"excerpt":{"rendered":"<p>Uma reflex\u00e3o teol\u00f3gica e pastoral sobre alimenta\u00e7\u00e3o, obsess\u00e3o corporal e a virtude da temperan\u00e7a Introdu\u00e7\u00e3o: Do excesso vis\u00edvel ao excesso disfar\u00e7ado No nosso tempo \u2014 marcado pela hiperconex\u00e3o, pelo culto \u00e0 imagem e pela constante disponibilidade \u2014 a comida deixou de ser apenas nutri\u00e7\u00e3o para se tornar identidade, ideologia, forma de controle ou at\u00e9 rebeldia. &hellip;<\/p>\n","protected":false},"author":3,"featured_media":4311,"comment_status":"open","ping_status":"open","sticky":false,"template":"","format":"standard","meta":{"_seopress_robots_primary_cat":"","_seopress_titles_title":"","_seopress_titles_desc":"","_seopress_robots_index":"","footnotes":""},"categories":[54,39],"tags":[1543,434],"class_list":["post-4310","post","type-post","status-publish","format-standard","has-post-thumbnail","","category-bioetica-e-questoes-contemporaneas","category-moral-e-vida-crista","tag-culto-ao-corpo-saudavel","tag-gula"],"_links":{"self":[{"href":"https:\/\/catholicus.eu\/pt\/wp-json\/wp\/v2\/posts\/4310","targetHints":{"allow":["GET"]}}],"collection":[{"href":"https:\/\/catholicus.eu\/pt\/wp-json\/wp\/v2\/posts"}],"about":[{"href":"https:\/\/catholicus.eu\/pt\/wp-json\/wp\/v2\/types\/post"}],"author":[{"embeddable":true,"href":"https:\/\/catholicus.eu\/pt\/wp-json\/wp\/v2\/users\/3"}],"replies":[{"embeddable":true,"href":"https:\/\/catholicus.eu\/pt\/wp-json\/wp\/v2\/comments?post=4310"}],"version-history":[{"count":1,"href":"https:\/\/catholicus.eu\/pt\/wp-json\/wp\/v2\/posts\/4310\/revisions"}],"predecessor-version":[{"id":4312,"href":"https:\/\/catholicus.eu\/pt\/wp-json\/wp\/v2\/posts\/4310\/revisions\/4312"}],"wp:featuredmedia":[{"embeddable":true,"href":"https:\/\/catholicus.eu\/pt\/wp-json\/wp\/v2\/media\/4311"}],"wp:attachment":[{"href":"https:\/\/catholicus.eu\/pt\/wp-json\/wp\/v2\/media?parent=4310"}],"wp:term":[{"taxonomy":"category","embeddable":true,"href":"https:\/\/catholicus.eu\/pt\/wp-json\/wp\/v2\/categories?post=4310"},{"taxonomy":"post_tag","embeddable":true,"href":"https:\/\/catholicus.eu\/pt\/wp-json\/wp\/v2\/tags?post=4310"}],"curies":[{"name":"wp","href":"https:\/\/api.w.org\/{rel}","templated":true}]}}