{"id":4295,"date":"2025-06-22T22:55:07","date_gmt":"2025-06-22T20:55:07","guid":{"rendered":"https:\/\/catholicus.eu\/pt\/?p=4295"},"modified":"2025-06-22T22:55:08","modified_gmt":"2025-06-22T20:55:08","slug":"latria-o-culto-de-adoracao-devido-somente-a-deus","status":"publish","type":"post","link":"https:\/\/catholicus.eu\/pt\/latria-o-culto-de-adoracao-devido-somente-a-deus\/","title":{"rendered":"L\u00e1tria: O Culto de Adora\u00e7\u00e3o Devido Somente a Deus"},"content":{"rendered":"\n<h2 class=\"wp-block-heading\"><strong>Introdu\u00e7\u00e3o: O que \u00e9 L\u00e1tria?<\/strong><\/h2>\n\n\n\n<p>Num mundo onde tantas coisas competem pela nossa devo\u00e7\u00e3o &#8211; dinheiro, sucesso, ideologias, at\u00e9 mesmo figuras p\u00fablicas &#8211; a Igreja Cat\u00f3lica nos recorda uma verdade eterna:&nbsp;<strong>s\u00f3 Deus \u00e9 digno de adora\u00e7\u00e3o<\/strong>. Este culto supremo chama-se&nbsp;<strong>l\u00e1tria<\/strong>&nbsp;(do grego \u03bb\u03b1\u03c4\u03c1\u03b5\u03af\u03b1, &#8220;servi\u00e7o&#8221; ou &#8220;adora\u00e7\u00e3o&#8221;), e indica a rever\u00eancia absoluta que s\u00f3 pode ser dirigida \u00e0 Sant\u00edssima Trindade.<\/p>\n\n\n\n<p>Diferente da&nbsp;<em>dulia<\/em>&nbsp;(venera\u00e7\u00e3o aos santos) ou&nbsp;<em>hiperdulia<\/em>&nbsp;(venera\u00e7\u00e3o especial \u00e0 Virgem Maria), a l\u00e1tria \u00e9 exclusiva de Deus. Mas por qu\u00ea? Como se diferencia de outras formas de devo\u00e7\u00e3o? E, o mais importante:&nbsp;<strong>como viver a l\u00e1tria em nossa vida di\u00e1ria?<\/strong><\/p>\n\n\n\n<p>Neste artigo exploraremos:<\/p>\n\n\n\n<ol start=\"1\" class=\"wp-block-list\">\n<li><strong>O fundamento b\u00edblico e teol\u00f3gico da l\u00e1tria<\/strong><\/li>\n\n\n\n<li><strong>Seu desenvolvimento hist\u00f3rico na Tradi\u00e7\u00e3o da Igreja<\/strong><\/li>\n\n\n\n<li><strong>Como distingui-la de outras formas de culto<\/strong><\/li>\n\n\n\n<li><strong>Um guia pr\u00e1tico para viver a adora\u00e7\u00e3o divina no mundo moderno<\/strong><\/li>\n<\/ol>\n\n\n\n<hr class=\"wp-block-separator has-alpha-channel-opacity\"\/>\n\n\n\n<h2 class=\"wp-block-heading\"><strong>1. Fundamento B\u00edblico: &#8220;Ao Senhor teu Deus adorar\u00e1s, e s\u00f3 a Ele prestar\u00e1s culto&#8221;<\/strong><\/h2>\n\n\n\n<p>O pr\u00f3prio Jesus, citando o Deuteron\u00f4mio, estabeleceu este princ\u00edpio quando tentado pelo dem\u00f4nio:<\/p>\n\n\n\n<blockquote class=\"wp-block-quote is-layout-flow wp-block-quote-is-layout-flow\">\n<p><em>&#8220;Jesus lhe disse: &#8216;Retira-te, Satan\u00e1s! Porque est\u00e1 escrito: Ao Senhor teu Deus adorar\u00e1s, e s\u00f3 a Ele prestar\u00e1s culto.'&#8221;<\/em>&nbsp;(Mateus 4:10)<\/p>\n<\/blockquote>\n\n\n\n<p>Este mandamento n\u00e3o \u00e9 mera formalidade, mas a pr\u00f3pria ess\u00eancia da rela\u00e7\u00e3o entre o homem e seu Criador.&nbsp;<strong>Deus n\u00e3o compartilha Sua gl\u00f3ria<\/strong>&nbsp;(Isa\u00edas 42:8), pois Ele \u00e9 o&nbsp;<em>Eu Sou<\/em>&nbsp;(\u00caxodo 3:14), o Princ\u00edpio e Fim de todas as coisas.<\/p>\n\n\n\n<p>No Antigo Testamento, a idolatria &#8211; prestar l\u00e1tria a falsos deuses &#8211; era o pecado mais grave, pois rompia a Alian\u00e7a. No Novo Testamento, S\u00e3o Paulo adverte:<\/p>\n\n\n\n<blockquote class=\"wp-block-quote is-layout-flow wp-block-quote-is-layout-flow\">\n<p><em>&#8220;Fugi da idolatria.&#8221;<\/em>&nbsp;(1 Cor\u00edntios 10:14)<\/p>\n<\/blockquote>\n\n\n\n<p>Mas hoje, mesmo sem cairmos na idolatria pag\u00e3,&nbsp;<strong>n\u00e3o colocamos outras coisas no lugar de Deus?<\/strong>&nbsp;Trabalho, prazer, poder, redes sociais&#8230; Tudo que ocupa o centro da vida, deslocando Deus, torna-se um \u00eddolo.<\/p>\n\n\n\n<hr class=\"wp-block-separator has-alpha-channel-opacity\"\/>\n\n\n\n<h2 class=\"wp-block-heading\"><strong>2. Desenvolvimento Hist\u00f3rico: A Igreja Defensora do Culto Divino<\/strong><\/h2>\n\n\n\n<p>Desde os primeiros s\u00e9culos, a Igreja combateu desvios no culto. Gn\u00f3sticos, arianos e depois iconoclastas confundiram a venera\u00e7\u00e3o de imagens e santos com idolatria. Mas o II Conc\u00edlio de Niceia (787) esclareceu:<\/p>\n\n\n\n<ul class=\"wp-block-list\">\n<li><strong>L\u00e1tria<\/strong>: Adora\u00e7\u00e3o absoluta, s\u00f3 a Deus<\/li>\n\n\n\n<li><strong>Dulia<\/strong>: Venera\u00e7\u00e3o relativa aos santos<\/li>\n\n\n\n<li><strong>Hiperdulia<\/strong>: Venera\u00e7\u00e3o especial \u00e0 Virgem Maria<\/li>\n<\/ul>\n\n\n\n<p>Na Idade M\u00e9dia, S\u00e3o Tom\u00e1s de Aquino aprofundou isto, explicando que&nbsp;<strong>a adora\u00e7\u00e3o \u00e9 ato de justi\u00e7a<\/strong>: Deus merece toda honra por ser o Ser Supremo.<\/p>\n\n\n\n<p>A Reforma protestante, ao rejeitar o culto aos santos, negou erroneamente sua intercess\u00e3o, mas a Igreja reafirmou:&nbsp;<strong>venerar n\u00e3o \u00e9 adorar<\/strong>.<\/p>\n\n\n\n<p>Hoje o secularismo \u00e9 o novo paganismo:&nbsp;<strong>Deus foi substitu\u00eddo pelo homem como centro do universo<\/strong>. Por isso recuperar o sentido da l\u00e1tria \u00e9 mais urgente que nunca.<\/p>\n\n\n\n<hr class=\"wp-block-separator has-alpha-channel-opacity\"\/>\n\n\n\n<h2 class=\"wp-block-heading\"><strong>3. Como Distinguir L\u00e1tria de Outras Formas de Culto?<\/strong><\/h2>\n\n\n\n<p>Para evitar confus\u00e3o, a Igreja ensina:<\/p>\n\n\n\n<figure class=\"wp-block-table\"><table class=\"has-fixed-layout\"><thead><tr><th><strong>Tipo de Culto<\/strong><\/th><th><strong>A Quem se Dirige<\/strong><\/th><th><strong>Natureza<\/strong><\/th><\/tr><\/thead><tbody><tr><td><strong>L\u00e1tria<\/strong><\/td><td>S\u00f3 a Deus (Pai, Filho e Esp\u00edrito Santo)<\/td><td>Adora\u00e7\u00e3o absoluta, sacrif\u00edcio (a Missa)<\/td><\/tr><tr><td><strong>Hiperdulia<\/strong><\/td><td>Virgem Maria<\/td><td>Venera\u00e7\u00e3o m\u00e1xima, mas n\u00e3o adora\u00e7\u00e3o<\/td><\/tr><tr><td><strong>Dulia<\/strong><\/td><td>Santos e Anjos<\/td><td>Venera\u00e7\u00e3o relativa, pedindo intercess\u00e3o<\/td><\/tr><\/tbody><\/table><\/figure>\n\n\n\n<p><strong>Exemplo pr\u00e1tico:<\/strong><\/p>\n\n\n\n<ul class=\"wp-block-list\">\n<li><strong>L\u00e1tria<\/strong>: Ajoelhar-se diante do Sant\u00edssimo Sacramento<\/li>\n\n\n\n<li><strong>Hiperdulia<\/strong>: Rezar o Ros\u00e1rio a Maria<\/li>\n\n\n\n<li><strong>Dulia<\/strong>: Pedir a intercess\u00e3o de S\u00e3o Jos\u00e9<\/li>\n<\/ul>\n\n\n\n<p><strong>Erro comum:<\/strong>&nbsp;Achar que honrar santos \u00e9 &#8220;ador\u00e1-los&#8221;. N\u00e3o: eles nos levam a Cristo, como amigos que nos apresentam ao Rei.<\/p>\n\n\n\n<hr class=\"wp-block-separator has-alpha-channel-opacity\"\/>\n\n\n\n<h2 class=\"wp-block-heading\"><strong>4. Guia Pr\u00e1tico: Como Viver a L\u00e1tria no Dia a Dia<\/strong><\/h2>\n\n\n\n<h3 class=\"wp-block-heading\"><strong>a) Na Liturgia: A Missa como \u00c1pice da Adora\u00e7\u00e3o<\/strong><\/h3>\n\n\n\n<p>A Santa Missa \u00e9 o ato supremo de l\u00e1tria, onde Cristo se oferece ao Pai. Participar com rever\u00eancia (ajoelhar, sil\u00eancio, comungar em estado de gra\u00e7a) \u00e9 essencial.<\/p>\n\n\n\n<p><strong>A\u00e7\u00e3o concreta:<\/strong><\/p>\n\n\n\n<ul class=\"wp-block-list\">\n<li>Ir \u00e0 Missa dominical\u00a0<em>n\u00e3o por obriga\u00e7\u00e3o, mas por amor<\/em><\/li>\n\n\n\n<li>Fazer visita ao Sant\u00edssimo, mesmo breve<\/li>\n<\/ul>\n\n\n\n<h3 class=\"wp-block-heading\"><strong>b) Na Ora\u00e7\u00e3o Pessoal: Cultivar Adora\u00e7\u00e3o<\/strong><\/h3>\n\n\n\n<ul class=\"wp-block-list\">\n<li><strong>Diante do Sacr\u00e1rio<\/strong>: &#8220;Deus est\u00e1 aqui&#8221;. Basta um ato interior:\u00a0<em>&#8220;Eu Te adoro, meu Deus&#8221;<\/em><\/li>\n\n\n\n<li><strong>Em casa<\/strong>: Ter um espa\u00e7o de ora\u00e7\u00e3o (cruz, B\u00edblia)<\/li>\n<\/ul>\n\n\n\n<h3 class=\"wp-block-heading\"><strong>c) No Cotidiano: Tudo para Gl\u00f3ria de Deus<\/strong><\/h3>\n\n\n\n<p>S\u00e3o Paulo diz:<\/p>\n\n\n\n<blockquote class=\"wp-block-quote is-layout-flow wp-block-quote-is-layout-flow\">\n<p><em>&#8220;Quer comais, quer bebais, ou fa\u00e7ais qualquer outra coisa, fazei tudo para a gl\u00f3ria de Deus.&#8221;<\/em>&nbsp;(1 Cor\u00edntios 10:31)<\/p>\n<\/blockquote>\n\n\n\n<ul class=\"wp-block-list\">\n<li><strong>Trabalho<\/strong>: Oferec\u00ea-lo como sacrif\u00edcio espiritual<\/li>\n\n\n\n<li><strong>Sofrimentos<\/strong>: Uni-los \u00e0 Cruz de Cristo<\/li>\n\n\n\n<li><strong>Alegrias<\/strong>: Agradecer a Deus como fonte de todo bem<\/li>\n<\/ul>\n\n\n\n<h3 class=\"wp-block-heading\"><strong>d) Combater os &#8220;\u00cddolos Modernos&#8221;<\/strong><\/h3>\n\n\n\n<ul class=\"wp-block-list\">\n<li><strong>Dinheiro, poder, prazer<\/strong>: Ocupam o lugar de Deus?<\/li>\n\n\n\n<li><strong>Redes sociais, entretenimento<\/strong>: Me distraem do essencial?<\/li>\n<\/ul>\n\n\n\n<p><strong>Exame pr\u00e1tico:<\/strong><\/p>\n\n\n\n<ol start=\"1\" class=\"wp-block-list\">\n<li>Qual meu primeiro pensamento ao acordar? Deus ou preocupa\u00e7\u00f5es?<\/li>\n\n\n\n<li>Dedico tempo \u00e0 adora\u00e7\u00e3o ou s\u00f3 pe\u00e7o favores?<\/li>\n<\/ol>\n\n\n\n<hr class=\"wp-block-separator has-alpha-channel-opacity\"\/>\n\n\n\n<h2 class=\"wp-block-heading\"><strong>Conclus\u00e3o: Restaurar Deus no Centro<\/strong><\/h2>\n\n\n\n<p>Vivemos numa era de &#8220;auto-adora\u00e7\u00e3o&#8221;, onde o homem se cr\u00ea dono do destino. Mas&nbsp;<strong>sem Deus, o cora\u00e7\u00e3o humano est\u00e1 inquieto<\/strong>&nbsp;(Santo Agostinho).<\/p>\n\n\n\n<p>A l\u00e1tria n\u00e3o \u00e9 ritual arcaico: \u00e9&nbsp;<strong>o ant\u00eddoto contra a escravid\u00e3o dos falsos deuses<\/strong>. Quando adoramos Deus, recuperamos nossa liberdade, pois s\u00f3 Ele \u00e9 digno de nosso amor total.<\/p>\n\n\n\n<p><strong>Hoje perguntemo-nos:<\/strong><\/p>\n\n\n\n<ul class=\"wp-block-list\">\n<li>A quem ou o que realmente sirvo?<\/li>\n\n\n\n<li>Como posso dar a Deus o primeiro lugar?<\/li>\n<\/ul>\n\n\n\n<p>Que a Sant\u00edssima Virgem Maria, perfeita adoradora do Pai, nos guie a viver em&nbsp;<strong>esp\u00edrito de l\u00e1tria<\/strong>, para que em tudo&nbsp;<strong>Deus seja tudo em todos<\/strong>&nbsp;(1 Cor\u00edntios 15:28).<\/p>\n\n\n\n<p><strong>Adoremos a Ele!<\/strong><\/p>\n\n\n\n<hr class=\"wp-block-separator has-alpha-channel-opacity\"\/>\n\n\n\n<p>Gostou deste artigo? Compartilhe e comente:&nbsp;<strong>Como voc\u00ea vive a adora\u00e7\u00e3o a Deus?<\/strong><\/p>\n","protected":false},"excerpt":{"rendered":"<p>Introdu\u00e7\u00e3o: O que \u00e9 L\u00e1tria? Num mundo onde tantas coisas competem pela nossa devo\u00e7\u00e3o &#8211; dinheiro, sucesso, ideologias, at\u00e9 mesmo figuras p\u00fablicas &#8211; a Igreja Cat\u00f3lica nos recorda uma verdade eterna:&nbsp;s\u00f3 Deus \u00e9 digno de adora\u00e7\u00e3o. Este culto supremo chama-se&nbsp;l\u00e1tria&nbsp;(do grego \u03bb\u03b1\u03c4\u03c1\u03b5\u03af\u03b1, &#8220;servi\u00e7o&#8221; ou &#8220;adora\u00e7\u00e3o&#8221;), e indica a rever\u00eancia absoluta que s\u00f3 pode ser dirigida &hellip;<\/p>\n","protected":false},"author":3,"featured_media":4296,"comment_status":"open","ping_status":"open","sticky":false,"template":"","format":"standard","meta":{"_seopress_robots_primary_cat":"","_seopress_titles_title":"","_seopress_titles_desc":"","_seopress_robots_index":"","footnotes":""},"categories":[38,51],"tags":[1538],"class_list":["post-4295","post","type-post","status-publish","format-standard","has-post-thumbnail","","category-historia-e-tradicao","category-magisterio-da-igreja","tag-latria"],"_links":{"self":[{"href":"https:\/\/catholicus.eu\/pt\/wp-json\/wp\/v2\/posts\/4295","targetHints":{"allow":["GET"]}}],"collection":[{"href":"https:\/\/catholicus.eu\/pt\/wp-json\/wp\/v2\/posts"}],"about":[{"href":"https:\/\/catholicus.eu\/pt\/wp-json\/wp\/v2\/types\/post"}],"author":[{"embeddable":true,"href":"https:\/\/catholicus.eu\/pt\/wp-json\/wp\/v2\/users\/3"}],"replies":[{"embeddable":true,"href":"https:\/\/catholicus.eu\/pt\/wp-json\/wp\/v2\/comments?post=4295"}],"version-history":[{"count":1,"href":"https:\/\/catholicus.eu\/pt\/wp-json\/wp\/v2\/posts\/4295\/revisions"}],"predecessor-version":[{"id":4297,"href":"https:\/\/catholicus.eu\/pt\/wp-json\/wp\/v2\/posts\/4295\/revisions\/4297"}],"wp:featuredmedia":[{"embeddable":true,"href":"https:\/\/catholicus.eu\/pt\/wp-json\/wp\/v2\/media\/4296"}],"wp:attachment":[{"href":"https:\/\/catholicus.eu\/pt\/wp-json\/wp\/v2\/media?parent=4295"}],"wp:term":[{"taxonomy":"category","embeddable":true,"href":"https:\/\/catholicus.eu\/pt\/wp-json\/wp\/v2\/categories?post=4295"},{"taxonomy":"post_tag","embeddable":true,"href":"https:\/\/catholicus.eu\/pt\/wp-json\/wp\/v2\/tags?post=4295"}],"curies":[{"name":"wp","href":"https:\/\/api.w.org\/{rel}","templated":true}]}}