{"id":4283,"date":"2025-06-22T08:08:07","date_gmt":"2025-06-22T06:08:07","guid":{"rendered":"https:\/\/catholicus.eu\/pt\/?p=4283"},"modified":"2025-06-22T08:08:07","modified_gmt":"2025-06-22T06:08:07","slug":"avareza-cobica-o-minimalismo-como-luxo-consumo-etico-ou-nova-forma-de-acumular-status","status":"publish","type":"post","link":"https:\/\/catholicus.eu\/pt\/avareza-cobica-o-minimalismo-como-luxo-consumo-etico-ou-nova-forma-de-acumular-status\/","title":{"rendered":"Avareza (Cobi\u00e7a): O Minimalismo como Luxo \u2014 Consumo \u00c9tico ou Nova Forma de Acumular Status?"},"content":{"rendered":"\n<p><em>Um guia teol\u00f3gico e pastoral para discernir a verdadeira simplicidade num mundo que comercializa a virtude<\/em><\/p>\n\n\n\n<hr class=\"wp-block-separator has-alpha-channel-opacity\"\/>\n\n\n\n<h3 class=\"wp-block-heading\">Introdu\u00e7\u00e3o: A Ascens\u00e3o do \u201cMenos \u00e9 Mais\u201d\u2026 ou Apenas Mais do Mesmo?<\/h3>\n\n\n\n<p>Vivemos numa \u00e9poca em que vitrines foram substitu\u00eddas por murais do Pinterest, e as janelas reluzentes por interiores quase vazios e impecavelmente iluminados. A tend\u00eancia do minimalismo tornou-se forte, n\u00e3o apenas como um movimento est\u00e9tico ou modelo de ordem dom\u00e9stica, mas como uma esp\u00e9cie de \u201cnova virtude\u201d. Quem adere ao essencial parece ser, aparentemente, mais s\u00e1bio, mais \u00e9tico, mais moralmente elevado. Mas o que acontece quando esse \u201cminimalismo\u201d se transforma numa forma refinada \u2014 e paradoxal \u2014 de avareza?<\/p>\n\n\n\n<p>Neste artigo, abordaremos esse fen\u00f4meno moderno com profundidade e um olhar cr\u00edtico \u00e0 luz da tradi\u00e7\u00e3o cat\u00f3lica, analisando a virtude da pobreza evang\u00e9lica, o v\u00edcio da avareza e a armadilha espiritual escondida em transformar a simplicidade em s\u00edmbolo de superioridade. Refletiremos tamb\u00e9m sobre como viver hoje, com autenticidade crist\u00e3, uma verdadeira sobriedade de vida, livre do desejo de acumular \u2014 seja dinheiro, objetos ou at\u00e9 mesmo prest\u00edgio moral.<\/p>\n\n\n\n<hr class=\"wp-block-separator has-alpha-channel-opacity\"\/>\n\n\n\n<h3 class=\"wp-block-heading\">1. Avareza: Um Mal Antigo, uma Nova M\u00e1scara<\/h3>\n\n\n\n<h4 class=\"wp-block-heading\">O que \u00e9 a avareza?<\/h4>\n\n\n\n<p>A avareza, tamb\u00e9m chamada de cobi\u00e7a, \u00e9 um dos sete pecados capitais. S\u00e3o Tom\u00e1s de Aquino a define como \u201cum desejo desordenado de possuir bens temporais\u201d (<em>Suma Teol\u00f3gica<\/em>, II-II, q. 118). Trata-se de um pecado que n\u00e3o se mede tanto pela quantidade de bens, mas pela rela\u00e7\u00e3o com esses bens. Um pobre pode ser avarento se deseja ardentemente aquilo que n\u00e3o tem, e um rico pode ser generoso se compartilha o que possui sem apego.<\/p>\n\n\n\n<p>A Sagrada Escritura \u00e9 clara:<\/p>\n\n\n\n<blockquote class=\"wp-block-quote is-layout-flow wp-block-quote-is-layout-flow\">\n<p>\u201cPorque o amor ao dinheiro \u00e9 a raiz de todos os males\u201d (1 Tim\u00f3teo 6,10).<\/p>\n<\/blockquote>\n\n\n\n<p>A avareza corrompe o cora\u00e7\u00e3o, subjuga a vontade e transforma a cria\u00e7\u00e3o em \u00eddolo. Mas o aspecto mais sutil deste v\u00edcio \u00e9 a sua capacidade de se disfar\u00e7ar. Hoje, sua m\u00e1scara favorita parece ser o <em>minimalismo de elite<\/em>.<\/p>\n\n\n\n<hr class=\"wp-block-separator has-alpha-channel-opacity\"\/>\n\n\n\n<h3 class=\"wp-block-heading\">2. Minimalismo de Luxo: Um Novo S\u00edmbolo de Status<\/h3>\n\n\n\n<h4 class=\"wp-block-heading\">Da pobreza franciscana \u00e0s cozinhas brancas de designer<\/h4>\n\n\n\n<p>Originalmente, o minimalismo como estilo de vida se apresentou como uma rea\u00e7\u00e3o ao consumismo: viver com o necess\u00e1rio, fugir do ac\u00famulo, recuperar a ordem e a paz interior. Nesse sentido, compartilha princ\u00edpios com a sobriedade crist\u00e3. Mas o que em S\u00e3o Francisco de Assis era uma pobreza abra\u00e7ada por amor a Cristo, hoje corre o risco de se tornar uma vitrine para o ego.<\/p>\n\n\n\n<p>Vemos pessoas investindo grandes somas no \u201cessencial\u201d: uma pe\u00e7a branca de linho com corte perfeito, uma lumin\u00e1ria escandinava que \u201crespira espa\u00e7o\u201d, uma cozinha completamente vazia onde cada objeto \u201cconta uma hist\u00f3ria\u201d. Gasta-se mais para ter menos. A austeridade \u00e9 projetada por meio de escolhas altamente calculadas e caras. \u00c9 o luxo de parecer simples. \u00c9 uma pobreza que s\u00f3 os ricos podem pagar.<\/p>\n\n\n\n<h4 class=\"wp-block-heading\">Isso \u00e9 avareza?<\/h4>\n\n\n\n<p>Sim \u2014 se por tr\u00e1s h\u00e1 um desejo elitista de posse. Se a simplicidade \u00e9 comprada n\u00e3o por necessidade, mas para projetar virtude. Se a caridade \u00e9 sacrificada para manter uma est\u00e9tica. Se os outros s\u00e3o julgados por n\u00e3o \u201cse desapegarem\u201d dos bens materiais sem que conhe\u00e7amos suas circunst\u00e2ncias. Quando o minimalismo se torna um crit\u00e9rio de superioridade moral, estamos diante de uma nova forma de avareza: n\u00e3o por objetos, mas por prest\u00edgio espiritual.<\/p>\n\n\n\n<hr class=\"wp-block-separator has-alpha-channel-opacity\"\/>\n\n\n\n<h3 class=\"wp-block-heading\">3. Teologia do Desapego: O que a Tradi\u00e7\u00e3o Ensina?<\/h3>\n\n\n\n<h4 class=\"wp-block-heading\">Pobreza evang\u00e9lica: n\u00e3o apenas ren\u00fancia, mas amor maior<\/h4>\n\n\n\n<p>Cristo n\u00e3o apenas \u201ctinha pouco\u201d; Ele escolheu a pobreza como caminho de reden\u00e7\u00e3o. N\u00e3o foi uma estrat\u00e9gia de imagem nem uma est\u00e9tica de vida, mas uma configura\u00e7\u00e3o radical \u00e0 Vontade do Pai.<\/p>\n\n\n\n<blockquote class=\"wp-block-quote is-layout-flow wp-block-quote-is-layout-flow\">\n<p>\u201cBem-aventurados os pobres em esp\u00edrito, porque deles \u00e9 o Reino dos C\u00e9us\u201d (Mateus 5,3).<\/p>\n<\/blockquote>\n\n\n\n<p>Ser pobre em esp\u00edrito n\u00e3o significa viver sem coisas, mas sem apegos. Aquele que possui muito e n\u00e3o se apega pode ser mais pobre em esp\u00edrito do que aquele que n\u00e3o tem nada, mas vive na inveja. Assim, a pobreza evang\u00e9lica n\u00e3o \u00e9 uma decora\u00e7\u00e3o \u2014 \u00e9 uma orienta\u00e7\u00e3o total da alma.<\/p>\n\n\n\n<h4 class=\"wp-block-heading\">Padres do deserto e santos: sobriedade como liberdade<\/h4>\n\n\n\n<p>Desde os Padres do Deserto at\u00e9 Santa Teresa de Calcut\u00e1, a tradi\u00e7\u00e3o cat\u00f3lica exaltou o desapego como caminho de liberdade interior \u2014 n\u00e3o para projetar uma imagem, mas para se entregar totalmente ao Amor.<\/p>\n\n\n\n<p>S\u00e3o Jo\u00e3o Cris\u00f3stomo dizia: \u201cN\u00e3o \u00e9 rico quem tem muito, mas quem necessita de pouco.\u201d<\/p>\n\n\n\n<p>E Santo In\u00e1cio de Loyola, em seus <em>Exerc\u00edcios Espirituais<\/em>, ensinava a pedir a gra\u00e7a de n\u00e3o desejar \u201cnem sa\u00fade nem doen\u00e7a, nem riqueza nem pobreza\u201d, mas apenas aquilo que nos torna mais aptos a amar e servir melhor a Deus.<\/p>\n\n\n\n<hr class=\"wp-block-separator has-alpha-channel-opacity\"\/>\n\n\n\n<h3 class=\"wp-block-heading\">4. Como Discernir entre Sobriedade Crist\u00e3 e Avareza Disfar\u00e7ada<\/h3>\n\n\n\n<h4 class=\"wp-block-heading\">Um exame espiritual pr\u00e1tico<\/h4>\n\n\n\n<p>Aqui est\u00e3o algumas perguntas concretas para discernir se nosso minimalismo \u00e9 evang\u00e9lico ou egoc\u00eantrico:<\/p>\n\n\n\n<ul class=\"wp-block-list\">\n<li>Passo mais tempo escolhendo <em>o essencial<\/em> do que servindo os outros?<\/li>\n\n\n\n<li>Minha sobriedade me leva a julgar quem tem mais ou a ajudar quem tem menos?<\/li>\n\n\n\n<li>Estou mais focado no que <em>n\u00e3o tenho<\/em> (por escolha) do que no que <em>posso oferecer<\/em>?<\/li>\n\n\n\n<li>Meu estilo de vida austero \u00e9 sinal de humildade\u2026 ou de status?<\/li>\n<\/ul>\n\n\n\n<h4 class=\"wp-block-heading\">A chave: a caridade<\/h4>\n\n\n\n<p>S\u00e3o Paulo nos lembra: \u201cAinda que eu distribua todos os meus bens e entregue meu corpo para ser queimado, se n\u00e3o tiver caridade, nada disso me aproveita\u201d (1 Cor\u00edntios 13,3).<\/p>\n\n\n\n<p>O crit\u00e9rio fundamental para todo crist\u00e3o n\u00e3o \u00e9 o quanto possui ou deixa de possuir, mas quanta caridade habita em seu cora\u00e7\u00e3o.<\/p>\n\n\n\n<hr class=\"wp-block-separator has-alpha-channel-opacity\"\/>\n\n\n\n<h3 class=\"wp-block-heading\">5. Conselhos Pastorais para uma Vida Verdadeiramente Desapegada<\/h3>\n\n\n\n<h4 class=\"wp-block-heading\">a) N\u00e3o acumule \u2014 compartilhe<\/h4>\n\n\n\n<p>Pratique a generosidade. Se voc\u00ea tem algo \u00fatil mas n\u00e3o precisa, doe. Se tem recursos, use-os para ajudar os outros. A caridade \u00e9 o verdadeiro minimalismo crist\u00e3o.<\/p>\n\n\n\n<h4 class=\"wp-block-heading\">b) N\u00e3o ostente sua austeridade<\/h4>\n\n\n\n<p>N\u00e3o transforme sua simplicidade numa virtude p\u00fablica. \u201cQuando jejuardes, perfuma tua cabe\u00e7a e lava teu rosto\u201d (Mateus 6,17). Viva com humildade interior.<\/p>\n\n\n\n<h4 class=\"wp-block-heading\">c) Examine o cora\u00e7\u00e3o, n\u00e3o o guarda-roupa<\/h4>\n\n\n\n<p>O que contamina n\u00e3o \u00e9 o que entra no corpo, mas o que sai do cora\u00e7\u00e3o (cf. Marcos 7,15). N\u00e3o se obceque com exterioridades; examine suas motiva\u00e7\u00f5es mais profundas.<\/p>\n\n\n\n<h4 class=\"wp-block-heading\">d) Seja grato pelo que possui<\/h4>\n\n\n\n<p>A cobi\u00e7a nasce da insatisfa\u00e7\u00e3o. A gratid\u00e3o \u00e9 o seu ant\u00eddoto. Agrade\u00e7a a cada dia pelo essencial: um teto, um p\u00e3o, uma ora\u00e7\u00e3o.<\/p>\n\n\n\n<hr class=\"wp-block-separator has-alpha-channel-opacity\"\/>\n\n\n\n<h3 class=\"wp-block-heading\">Conclus\u00e3o: O Verdadeiro Tesouro<\/h3>\n\n\n\n<p>A cultura contempor\u00e2nea transformou at\u00e9 mesmo a virtude em mercadoria. Mas os crist\u00e3os n\u00e3o s\u00e3o chamados a <em>mostrar<\/em> nada \u2014 s\u00e3o chamados a <em>viver<\/em> na verdade. O Evangelho n\u00e3o \u00e9 minimalismo est\u00e9tico, mas liberdade radical. N\u00e3o se trata de ter pouco, mas de amar muito.<\/p>\n\n\n\n<blockquote class=\"wp-block-quote is-layout-flow wp-block-quote-is-layout-flow\">\n<p>\u201cN\u00e3o acumuleis para v\u00f3s tesouros na terra, onde a tra\u00e7a e a ferrugem os consomem [\u2026] Acumulai para v\u00f3s tesouros no c\u00e9u\u201d (Mateus 6,19-20).<\/p>\n<\/blockquote>\n\n\n\n<p>O tesouro do crist\u00e3o n\u00e3o \u00e9 uma casa impec\u00e1vel nem uma imagem moral irrepreens\u00edvel, mas o pr\u00f3prio Cristo. Vivamos, portanto, n\u00e3o para exibir nossa sobriedade, mas para refletir Seu Amor.<\/p>\n\n\n\n<hr class=\"wp-block-separator has-alpha-channel-opacity\"\/>\n\n\n\n<h3 class=\"wp-block-heading\">Ora\u00e7\u00e3o Final<\/h3>\n\n\n\n<blockquote class=\"wp-block-quote is-layout-flow wp-block-quote-is-layout-flow\">\n<p><strong>Senhor Jesus, pobre por amor, livra-me de toda cobi\u00e7a disfar\u00e7ada de virtude. Ensina-me a viver com simplicidade, sem julgar, sem aparentar, sem desejar o que n\u00e3o preciso. Torna-me generoso com o que possuo, humilde com o que me falta, e cheio da Tua caridade, para que o pouco que sou brilhe com a luz da Tua Verdade. Am\u00e9m.<\/strong><\/p>\n<\/blockquote>\n","protected":false},"excerpt":{"rendered":"<p>Um guia teol\u00f3gico e pastoral para discernir a verdadeira simplicidade num mundo que comercializa a virtude Introdu\u00e7\u00e3o: A Ascens\u00e3o do \u201cMenos \u00e9 Mais\u201d\u2026 ou Apenas Mais do Mesmo? Vivemos numa \u00e9poca em que vitrines foram substitu\u00eddas por murais do Pinterest, e as janelas reluzentes por interiores quase vazios e impecavelmente iluminados. A tend\u00eancia do minimalismo &hellip;<\/p>\n","protected":false},"author":3,"featured_media":4284,"comment_status":"open","ping_status":"open","sticky":false,"template":"","format":"standard","meta":{"_seopress_robots_primary_cat":"","_seopress_titles_title":"","_seopress_titles_desc":"","_seopress_robots_index":"","footnotes":""},"categories":[54,39],"tags":[140,1534],"class_list":["post-4283","post","type-post","status-publish","format-standard","has-post-thumbnail","","category-bioetica-e-questoes-contemporaneas","category-moral-e-vida-crista","tag-avareza","tag-cobica"],"_links":{"self":[{"href":"https:\/\/catholicus.eu\/pt\/wp-json\/wp\/v2\/posts\/4283","targetHints":{"allow":["GET"]}}],"collection":[{"href":"https:\/\/catholicus.eu\/pt\/wp-json\/wp\/v2\/posts"}],"about":[{"href":"https:\/\/catholicus.eu\/pt\/wp-json\/wp\/v2\/types\/post"}],"author":[{"embeddable":true,"href":"https:\/\/catholicus.eu\/pt\/wp-json\/wp\/v2\/users\/3"}],"replies":[{"embeddable":true,"href":"https:\/\/catholicus.eu\/pt\/wp-json\/wp\/v2\/comments?post=4283"}],"version-history":[{"count":1,"href":"https:\/\/catholicus.eu\/pt\/wp-json\/wp\/v2\/posts\/4283\/revisions"}],"predecessor-version":[{"id":4285,"href":"https:\/\/catholicus.eu\/pt\/wp-json\/wp\/v2\/posts\/4283\/revisions\/4285"}],"wp:featuredmedia":[{"embeddable":true,"href":"https:\/\/catholicus.eu\/pt\/wp-json\/wp\/v2\/media\/4284"}],"wp:attachment":[{"href":"https:\/\/catholicus.eu\/pt\/wp-json\/wp\/v2\/media?parent=4283"}],"wp:term":[{"taxonomy":"category","embeddable":true,"href":"https:\/\/catholicus.eu\/pt\/wp-json\/wp\/v2\/categories?post=4283"},{"taxonomy":"post_tag","embeddable":true,"href":"https:\/\/catholicus.eu\/pt\/wp-json\/wp\/v2\/tags?post=4283"}],"curies":[{"name":"wp","href":"https:\/\/api.w.org\/{rel}","templated":true}]}}