{"id":4277,"date":"2025-06-21T10:46:19","date_gmt":"2025-06-21T08:46:19","guid":{"rendered":"https:\/\/catholicus.eu\/pt\/?p=4277"},"modified":"2025-06-21T10:46:20","modified_gmt":"2025-06-21T08:46:20","slug":"jesus-era-judeu-entao-por-que-os-catolicos-nao-sao","status":"publish","type":"post","link":"https:\/\/catholicus.eu\/pt\/jesus-era-judeu-entao-por-que-os-catolicos-nao-sao\/","title":{"rendered":"Jesus era judeu\u2026 Ent\u00e3o por que os cat\u00f3licos n\u00e3o s\u00e3o?"},"content":{"rendered":"\n<p><strong>O mist\u00e9rio da continuidade e do cumprimento: um guia para entender nossa identidade crist\u00e3<\/strong><\/p>\n\n\n\n<hr class=\"wp-block-separator has-alpha-channel-opacity\"\/>\n\n\n\n<p><strong>INTRODU\u00c7\u00c3O: O ENIGMA QUE CONFUNDE MUITA GENTE<\/strong><\/p>\n\n\n\n<p>Uma das perguntas que frequentemente intrigam tanto os crentes quanto os observadores externos \u00e0 f\u00e9 crist\u00e3 \u00e9:<br><em>\u00abSe Jesus era judeu, por que os crist\u00e3os \u2014 e em especial os cat\u00f3licos \u2014 n\u00e3o o s\u00e3o tamb\u00e9m?\u00bb<\/em><br>\u00c0 primeira vista, isso pode parecer contradit\u00f3rio. N\u00e3o dever\u00edamos manter a f\u00e9 original de Jesus? Quem guarda o s\u00e1bado, a circuncis\u00e3o ou as festas hebraicas n\u00e3o seria mais \u201cfiel\u201d? Nossa f\u00e9 n\u00e3o seria uma trai\u00e7\u00e3o \u00e0s suas ra\u00edzes?<\/p>\n\n\n\n<p>Essas perguntas s\u00e3o de grande valor hist\u00f3rico, mas tamb\u00e9m possuem um profundo peso teol\u00f3gico e pastoral. Neste artigo, vamos explorar esse mist\u00e9rio \u00e0 luz da Sagrada Escritura, da Tradi\u00e7\u00e3o viva da Igreja e da hist\u00f3ria da Revela\u00e7\u00e3o. Nosso objetivo: te ajudar a entender por que n\u00e3o s\u00f3 \u00e9 l\u00f3gico, mas tamb\u00e9m querido por Deus, que a Igreja Cat\u00f3lica n\u00e3o seja simplesmente uma continuidade do juda\u00edsmo, mas <strong>o seu cumprimento sobrenatural em Cristo<\/strong>.<\/p>\n\n\n\n<hr class=\"wp-block-separator has-alpha-channel-opacity\"\/>\n\n\n\n<h3 class=\"wp-block-heading\">1. <strong>JESUS, FILHO DE ISRAEL<\/strong><\/h3>\n\n\n\n<p>Jesus nasceu em Bel\u00e9m, cresceu em Nazar\u00e9 e viveu como judeu. Foi circuncidado ao oitavo dia (Lc 2,21), participou das festas de Israel (Jo 7,2.10), fez peregrina\u00e7\u00f5es ao Templo (Lc 2,41), orou nas sinagogas (Mc 1,21) e frequentemente citava a Tor\u00e1 e os Profetas. N\u00e3o h\u00e1 d\u00favida: Jesus era um filho fiel do povo de Israel.<\/p>\n\n\n\n<p>Mas aqui est\u00e1 o ponto essencial: <strong>Jesus n\u00e3o veio apenas para reafirmar o juda\u00edsmo, mas para lev\u00e1-lo ao seu cumprimento definitivo<\/strong>. Ele n\u00e3o era apenas mais um reformador. Ele era o Messias prometido. Com suas pr\u00f3prias palavras:<\/p>\n\n\n\n<blockquote class=\"wp-block-quote is-layout-flow wp-block-quote-is-layout-flow\">\n<p>\u00abN\u00e3o penseis que vim abolir a Lei ou os Profetas; n\u00e3o vim para abolir, mas para dar-lhes pleno cumprimento.\u00bb<br><em>(Mateus 5,17)<\/em><\/p>\n<\/blockquote>\n\n\n\n<p>Ou seja, Jesus n\u00e3o rejeitou o Antigo Testamento, mas <strong>lhe deu pleno sentido<\/strong>. O juda\u00edsmo preparou o caminho. Jesus <strong>\u00e9 o Caminho<\/strong>.<\/p>\n\n\n\n<hr class=\"wp-block-separator has-alpha-channel-opacity\"\/>\n\n\n\n<h3 class=\"wp-block-heading\">2. <strong>DA PROMESSA AO CUMPRIMENTO: A REVELA\u00c7\u00c3O PROGRESSIVA<\/strong><\/h3>\n\n\n\n<p>A hist\u00f3ria da salva\u00e7\u00e3o n\u00e3o \u00e9 est\u00e1tica. Deus age na hist\u00f3ria como um pedagogo divino. Ele come\u00e7a chamando um homem (Abra\u00e3o), depois um povo (Israel) e finalmente toda a humanidade (a Igreja).<\/p>\n\n\n\n<p>O Antigo Testamento est\u00e1 repleto de promessas, s\u00edmbolos e figuras que anunciam algo maior. O cordeiro pascal, o man\u00e1 no deserto, o Templo, a lei mosaica&#8230; tudo isso preparava a vinda do Salvador.<\/p>\n\n\n\n<blockquote class=\"wp-block-quote is-layout-flow wp-block-quote-is-layout-flow\">\n<p>\u00abEssas coisas aconteceram como exemplo para n\u00f3s, e foram escritas para nos advertir, a n\u00f3s que vivemos no fim dos tempos.\u00bb<br><em>(1 Cor\u00edntios 10,11)<\/em><\/p>\n<\/blockquote>\n\n\n\n<p>Assim, <strong>o cristianismo n\u00e3o contradiz o juda\u00edsmo<\/strong>, ele <strong>o cumpre<\/strong>. N\u00e3o \u00e9 uma nega\u00e7\u00e3o, mas a sua coroa\u00e7\u00e3o. N\u00e3o somos judeus porque a promessa j\u00e1 foi cumprida: <strong>Cristo veio<\/strong>.<\/p>\n\n\n\n<hr class=\"wp-block-separator has-alpha-channel-opacity\"\/>\n\n\n\n<h3 class=\"wp-block-heading\">3. <strong>O QUE SIGNIFICA DIZER QUE A IGREJA \u00c9 O \u201cNOVO ISRAEL\u201d?<\/strong><\/h3>\n\n\n\n<p>Desde os primeiros s\u00e9culos, os Padres da Igreja compreenderam que a Igreja n\u00e3o era um \u201cplano B\u201d de Deus ap\u00f3s a rejei\u00e7\u00e3o do Messias por parte de muitos judeus, mas sim <strong>um elemento central do seu des\u00edgnio eterno<\/strong>.<\/p>\n\n\n\n<p>S\u00e3o Paulo \u00e9 muito claro sobre isso. Na Carta aos G\u00e1latas, ele escreve:<\/p>\n\n\n\n<blockquote class=\"wp-block-quote is-layout-flow wp-block-quote-is-layout-flow\">\n<p>\u00abV\u00f3s, irm\u00e3os, sois filhos da promessa, como Isaac&#8230; Portanto, irm\u00e3os, n\u00e3o somos filhos da escrava, mas da mulher livre.\u00bb<br><em>(G\u00e1latas 4,28\u201331)<\/em><\/p>\n<\/blockquote>\n\n\n\n<p>O povo de Deus j\u00e1 n\u00e3o \u00e9 definido por sangue ou etnia, mas <strong>pela f\u00e9 em Cristo<\/strong>. A Igreja \u00e9 o <strong>Israel espiritual<\/strong>, o novo povo de Deus, no qual j\u00e1 n\u00e3o h\u00e1 judeu nem grego, pois todos s\u00e3o um s\u00f3 em Cristo (Gl 3,28).<\/p>\n\n\n\n<p>Esse conceito foi fundamental para a abertura do cristianismo aos pag\u00e3os. J\u00e1 n\u00e3o era necess\u00e1rio ser circuncidado ou observar a lei mosaica, pois <strong>a gra\u00e7a havia chegado<\/strong> (At 15).<\/p>\n\n\n\n<hr class=\"wp-block-separator has-alpha-channel-opacity\"\/>\n\n\n\n<h3 class=\"wp-block-heading\">4. <strong>POR QUE N\u00c3O CELEBRAMOS AS FESTAS JUDAICAS, O S\u00c1BADO OU A CIRCUNCIS\u00c3O?<\/strong><\/h3>\n\n\n\n<p>A raz\u00e3o \u00e9 profundamente cristol\u00f3gica: <strong>porque Cristo \u00e9 o verdadeiro S\u00e1bado, a verdadeira P\u00e1scoa e a verdadeira Circuncis\u00e3o.<\/strong><\/p>\n\n\n\n<ul class=\"wp-block-list\">\n<li><strong>O S\u00e1bado<\/strong>, institu\u00eddo como dia de descanso, era um s\u00edmbolo do repouso eterno em Deus. Jesus ressuscitou num <strong>domingo<\/strong>, o \u201coitavo dia\u201d, sinal da nova cria\u00e7\u00e3o. \u00c9 por isso que, desde o in\u00edcio, os crist\u00e3os celebram a Eucaristia no domingo (Ap 1,10; At 20,7).<\/li>\n\n\n\n<li><strong>A P\u00e1scoa judaica<\/strong> comemorava a liberta\u00e7\u00e3o do Egito. Nossa P\u00e1scoa celebra a <strong>liberta\u00e7\u00e3o do pecado e da morte<\/strong>, por meio da cruz e da ressurrei\u00e7\u00e3o de Cristo (1Cor 5,7\u20138).<\/li>\n\n\n\n<li><strong>A circuncis\u00e3o<\/strong> era o sinal de perten\u00e7a ao povo de Deus. Pelo batismo, somos \u201ccircuncidados em Cristo\u201d, n\u00e3o por um rito f\u00edsico, mas por uma transforma\u00e7\u00e3o interior (Cl 2,11\u201312).<\/li>\n<\/ul>\n\n\n\n<p>Cada rito antigo encontra seu cumprimento n\u2019Ele. <strong>\u00c9 por isso que os cat\u00f3licos n\u00e3o s\u00e3o judeus<\/strong>: porque recebemos aquilo que eles esperavam. <strong>O Messias veio<\/strong>.<\/p>\n\n\n\n<hr class=\"wp-block-separator has-alpha-channel-opacity\"\/>\n\n\n\n<h3 class=\"wp-block-heading\">5. <strong>QUAL \u00c9 A RELA\u00c7\u00c3O COM O POVO JUDEU HOJE?<\/strong><\/h3>\n\n\n\n<p>A Igreja n\u00e3o rejeita o juda\u00edsmo. Muito pelo contr\u00e1rio. Como recorda o Conc\u00edlio Vaticano II em <em>Nostra Aetate<\/em>:<\/p>\n\n\n\n<blockquote class=\"wp-block-quote is-layout-flow wp-block-quote-is-layout-flow\">\n<p>\u00abA Igreja n\u00e3o pode esquecer que recebeu a revela\u00e7\u00e3o do Antigo Testamento por meio do povo com quem Deus, em sua inef\u00e1vel miseric\u00f3rdia, firmou a antiga alian\u00e7a.\u00bb<\/p>\n<\/blockquote>\n\n\n\n<p>Os judeus continuam sendo nossos \u201cirm\u00e3os mais velhos na f\u00e9\u201d (S\u00e3o Jo\u00e3o Paulo II), e rezamos para que um dia reconhe\u00e7am o Messias prometido.<\/p>\n\n\n\n<p>Mas tamb\u00e9m devemos ser claros: <strong>a plenitude da Revela\u00e7\u00e3o est\u00e1 em Cristo<\/strong>. N\u00e3o podemos diluir a f\u00e9 crist\u00e3 para sermos \u201cmais judeus\u201d, nem reviver pr\u00e1ticas superadas pela Cruz.<br>Nosso amor pelo povo judeu deve ser sincero, mas sem cair no relativismo.<\/p>\n\n\n\n<hr class=\"wp-block-separator has-alpha-channel-opacity\"\/>\n\n\n\n<h3 class=\"wp-block-heading\">6. <strong>COMO VIVER ESSA VERDADE NO DIA A DIA?<\/strong><\/h3>\n\n\n\n<h4 class=\"wp-block-heading\">a) <strong>Com uma identidade firme e agradecida<\/strong><\/h4>\n\n\n\n<p>Saber que Cristo cumpriu a promessa nos d\u00e1 uma identidade s\u00f3lida: fazemos parte do povo de Deus, sem precisar buscar ra\u00edzes em pr\u00e1ticas antigas. Agrade\u00e7amos por essa heran\u00e7a, mas <strong>sigamos em frente<\/strong>.<\/p>\n\n\n\n<h4 class=\"wp-block-heading\">b) <strong>Lendo o Antigo Testamento com os olhos de Cristo<\/strong><\/h4>\n\n\n\n<p>Os salmos, os profetas, a hist\u00f3ria de Israel\u2026 tudo ganha nova vida quando lido \u00e0 luz de Cristo. N\u00e3o os negligencie! S\u00e3o os alicerces da sua f\u00e9.<\/p>\n\n\n\n<h4 class=\"wp-block-heading\">c) <strong>Celebrando a riqueza lit\u00fargica cat\u00f3lica<\/strong><\/h4>\n\n\n\n<p>N\u00e3o precisamos retomar as festas hebraicas. Temos o calend\u00e1rio lit\u00fargico mais rico do mundo! Advento, Natal, Quaresma, P\u00e1scoa\u2026 s\u00e3o um eco e um superamento das antigas festas judaicas, <strong>mas elevadas por Cristo<\/strong>.<\/p>\n\n\n\n<h4 class=\"wp-block-heading\">d) <strong>Evangelizando com caridade<\/strong><\/h4>\n\n\n\n<p>Se voc\u00ea conhece algu\u00e9m que acredita que os crist\u00e3os deveriam \u201cretornar \u00e0s ra\u00edzes judaicas\u201d, acompanhe-o com paci\u00eancia e profundidade. Mostre-lhe que <strong>Cristo n\u00e3o nos leva para tr\u00e1s, mas nos conduz adiante<\/strong>, rumo \u00e0 vida eterna.<\/p>\n\n\n\n<hr class=\"wp-block-separator has-alpha-channel-opacity\"\/>\n\n\n\n<h3 class=\"wp-block-heading\">7. <strong>UMA CONCLUS\u00c3O PARA MEDITAR: A F\u00c9 N\u00c3O \u00c9 UM RETORNO AO PASSADO, MAS UMA PORTA PARA O C\u00c9U<\/strong><\/h3>\n\n\n\n<p>Jesus era judeu. Amava seu povo. Cumpriu a Lei. E depois <strong>a elevou em sua carne gloriosa<\/strong>. Os cat\u00f3licos n\u00e3o s\u00e3o judeus porque <strong>recebemos o cumprimento da promessa<\/strong>.<\/p>\n\n\n\n<p>Como ensina o Catecismo da Igreja Cat\u00f3lica:<\/p>\n\n\n\n<blockquote class=\"wp-block-quote is-layout-flow wp-block-quote-is-layout-flow\">\n<p>\u00abO Antigo Testamento \u00e9 parte indispens\u00e1vel da Sagrada Escritura. Seus livros s\u00e3o inspirados por Deus e conservam um valor permanente&#8230; Ele testemunha toda a pedagogia divina do amor salv\u00edfico de Deus.\u00bb<br><em>(CIC 121\u2013124)<\/em><\/p>\n<\/blockquote>\n\n\n\n<p>Cristo n\u00e3o veio fundar uma religi\u00e3o \u00e9tnica, mas uma <strong>Igreja universal<\/strong>, para todos os povos, de todas as na\u00e7\u00f5es, em todos os tempos. Somos cat\u00f3licos (do grego <em>katholikos<\/em>, que significa \u201cuniversal\u201d) porque <strong>a salva\u00e7\u00e3o \u00e9 para todos<\/strong>, e n\u00e3o apenas para um \u00fanico povo.<\/p>\n\n\n\n<hr class=\"wp-block-separator has-alpha-channel-opacity\"\/>\n\n\n\n<p><strong>PARA CONCLUIR\u2026 UMA ORA\u00c7\u00c3O:<\/strong><\/p>\n\n\n\n<blockquote class=\"wp-block-quote is-layout-flow wp-block-quote-is-layout-flow\">\n<p>Senhor Jesus Cristo,<br>Tu, nascido de uma filha de Israel, cumpriste a Lei e os Profetas<br>e abriste o Reino para todas as na\u00e7\u00f5es.<\/p>\n\n\n\n<p>Faz com que nunca esque\u00e7amos nossas ra\u00edzes,<br>mas olhemos sempre para o C\u00e9u que nos abriste na cruz.<\/p>\n\n\n\n<p>Concede-nos a sabedoria da f\u00e9,<br>o zelo dos ap\u00f3stolos<br>e a gratid\u00e3o dos redimidos.<\/p>\n\n\n\n<p>Am\u00e9m.<\/p>\n<\/blockquote>\n\n\n\n<hr class=\"wp-block-separator has-alpha-channel-opacity\"\/>\n\n\n\n<p>Este artigo te ajudou a compreender melhor sua f\u00e9 cat\u00f3lica? Compartilhe, medite e continue aprofundando. Porque quanto mais conhecemos nossas ra\u00edzes, <strong>mais amamos Cristo, raiz e flor da nossa f\u00e9<\/strong>.<\/p>\n","protected":false},"excerpt":{"rendered":"<p>O mist\u00e9rio da continuidade e do cumprimento: um guia para entender nossa identidade crist\u00e3 INTRODU\u00c7\u00c3O: O ENIGMA QUE CONFUNDE MUITA GENTE Uma das perguntas que frequentemente intrigam tanto os crentes quanto os observadores externos \u00e0 f\u00e9 crist\u00e3 \u00e9:\u00abSe Jesus era judeu, por que os crist\u00e3os \u2014 e em especial os cat\u00f3licos \u2014 n\u00e3o o s\u00e3o &hellip;<\/p>\n","protected":false},"author":3,"featured_media":4278,"comment_status":"open","ping_status":"open","sticky":false,"template":"","format":"standard","meta":{"_seopress_robots_primary_cat":"","_seopress_titles_title":"","_seopress_titles_desc":"","_seopress_robots_index":"","footnotes":""},"categories":[38,51],"tags":[84,1532],"class_list":["post-4277","post","type-post","status-publish","format-standard","has-post-thumbnail","","category-historia-e-tradicao","category-magisterio-da-igreja","tag-jesus","tag-judeu"],"_links":{"self":[{"href":"https:\/\/catholicus.eu\/pt\/wp-json\/wp\/v2\/posts\/4277","targetHints":{"allow":["GET"]}}],"collection":[{"href":"https:\/\/catholicus.eu\/pt\/wp-json\/wp\/v2\/posts"}],"about":[{"href":"https:\/\/catholicus.eu\/pt\/wp-json\/wp\/v2\/types\/post"}],"author":[{"embeddable":true,"href":"https:\/\/catholicus.eu\/pt\/wp-json\/wp\/v2\/users\/3"}],"replies":[{"embeddable":true,"href":"https:\/\/catholicus.eu\/pt\/wp-json\/wp\/v2\/comments?post=4277"}],"version-history":[{"count":1,"href":"https:\/\/catholicus.eu\/pt\/wp-json\/wp\/v2\/posts\/4277\/revisions"}],"predecessor-version":[{"id":4279,"href":"https:\/\/catholicus.eu\/pt\/wp-json\/wp\/v2\/posts\/4277\/revisions\/4279"}],"wp:featuredmedia":[{"embeddable":true,"href":"https:\/\/catholicus.eu\/pt\/wp-json\/wp\/v2\/media\/4278"}],"wp:attachment":[{"href":"https:\/\/catholicus.eu\/pt\/wp-json\/wp\/v2\/media?parent=4277"}],"wp:term":[{"taxonomy":"category","embeddable":true,"href":"https:\/\/catholicus.eu\/pt\/wp-json\/wp\/v2\/categories?post=4277"},{"taxonomy":"post_tag","embeddable":true,"href":"https:\/\/catholicus.eu\/pt\/wp-json\/wp\/v2\/tags?post=4277"}],"curies":[{"name":"wp","href":"https:\/\/api.w.org\/{rel}","templated":true}]}}