{"id":4274,"date":"2025-06-21T00:21:13","date_gmt":"2025-06-20T22:21:13","guid":{"rendered":"https:\/\/catholicus.eu\/pt\/?p=4274"},"modified":"2025-06-21T00:21:13","modified_gmt":"2025-06-20T22:21:13","slug":"luz-na-nevoa-os-grandes-santos-alemaes-e-sua-orientacao-espiritual-para-o-nosso-tempo","status":"publish","type":"post","link":"https:\/\/catholicus.eu\/pt\/luz-na-nevoa-os-grandes-santos-alemaes-e-sua-orientacao-espiritual-para-o-nosso-tempo\/","title":{"rendered":"Luz na N\u00e9voa: Os Grandes Santos Alem\u00e3es e Sua Orienta\u00e7\u00e3o Espiritual para o Nosso Tempo"},"content":{"rendered":"\n<p><strong>Introdu\u00e7\u00e3o: Quando a Alemanha deu santos ao mundo<\/strong><\/p>\n\n\n\n<p>Na hist\u00f3ria da Igreja Cat\u00f3lica, a Alemanha foi terra de m\u00e1rtires, m\u00edsticos, reformadores fi\u00e9is e doutores da Igreja. Embora por vezes ofuscados por figuras de outras regi\u00f5es da Europa, os santos alem\u00e3es ofereceram ao mundo uma riqueza espiritual que hoje resplandece com vigor, em meio \u00e0 confus\u00e3o e ao relativismo moral. Diante dos desafios contempor\u00e2neos \u2013 descristianiza\u00e7\u00e3o, perda do senso do pecado, individualismo exacerbado \u2013 o exemplo deles nos oferece esperan\u00e7a e um caminho claro para quem deseja viver a f\u00e9 de forma aut\u00eantica.<\/p>\n\n\n\n<p>Neste artigo, vamos descobrir algumas das figuras mais significativas da santidade alem\u00e3, compreender o seu significado teol\u00f3gico e ver como suas vidas nos fornecem ferramentas concretas para avan\u00e7ar em nosso caminho de santidade. Porque, como diz S\u00e3o Paulo:<br><strong>\u00abSede meus imitadores, como tamb\u00e9m eu o sou de Cristo\u00bb<\/strong> (1 Cor 11,1).<br>Imitar os santos \u00e9, em \u00faltima inst\u00e2ncia, seguir mais de perto a Cristo.<\/p>\n\n\n\n<hr class=\"wp-block-separator has-alpha-channel-opacity\"\/>\n\n\n\n<h2 class=\"wp-block-heading\">1. <strong>Santa Hildegarda de Bingen (1098\u20131179): A profetisa do Reno<\/strong><\/h2>\n\n\n\n<h3 class=\"wp-block-heading\">\ud83d\udd4a <strong>Quem foi?<\/strong><\/h3>\n\n\n\n<p>Monja beneditina, m\u00edstica, musicista, escritora, fitoterapeuta e profetisa. Canonizada pelo Papa Bento XVI em 2012 e proclamada Doutora da Igreja. Hildegarda foi uma poderosa voz de Deus para o seu tempo, cujas vis\u00f5es influenciaram papas, imperadores e cl\u00e9rigos.<\/p>\n\n\n\n<h3 class=\"wp-block-heading\">\u271d\ufe0f <strong>Import\u00e2ncia teol\u00f3gica<\/strong><\/h3>\n\n\n\n<p>Suas obras, como <em>Scivias<\/em>, revelam vis\u00f5es profundas sobre a cria\u00e7\u00e3o, a reden\u00e7\u00e3o, a liturgia e a rela\u00e7\u00e3o entre corpo e alma. Ensina uma ecologia espiritual, que come\u00e7a pelo respeito \u00e0 cria\u00e7\u00e3o \u2013 reflexo de Deus \u2013, dentro de uma teologia do Logos criador.<\/p>\n\n\n\n<p>Hildegarda via o pecado como uma deforma\u00e7\u00e3o da ordem natural e a virtude como harmonia com a vontade divina. Uma vis\u00e3o de grande atualidade, numa \u00e9poca em que se perde o sentido pessoal do pecado.<\/p>\n\n\n\n<h3 class=\"wp-block-heading\">\ud83d\udcd6 Aplica\u00e7\u00f5es pr\u00e1ticas<\/h3>\n\n\n\n<ul class=\"wp-block-list\">\n<li><strong>Ora\u00e7\u00e3o contemplativa:<\/strong> Seus hinos e medita\u00e7\u00f5es inspiram uma ora\u00e7\u00e3o pessoal mais profunda.<\/li>\n\n\n\n<li><strong>Jejum espiritual e corporal:<\/strong> Uma vida simples, que respeita a cria\u00e7\u00e3o sem idolatr\u00e1-la.<\/li>\n\n\n\n<li><strong>Leitura de suas vis\u00f5es:<\/strong> Para interpretar espiritualmente os sinais dos tempos.<\/li>\n<\/ul>\n\n\n\n<hr class=\"wp-block-separator has-alpha-channel-opacity\"\/>\n\n\n\n<h2 class=\"wp-block-heading\">2. <strong>S\u00e3o Bonif\u00e1cio (675\u2013754): O ap\u00f3stolo dos germanos<\/strong><\/h2>\n\n\n\n<h3 class=\"wp-block-heading\">\ud83d\udd4a <strong>Quem foi?<\/strong><\/h3>\n\n\n\n<p>Nascido na Inglaterra, foi o grande mission\u00e1rio dos povos germ\u00e2nicos. Fundador de mosteiros, bispo de Mog\u00fancia (Mainz) e m\u00e1rtir na Fr\u00edsia. Seu nome significa \u201caquele que faz o bem\u201d.<\/p>\n\n\n\n<h3 class=\"wp-block-heading\">\u271d\ufe0f <strong>Import\u00e2ncia teol\u00f3gica<\/strong><\/h3>\n\n\n\n<p>Bonif\u00e1cio encarna uma fidelidade total \u00e0 Igreja de Roma. Suas cartas ao Papa Greg\u00f3rio II mostram que ele via a miss\u00e3o como uma extens\u00e3o da comunh\u00e3o eclesial. Combateu supersti\u00e7\u00f5es e cultos pag\u00e3os, derrubando o carvalho sagrado de Thor \u2013 s\u00edmbolo do paganismo germ\u00e2nico.<\/p>\n\n\n\n<p>Bonif\u00e1cio \u00e9 testemunha de obedi\u00eancia mission\u00e1ria, coragem de mart\u00edrio e unidade cat\u00f3lica.<\/p>\n\n\n\n<h3 class=\"wp-block-heading\">\ud83d\udcd6 Aplica\u00e7\u00f5es pr\u00e1ticas<\/h3>\n\n\n\n<ul class=\"wp-block-list\">\n<li><strong>Fidelidade ao Magist\u00e9rio:<\/strong> Em tempos de confus\u00e3o doutrin\u00e1ria, sua obedi\u00eancia ao Papa e zelo mission\u00e1rio s\u00e3o exemplares.<\/li>\n\n\n\n<li><strong>Evangeliza\u00e7\u00e3o cotidiana:<\/strong> Catequese corajosa no ambiente di\u00e1rio, sem medo da rejei\u00e7\u00e3o.<\/li>\n\n\n\n<li><strong>Vida sacramental:<\/strong> Seu apego \u00e0 liturgia e \u00e0 constru\u00e7\u00e3o de igrejas convida a revitalizar a vida paroquial.<\/li>\n<\/ul>\n\n\n\n<hr class=\"wp-block-separator has-alpha-channel-opacity\"\/>\n\n\n\n<h2 class=\"wp-block-heading\">3. <strong>Santa Edith Stein (1891\u20131942): M\u00e1rtir do amor e da raz\u00e3o<\/strong><\/h2>\n\n\n\n<h3 class=\"wp-block-heading\">\ud83d\udd4a <strong>Quem foi?<\/strong><\/h3>\n\n\n\n<p>Fil\u00f3sofa judia, convertida ao catolicismo ap\u00f3s ler Santa Teresa de \u00c1vila. Carmelita com o nome de Teresa Benedita da Cruz. Morreu m\u00e1rtir em Auschwitz em 1942.<\/p>\n\n\n\n<h3 class=\"wp-block-heading\">\u271d\ufe0f <strong>Import\u00e2ncia teol\u00f3gica<\/strong><\/h3>\n\n\n\n<p>Sua vida une f\u00e9, raz\u00e3o, identidade judaica e o mist\u00e9rio da Cruz. \u00c9 figura-chave no di\u00e1logo judaico-crist\u00e3o e na teologia da co-sofrimento com Cristo. Seu pensamento une fenomenologia e m\u00edstica carmelita.<\/p>\n\n\n\n<p>Stein representa o mart\u00edrio moderno: ofereceu sua vida pelo povo judeu, carregando a Cruz com Cristo.<\/p>\n\n\n\n<h3 class=\"wp-block-heading\">\ud83d\udcd6 Aplica\u00e7\u00f5es pr\u00e1ticas<\/h3>\n\n\n\n<ul class=\"wp-block-list\">\n<li><strong>Valor do sil\u00eancio:<\/strong> Sua vida contemplativa convida \u00e0 interioridade e ao sacrif\u00edcio oculto.<\/li>\n\n\n\n<li><strong>Forma\u00e7\u00e3o intelectual:<\/strong> Seu caminho mostra que a busca sincera da verdade conduz a Cristo.<\/li>\n\n\n\n<li><strong>Acompanhar o sofrimento:<\/strong> Ensina a viver a dor como ora\u00e7\u00e3o, encontrando sentido na Cruz.<\/li>\n<\/ul>\n\n\n\n<hr class=\"wp-block-separator has-alpha-channel-opacity\"\/>\n\n\n\n<h2 class=\"wp-block-heading\">4. <strong>S\u00e3o Alberto Magno (c. 1200\u20131280): O cientista universal<\/strong><\/h2>\n\n\n\n<h3 class=\"wp-block-heading\">\ud83d\udd4a <strong>Quem foi?<\/strong><\/h3>\n\n\n\n<p>Dominicano, mestre de S\u00e3o Tom\u00e1s de Aquino, bispo de Ratisbona e um dos maiores estudiosos da Idade M\u00e9dia. Canonizado e proclamado Doutor da Igreja em 1931.<\/p>\n\n\n\n<h3 class=\"wp-block-heading\">\u271d\ufe0f <strong>Import\u00e2ncia teol\u00f3gica<\/strong><\/h3>\n\n\n\n<p>Reconciliou ci\u00eancia e f\u00e9 como poucos. Seus trabalhos em filosofia natural, teologia, biologia, astronomia e \u00e9tica demonstram que a f\u00e9 cat\u00f3lica n\u00e3o \u00e9 inimiga do conhecimento. Uniu rigor cient\u00edfico e sabedoria sobrenatural.<\/p>\n\n\n\n<p>Seu disc\u00edpulo Tom\u00e1s de Aquino aprofundaria esses ensinamentos, mas Alberto lan\u00e7ou as bases.<\/p>\n\n\n\n<h3 class=\"wp-block-heading\">\ud83d\udcd6 Aplica\u00e7\u00f5es pr\u00e1ticas<\/h3>\n\n\n\n<ul class=\"wp-block-list\">\n<li><strong>Estudo e humildade:<\/strong> O conhecimento n\u00e3o prejudica a f\u00e9 quando acompanhado de humildade.<\/li>\n\n\n\n<li><strong>Pensamento integral:<\/strong> Nenhuma \u00e1rea da vida deve estar separada da f\u00e9.<\/li>\n\n\n\n<li><strong>Educa\u00e7\u00e3o dos jovens:<\/strong> Seu legado inspira a educa\u00e7\u00e3o cat\u00f3lica das novas gera\u00e7\u00f5es.<\/li>\n<\/ul>\n\n\n\n<hr class=\"wp-block-separator has-alpha-channel-opacity\"\/>\n\n\n\n<h2 class=\"wp-block-heading\">5. <strong>Beato Rupert Mayer (1876\u20131945): O ap\u00f3stolo de Munique<\/strong><\/h2>\n\n\n\n<h3 class=\"wp-block-heading\">\ud83d\udd4a <strong>Quem foi?<\/strong><\/h3>\n\n\n\n<p>Jesu\u00edta, confessor incans\u00e1vel, pregador corajoso e opositor do nazismo. Preso v\u00e1rias vezes por denunciar abertamente o regime de Hitler.<\/p>\n\n\n\n<h3 class=\"wp-block-heading\">\u271d\ufe0f <strong>Import\u00e2ncia teol\u00f3gica<\/strong><\/h3>\n\n\n\n<p>Rupert Mayer encarna o compromisso social derivado da f\u00e9. Denunciou a injusti\u00e7a pol\u00edtica, defendeu a liberdade religiosa e permaneceu fiel a Cristo na prova\u00e7\u00e3o. Tornou-se s\u00edmbolo da resist\u00eancia crist\u00e3 sob o Terceiro Reich.<\/p>\n\n\n\n<h3 class=\"wp-block-heading\">\ud83d\udcd6 Aplica\u00e7\u00f5es pr\u00e1ticas<\/h3>\n\n\n\n<ul class=\"wp-block-list\">\n<li><strong>Coragem da verdade:<\/strong> Testemunhar a f\u00e9 mesmo em ambientes hostis.<\/li>\n\n\n\n<li><strong>Caridade ativa:<\/strong> Ajudar os mais necessitados sem c\u00e1lculos nem medo.<\/li>\n\n\n\n<li><strong>Fidelidade sacramental:<\/strong> Confiss\u00e3o regular e Eucaristia como fonte de for\u00e7a.<\/li>\n<\/ul>\n\n\n\n<hr class=\"wp-block-separator has-alpha-channel-opacity\"\/>\n\n\n\n<h2 class=\"wp-block-heading\">6. <strong>Guia espiritual e pastoral: Como viver hoje \u00e0 luz dos santos alem\u00e3es<\/strong><\/h2>\n\n\n\n<p>Num mundo que relativiza a verdade, promove o ego\u00edsmo e prega uma falsa liberdade, os santos alem\u00e3es oferecem <strong>um mapa concreto rumo \u00e0 santidade<\/strong>. Eis algumas chaves para viver seu legado:<\/p>\n\n\n\n<h3 class=\"wp-block-heading\">\ud83e\udded <strong>1. Forma\u00e7\u00e3o s\u00f3lida na f\u00e9<\/strong><\/h3>\n\n\n\n<p>Estudar a f\u00e9 \u2013 como Alberto Magno e Edith Stein. A f\u00e9 n\u00e3o deve ser apenas \u201csentida\u201d, mas tamb\u00e9m compreendida.<\/p>\n\n\n\n<h3 class=\"wp-block-heading\">\u271d\ufe0f <strong>2. Vida lit\u00fargica profunda<\/strong><\/h3>\n\n\n\n<p>Os santos alem\u00e3es eram profundamente lit\u00fargicos: Hildegarda comp\u00f4s hinos celestiais, Bonif\u00e1cio construiu igrejas, Rupert Mayer celebrava a Eucaristia apesar dos perigos.<\/p>\n\n\n\n<h3 class=\"wp-block-heading\">\ud83d\udee1\ufe0f <strong>3. Defender a verdade com caridade<\/strong><\/h3>\n\n\n\n<p>Na fam\u00edlia, no trabalho ou nas redes sociais \u2013 n\u00e3o se calar diante da mentira. Falar com amor, sem comprometer a verdade.<\/p>\n\n\n\n<h3 class=\"wp-block-heading\">\ud83d\udcff <strong>4. Vida de ora\u00e7\u00e3o profunda<\/strong><\/h3>\n\n\n\n<p>Adora\u00e7\u00e3o, leitura da B\u00edblia, medita\u00e7\u00e3o \u2013 toda boa obra nasce da ora\u00e7\u00e3o.<\/p>\n\n\n\n<h3 class=\"wp-block-heading\">\ud83d\udca0 <strong>5. Oferecer os pr\u00f3prios sofrimentos<\/strong><\/h3>\n\n\n\n<p>Edith Stein morreu num campo de concentra\u00e7\u00e3o. Tamb\u00e9m n\u00f3s podemos dar sentido \u00e0s nossas dores oferecendo-as como ora\u00e7\u00e3o pelo mundo.<\/p>\n\n\n\n<hr class=\"wp-block-separator has-alpha-channel-opacity\"\/>\n\n\n\n<h2 class=\"wp-block-heading\">Um vers\u00edculo b\u00edblico para meditar<\/h2>\n\n\n\n<p><strong>\u00abOs s\u00e1bios resplandecer\u00e3o como o brilho do firmamento, e os que tiverem conduzido muitos \u00e0 justi\u00e7a brilhar\u00e3o como as estrelas, para sempre\u00bb<\/strong><br>\u2014 <em>Daniel 12,3<\/em><\/p>\n\n\n\n<hr class=\"wp-block-separator has-alpha-channel-opacity\"\/>\n\n\n\n<h2 class=\"wp-block-heading\">Conclus\u00e3o: Um legado vivo<\/h2>\n\n\n\n<p>Os santos alem\u00e3es n\u00e3o s\u00e3o velhas lembran\u00e7as empoeiradas de um passado idealizado. S\u00e3o nossos irm\u00e3os mais velhos na f\u00e9 \u2013 testemunhas vivas de que a santidade \u00e9 poss\u00edvel em qualquer \u00e9poca, mesmo em meio \u00e0 guerra, persegui\u00e7\u00e3o ou aliena\u00e7\u00e3o moderna.<\/p>\n\n\n\n<p>Souberam unir contempla\u00e7\u00e3o e a\u00e7\u00e3o, ora\u00e7\u00e3o e estudo, obedi\u00eancia e profecia. Neles vemos a luz de Cristo que rompe a n\u00e9voa. Ainda hoje, sua intercess\u00e3o e exemplo podem nos ajudar a responder ao nosso chamado \u00e0 santidade.<\/p>\n\n\n\n<p><strong>E voc\u00ea? O que est\u00e1 esperando para que Deus realize maravilhas na sua vida?<\/strong><\/p>\n","protected":false},"excerpt":{"rendered":"<p>Introdu\u00e7\u00e3o: Quando a Alemanha deu santos ao mundo Na hist\u00f3ria da Igreja Cat\u00f3lica, a Alemanha foi terra de m\u00e1rtires, m\u00edsticos, reformadores fi\u00e9is e doutores da Igreja. Embora por vezes ofuscados por figuras de outras regi\u00f5es da Europa, os santos alem\u00e3es ofereceram ao mundo uma riqueza espiritual que hoje resplandece com vigor, em meio \u00e0 confus\u00e3o &hellip;<\/p>\n","protected":false},"author":3,"featured_media":4275,"comment_status":"open","ping_status":"open","sticky":false,"template":"","format":"standard","meta":{"_seopress_robots_primary_cat":"","_seopress_titles_title":"","_seopress_titles_desc":"","_seopress_robots_index":"","footnotes":""},"categories":[40,61],"tags":[1531],"class_list":["post-4274","post","type-post","status-publish","format-standard","has-post-thumbnail","","category-oracao-e-espiritualidade","category-santos-e-calendario-liturgico","tag-santos-alemaes"],"_links":{"self":[{"href":"https:\/\/catholicus.eu\/pt\/wp-json\/wp\/v2\/posts\/4274","targetHints":{"allow":["GET"]}}],"collection":[{"href":"https:\/\/catholicus.eu\/pt\/wp-json\/wp\/v2\/posts"}],"about":[{"href":"https:\/\/catholicus.eu\/pt\/wp-json\/wp\/v2\/types\/post"}],"author":[{"embeddable":true,"href":"https:\/\/catholicus.eu\/pt\/wp-json\/wp\/v2\/users\/3"}],"replies":[{"embeddable":true,"href":"https:\/\/catholicus.eu\/pt\/wp-json\/wp\/v2\/comments?post=4274"}],"version-history":[{"count":1,"href":"https:\/\/catholicus.eu\/pt\/wp-json\/wp\/v2\/posts\/4274\/revisions"}],"predecessor-version":[{"id":4276,"href":"https:\/\/catholicus.eu\/pt\/wp-json\/wp\/v2\/posts\/4274\/revisions\/4276"}],"wp:featuredmedia":[{"embeddable":true,"href":"https:\/\/catholicus.eu\/pt\/wp-json\/wp\/v2\/media\/4275"}],"wp:attachment":[{"href":"https:\/\/catholicus.eu\/pt\/wp-json\/wp\/v2\/media?parent=4274"}],"wp:term":[{"taxonomy":"category","embeddable":true,"href":"https:\/\/catholicus.eu\/pt\/wp-json\/wp\/v2\/categories?post=4274"},{"taxonomy":"post_tag","embeddable":true,"href":"https:\/\/catholicus.eu\/pt\/wp-json\/wp\/v2\/tags?post=4274"}],"curies":[{"name":"wp","href":"https:\/\/api.w.org\/{rel}","templated":true}]}}