{"id":4231,"date":"2025-06-13T11:08:25","date_gmt":"2025-06-13T09:08:25","guid":{"rendered":"https:\/\/catholicus.eu\/pt\/?p=4231"},"modified":"2025-06-13T11:08:26","modified_gmt":"2025-06-13T09:08:26","slug":"homeschooling-catolico-ultimo-bastiao-contra-a-ditadura-ideologica","status":"publish","type":"post","link":"https:\/\/catholicus.eu\/pt\/homeschooling-catolico-ultimo-bastiao-contra-a-ditadura-ideologica\/","title":{"rendered":"Homeschooling Cat\u00f3lico: \u00daltimo Basti\u00e3o contra a Ditadura Ideol\u00f3gica"},"content":{"rendered":"\n<p><em>A verdade por inteiro \u2013 entre teologia, hist\u00f3ria e vida concreta<\/em><\/p>\n\n\n\n<hr class=\"wp-block-separator has-alpha-channel-opacity\"\/>\n\n\n\n<h3 class=\"wp-block-heading\"><strong>Introdu\u00e7\u00e3o: Um tempo que exige coragem<\/strong><\/h3>\n\n\n\n<p>Vivemos numa \u00e9poca em que a verdade j\u00e1 n\u00e3o \u00e9 protegida pela lei nem ensinada nas escolas. Pelo contr\u00e1rio: \u00e9 perseguida, manipulada e silenciada. O que h\u00e1 poucas d\u00e9cadas pareceria impens\u00e1vel hoje \u00e9 celebrado como \u201cprogresso\u201d e imposto como \u201cnorma\u201d. Desde o jardim de inf\u00e2ncia at\u00e9 \u00e0 universidade, uma ideologia onipresente molda as consci\u00eancias: relativismo moral, ideologia de g\u00eanero, ate\u00edsmo pr\u00e1tico, desprezo pela vida e pela fam\u00edlia, exalta\u00e7\u00e3o do hedonismo.<\/p>\n\n\n\n<p>Diante dessa ditadura ideol\u00f3gica ergue-se o <strong>homeschooling cat\u00f3lico<\/strong> \u2013 ou seja, a educa\u00e7\u00e3o domiciliar segundo os princ\u00edpios da f\u00e9 \u2013 como o <strong>\u00faltimo basti\u00e3o de liberdade, verdade e esperan\u00e7a<\/strong>. N\u00e3o \u00e9 uma moda. N\u00e3o \u00e9 uma rea\u00e7\u00e3o fan\u00e1tica. \u00c9 uma resposta profundamente crist\u00e3, fundamentada teologicamente, s\u00e1bia pastoralmente e espiritualmente urgente.<\/p>\n\n\n\n<p>Este artigo n\u00e3o quer apenas informar voc\u00ea, mas <strong>inspirar, ajudar no discernimento e, sobretudo, encorajar \u00e0 a\u00e7\u00e3o<\/strong>. Porque hoje, mais do que nunca, a educa\u00e7\u00e3o dos filhos <strong>n\u00e3o pode simplesmente ser delegada<\/strong>.<\/p>\n\n\n\n<hr class=\"wp-block-separator has-alpha-channel-opacity\"\/>\n\n\n\n<h2 class=\"wp-block-heading\"><strong>1. Um pouco de hist\u00f3ria: A Igreja sempre educou<\/strong><\/h2>\n\n\n\n<p>Desde os primeiros s\u00e9culos do cristianismo, os pais crist\u00e3os entenderam que sua miss\u00e3o n\u00e3o terminava com o batismo dos filhos \u2013 pelo contr\u00e1rio, come\u00e7ava ali. Ensinar a f\u00e9, corrigir com amor, formar a mente e o cora\u00e7\u00e3o&#8230; tudo isso fazia parte integrante da sua voca\u00e7\u00e3o. A educa\u00e7\u00e3o era vista como uma continua\u00e7\u00e3o do Batismo \u2013 um caminho concreto para formar disc\u00edpulos de Cristo.<\/p>\n\n\n\n<p>Na Idade M\u00e9dia, a Igreja fundou as primeiras universidades da Europa (Paris, Bolonha, Oxford), bem como escolas mon\u00e1sticas e catedrais. A fam\u00edlia e a par\u00f3quia eram os principais locais educativos. Pais, monges e cl\u00e9rigos transmitiam <strong>conhecimento e f\u00e9 como um s\u00f3 tesouro<\/strong>.<\/p>\n\n\n\n<p>Com o tempo, o Estado come\u00e7ou a assumir crescentes responsabilidades educativas \u2013 inicialmente como apoio. Mas nos s\u00e9culos XIX e XX, especialmente com a seculariza\u00e7\u00e3o, ocorreu uma perigosa invers\u00e3o: <strong>o Estado j\u00e1 n\u00e3o colabora com os pais, mas os substitui.<\/strong><\/p>\n\n\n\n<p>Hoje, a escola p\u00fablica, em muitos pa\u00edses, <strong>j\u00e1 n\u00e3o \u00e9 um lugar de instru\u00e7\u00e3o, mas de doutrina\u00e7\u00e3o<\/strong>. O que resta ent\u00e3o aos cat\u00f3licos? Voltar \u00e0 origem: <strong>educar em casa, \u00e0 luz do Evangelho.<\/strong><\/p>\n\n\n\n<hr class=\"wp-block-separator has-alpha-channel-opacity\"\/>\n\n\n\n<h2 class=\"wp-block-heading\"><strong>2. Fundamentos teol\u00f3gicos do homeschooling cat\u00f3lico<\/strong><\/h2>\n\n\n\n<p>A educa\u00e7\u00e3o n\u00e3o \u00e9 uma op\u00e7\u00e3o \u2013 \u00e9 um dever moral e espiritual. A Igreja fala com clareza, unidade e decis\u00e3o.<\/p>\n\n\n\n<h3 class=\"wp-block-heading\"><strong>a) O dever natural e divino dos pais<\/strong><\/h3>\n\n\n\n<p>O <em>Catecismo da Igreja Cat\u00f3lica<\/em> (n. 2223) ensina:<\/p>\n\n\n\n<blockquote class=\"wp-block-quote is-layout-flow wp-block-quote-is-layout-flow\">\n<p>\u201cOs pais t\u00eam a primeira responsabilidade pela educa\u00e7\u00e3o dos seus filhos.\u201d<\/p>\n<\/blockquote>\n\n\n\n<p>N\u00e3o se trata apenas de escolher uma escola. Trata-se de <strong>moldar a alma da crian\u00e7a<\/strong> \u2013 seu senso de Deus, da vida, do bem e do mal. Esta miss\u00e3o <strong>jamais pode ser completamente delegada<\/strong>.<\/p>\n\n\n\n<p>S\u00e3o Jo\u00e3o Paulo II afirma em <em>Familiaris Consortio<\/em> (n. 36):<\/p>\n\n\n\n<blockquote class=\"wp-block-quote is-layout-flow wp-block-quote-is-layout-flow\">\n<p>\u201cA miss\u00e3o educativa da fam\u00edlia \u00e9 t\u00e3o importante que \u00e9 quase imposs\u00edvel que possa ser desempenhada plenamente por outros.\u201d<\/p>\n<\/blockquote>\n\n\n\n<h3 class=\"wp-block-heading\"><strong>b) Subsidiariedade e liberdade educativa<\/strong><\/h3>\n\n\n\n<p>O princ\u00edpio da subsidiariedade, pilar da doutrina social da Igreja, afirma: as inst\u00e2ncias superiores (Estado, escola) devem <strong>apoiar<\/strong>, n\u00e3o <strong>substituir nem esmagar<\/strong>, as inferiores (fam\u00edlia).<\/p>\n\n\n\n<p>O Conc\u00edlio Vaticano II declara em <em>Gravissimum Educationis<\/em> (n. 6):<\/p>\n\n\n\n<blockquote class=\"wp-block-quote is-layout-flow wp-block-quote-is-layout-flow\">\n<p>\u201cOs pais [&#8230;] t\u00eam a grave obriga\u00e7\u00e3o de educar os filhos, e devem ser reconhecidos como os primeiros e principais educadores. Esta fun\u00e7\u00e3o \u00e9 de tal import\u00e2ncia que dificilmente pode ser exercida por outros.\u201d<\/p>\n<\/blockquote>\n\n\n\n<p>A liberdade educativa n\u00e3o \u00e9 um luxo moderno. \u00c9 um <strong>direito natural<\/strong>. E os cat\u00f3licos devem defend\u00ea-lo \u2013 mesmo quando os governos o restringem ou o perseguem abertamente.<\/p>\n\n\n\n<h3 class=\"wp-block-heading\"><strong>c) Educar para o Reino de Deus<\/strong><\/h3>\n\n\n\n<p>Jesus disse:<\/p>\n\n\n\n<blockquote class=\"wp-block-quote is-layout-flow wp-block-quote-is-layout-flow\">\n<p>\u201cBuscai primeiro o Reino de Deus e a sua justi\u00e7a, e todas essas coisas vos ser\u00e3o dadas por acr\u00e9scimo.\u201d (Mateus 6,33)<\/p>\n<\/blockquote>\n\n\n\n<p>Fazer homeschooling cat\u00f3lico significa <strong>preparar os filhos para o Reino de Deus<\/strong>. Significa ajud\u00e1-los a ver o mundo com os olhos de Cristo. Significa formar santos \u2013 <strong>n\u00e3o g\u00eanios ou celebridades<\/strong>, mas <strong>santos.<\/strong><\/p>\n\n\n\n<hr class=\"wp-block-separator has-alpha-channel-opacity\"\/>\n\n\n\n<h2 class=\"wp-block-heading\"><strong>3. O contexto atual: Ideologia, manipula\u00e7\u00e3o e degrada\u00e7\u00e3o moral<\/strong><\/h2>\n\n\n\n<p>\u00c9 ing\u00eanuo acreditar que existam \u201cescolas neutras\u201d. Toda educa\u00e7\u00e3o <strong>transmite valores<\/strong>. A pergunta \u00e9: <strong>quais valores?<\/strong><\/p>\n\n\n\n<p>Hoje, muitas escolas p\u00fablicas (e tamb\u00e9m algumas privadas) ensinam:<\/p>\n\n\n\n<ul class=\"wp-block-list\">\n<li>Ideologia de g\u00eanero desde o pr\u00e9-escolar<\/li>\n\n\n\n<li>Educa\u00e7\u00e3o sexual hiperssexualizada e desumanizante<\/li>\n\n\n\n<li>Desprezo pela religi\u00e3o \u2013 especialmente pelo catolicismo<\/li>\n\n\n\n<li>Ambientalismo como nova religi\u00e3o substituta<\/li>\n\n\n\n<li>Cultura da morte (aborto, eutan\u00e1sia, suic\u00eddio assistido)<\/li>\n\n\n\n<li>Relativismo moral (\u201cNada \u00e9 verdadeiro, tudo \u00e9 subjetivo\u201d)<\/li>\n<\/ul>\n\n\n\n<p>Um pai cat\u00f3lico pode realmente permitir que seu filho seja <strong>moldado<\/strong> por tudo isso? N\u00e3o seria como <strong>entregar um cordeiro nas garras dos lobos?<\/strong><\/p>\n\n\n\n<hr class=\"wp-block-separator has-alpha-channel-opacity\"\/>\n\n\n\n<h2 class=\"wp-block-heading\"><strong>4. O que significa fazer homeschooling cat\u00f3lico<\/strong><\/h2>\n\n\n\n<p>Educar em casa <strong>n\u00e3o \u00e9 improvisar nem fugir do mundo<\/strong>. Trata-se de educar <strong>com responsabilidade, m\u00e9todo e f\u00e9<\/strong>. Na pr\u00e1tica, isso significa:<\/p>\n\n\n\n<ul class=\"wp-block-list\">\n<li>Seguir um curr\u00edculo completo (matem\u00e1tica, l\u00edngua, hist\u00f3ria etc.)<\/li>\n\n\n\n<li>Integrar cada disciplina <strong>numa vis\u00e3o crist\u00e3 do mundo<\/strong><\/li>\n\n\n\n<li>Ensinar sistematicamente e com vida o Catecismo<\/li>\n\n\n\n<li>Celebrar o ano lit\u00fargico em casa: ora\u00e7\u00e3o, festas, tempos fortes<\/li>\n\n\n\n<li>Promover a devo\u00e7\u00e3o aos santos, a participa\u00e7\u00e3o na Missa, o Ros\u00e1rio<\/li>\n<\/ul>\n\n\n\n<p>Existem <strong>muitas plataformas, livros, recursos e comunidades<\/strong> que ajudam fam\u00edlias cat\u00f3licas no caminho do homeschooling. <strong>Ningu\u00e9m est\u00e1 sozinho.<\/strong> H\u00e1 sacerdotes, associa\u00e7\u00f5es e at\u00e9 dioceses que apoiam essa escolha.<\/p>\n\n\n\n<hr class=\"wp-block-separator has-alpha-channel-opacity\"\/>\n\n\n\n<h2 class=\"wp-block-heading\"><strong>5. Obje\u00e7\u00f5es frequentes \u2013 respostas claras<\/strong><\/h2>\n\n\n\n<p><strong>\u201cE a socializa\u00e7\u00e3o?\u201d<\/strong><br>Resposta: Desde quando \u201cboa socializa\u00e7\u00e3o\u201d significa trancar 30 crian\u00e7as da mesma idade numa sala por 8 horas por dia? O homeschooling favorece rela\u00e7\u00f5es mais saud\u00e1veis \u2013 com irm\u00e3os, adultos, comunidade e amigos escolhidos com crit\u00e9rio.<\/p>\n\n\n\n<p><strong>\u201cMas eu n\u00e3o sou professor, n\u00e3o consigo.\u201d<\/strong><br>Resposta: N\u00e3o se trata de ser especialista, mas <strong>companheiro de jornada<\/strong>. Os materiais s\u00e3o pensados para os pais. E ningu\u00e9m ama seu filho mais do que voc\u00ea. Essa \u00e9 sua for\u00e7a. Com apoio, \u00e9 absolutamente poss\u00edvel.<\/p>\n\n\n\n<p><strong>\u201cMas eles v\u00e3o perder oportunidades\u2026\u201d<\/strong><br>Resposta: Cada vez mais universidades aceitam alunos homeschoolers. Muitos se destacam por maturidade, criatividade e pensamento cr\u00edtico. O que \u201cperdem\u201d em ideologia, <strong>ganham em identidade.<\/strong><\/p>\n\n\n\n<hr class=\"wp-block-separator has-alpha-channel-opacity\"\/>\n\n\n\n<h2 class=\"wp-block-heading\"><strong>6. Guia pr\u00e1tica: Por onde come\u00e7ar<\/strong><\/h2>\n\n\n\n<ol class=\"wp-block-list\">\n<li><strong>Discernir em ora\u00e7\u00e3o<\/strong> \u2013 \u00c9 uma grande decis\u00e3o. Pe\u00e7a luz ao Esp\u00edrito Santo. Converse com seu c\u00f4njuge. Consulte um sacerdote de confian\u00e7a.<\/li>\n\n\n\n<li><strong>Informe-se bem<\/strong> \u2013 Procure fontes cat\u00f3licas confi\u00e1veis. Leia experi\u00eancias de outras fam\u00edlias. Compare m\u00e9todos e programas.<\/li>\n\n\n\n<li><strong>Organize a casa<\/strong> \u2013 Crie espa\u00e7os de estudo, estabele\u00e7a ritmos di\u00e1rios. Planeje momentos de ora\u00e7\u00e3o, leitura, atividades.<\/li>\n\n\n\n<li><strong>Busque aliados<\/strong> \u2013 Encontre grupos de homeschooling cat\u00f3lico, locais ou online. Voc\u00ea n\u00e3o est\u00e1 sozinho.<\/li>\n\n\n\n<li><strong>Alimente a si mesmo tamb\u00e9m<\/strong> \u2013 Quem deseja educar na f\u00e9, deve primeiro <strong>viver da f\u00e9<\/strong>: Palavra de Deus, Magist\u00e9rio, Sacramentos.<\/li>\n\n\n\n<li><strong>Confie em Deus<\/strong> \u2013 Foi Ele quem te confiou esta miss\u00e3o. Ele n\u00e3o te abandonar\u00e1. Como diz Isa\u00edas: \u201cEu sou o Senhor, teu Deus, que te toma pela m\u00e3o direita e te diz: \u2018N\u00e3o temas, eu te ajudarei.\u2019\u201d (Isa\u00edas 41,13)<\/li>\n<\/ol>\n\n\n\n<hr class=\"wp-block-separator has-alpha-channel-opacity\"\/>\n\n\n\n<h2 class=\"wp-block-heading\"><strong>7. Conclus\u00e3o: Ser pai hoje \u00e9 ser m\u00e1rtir da verdade<\/strong><\/h2>\n\n\n\n<p>O homeschooling cat\u00f3lico <strong>n\u00e3o \u00e9 para todos<\/strong>, mas <strong>cada um deve se perguntar se Deus o est\u00e1 chamando para isso<\/strong>. N\u00e3o \u00e9 uma moda nem uma fuga, mas <strong>um caminho heroico<\/strong> para viver a voca\u00e7\u00e3o de pai e m\u00e3e <strong>num mundo sem b\u00fassola<\/strong>.<\/p>\n\n\n\n<p>Ser pai hoje \u00e9: <strong>ser guardi\u00e3o da alma dos pr\u00f3prios filhos.<\/strong> E se isso implica ir contra a corrente, <strong>bem-aventurados somos n\u00f3s<\/strong>. Porque o Senhor disse:<\/p>\n\n\n\n<blockquote class=\"wp-block-quote is-layout-flow wp-block-quote-is-layout-flow\">\n<p>\u201cO servo n\u00e3o \u00e9 maior do que o seu Senhor. Se perseguiram a mim, tamb\u00e9m perseguir\u00e3o a v\u00f3s.\u201d (Jo\u00e3o 15,20)<\/p>\n<\/blockquote>\n\n\n\n<p>Diante da ditadura ideol\u00f3gica, <strong>a neutralidade j\u00e1 n\u00e3o \u00e9 op\u00e7\u00e3o<\/strong>. Ou voc\u00ea educa em Cristo, ou permite que o mundo desfigure seu filho.<\/p>\n\n\n\n<p>O homeschooling cat\u00f3lico talvez seja <strong>o \u00faltimo basti\u00e3o<\/strong> \u2013 mas tamb\u00e9m pode ser <strong>o primeiro passo para uma nova gera\u00e7\u00e3o de santos.<\/strong> Voc\u00ea ter\u00e1 coragem?<\/p>\n","protected":false},"excerpt":{"rendered":"<p>A verdade por inteiro \u2013 entre teologia, hist\u00f3ria e vida concreta Introdu\u00e7\u00e3o: Um tempo que exige coragem Vivemos numa \u00e9poca em que a verdade j\u00e1 n\u00e3o \u00e9 protegida pela lei nem ensinada nas escolas. Pelo contr\u00e1rio: \u00e9 perseguida, manipulada e silenciada. O que h\u00e1 poucas d\u00e9cadas pareceria impens\u00e1vel hoje \u00e9 celebrado como \u201cprogresso\u201d e imposto &hellip;<\/p>\n","protected":false},"author":3,"featured_media":4232,"comment_status":"open","ping_status":"open","sticky":false,"template":"","format":"standard","meta":{"_seopress_robots_primary_cat":"","_seopress_titles_title":"","_seopress_titles_desc":"","_seopress_robots_index":"","footnotes":""},"categories":[55,39],"tags":[1520],"class_list":["post-4231","post","type-post","status-publish","format-standard","has-post-thumbnail","","category-familia-e-matrimonio","category-moral-e-vida-crista","tag-homeschooling-catolico"],"_links":{"self":[{"href":"https:\/\/catholicus.eu\/pt\/wp-json\/wp\/v2\/posts\/4231","targetHints":{"allow":["GET"]}}],"collection":[{"href":"https:\/\/catholicus.eu\/pt\/wp-json\/wp\/v2\/posts"}],"about":[{"href":"https:\/\/catholicus.eu\/pt\/wp-json\/wp\/v2\/types\/post"}],"author":[{"embeddable":true,"href":"https:\/\/catholicus.eu\/pt\/wp-json\/wp\/v2\/users\/3"}],"replies":[{"embeddable":true,"href":"https:\/\/catholicus.eu\/pt\/wp-json\/wp\/v2\/comments?post=4231"}],"version-history":[{"count":1,"href":"https:\/\/catholicus.eu\/pt\/wp-json\/wp\/v2\/posts\/4231\/revisions"}],"predecessor-version":[{"id":4233,"href":"https:\/\/catholicus.eu\/pt\/wp-json\/wp\/v2\/posts\/4231\/revisions\/4233"}],"wp:featuredmedia":[{"embeddable":true,"href":"https:\/\/catholicus.eu\/pt\/wp-json\/wp\/v2\/media\/4232"}],"wp:attachment":[{"href":"https:\/\/catholicus.eu\/pt\/wp-json\/wp\/v2\/media?parent=4231"}],"wp:term":[{"taxonomy":"category","embeddable":true,"href":"https:\/\/catholicus.eu\/pt\/wp-json\/wp\/v2\/categories?post=4231"},{"taxonomy":"post_tag","embeddable":true,"href":"https:\/\/catholicus.eu\/pt\/wp-json\/wp\/v2\/tags?post=4231"}],"curies":[{"name":"wp","href":"https:\/\/api.w.org\/{rel}","templated":true}]}}