{"id":4228,"date":"2025-06-12T23:56:36","date_gmt":"2025-06-12T21:56:36","guid":{"rendered":"https:\/\/catholicus.eu\/pt\/?p=4228"},"modified":"2025-06-12T23:56:36","modified_gmt":"2025-06-12T21:56:36","slug":"educar-filhos-contra-a-corrente-manual-de-sobrevivencia-para-pais-tradicionais","status":"publish","type":"post","link":"https:\/\/catholicus.eu\/pt\/educar-filhos-contra-a-corrente-manual-de-sobrevivencia-para-pais-tradicionais\/","title":{"rendered":"Educar filhos contra a corrente: Manual de sobreviv\u00eancia para pais tradicionais"},"content":{"rendered":"\n<h3 class=\"wp-block-heading\"><strong>Introdu\u00e7\u00e3o: Pais contra a corrente \u2013 voc\u00eas est\u00e3o sozinhos?<\/strong><\/h3>\n\n\n\n<p>Educar os filhos hoje \u00e9, para muitos pais cat\u00f3licos tradicionais, uma verdadeira miss\u00e3o heroica. Em meio a uma sociedade que ridiculariza a virtude, promove o relativismo moral e ataca frontalmente os fundamentos da f\u00e9 crist\u00e3, parece quase imposs\u00edvel criar filhos santos, fortes e fi\u00e9is. No entanto, \u00e9 poss\u00edvel.<\/p>\n\n\n\n<p>Este artigo n\u00e3o \u00e9 apenas uma reflex\u00e3o: \u00e9 um <strong>manual de sobreviv\u00eancia<\/strong>. Porque a batalha \u00e9 real. \u00c9 cultural, espiritual e moral. Mas \u00e9 uma batalha que pode ser vencida, se for enfrentada com f\u00e9, intelig\u00eancia, perseveran\u00e7a\u2026 e em comunidade.<\/p>\n\n\n\n<blockquote class=\"wp-block-quote is-layout-flow wp-block-quote-is-layout-flow\">\n<p><em>\u00abN\u00e3o vos conformeis com este mundo, mas transformai-vos pela renova\u00e7\u00e3o da vossa mente, para que possais discernir qual \u00e9 a vontade de Deus, o que \u00e9 bom, agrad\u00e1vel e perfeito.\u00bb<\/em> (Romanos 12,2)<\/p>\n<\/blockquote>\n\n\n\n<hr class=\"wp-block-separator has-alpha-channel-opacity\"\/>\n\n\n\n<h2 class=\"wp-block-heading\"><strong>I. Compreender o terreno: com que mundo estamos lidando?<\/strong><\/h2>\n\n\n\n<h3 class=\"wp-block-heading\">1.1. O inimigo n\u00e3o \u00e9 novo<\/h3>\n\n\n\n<p>N\u00e3o estamos diante de uma situa\u00e7\u00e3o sem precedentes. J\u00e1 nos primeiros s\u00e9culos do Cristianismo, os pais tinham que criar seus filhos num Imp\u00e9rio Romano corrupto, sensual e inimigo da Cruz. S\u00e3o Jo\u00e3o Cris\u00f3stomo advertia: \u00abEducar os filhos n\u00e3o \u00e9 tarefa pequena: \u00e9 mais importante do que governar uma cidade\u00bb.<\/p>\n\n\n\n<p>Hoje, como ent\u00e3o, os crist\u00e3os vivem numa cultura que <strong>n\u00e3o compartilha os seus valores<\/strong>. A diferen\u00e7a \u00e9 que <strong>a sociedade moderna tem megafones mais potentes e constantes<\/strong>: telas, redes sociais, conte\u00fados escolares ideologizados, leis antinaturais, entretenimento t\u00f3xico\u2026<\/p>\n\n\n\n<h3 class=\"wp-block-heading\">1.2. As cinco grandes amea\u00e7as<\/h3>\n\n\n\n<ul class=\"wp-block-list\">\n<li><strong>Relativismo moral<\/strong>: \u201cCada um tem sua verdade\u201d, dizem. O resultado? O bem e o mal deixam de ser transmitidos com clareza.<\/li>\n\n\n\n<li><strong>Ideologia de g\u00eanero<\/strong>: Nega-se a realidade biol\u00f3gica, impondo uma constru\u00e7\u00e3o ideol\u00f3gica sem base cient\u00edfica ou antropol\u00f3gica.<\/li>\n\n\n\n<li><strong>Hiper-sexualiza\u00e7\u00e3o<\/strong>: De desenhos animados a livros escolares, a inoc\u00eancia das crian\u00e7as est\u00e1 sendo roubada.<\/li>\n\n\n\n<li><strong>Ate\u00edsmo pr\u00e1tico<\/strong>: Vive-se \u201ccomo se Deus n\u00e3o existisse\u201d. Mesmo entre os crentes, a f\u00e9 muitas vezes se reduz a rituais vazios.<\/li>\n\n\n\n<li><strong>Dissolu\u00e7\u00e3o da fam\u00edlia<\/strong>: O casamento \u00e9 banalizado, o div\u00f3rcio normalizado, a maternidade ridicularizada.<\/li>\n<\/ul>\n\n\n\n<hr class=\"wp-block-separator has-alpha-channel-opacity\"\/>\n\n\n\n<h2 class=\"wp-block-heading\"><strong>II. A miss\u00e3o dos pais segundo a vontade de Deus<\/strong><\/h2>\n\n\n\n<h3 class=\"wp-block-heading\">2.1. Uma voca\u00e7\u00e3o, n\u00e3o um passatempo<\/h3>\n\n\n\n<p>Educar os filhos n\u00e3o \u00e9 apenas um projeto de vida ou uma escolha pessoal. \u00c9 uma <strong>voca\u00e7\u00e3o divina<\/strong>. Deus confia \u00e0s m\u00e3os dos pais <strong>almas imortais<\/strong>. N\u00e3o se trata apenas de alimentar, instruir, prepar\u00e1-los para uma profiss\u00e3o. Trata-se de <strong>formar santos<\/strong>, cidad\u00e3os do C\u00e9u.<\/p>\n\n\n\n<blockquote class=\"wp-block-quote is-layout-flow wp-block-quote-is-layout-flow\">\n<p><em>\u00abEnsina a crian\u00e7a no caminho em que deve andar, e mesmo quando envelhecer n\u00e3o se desviar\u00e1 dele.\u00bb<\/em> (Prov\u00e9rbios 22,6)<\/p>\n<\/blockquote>\n\n\n\n<h3 class=\"wp-block-heading\">2.2. Os pais: primeiros catequistas<\/h3>\n\n\n\n<p>A Igreja ensina que os pais s\u00e3o os <strong>primeiros transmissores da f\u00e9<\/strong>. Nenhuma escola, padre ou catequista pode substituir o lar crist\u00e3o. \u00c9 ali que se aprende a rezar, a discernir, a amar a verdade, a viver os sacramentos, a confiar em Deus.<\/p>\n\n\n\n<h3 class=\"wp-block-heading\">2.3. Autoridade como servi\u00e7o<\/h3>\n\n\n\n<p>N\u00e3o se trata de ser autorit\u00e1rio, mas de exercer uma <strong>autoridade amorosa, firme e coerente<\/strong>. A autoridade vem de <em>auctoritas<\/em>, isto \u00e9, a capacidade de fazer crescer. N\u00e3o se imp\u00f5e, conquista-se com o exemplo.<\/p>\n\n\n\n<hr class=\"wp-block-separator has-alpha-channel-opacity\"\/>\n\n\n\n<h2 class=\"wp-block-heading\"><strong>III. Estrat\u00e9gia de sobreviv\u00eancia: guia pr\u00e1tico para pais tradicionais<\/strong><\/h2>\n\n\n\n<p>Aqui est\u00e1 um <strong>mapa pastoral e teol\u00f3gico<\/strong> para pais que desejam educar os filhos na f\u00e9 \u2013 contra a corrente.<\/p>\n\n\n\n<hr class=\"wp-block-separator has-alpha-channel-opacity\"\/>\n\n\n\n<h3 class=\"wp-block-heading\">\ud83d\udd39 <strong>1. Fortalecer o matrim\u00f4nio: a base de tudo<\/strong><\/h3>\n\n\n\n<ul class=\"wp-block-list\">\n<li><strong>Rezar juntos<\/strong> como casal.<\/li>\n\n\n\n<li>Cuidar da <strong>unidade e da comunica\u00e7\u00e3o<\/strong>: os filhos aprendem mais com exemplos do que com palavras.<\/li>\n\n\n\n<li>Buscar a <strong>gra\u00e7a sacramental<\/strong> do matrim\u00f4nio: confiss\u00e3o frequente e comunh\u00e3o dominical.<\/li>\n\n\n\n<li><strong>Formar-se juntos<\/strong>: ler, participar de retiros, enfrentar temas profundos.<\/li>\n<\/ul>\n\n\n\n<blockquote class=\"wp-block-quote is-layout-flow wp-block-quote-is-layout-flow\">\n<p><em>\u00abPor isso o homem deixar\u00e1 pai e m\u00e3e, e se unir\u00e1 \u00e0 sua esposa, e os dois ser\u00e3o uma s\u00f3 carne.\u00bb<\/em> (Ef\u00e9sios 5,31)<\/p>\n<\/blockquote>\n\n\n\n<hr class=\"wp-block-separator has-alpha-channel-opacity\"\/>\n\n\n\n<h3 class=\"wp-block-heading\">\ud83d\udd39 <strong>2. Rezar todos os dias em fam\u00edlia<\/strong><\/h3>\n\n\n\n<ul class=\"wp-block-list\">\n<li>Ter\u00e7o di\u00e1rio (mesmo que dividido em partes).<\/li>\n\n\n\n<li>Leitura do Evangelho com os filhos.<\/li>\n\n\n\n<li>Ora\u00e7\u00f5es antes e depois das refei\u00e7\u00f5es.<\/li>\n\n\n\n<li>Ora\u00e7\u00e3o da noite com exame de consci\u00eancia e a\u00e7\u00e3o de gra\u00e7as.<\/li>\n<\/ul>\n\n\n\n<p>N\u00e3o se trata de ritualismos, mas de <strong>colocar Deus no centro da vida dom\u00e9stica<\/strong>.<\/p>\n\n\n\n<hr class=\"wp-block-separator has-alpha-channel-opacity\"\/>\n\n\n\n<h3 class=\"wp-block-heading\">\ud83d\udd39 <strong>3. Criar um lar cat\u00f3lico vivo<\/strong><\/h3>\n\n\n\n<ul class=\"wp-block-list\">\n<li><strong>S\u00edmbolos vis\u00edveis<\/strong>: crucifixos, imagens de santos, \u00e1gua benta, velas.<\/li>\n\n\n\n<li>M\u00fasica sacra, leituras edificantes, aus\u00eancia de conte\u00fados t\u00f3xicos.<\/li>\n\n\n\n<li>Celebrar os tempos lit\u00fargicos: Advento, Quaresma, P\u00e1scoa, festas dos santos.<\/li>\n<\/ul>\n\n\n\n<p>Uma crian\u00e7a que cresce num lar onde a f\u00e9 <strong>se respira<\/strong>, ser\u00e1 menos vulner\u00e1vel ao ceticismo do mundo.<\/p>\n\n\n\n<hr class=\"wp-block-separator has-alpha-channel-opacity\"\/>\n\n\n\n<h3 class=\"wp-block-heading\">\ud83d\udd39 <strong>4. Educar a consci\u00eancia moral<\/strong><\/h3>\n\n\n\n<ul class=\"wp-block-list\">\n<li>Explicar o bem e o mal desde cedo.<\/li>\n\n\n\n<li>Ensinar os mandamentos, as virtudes, as obras de miseric\u00f3rdia.<\/li>\n\n\n\n<li>Mostrar que liberdade n\u00e3o \u00e9 \u201cfazer o que quero\u201d, mas <strong>escolher o bem<\/strong>.<\/li>\n<\/ul>\n\n\n\n<blockquote class=\"wp-block-quote is-layout-flow wp-block-quote-is-layout-flow\">\n<p><em>\u00abConhecereis a verdade, e a verdade vos libertar\u00e1.\u00bb<\/em> (Jo\u00e3o 8,32)<\/p>\n<\/blockquote>\n\n\n\n<hr class=\"wp-block-separator has-alpha-channel-opacity\"\/>\n\n\n\n<h3 class=\"wp-block-heading\">\ud83d\udd39 <strong>5. Preparar para a persegui\u00e7\u00e3o<\/strong><\/h3>\n\n\n\n<p>Sim, \u00e9 preciso falar do mart\u00edrio. Sem alarmismo, mas com realismo. Nossos filhos devem saber que <strong>seguir Cristo custa algo.<\/strong><\/p>\n\n\n\n<ul class=\"wp-block-list\">\n<li>Contar hist\u00f3rias de santos e m\u00e1rtires.<\/li>\n\n\n\n<li>Ensinar a responder com amor, mas com firmeza.<\/li>\n\n\n\n<li>Introduzi-los \u00e0 apolog\u00e9tica: saber explicar e defender a f\u00e9.<\/li>\n<\/ul>\n\n\n\n<blockquote class=\"wp-block-quote is-layout-flow wp-block-quote-is-layout-flow\">\n<p><em>\u00abBem-aventurados os perseguidos por causa da justi\u00e7a, porque deles \u00e9 o Reino dos C\u00e9us.\u00bb<\/em> (Mateus 5,10)<\/p>\n<\/blockquote>\n\n\n\n<hr class=\"wp-block-separator has-alpha-channel-opacity\"\/>\n\n\n\n<h3 class=\"wp-block-heading\">\ud83d\udd39 <strong>6. Acompanhar com discernimento a educa\u00e7\u00e3o escolar<\/strong><\/h3>\n\n\n\n<ul class=\"wp-block-list\">\n<li>Se poss\u00edvel: <strong>escola verdadeiramente cat\u00f3lica ou homeschooling<\/strong>.<\/li>\n\n\n\n<li>Se n\u00e3o for poss\u00edvel: <strong>envolvimento ativo<\/strong>: verificar os conte\u00fados, dialogar muito, vigiar.<\/li>\n\n\n\n<li>Denunciar o inaceit\u00e1vel, acompanhar com ora\u00e7\u00e3o e di\u00e1logo, buscar aliados.<\/li>\n<\/ul>\n\n\n\n<hr class=\"wp-block-separator has-alpha-channel-opacity\"\/>\n\n\n\n<h3 class=\"wp-block-heading\">\ud83d\udd39 <strong>7. Ensinar o uso correto da m\u00eddia e da tecnologia<\/strong><\/h3>\n\n\n\n<ul class=\"wp-block-list\">\n<li>Nada de smartphone sem filtro ou prepara\u00e7\u00e3o.<\/li>\n\n\n\n<li>Usar a internet com discernimento: como ferramenta, n\u00e3o como \u00eddolo.<\/li>\n\n\n\n<li>Cultivar o sil\u00eancio, a leitura, a conversa.<\/li>\n<\/ul>\n\n\n\n<p>O dem\u00f4nio moderno muitas vezes entra <strong>atrav\u00e9s das telas<\/strong>.<\/p>\n\n\n\n<hr class=\"wp-block-separator has-alpha-channel-opacity\"\/>\n\n\n\n<h3 class=\"wp-block-heading\">\ud83d\udd39 <strong>8. Vida sacramental regular<\/strong><\/h3>\n\n\n\n<ul class=\"wp-block-list\">\n<li>Missa dominical <strong>com toda a fam\u00edlia<\/strong>.<\/li>\n\n\n\n<li>Confiss\u00e3o mensal como h\u00e1bito.<\/li>\n\n\n\n<li>Prepara\u00e7\u00e3o s\u00e9ria para a Primeira Comunh\u00e3o e Crisma.<\/li>\n\n\n\n<li>Mostrar aos filhos que a Eucaristia \u00e9 <strong>encontro real<\/strong>, n\u00e3o formalidade.<\/li>\n<\/ul>\n\n\n\n<hr class=\"wp-block-separator has-alpha-channel-opacity\"\/>\n\n\n\n<h3 class=\"wp-block-heading\">\ud83d\udd39 <strong>9. Educar com amor e disciplina<\/strong><\/h3>\n\n\n\n<ul class=\"wp-block-list\">\n<li>Regras claras, limites justos, consequ\u00eancias proporcionais.<\/li>\n\n\n\n<li>Ouvir com empatia, mas n\u00e3o ser manipulado.<\/li>\n\n\n\n<li>Corrigir com ternura, valorizar o bem, guiar com esperan\u00e7a.<\/li>\n<\/ul>\n\n\n\n<hr class=\"wp-block-separator has-alpha-channel-opacity\"\/>\n\n\n\n<h3 class=\"wp-block-heading\">\ud83d\udd39 <strong>10. Ser exemplo<\/strong><\/h3>\n\n\n\n<p>Os filhos acreditam em Deus porque veem seus pais <strong>viverem segundo a Sua vontade<\/strong>. N\u00e3o h\u00e1 catequese mais eficaz que o exemplo.<\/p>\n\n\n\n<ul class=\"wp-block-list\">\n<li>Se te veem rezar, crer\u00e3o na ora\u00e7\u00e3o.<\/li>\n\n\n\n<li>Se te veem viver a caridade, compreender\u00e3o o Evangelho.<\/li>\n\n\n\n<li>Se te veem lutar contra os pr\u00f3prios pecados, aprender\u00e3o a lutar contra os deles.<\/li>\n<\/ul>\n\n\n\n<hr class=\"wp-block-separator has-alpha-channel-opacity\"\/>\n\n\n\n<h2 class=\"wp-block-heading\"><strong>IV. Uma espiritualidade para pais na linha de frente<\/strong><\/h2>\n\n\n\n<p>Educar filhos contra a corrente n\u00e3o \u00e9 apenas uma batalha externa. \u00c9 tamb\u00e9m um <strong>caminho interior<\/strong>, onde se forma a santidade dos pr\u00f3prios pais.<\/p>\n\n\n\n<ul class=\"wp-block-list\">\n<li>Acolher o cansa\u00e7o como oferta unida \u00e0 Cruz.<\/li>\n\n\n\n<li>N\u00e3o desanimar diante dos erros: <strong>a miseric\u00f3rdia de Deus \u00e9 maior<\/strong>.<\/li>\n\n\n\n<li>Buscar acompanhamento espiritual.<\/li>\n\n\n\n<li>Viver rela\u00e7\u00f5es com outras fam\u00edlias que caminham na mesma dire\u00e7\u00e3o.<\/li>\n<\/ul>\n\n\n\n<p>A comunidade eclesial n\u00e3o \u00e9 um \u201cextra\u201d: \u00e9 um <strong>salva-vidas<\/strong>.<\/p>\n\n\n\n<hr class=\"wp-block-separator has-alpha-channel-opacity\"\/>\n\n\n\n<h2 class=\"wp-block-heading\"><strong>Conclus\u00e3o: N\u00e3o tenhais medo!<\/strong><\/h2>\n\n\n\n<p>N\u00e3o \u00e9 f\u00e1cil. N\u00e3o \u00e9 c\u00f4modo. N\u00e3o \u00e9 r\u00e1pido. Mas <strong>\u00e9 poss\u00edvel<\/strong>, com a gra\u00e7a de Deus e uma generosa entrega de si.<\/p>\n\n\n\n<p>Pais cat\u00f3licos tradicionais: <strong>voc\u00eas n\u00e3o s\u00e3o loucos<\/strong>. Est\u00e3o fazendo o que \u00e9 certo. Mesmo que a corrente aumente, mesmo que o mundo os chame de \u201cantiquados\u201d, \u201cintolerantes\u201d ou \u201cfan\u00e1ticos\u201d \u2013 a verdade <strong>n\u00e3o envelhece<\/strong>.<\/p>\n\n\n\n<blockquote class=\"wp-block-quote is-layout-flow wp-block-quote-is-layout-flow\">\n<p><em>\u00abMas aquele que perseverar at\u00e9 o fim ser\u00e1 salvo.\u00bb<\/em> (Mateus 24,13)<\/p>\n<\/blockquote>\n\n\n\n<p>O objetivo n\u00e3o \u00e9 apenas criar bons filhos. O objetivo \u00e9 <strong>educar santos<\/strong>. E n\u00e3o h\u00e1 heran\u00e7a maior do que esta.<\/p>\n","protected":false},"excerpt":{"rendered":"<p>Introdu\u00e7\u00e3o: Pais contra a corrente \u2013 voc\u00eas est\u00e3o sozinhos? Educar os filhos hoje \u00e9, para muitos pais cat\u00f3licos tradicionais, uma verdadeira miss\u00e3o heroica. Em meio a uma sociedade que ridiculariza a virtude, promove o relativismo moral e ataca frontalmente os fundamentos da f\u00e9 crist\u00e3, parece quase imposs\u00edvel criar filhos santos, fortes e fi\u00e9is. No entanto, &hellip;<\/p>\n","protected":false},"author":3,"featured_media":4229,"comment_status":"open","ping_status":"open","sticky":false,"template":"","format":"standard","meta":{"_seopress_robots_primary_cat":"","_seopress_titles_title":"","_seopress_titles_desc":"","_seopress_robots_index":"","footnotes":""},"categories":[55,39],"tags":[1519],"class_list":["post-4228","post","type-post","status-publish","format-standard","has-post-thumbnail","","category-familia-e-matrimonio","category-moral-e-vida-crista","tag-pais-tradicionais"],"_links":{"self":[{"href":"https:\/\/catholicus.eu\/pt\/wp-json\/wp\/v2\/posts\/4228","targetHints":{"allow":["GET"]}}],"collection":[{"href":"https:\/\/catholicus.eu\/pt\/wp-json\/wp\/v2\/posts"}],"about":[{"href":"https:\/\/catholicus.eu\/pt\/wp-json\/wp\/v2\/types\/post"}],"author":[{"embeddable":true,"href":"https:\/\/catholicus.eu\/pt\/wp-json\/wp\/v2\/users\/3"}],"replies":[{"embeddable":true,"href":"https:\/\/catholicus.eu\/pt\/wp-json\/wp\/v2\/comments?post=4228"}],"version-history":[{"count":1,"href":"https:\/\/catholicus.eu\/pt\/wp-json\/wp\/v2\/posts\/4228\/revisions"}],"predecessor-version":[{"id":4230,"href":"https:\/\/catholicus.eu\/pt\/wp-json\/wp\/v2\/posts\/4228\/revisions\/4230"}],"wp:featuredmedia":[{"embeddable":true,"href":"https:\/\/catholicus.eu\/pt\/wp-json\/wp\/v2\/media\/4229"}],"wp:attachment":[{"href":"https:\/\/catholicus.eu\/pt\/wp-json\/wp\/v2\/media?parent=4228"}],"wp:term":[{"taxonomy":"category","embeddable":true,"href":"https:\/\/catholicus.eu\/pt\/wp-json\/wp\/v2\/categories?post=4228"},{"taxonomy":"post_tag","embeddable":true,"href":"https:\/\/catholicus.eu\/pt\/wp-json\/wp\/v2\/tags?post=4228"}],"curies":[{"name":"wp","href":"https:\/\/api.w.org\/{rel}","templated":true}]}}