{"id":4225,"date":"2025-06-12T23:33:41","date_gmt":"2025-06-12T21:33:41","guid":{"rendered":"https:\/\/catholicus.eu\/pt\/?p=4225"},"modified":"2025-06-12T23:33:42","modified_gmt":"2025-06-12T21:33:42","slug":"o-exame-de-consciencia-tradicional-um-metodo-comprovado-para-almas-serias","status":"publish","type":"post","link":"https:\/\/catholicus.eu\/pt\/o-exame-de-consciencia-tradicional-um-metodo-comprovado-para-almas-serias\/","title":{"rendered":"O Exame de Consci\u00eancia Tradicional: Um M\u00e9todo Comprovado para Almas S\u00e9rias"},"content":{"rendered":"\n<h2 class=\"wp-block-heading\"><strong>Introdu\u00e7\u00e3o: A Necessidade de um Exame de Consci\u00eancia Profundo<\/strong><\/h2>\n\n\n\n<p>Numa \u00e9poca em que o pecado \u00e9 banalizado e a consci\u00eancia adormecida, o exame de consci\u00eancia tradicional surge como ant\u00eddoto espiritual. N\u00e3o \u00e9 uma simples &#8220;revis\u00e3o mental&#8221;, mas&nbsp;<strong>um encontro pessoal com Deus<\/strong>, onde a alma se coloca sob a luz da Verdade para ser purificada, corrigida e elevada.<\/p>\n\n\n\n<p>Os grandes mestres da vida espiritual \u2013 desde os Padres do Deserto at\u00e9 santos modernos como S\u00e3o Pio de Pietrelcina \u2013 insistiram que&nbsp;<strong>sem exame frequente e profundo, n\u00e3o h\u00e1 progresso na santidade<\/strong>.<\/p>\n\n\n\n<p>Neste guia, detalharemos&nbsp;<strong>o m\u00e9todo cl\u00e1ssico do exame de consci\u00eancia<\/strong>, passo a passo, com precis\u00e3o teol\u00f3gica e aplica\u00e7\u00e3o pr\u00e1tica para que voc\u00ea possa integr\u00e1-lo eficazmente em sua vida espiritual.<\/p>\n\n\n\n<hr class=\"wp-block-separator has-alpha-channel-opacity\"\/>\n\n\n\n<h2 class=\"wp-block-heading\"><strong>I. Prepara\u00e7\u00e3o: Disposi\u00e7\u00e3o da Alma e Ambiente<\/strong><\/h2>\n\n\n\n<h3 class=\"wp-block-heading\"><strong>1. O Lugar e o Momento<\/strong><\/h3>\n\n\n\n<ul class=\"wp-block-list\">\n<li><strong>Idealmente \u00e0 noite<\/strong>: Antes de dormir, quando os eventos do dia ainda est\u00e3o frescos na mem\u00f3ria (cf. Salmo 4:5:\u00a0<em>&#8220;Em vosso leito, refleti em vossos cora\u00e7\u00f5es e silenciai&#8221;<\/em>).<\/li>\n\n\n\n<li><strong>Local silencioso<\/strong>: Longe de telefones, televis\u00e3o e outras distra\u00e7\u00f5es.<\/li>\n\n\n\n<li><strong>Postura corporal<\/strong>: De joelhos ou sentado com rever\u00eancia (o corpo influencia a alma).<\/li>\n<\/ul>\n\n\n\n<h3 class=\"wp-block-heading\"><strong>2. Disposi\u00e7\u00e3o Interior<\/strong><\/h3>\n\n\n\n<ul class=\"wp-block-list\">\n<li><strong>Invoca\u00e7\u00e3o ao Esp\u00edrito Santo<\/strong>:<br><em>&#8220;Vinde, Esp\u00edrito Santo, iluminai minha mente para ver meus pecados como V\u00f3s os vedes,<br>tocai meu cora\u00e7\u00e3o para me arrepender sinceramente,<br>fortalecei minha vontade para me emendar.&#8221;<\/em><\/li>\n\n\n\n<li><strong>Ato de humildade<\/strong>: Reconhecer que, sem Deus, n\u00e3o podemos ver claramente nossas faltas.<\/li>\n<\/ul>\n\n\n\n<hr class=\"wp-block-separator has-alpha-channel-opacity\"\/>\n\n\n\n<h2 class=\"wp-block-heading\"><strong>II. Estrutura Detalhada do Exame Tradicional<\/strong><\/h2>\n\n\n\n<h3 class=\"wp-block-heading\"><strong>1. A\u00e7\u00e3o de Gra\u00e7as (Gratid\u00e3o pelas B\u00ean\u00e7\u00e3os do Dia)<\/strong><\/h3>\n\n\n\n<ul class=\"wp-block-list\">\n<li><strong>Por que come\u00e7ar aqui?<\/strong>\u00a0Porque todo exame aut\u00eantico nasce do reconhecimento da bondade de Deus.<\/li>\n\n\n\n<li><strong>Perguntas-guia<\/strong>:\n<ul class=\"wp-block-list\">\n<li>Que gra\u00e7as recebi hoje? (Sa\u00fade, alimento, prote\u00e7\u00e3o, encontros, etc.)<\/li>\n\n\n\n<li>Em que momentos senti a presen\u00e7a de Deus?<\/li>\n\n\n\n<li>Que oportunidades tive para fazer o bem?<\/li>\n<\/ul>\n<\/li>\n<\/ul>\n\n\n\n<p><em>Exemplo<\/em>:<br><em>&#8220;Obrigado, Senhor, pelo dom da vida, pela Eucaristia desta manh\u00e3, pela paci\u00eancia que me destes no trabalho, pelo perd\u00e3o que me concedestes ao trope\u00e7ar.&#8221;<\/em><\/p>\n\n\n\n<h3 class=\"wp-block-heading\"><strong>2. Pedido de Luz (Ilumina\u00e7\u00e3o para Ver o Pecado)<\/strong><\/h3>\n\n\n\n<ul class=\"wp-block-list\">\n<li><strong>Ora\u00e7\u00e3o principal<\/strong>:<br><em>&#8220;Senhor, mostrai-me n\u00e3o apenas meus pecados externos, mas as ra\u00edzes ocultas:<br>meu orgulho, minha pregui\u00e7a, meus afetos desordenados.<br>Que eu n\u00e3o fuja da verdade, por mais dolorosa que seja.&#8221;<\/em><\/li>\n<\/ul>\n\n\n\n<h3 class=\"wp-block-heading\"><strong>3. Exame Minucioso (Revis\u00e3o Sistem\u00e1tica)<\/strong><\/h3>\n\n\n\n<h4 class=\"wp-block-heading\"><strong>A. Exame Geral (Pecados Mortais e Veniais Graves)<\/strong><\/h4>\n\n\n\n<p>Siga o esquema cl\u00e1ssico dos&nbsp;<strong>Mandamentos, Pecados Capitais e Obras de Miseric\u00f3rdia<\/strong>.<\/p>\n\n\n\n<p><strong>1. Mandamentos de Deus<\/strong><\/p>\n\n\n\n<ul class=\"wp-block-list\">\n<li><em>1\u00ba: Amei a Deus sobre todas as coisas?<\/em>\u00a0(Indiferen\u00e7a, supersti\u00e7\u00e3o, falta de ora\u00e7\u00e3o).<\/li>\n\n\n\n<li><em>2\u00ba: Pronunciei Seu Nome em v\u00e3o?<\/em>\u00a0(Juramentos, blasf\u00eamias, promessas n\u00e3o cumpridas).<\/li>\n\n\n\n<li><em>3\u00ba: Santifiquei o Domingo?<\/em>\u00a0(Faltar \u00e0 Missa sem motivo grave, trabalhos desnecess\u00e1rios).<\/li>\n\n\n\n<li><em>4\u00ba: Honrei meus pais?<\/em>\u00a0(Rebeldia, descuido com os idosos).<\/li>\n\n\n\n<li><em>5\u00ba: Matei por a\u00e7\u00f5es, palavras ou pensamentos?<\/em>\u00a0(Ira, rancor, aborto, eutan\u00e1sia).<\/li>\n\n\n\n<li><em>6\u00ba e 9\u00ba: Ca\u00ed em impureza?<\/em>\u00a0(Pensamentos, olhares, fornica\u00e7\u00e3o, pornografia).<\/li>\n\n\n\n<li><em>7\u00ba e 10\u00ba: Roubei ou cobi\u00e7ei?<\/em>\u00a0(Fraude, inveja, gastos sup\u00e9rfluos).<\/li>\n\n\n\n<li><em>8\u00ba: Menti ou caluniei?<\/em>\u00a0(Fofocas, falsos testemunhos).<\/li>\n<\/ul>\n\n\n\n<p><strong>2. Pecados Capitais (Ra\u00edzes do Pecado)<\/strong><\/p>\n\n\n\n<ul class=\"wp-block-list\">\n<li><strong>Soberba<\/strong>: Busquei elogios? Desprezei outros?<\/li>\n\n\n\n<li><strong>Avareza<\/strong>: Apeguei-me a bens materiais? Fui mesquinho?<\/li>\n\n\n\n<li><strong>Lux\u00faria<\/strong>: Consenti pensamentos impuros?<\/li>\n\n\n\n<li><strong>Ira<\/strong>: Guardei ressentimento? Fui violento nas palavras?<\/li>\n\n\n\n<li><strong>Gula<\/strong>: Comi ou bebi sem modera\u00e7\u00e3o?<\/li>\n\n\n\n<li><strong>Inveja<\/strong>: Me doeu o bem alheio?<\/li>\n\n\n\n<li><strong>Pregui\u00e7a espiritual<\/strong>: Negligenciei a ora\u00e7\u00e3o por pregui\u00e7a?<\/li>\n<\/ul>\n\n\n\n<p><strong>3. Obras de Miseric\u00f3rdia (Omiss\u00f5es)<\/strong><\/p>\n\n\n\n<ul class=\"wp-block-list\">\n<li><em>Dei de comer a quem tinha fome?<\/em>\u00a0(Indiferen\u00e7a aos pobres).<\/li>\n\n\n\n<li><em>Corrigi quem errava?<\/em>\u00a0(Covardia em falar de Deus).<\/li>\n\n\n\n<li><em>Perdoei de cora\u00e7\u00e3o?<\/em>\u00a0(Rancor prolongado).<\/li>\n<\/ul>\n\n\n\n<h4 class=\"wp-block-heading\"><strong>B. Exame Particular (Um Defeito Dominante)<\/strong><\/h4>\n\n\n\n<ul class=\"wp-block-list\">\n<li><strong>Escolha um v\u00edcio ou defeito<\/strong>\u00a0(ex.: impaci\u00eancia, cr\u00edtica, pregui\u00e7a).<\/li>\n\n\n\n<li><strong>Analise<\/strong>:\n<ul class=\"wp-block-list\">\n<li>Em que situa\u00e7\u00f5es caio?<\/li>\n\n\n\n<li>O que o desencadeia?<\/li>\n\n\n\n<li>Qual virtude oposta devo cultivar? (Ex.: Paci\u00eancia contra a ira).<\/li>\n<\/ul>\n<\/li>\n<\/ul>\n\n\n\n<h3 class=\"wp-block-heading\"><strong>4. Dor dos Pecados (Contri\u00e7\u00e3o Perfeita e Imperfeita)<\/strong><\/h3>\n\n\n\n<ul class=\"wp-block-list\">\n<li><strong>Um simples &#8220;sinto muito&#8221; n\u00e3o basta<\/strong>:\n<ul class=\"wp-block-list\">\n<li><em>Contri\u00e7\u00e3o perfeita<\/em>: Dor por amor a Deus (prefer\u00edvel).<\/li>\n\n\n\n<li><em>Contri\u00e7\u00e3o imperfeita<\/em>: Dor por medo do inferno (v\u00e1lida).<\/li>\n<\/ul>\n<\/li>\n\n\n\n<li><strong>Ora\u00e7\u00e3o de arrependimento<\/strong>:<br><em>&#8220;Senhor, arrependo-me de todo o cora\u00e7\u00e3o de Vos ter ofendido,<br>porque sois infinitamente bom e digno de todo amor.<br>Ajudai-me a confessar-me logo e a n\u00e3o pecar mais.&#8221;<\/em><\/li>\n<\/ul>\n\n\n\n<h3 class=\"wp-block-heading\"><strong>5. Prop\u00f3sito de Emenda (Plano Concreto)<\/strong><\/h3>\n\n\n\n<ul class=\"wp-block-list\">\n<li><strong>Deve ser espec\u00edfico<\/strong>:\n<ul class=\"wp-block-list\">\n<li><em>&#8220;Amanh\u00e3 evitarei criticar meus colegas.&#8221;<\/em><\/li>\n\n\n\n<li><em>&#8220;Rezarei uma Ave-Maria quando sentir ira.&#8221;<\/em><\/li>\n<\/ul>\n<\/li>\n\n\n\n<li><strong>Evitar ocasi\u00f5es de pecado<\/strong>:\n<ul class=\"wp-block-list\">\n<li><em>&#8220;N\u00e3o visitarei aquele site que me tenta.&#8221;<\/em><\/li>\n\n\n\n<li><em>&#8220;Evitarei conversas nocivas.&#8221;<\/em><\/li>\n<\/ul>\n<\/li>\n<\/ul>\n\n\n\n<h3 class=\"wp-block-heading\"><strong>6. Ora\u00e7\u00e3o Final (Entrega a Deus)<\/strong><\/h3>\n\n\n\n<ul class=\"wp-block-list\">\n<li><strong>Oferecimento<\/strong>:<br><em>&#8220;Vos agrade\u00e7o, Senhor, por Vossa miseric\u00f3rdia.<br>Amanh\u00e3 quero amar-Vos mais.<br>Maria, minha M\u00e3e, cobri minhas fraquezas com Vosso manto.&#8221;<\/em><\/li>\n<\/ul>\n\n\n\n<hr class=\"wp-block-separator has-alpha-channel-opacity\"\/>\n\n\n\n<h2 class=\"wp-block-heading\"><strong>III. Erros Comuns e Como Evit\u00e1-los<\/strong><\/h2>\n\n\n\n<ol start=\"1\" class=\"wp-block-list\">\n<li><strong>Exame superficial<\/strong>: Lembrar apenas pecados graves.\n<ul class=\"wp-block-list\">\n<li><em>Solu\u00e7\u00e3o<\/em>: Aprofundar inten\u00e7\u00f5es e omiss\u00f5es.<\/li>\n<\/ul>\n<\/li>\n\n\n\n<li><strong>Escr\u00fapulos<\/strong>: Ang\u00fastia por pecados imagin\u00e1rios.\n<ul class=\"wp-block-list\">\n<li><em>Solu\u00e7\u00e3o<\/em>: Confiar na miseric\u00f3rdia de Deus e buscar dire\u00e7\u00e3o espiritual.<\/li>\n<\/ul>\n<\/li>\n\n\n\n<li><strong>Falta de const\u00e2ncia<\/strong>: Abandonar por cansa\u00e7o.\n<ul class=\"wp-block-list\">\n<li><em>Solu\u00e7\u00e3o<\/em>: Come\u00e7ar com 5 minutos e aumentar gradualmente.<\/li>\n<\/ul>\n<\/li>\n<\/ol>\n\n\n\n<hr class=\"wp-block-separator has-alpha-channel-opacity\"\/>\n\n\n\n<h2 class=\"wp-block-heading\"><strong>Conclus\u00e3o: Um Caminho de Liberta\u00e7\u00e3o<\/strong><\/h2>\n\n\n\n<p>O exame de consci\u00eancia tradicional n\u00e3o \u00e9 um fardo, mas&nbsp;<strong>um ato de amor e liberdade<\/strong>. Como dizia Santo Agostinho:<\/p>\n\n\n\n<p><em>&#8220;Conhece-te a ti mesmo, aceita-te, supera-te.&#8221;<\/em><\/p>\n\n\n\n<p>Se praticado com fidelidade,&nbsp;<strong>descobrir\u00e1s que tua alma se purifica, tua paz interior cresce e teu amor a Deus se fortalece<\/strong>.<\/p>\n\n\n\n<p><strong>Come\u00e7ar\u00e1s hoje?<\/strong><\/p>\n\n\n\n<hr class=\"wp-block-separator has-alpha-channel-opacity\"\/>\n\n\n\n<p><strong>Ora\u00e7\u00e3o Final<\/strong><br><em>&#8220;Jesus, meu bom Mestre,<br>fazei que meu exame di\u00e1rio n\u00e3o seja um ritual,<br>mas um encontro vivo convosco.<br>Que cada noite me aproxime mais de V\u00f3s.<br>Am\u00e9m.&#8221;<\/em><\/p>\n\n\n\n<p><strong>Este guia foi \u00fatil para voc\u00ea?<\/strong>&nbsp;Compartilhe-o com quem precisa de orienta\u00e7\u00e3o espiritual.&nbsp;<strong>Que Deus aben\u00e7oe seu caminho para a santidade!<\/strong><\/p>\n","protected":false},"excerpt":{"rendered":"<p>Introdu\u00e7\u00e3o: A Necessidade de um Exame de Consci\u00eancia Profundo Numa \u00e9poca em que o pecado \u00e9 banalizado e a consci\u00eancia adormecida, o exame de consci\u00eancia tradicional surge como ant\u00eddoto espiritual. N\u00e3o \u00e9 uma simples &#8220;revis\u00e3o mental&#8221;, mas&nbsp;um encontro pessoal com Deus, onde a alma se coloca sob a luz da Verdade para ser purificada, corrigida &hellip;<\/p>\n","protected":false},"author":3,"featured_media":4226,"comment_status":"open","ping_status":"open","sticky":false,"template":"","format":"standard","meta":{"_seopress_robots_primary_cat":"","_seopress_titles_title":"","_seopress_titles_desc":"","_seopress_robots_index":"","footnotes":""},"categories":[43,37],"tags":[760],"class_list":["post-4225","post","type-post","status-publish","format-standard","has-post-thumbnail","","category-catecismo-da-igreja-catolica","category-doutrina-e-fe","tag-exame-de-consciencia"],"_links":{"self":[{"href":"https:\/\/catholicus.eu\/pt\/wp-json\/wp\/v2\/posts\/4225","targetHints":{"allow":["GET"]}}],"collection":[{"href":"https:\/\/catholicus.eu\/pt\/wp-json\/wp\/v2\/posts"}],"about":[{"href":"https:\/\/catholicus.eu\/pt\/wp-json\/wp\/v2\/types\/post"}],"author":[{"embeddable":true,"href":"https:\/\/catholicus.eu\/pt\/wp-json\/wp\/v2\/users\/3"}],"replies":[{"embeddable":true,"href":"https:\/\/catholicus.eu\/pt\/wp-json\/wp\/v2\/comments?post=4225"}],"version-history":[{"count":1,"href":"https:\/\/catholicus.eu\/pt\/wp-json\/wp\/v2\/posts\/4225\/revisions"}],"predecessor-version":[{"id":4227,"href":"https:\/\/catholicus.eu\/pt\/wp-json\/wp\/v2\/posts\/4225\/revisions\/4227"}],"wp:featuredmedia":[{"embeddable":true,"href":"https:\/\/catholicus.eu\/pt\/wp-json\/wp\/v2\/media\/4226"}],"wp:attachment":[{"href":"https:\/\/catholicus.eu\/pt\/wp-json\/wp\/v2\/media?parent=4225"}],"wp:term":[{"taxonomy":"category","embeddable":true,"href":"https:\/\/catholicus.eu\/pt\/wp-json\/wp\/v2\/categories?post=4225"},{"taxonomy":"post_tag","embeddable":true,"href":"https:\/\/catholicus.eu\/pt\/wp-json\/wp\/v2\/tags?post=4225"}],"curies":[{"name":"wp","href":"https:\/\/api.w.org\/{rel}","templated":true}]}}