{"id":4219,"date":"2025-06-12T22:27:11","date_gmt":"2025-06-12T20:27:11","guid":{"rendered":"https:\/\/catholicus.eu\/pt\/?p=4219"},"modified":"2025-06-12T22:27:11","modified_gmt":"2025-06-12T20:27:11","slug":"a-via-estreita-o-caminho-esquecido-da-santidade-em-tempos-de-relativismo","status":"publish","type":"post","link":"https:\/\/catholicus.eu\/pt\/a-via-estreita-o-caminho-esquecido-da-santidade-em-tempos-de-relativismo\/","title":{"rendered":"A Via Estreita: O Caminho Esquecido da Santidade em Tempos de Relativismo"},"content":{"rendered":"\n<p><em>Um guia espiritual profundo e atual para redescobrir o verdadeiro seguimento de Cristo<\/em><\/p>\n\n\n\n<hr class=\"wp-block-separator has-alpha-channel-opacity\"\/>\n\n\n\n<h3 class=\"wp-block-heading\">Introdu\u00e7\u00e3o: O eco esquecido de uma advert\u00eancia eterna<\/h3>\n\n\n\n<p>\u00abEntrai pela porta estreita! Pois larga \u00e9 a porta e espa\u00e7oso o caminho que leva \u00e0 perdi\u00e7\u00e3o, e muitos s\u00e3o os que entram por ela. Como \u00e9 estreita a porta e apertado o caminho que leva \u00e0 vida, e poucos s\u00e3o os que a encontram!\u00bb (Mt 7,13\u201314)<\/p>\n\n\n\n<p>Estas palavras do Senhor, que ressoam com for\u00e7a no Serm\u00e3o da Montanha, hoje mal s\u00e3o um sussurro no meio do barulho do relativismo moral, da cultura do conforto e do medo do sacrif\u00edcio. A \u201cvia estreita\u201d, esse caminho \u00e1rduo mas glorioso rumo \u00e0 santidade, parece ter desaparecido do mapa espiritual do homem moderno. O que aconteceu com o ardente desejo dos santos de viver para Deus e morrer para si mesmos? Por que trocamos a cruz pelo conforto, o Evangelho pelo desenvolvimento pessoal, a verdade por uma toler\u00e2ncia sem limites?<\/p>\n\n\n\n<p>Este artigo \u00e9 um despertador. Um convite para redescobrir, com profundidade teol\u00f3gica e clareza pastoral, a via estreita que Cristo n\u00e3o nos apresentou como uma das op\u00e7\u00f5es, mas como o \u00fanico caminho para a vida eterna.<\/p>\n\n\n\n<hr class=\"wp-block-separator has-alpha-channel-opacity\"\/>\n\n\n\n<h3 class=\"wp-block-heading\">I. A Via Estreita na Revela\u00e7\u00e3o: Um caminho sempre presente<\/h3>\n\n\n\n<p>J\u00e1 no Antigo Testamento, Deus apresenta ao seu povo uma escolha fundamental: \u00abV\u00ea, hoje ponho diante de ti a vida e o bem, a morte e o mal. [&#8230;] Escolhe, pois, a vida.\u00bb (Dt 30,15.19). Esta escolha n\u00e3o \u00e9 apenas \u00e9tica, mas existencial: viver com Deus ou contra Ele. Segui-Lo implica obedi\u00eancia, ren\u00fancia, fidelidade. N\u00e3o \u00e9 o caminho das massas, mas o dos fi\u00e9is.<\/p>\n\n\n\n<p>Com a plenitude da Revela\u00e7\u00e3o em Jesus Cristo, essa escolha torna-se concreta e radical. Jesus n\u00e3o esconde as condi\u00e7\u00f5es do verdadeiro seguimento: \u00abSe algu\u00e9m quer vir ap\u00f3s mim, renuncie a si mesmo, tome a sua cruz cada dia e siga-me.\u00bb (Mt 16,24; Lc 9,23). O caminho do Reino n\u00e3o \u00e9 largo nem confort\u00e1vel; \u00e9 estreito e \u00edngreme, cheio de provas, persegui\u00e7\u00f5es e purifica\u00e7\u00f5es. E, no entanto, \u00e9 o \u00fanico que conduz \u00e0 verdadeira alegria, \u00e0 liberdade interior e \u00e0 vida eterna.<\/p>\n\n\n\n<p>A \u201cvia estreita\u201d n\u00e3o \u00e9 uma imagem isolada: ela percorre todo o ensinamento de Jesus. \u00c9 a radicalidade do Evangelho contra a mediocridade do mundo. \u00c9 o caminho dos santos, n\u00e3o dos mornos. \u00c9 o caminho do C\u00e9u, sempre contr\u00e1rio \u00e0 inclina\u00e7\u00e3o suave da perdi\u00e7\u00e3o.<\/p>\n\n\n\n<hr class=\"wp-block-separator has-alpha-channel-opacity\"\/>\n\n\n\n<h3 class=\"wp-block-heading\">II. O Relativismo: O asfalto liso da via larga<\/h3>\n\n\n\n<p>O grande problema do nosso tempo n\u00e3o \u00e9 tanto o pecado \u2013 que sempre existiu \u2013, mas a recusa em reconhec\u00ea-lo como tal. N\u00e3o \u00e9 tanto o erro, mas a glorifica\u00e7\u00e3o do erro como \u201cverdade alternativa\u201d. O Papa Bento XVI afirmou com clareza prof\u00e9tica: o relativismo \u00e9 \u00aba maior amea\u00e7a \u00e0 f\u00e9 do nosso tempo\u00bb. O relativismo nega que exista uma verdade objetiva, um bem universal, um caminho certo. Tudo \u00e9 relativo, tudo depende, tudo \u00e9 discut\u00edvel.<\/p>\n\n\n\n<p>Neste contexto, a via estreita torna-se um esc\u00e2ndalo. O mundo a julga intolerante, fan\u00e1tica, retr\u00f3grada. Quem ousa ainda hoje afirmar que h\u00e1 um \u00fanico caminho para a salva\u00e7\u00e3o? Quem tem coragem de dizer que \u00e9 preciso renunciar a certas pr\u00e1ticas, prazeres ou ideologias para ser verdadeiramente crist\u00e3o?<\/p>\n\n\n\n<p>O relativismo torna a porta estreita sup\u00e9rflua. Abrem-se portas largas em nome da inclus\u00e3o, mas que n\u00e3o conduzem \u00e0 vida. Pregam-se uma miseric\u00f3rdia sem convers\u00e3o, uma f\u00e9 sem cruz, um cristianismo sem Cristo crucificado. Assim, a pr\u00f3pria ess\u00eancia do Evangelho \u00e9 desfigurada.<\/p>\n\n\n\n<hr class=\"wp-block-separator has-alpha-channel-opacity\"\/>\n\n\n\n<h3 class=\"wp-block-heading\">III. A Via Estreita na Tradi\u00e7\u00e3o: O caminho dos santos<\/h3>\n\n\n\n<p>Ao longo dos s\u00e9culos, os santos percorreram a via estreita como um caminho luminoso, embora cheio de espinhos. S\u00e3o Francisco de Assis abra\u00e7ou-a na pobreza radical. Santa Teresa d\u2019\u00c1vila viveu-a atrav\u00e9s das noites da alma. O Santo Cura d\u2019Ars encarnou-a na penit\u00eancia asc\u00e9tica. S\u00e3o Maximiliano Kolbe levou-a ao fim, oferecendo a vida por outro.<\/p>\n\n\n\n<p>O que tinham em comum? N\u00e3o eram perfeitos, mas eram fi\u00e9is. N\u00e3o escolhiam o que era c\u00f4modo, mas o que era verdadeiro. N\u00e3o buscavam popularidade, mas agradar a Deus. Viviam com um \u00fanico desejo: \u00abSede perfeitos como o vosso Pai celeste \u00e9 perfeito.\u00bb (Mt 5,48)<\/p>\n\n\n\n<p>O <em>Catecismo da Igreja Cat\u00f3lica<\/em> recorda-nos que o caminho crist\u00e3o n\u00e3o \u00e9 indolor: \u00abO caminho da perfei\u00e7\u00e3o passa pela cruz. N\u00e3o h\u00e1 santidade sem ren\u00fancia e sem combate espiritual.\u00bb (CIC 2015). E antes ainda: \u00abA voca\u00e7\u00e3o \u00e0 santidade \u00e9 um apelo \u00e0 plenitude da vida crist\u00e3 e \u00e0 perfei\u00e7\u00e3o da caridade.\u00bb (CIC 2013)<\/p>\n\n\n\n<hr class=\"wp-block-separator has-alpha-channel-opacity\"\/>\n\n\n\n<h3 class=\"wp-block-heading\">IV. Aplica\u00e7\u00f5es pr\u00e1ticas: Como trilhar hoje a via estreita<\/h3>\n\n\n\n<p>O mundo moderno empurra para a via larga. Como resistir a essa press\u00e3o? Como percorrer a via estreita sem cair no legalismo ou no fanatismo? Eis algumas chaves teol\u00f3gicas e pastorais:<\/p>\n\n\n\n<h4 class=\"wp-block-heading\">1. <strong>Formar a consci\u00eancia \u00e0 luz da verdade revelada<\/strong><\/h4>\n\n\n\n<p>O relativismo come\u00e7a quando a consci\u00eancia j\u00e1 n\u00e3o \u00e9 iluminada pela Palavra de Deus. Estudar o <em>Catecismo<\/em>, meditar a Escritura, formar-se na f\u00e9 s\u00e3o os primeiros passos para distinguir a porta estreita das ilus\u00f5es.<\/p>\n\n\n\n<h4 class=\"wp-block-heading\">2. <strong>Redescobrir o valor do sacrif\u00edcio<\/strong><\/h4>\n\n\n\n<p>A cruz n\u00e3o \u00e9 um acidente de percurso: \u00e9 parte integrante. Oferecer o sofrimento, fazer penit\u00eancia, viver com sobriedade, evitar a idolatria do prazer: tudo isso purifica a alma e fortalece o esp\u00edrito.<\/p>\n\n\n\n<h4 class=\"wp-block-heading\">3. <strong>Viver os sacramentos com fidelidade e rever\u00eancia<\/strong><\/h4>\n\n\n\n<p>Sobretudo a Eucaristia e a Confiss\u00e3o s\u00e3o o alimento e o rem\u00e9dio ao longo do caminho. Sem gra\u00e7a n\u00e3o h\u00e1 santidade, sem sacramentos n\u00e3o h\u00e1 gra\u00e7a \u2013 \u00e9 preciso viv\u00ea-los com f\u00e9 e fervor.<\/p>\n\n\n\n<h4 class=\"wp-block-heading\">4. <strong>Escolher o caminho dif\u00edcil por amor a Cristo<\/strong><\/h4>\n\n\n\n<p>Cada dia traz pequenos cruzamentos: escolho o que \u00e9 c\u00f4modo ou o que \u00e9 justo? O que me agrada ou o que me edifica? O que todos fazem ou o que Deus quer? A santidade nasce de pequenos \u201csim\u201d di\u00e1rios a Deus.<\/p>\n\n\n\n<h4 class=\"wp-block-heading\">5. <strong>Buscar acompanhamento espiritual e vida comunit\u00e1ria<\/strong><\/h4>\n\n\n\n<p>N\u00e3o se caminha sozinho. A ajuda de um confessor, de um diretor espiritual ou de uma comunidade fiel \u00e0 Tradi\u00e7\u00e3o pode sustentar nos momentos de cansa\u00e7o e prevenir os desvios.<\/p>\n\n\n\n<h4 class=\"wp-block-heading\">6. <strong>Aceitar que a santidade custa \u2013 mas vale mais do que tudo<\/strong><\/h4>\n\n\n\n<p>O mundo oferece mil caminhos sem cruz, mas sem vida. Cristo oferece um caminho com a cruz \u2013 mas com a ressurrei\u00e7\u00e3o. Como disse S\u00e3o Pedro: \u00abSenhor, a quem iremos? Tu tens palavras de vida eterna.\u00bb (Jo 6,68)<\/p>\n\n\n\n<hr class=\"wp-block-separator has-alpha-channel-opacity\"\/>\n\n\n\n<h3 class=\"wp-block-heading\">V. A Via Estreita n\u00e3o \u00e9 para uma elite \u2013 \u00e9 para quem ama de verdade<\/h3>\n\n\n\n<p>Alguns temem que falar da via estreita \u201cassuste\u201d ou gere sentimentos de culpa. Mas a verdade \u00e9 o contr\u00e1rio. A via estreita n\u00e3o \u00e9 para uma elite. N\u00e3o \u00e9 s\u00f3 para \u201csuper-her\u00f3is espirituais\u201d. \u00c9 para quem ama. Para quem entendeu que \u00e9 melhor perder tudo do que perder Deus. Para quem sabe que o verdadeiro amor exige doa\u00e7\u00e3o \u2013 e a doa\u00e7\u00e3o, ren\u00fancia.<\/p>\n\n\n\n<p>A santidade n\u00e3o \u00e9 para poucos: \u00e9 a voca\u00e7\u00e3o universal de todo batizado. Mas \u00e9 preciso desej\u00e1-la, busc\u00e1-la, conquist\u00e1-la. Como dizia Santa Teresa dos Andes: \u00abDeus quer que eu seja santa, e eu quero o que Ele quer.\u00bb<\/p>\n\n\n\n<hr class=\"wp-block-separator has-alpha-channel-opacity\"\/>\n\n\n\n<h3 class=\"wp-block-heading\">Conclus\u00e3o: Voc\u00ea tem coragem de entrar pela porta estreita?<\/h3>\n\n\n\n<p>Vivemos em tempos confusos, nos quais se chama bem ao mal e mal ao bem (cf. Is 5,20). Onde tudo \u00e9 opin\u00e1vel, tudo se adapta, tudo se relativiza. Mas o Evangelho n\u00e3o mudou. Cristo ainda espera por quem tenha coragem de am\u00e1-Lo com todo o cora\u00e7\u00e3o \u2013 por aquele caminho dif\u00edcil, mas seguro. A via estreita n\u00e3o desapareceu \u2013 est\u00e1 apenas coberta de poeira. E precisa de peregrinos corajosos que a redescubram.<\/p>\n\n\n\n<p>Voc\u00ea ser\u00e1 um deles?<\/p>\n\n\n\n<hr class=\"wp-block-separator has-alpha-channel-opacity\"\/>\n\n\n\n<h3 class=\"wp-block-heading\">Ora\u00e7\u00e3o final<\/h3>\n\n\n\n<blockquote class=\"wp-block-quote is-layout-flow wp-block-quote-is-layout-flow\">\n<p>Senhor Jesus, Tu \u00e9s o Caminho, a Verdade e a Vida.<br>Ensina-nos a entrar pela porta estreita.<br>D\u00e1-nos for\u00e7a para renunciar ao pecado, fidelidade para Te seguir a cada dia,<br>e amor ardente para abra\u00e7ar a cruz.<br>Que n\u00e3o busquemos o f\u00e1cil, mas o eterno.<br>Que n\u00e3o temamos o que exige, mas o que nos separa de Ti.<br>Maria, Rainha dos Santos, guia-nos pela via estreita at\u00e9 Teu Filho.<br>Am\u00e9m.<\/p>\n<\/blockquote>\n","protected":false},"excerpt":{"rendered":"<p>Um guia espiritual profundo e atual para redescobrir o verdadeiro seguimento de Cristo Introdu\u00e7\u00e3o: O eco esquecido de uma advert\u00eancia eterna \u00abEntrai pela porta estreita! Pois larga \u00e9 a porta e espa\u00e7oso o caminho que leva \u00e0 perdi\u00e7\u00e3o, e muitos s\u00e3o os que entram por ela. Como \u00e9 estreita a porta e apertado o caminho &hellip;<\/p>\n","protected":false},"author":3,"featured_media":4220,"comment_status":"open","ping_status":"open","sticky":false,"template":"","format":"standard","meta":{"_seopress_robots_primary_cat":"","_seopress_titles_title":"","_seopress_titles_desc":"","_seopress_robots_index":"","footnotes":""},"categories":[40,58],"tags":[1517],"class_list":["post-4219","post","type-post","status-publish","format-standard","has-post-thumbnail","","category-oracao-e-espiritualidade","category-oracao-e-vida-espiritual","tag-via-estreita"],"_links":{"self":[{"href":"https:\/\/catholicus.eu\/pt\/wp-json\/wp\/v2\/posts\/4219","targetHints":{"allow":["GET"]}}],"collection":[{"href":"https:\/\/catholicus.eu\/pt\/wp-json\/wp\/v2\/posts"}],"about":[{"href":"https:\/\/catholicus.eu\/pt\/wp-json\/wp\/v2\/types\/post"}],"author":[{"embeddable":true,"href":"https:\/\/catholicus.eu\/pt\/wp-json\/wp\/v2\/users\/3"}],"replies":[{"embeddable":true,"href":"https:\/\/catholicus.eu\/pt\/wp-json\/wp\/v2\/comments?post=4219"}],"version-history":[{"count":1,"href":"https:\/\/catholicus.eu\/pt\/wp-json\/wp\/v2\/posts\/4219\/revisions"}],"predecessor-version":[{"id":4221,"href":"https:\/\/catholicus.eu\/pt\/wp-json\/wp\/v2\/posts\/4219\/revisions\/4221"}],"wp:featuredmedia":[{"embeddable":true,"href":"https:\/\/catholicus.eu\/pt\/wp-json\/wp\/v2\/media\/4220"}],"wp:attachment":[{"href":"https:\/\/catholicus.eu\/pt\/wp-json\/wp\/v2\/media?parent=4219"}],"wp:term":[{"taxonomy":"category","embeddable":true,"href":"https:\/\/catholicus.eu\/pt\/wp-json\/wp\/v2\/categories?post=4219"},{"taxonomy":"post_tag","embeddable":true,"href":"https:\/\/catholicus.eu\/pt\/wp-json\/wp\/v2\/tags?post=4219"}],"curies":[{"name":"wp","href":"https:\/\/api.w.org\/{rel}","templated":true}]}}