{"id":4216,"date":"2025-06-12T22:03:15","date_gmt":"2025-06-12T20:03:15","guid":{"rendered":"https:\/\/catholicus.eu\/pt\/?p=4216"},"modified":"2025-06-12T22:03:15","modified_gmt":"2025-06-12T20:03:15","slug":"quando-a-escritura-se-torna-o-espelho-do-ego-a-eisegese-o-veneno-que-deforma-a-palavra-de-deus","status":"publish","type":"post","link":"https:\/\/catholicus.eu\/pt\/quando-a-escritura-se-torna-o-espelho-do-ego-a-eisegese-o-veneno-que-deforma-a-palavra-de-deus\/","title":{"rendered":"Quando a Escritura se torna o espelho do ego: a Eisegese \u2013 o veneno que deforma a Palavra de Deus"},"content":{"rendered":"\n<h4 class=\"wp-block-heading\"><strong>Introdu\u00e7\u00e3o: A quem voc\u00ea est\u00e1 realmente ouvindo quando l\u00ea a B\u00edblia?<\/strong><\/h4>\n\n\n\n<p>Vivemos numa \u00e9poca em que n\u00e3o faltam informa\u00e7\u00f5es, mas h\u00e1 escassez de forma\u00e7\u00e3o aut\u00eantica. Nunca foi t\u00e3o f\u00e1cil acessar a B\u00edblia: impressa, em aplicativos, nas redes sociais, com v\u00eddeos explicativos&#8230; No entanto, nunca foi t\u00e3o f\u00e1cil <strong>entend\u00ea-la mal<\/strong>. Por qu\u00ea? Porque muitas vezes n\u00e3o deixamos que a Palavra de Deus <strong>nos fale<\/strong>, mas somos n\u00f3s que <strong>dizemos a ela o que queremos que diga<\/strong>. Esse fen\u00f4meno chama-se <strong>eisegese<\/strong>. \u00c9 sutil, perigoso e muito mais comum do que parece. Est\u00e1 presente tanto nas teologias protestantes quanto em certos ambientes modernos do catolicismo. Neste artigo, vamos explorar a origem, os perigos espirituais e o ant\u00eddoto para essa deforma\u00e7\u00e3o, e descobrir como nos proteger com sabedoria, f\u00e9 e fidelidade \u00e0 Tradi\u00e7\u00e3o.<\/p>\n\n\n\n<hr class=\"wp-block-separator has-alpha-channel-opacity\"\/>\n\n\n\n<h3 class=\"wp-block-heading\"><strong>I. O que \u00e9 eisegese? Defini\u00e7\u00e3o e origem do termo<\/strong><\/h3>\n\n\n\n<p>A palavra <em>eisegese<\/em> vem do grego \u03b5\u1f30\u03c2 (<em>eis<\/em>, \u201cdentro\u201d) e \u1f21\u03b3\u03b5\u1fd6\u03c3\u03b8\u03b1\u03b9 (<em>hegesthai<\/em>, \u201cconduzir\u201d), e significa literalmente \u201cconduzir para dentro\u201d. Indica <strong>o ato de inserir ideias, emo\u00e7\u00f5es, ideologias ou convic\u00e7\u00f5es pessoais no texto b\u00edblico<\/strong>, mesmo que estas n\u00e3o estejam presentes ali.<\/p>\n\n\n\n<p>\u00c9 o oposto da <strong>exegese<\/strong>, que consiste em extrair o verdadeiro significado do texto, \u00e0 luz do seu contexto hist\u00f3rico, liter\u00e1rio, lingu\u00edstico e teol\u00f3gico.<\/p>\n\n\n\n<p>A eisegese <strong>n\u00e3o escuta Deus<\/strong>, mas <strong>o pr\u00f3prio ego<\/strong>, encontrando no texto b\u00edblico uma confirma\u00e7\u00e3o das pr\u00f3prias ideias. \u00c9 um ato de soberba espiritual \u2014 muitas vezes inconsciente \u2014 que transforma a Escritura num espelho do pr\u00f3prio eu.<\/p>\n\n\n\n<hr class=\"wp-block-separator has-alpha-channel-opacity\"\/>\n\n\n\n<h3 class=\"wp-block-heading\"><strong>II. Uma hist\u00f3ria de deforma\u00e7\u00f5es: a eisegese ao longo dos s\u00e9culos<\/strong><\/h3>\n\n\n\n<p>Desde os primeiros s\u00e9culos, os Padres e Doutores da Igreja combateram interpreta\u00e7\u00f5es arbitr\u00e1rias e subjetivas das Escrituras:<\/p>\n\n\n\n<ul class=\"wp-block-list\">\n<li><strong>Os gn\u00f3sticos<\/strong>, por exemplo, liam o Antigo Testamento em chave esot\u00e9rica, negando a encarna\u00e7\u00e3o de Cristo e a bondade da cria\u00e7\u00e3o.<\/li>\n\n\n\n<li><strong>\u00c1rio<\/strong> manipulava certos vers\u00edculos para negar a divindade do Verbo.<\/li>\n\n\n\n<li><strong>Os reformadores protestantes do s\u00e9culo XVI<\/strong>, como Lutero e Calvino, elevaram a interpreta\u00e7\u00e3o pessoal acima do Magist\u00e9rio da Igreja \u2014 abrindo assim a porta ao subjetivismo.<\/li>\n<\/ul>\n\n\n\n<p>O pr\u00f3prio Lutero afirmava:<\/p>\n\n\n\n<blockquote class=\"wp-block-quote is-layout-flow wp-block-quote-is-layout-flow\">\n<p><em>\u201cA Escritura se interpreta a si mesma.\u201d<\/em><br>Mas a hist\u00f3ria mostra o contr\u00e1rio: essa posi\u00e7\u00e3o levou <strong>n\u00e3o \u00e0 unidade<\/strong>, mas a <strong>mais de 45.000 denomina\u00e7\u00f5es crist\u00e3s<\/strong> \u2014 cada uma com sua leitura pessoal da B\u00edblia.<\/p>\n<\/blockquote>\n\n\n\n<p>A eisegese <strong>destr\u00f3i a comunh\u00e3o eclesial<\/strong>, gera heresias e coloca o indiv\u00edduo acima da Revela\u00e7\u00e3o.<\/p>\n\n\n\n<hr class=\"wp-block-separator has-alpha-channel-opacity\"\/>\n\n\n\n<h3 class=\"wp-block-heading\"><strong>III. Perigos teol\u00f3gicos e pastorais da eisegese<\/strong><\/h3>\n\n\n\n<h4 class=\"wp-block-heading\"><strong>1. Substitui a Palavra de Deus pela palavra do homem<\/strong><\/h4>\n\n\n\n<p>Quem interpreta a Escritura segundo suas emo\u00e7\u00f5es ou ideologias <strong>n\u00e3o deixa Deus falar<\/strong>, mas imp\u00f5e suas pr\u00f3prias ideias. A B\u00edblia torna-se, assim, um espelho espiritual do ego.<\/p>\n\n\n\n<h4 class=\"wp-block-heading\"><strong>2. Justifica o pecado<\/strong><\/h4>\n\n\n\n<p>Um dos perigos mais graves \u00e9 usar vers\u00edculos fora do contexto para <strong>justificar comportamentos pecaminosos<\/strong>. Alguns exemplos atuais:<\/p>\n\n\n\n<ul class=\"wp-block-list\">\n<li>\u201cDeus \u00e9 amor\u201d (1 Jo 4,8) \u00e9 usado para aprovar rela\u00e7\u00f5es contr\u00e1rias \u00e0 lei natural e divina.<\/li>\n\n\n\n<li>\u201cN\u00e3o julgueis, para que n\u00e3o sejais julgados\u201d (Mt 7,1) torna-se pretexto para <strong>n\u00e3o denunciar o pecado<\/strong>.<\/li>\n\n\n\n<li>\u201cCristo nos libertou\u201d (Gl 5,1) \u00e9 invocado para pregar uma liberdade sem obedi\u00eancia, sem cruz e sem convers\u00e3o.<\/li>\n<\/ul>\n\n\n\n<h4 class=\"wp-block-heading\"><strong>3. Destr\u00f3i a unidade da f\u00e9<\/strong><\/h4>\n\n\n\n<p>Sem a autoridade do Magist\u00e9rio, cada crist\u00e3o torna-se <strong>seu pr\u00f3prio papa, seu pr\u00f3prio conc\u00edlio, sua pr\u00f3pria religi\u00e3o<\/strong>. Isso resulta em confus\u00e3o, desagrega\u00e7\u00e3o e relativismo.<\/p>\n\n\n\n<h4 class=\"wp-block-heading\"><strong>4. Alimenta o relativismo<\/strong><\/h4>\n\n\n\n<p>Em vez de buscar a verdade objetiva da f\u00e9, a eisegese promove uma \u201cespiritualidade \u00e0 la carte\u201d, onde cada um escolhe apenas o que gosta, ignorando o que exige convers\u00e3o. A B\u00edblia \u00e9 reduzida a <strong>uma cole\u00e7\u00e3o de frases inspiradoras<\/strong>.<\/p>\n\n\n\n<hr class=\"wp-block-separator has-alpha-channel-opacity\"\/>\n\n\n\n<h3 class=\"wp-block-heading\"><strong>IV. A resposta da Igreja: uma exegese cat\u00f3lica fiel \u00e0 Tradi\u00e7\u00e3o<\/strong><\/h3>\n\n\n\n<p>A Igreja sempre ensinou que a Sagrada Escritura <strong>n\u00e3o pode ser interpretada separadamente da Tradi\u00e7\u00e3o e do Magist\u00e9rio<\/strong>. S\u00e3o Pedro j\u00e1 alertava no primeiro s\u00e9culo:<\/p>\n\n\n\n<blockquote class=\"wp-block-quote is-layout-flow wp-block-quote-is-layout-flow\">\n<p><em>\u201cNenhuma profecia da Escritura \u00e9 de interpreta\u00e7\u00e3o pessoal.\u201d<\/em> (2 Pe 1,20)<\/p>\n<\/blockquote>\n\n\n\n<p>E S\u00e3o Jer\u00f4nimo, tradutor da Vulgata, dizia:<\/p>\n\n\n\n<blockquote class=\"wp-block-quote is-layout-flow wp-block-quote-is-layout-flow\">\n<p><em>\u201cA ignor\u00e2ncia das Escrituras \u00e9 ignor\u00e2ncia de Cristo\u201d<\/em>,<br>mas acrescentava que a Escritura deve ser <strong>lida em comunh\u00e3o com a Igreja<\/strong>, pois s\u00f3 a\u00ed h\u00e1 garantia da verdade.<\/p>\n<\/blockquote>\n\n\n\n<h4 class=\"wp-block-heading\"><strong>Como a Igreja interpreta a Escritura?<\/strong><\/h4>\n\n\n\n<ul class=\"wp-block-list\">\n<li><strong>Com o m\u00e9todo hist\u00f3rico-cr\u00edtico<\/strong>, mas sem reducionismos racionalistas.<\/li>\n\n\n\n<li><strong>\u00c0 luz da Tradi\u00e7\u00e3o<\/strong>, que \u00e9 a a\u00e7\u00e3o viva do Esp\u00edrito Santo na Igreja.<\/li>\n\n\n\n<li><strong>Com o Magist\u00e9rio<\/strong>, que garante a fidelidade \u00e0 doutrina.<\/li>\n\n\n\n<li><strong>Na ora\u00e7\u00e3o e na humildade<\/strong>, para n\u00e3o for\u00e7ar o texto aos pr\u00f3prios desejos.<\/li>\n<\/ul>\n\n\n\n<hr class=\"wp-block-separator has-alpha-channel-opacity\"\/>\n\n\n\n<h3 class=\"wp-block-heading\"><strong>V. Aplica\u00e7\u00e3o pr\u00e1tica: como evitar a eisegese hoje?<\/strong><\/h3>\n\n\n\n<h4 class=\"wp-block-heading\"><strong>1. Ler a B\u00edblia com humildade, n\u00e3o com preconceitos<\/strong><\/h4>\n\n\n\n<p>Invoque o Esp\u00edrito Santo antes de ler, pedindo que <strong>te fa\u00e7a ouvir o que Deus quer dizer<\/strong>, n\u00e3o o que voc\u00ea quer encontrar.<\/p>\n\n\n\n<h4 class=\"wp-block-heading\"><strong>2. Apoiar-se em bons coment\u00e1rios e no Magist\u00e9rio<\/strong><\/h4>\n\n\n\n<p>A leitura pessoal \u00e9 importante, mas n\u00e3o suficiente. Use fontes confi\u00e1veis e ortodoxas: Padres da Igreja, Doutores, o Catecismo, homilias papais, autores cat\u00f3licos fi\u00e9is.<\/p>\n\n\n\n<h4 class=\"wp-block-heading\"><strong>3. Evitar o \u201cversetismo\u201d<\/strong><\/h4>\n\n\n\n<p>N\u00e3o se deve extrair vers\u00edculos isolados fora de contexto para construir teologias de calend\u00e1rio. A B\u00edblia deve ser lida <strong>em seu conjunto<\/strong>, como uma revela\u00e7\u00e3o coerente.<\/p>\n\n\n\n<h4 class=\"wp-block-heading\"><strong>4. Participar de grupos b\u00edblicos s\u00e3os<\/strong><\/h4>\n\n\n\n<p>Nem todo \u201cgrupo de ora\u00e7\u00e3o\u201d ou \u201cgrupo b\u00edblico\u201d \u00e9 seguro. Frequente apenas os que est\u00e3o firmemente ancorados na doutrina cat\u00f3lica.<\/p>\n\n\n\n<h4 class=\"wp-block-heading\"><strong>5. Viver uma vida sacramental<\/strong><\/h4>\n\n\n\n<p>Somente um cora\u00e7\u00e3o purificado pode acolher a Palavra. Os sacramentos \u2014 especialmente a Eucaristia e a Confiss\u00e3o \u2014 nos tornam capazes de receber o Verbo com fidelidade.<\/p>\n\n\n\n<hr class=\"wp-block-separator has-alpha-channel-opacity\"\/>\n\n\n\n<h3 class=\"wp-block-heading\"><strong>VI. E os protestantes? O fruto amargo da eisegese institucionalizada<\/strong><\/h3>\n\n\n\n<p>O protestantismo transformou a eisegese num m\u00e9todo. O princ\u00edpio do <em>Sola Scriptura<\/em> \u2014 sem Tradi\u00e7\u00e3o e sem Magist\u00e9rio \u2014 fez de cada crente um int\u00e9rprete infal\u00edvel. Os resultados?<\/p>\n\n\n\n<ul class=\"wp-block-list\">\n<li>Doutrinas contradit\u00f3rias: predestina\u00e7\u00e3o vs. livre arb\u00edtrio, batismo infantil sim ou n\u00e3o, salva\u00e7\u00e3o pela f\u00e9 ou pelas obras&#8230;<\/li>\n\n\n\n<li>Divis\u00f5es sem fim: desde Lutero, milhares de cismas.<\/li>\n\n\n\n<li>Perda dos sacramentos, especialmente da Eucaristia.<\/li>\n\n\n\n<li>Legitima\u00e7\u00e3o do aborto, \u201ccasamentos\u201d homossexuais, ordena\u00e7\u00e3o feminina&#8230;<\/li>\n<\/ul>\n\n\n\n<p><strong>O problema n\u00e3o \u00e9 ler a B\u00edblia, mas l\u00ea-la sem a Igreja.<\/strong><\/p>\n\n\n\n<hr class=\"wp-block-separator has-alpha-channel-opacity\"\/>\n\n\n\n<h3 class=\"wp-block-heading\"><strong>VII. Conclus\u00e3o: a Palavra deve ser ouvida, n\u00e3o manipulada<\/strong><\/h3>\n\n\n\n<p>Querido leitor, voc\u00ea n\u00e3o \u00e9 chamado a ser <strong>dono<\/strong> da Palavra, mas <strong>servo<\/strong> dela. Deus fala a voc\u00ea na Escritura, mas <strong>n\u00e3o para confirmar sua opini\u00e3o<\/strong>, e sim para <strong>transformar o seu cora\u00e7\u00e3o<\/strong>.<\/p>\n\n\n\n<blockquote class=\"wp-block-quote is-layout-flow wp-block-quote-is-layout-flow\">\n<p><em>\u201cToda Escritura \u00e9 inspirada por Deus e \u00fatil para ensinar, para repreender, para corrigir e para formar na justi\u00e7a.\u201d<\/em> (2 Tm 3,16)<\/p>\n<\/blockquote>\n\n\n\n<p>Escute, aprenda, obede\u00e7a com amor. N\u00e3o force Deus a dizer o que voc\u00ea quer ouvir. S\u00f3 assim a Palavra ser\u00e1 <strong>uma espada que purifica<\/strong> (Hb 4,12) e <strong>uma l\u00e2mpada para os teus passos<\/strong> (Sl 119,105), n\u00e3o um traje espiritual feito sob medida para o seu ego.<\/p>\n\n\n\n<hr class=\"wp-block-separator has-alpha-channel-opacity\"\/>\n\n\n\n<h3 class=\"wp-block-heading\"><strong>Ora\u00e7\u00e3o final<\/strong><\/h3>\n\n\n\n<blockquote class=\"wp-block-quote is-layout-flow wp-block-quote-is-layout-flow\">\n<p>Senhor, preserva-me de projetar minhas ideias sobre Tua Palavra. Ensina-me a escutar com humildade, obedecer com amor e viver na verdade. D\u00e1-me o discernimento para n\u00e3o cair nos erros que se disfar\u00e7am de f\u00e9. Que o Teu Esp\u00edrito Santo me guie sempre pelos caminhos da Igreja. Am\u00e9m.<\/p>\n<\/blockquote>\n","protected":false},"excerpt":{"rendered":"<p>Introdu\u00e7\u00e3o: A quem voc\u00ea est\u00e1 realmente ouvindo quando l\u00ea a B\u00edblia? Vivemos numa \u00e9poca em que n\u00e3o faltam informa\u00e7\u00f5es, mas h\u00e1 escassez de forma\u00e7\u00e3o aut\u00eantica. Nunca foi t\u00e3o f\u00e1cil acessar a B\u00edblia: impressa, em aplicativos, nas redes sociais, com v\u00eddeos explicativos&#8230; No entanto, nunca foi t\u00e3o f\u00e1cil entend\u00ea-la mal. Por qu\u00ea? Porque muitas vezes n\u00e3o &hellip;<\/p>\n","protected":false},"author":3,"featured_media":4217,"comment_status":"open","ping_status":"open","sticky":false,"template":"","format":"standard","meta":{"_seopress_robots_primary_cat":"","_seopress_titles_title":"","_seopress_titles_desc":"","_seopress_robots_index":"","footnotes":""},"categories":[37,45],"tags":[1516],"class_list":["post-4216","post","type-post","status-publish","format-standard","has-post-thumbnail","","category-doutrina-e-fe","category-sagradas-escrituras","tag-eisegese"],"_links":{"self":[{"href":"https:\/\/catholicus.eu\/pt\/wp-json\/wp\/v2\/posts\/4216","targetHints":{"allow":["GET"]}}],"collection":[{"href":"https:\/\/catholicus.eu\/pt\/wp-json\/wp\/v2\/posts"}],"about":[{"href":"https:\/\/catholicus.eu\/pt\/wp-json\/wp\/v2\/types\/post"}],"author":[{"embeddable":true,"href":"https:\/\/catholicus.eu\/pt\/wp-json\/wp\/v2\/users\/3"}],"replies":[{"embeddable":true,"href":"https:\/\/catholicus.eu\/pt\/wp-json\/wp\/v2\/comments?post=4216"}],"version-history":[{"count":1,"href":"https:\/\/catholicus.eu\/pt\/wp-json\/wp\/v2\/posts\/4216\/revisions"}],"predecessor-version":[{"id":4218,"href":"https:\/\/catholicus.eu\/pt\/wp-json\/wp\/v2\/posts\/4216\/revisions\/4218"}],"wp:featuredmedia":[{"embeddable":true,"href":"https:\/\/catholicus.eu\/pt\/wp-json\/wp\/v2\/media\/4217"}],"wp:attachment":[{"href":"https:\/\/catholicus.eu\/pt\/wp-json\/wp\/v2\/media?parent=4216"}],"wp:term":[{"taxonomy":"category","embeddable":true,"href":"https:\/\/catholicus.eu\/pt\/wp-json\/wp\/v2\/categories?post=4216"},{"taxonomy":"post_tag","embeddable":true,"href":"https:\/\/catholicus.eu\/pt\/wp-json\/wp\/v2\/tags?post=4216"}],"curies":[{"name":"wp","href":"https:\/\/api.w.org\/{rel}","templated":true}]}}