{"id":4213,"date":"2025-06-10T23:23:23","date_gmt":"2025-06-10T21:23:23","guid":{"rendered":"https:\/\/catholicus.eu\/pt\/?p=4213"},"modified":"2025-06-10T23:23:23","modified_gmt":"2025-06-10T21:23:23","slug":"libertacao-geracional-quebrando-correntes-espirituais-com-a-fe-catolica","status":"publish","type":"post","link":"https:\/\/catholicus.eu\/pt\/libertacao-geracional-quebrando-correntes-espirituais-com-a-fe-catolica\/","title":{"rendered":"Liberta\u00e7\u00e3o Geracional: Quebrando Correntes Espirituais com a F\u00e9 Cat\u00f3lica"},"content":{"rendered":"\n<h2 class=\"wp-block-heading\"><strong>Introdu\u00e7\u00e3o: O que \u00e9 Liberta\u00e7\u00e3o Geracional?<\/strong><\/h2>\n\n\n\n<p>Num mundo onde muitas pessoas carregam feridas inexplic\u00e1veis, padr\u00f5es negativos e dificuldades persistentes, a Igreja Cat\u00f3lica oferece uma luz de esperan\u00e7a: a&nbsp;<em>liberta\u00e7\u00e3o geracional<\/em>. Este conceito, profundamente enraizado na Sagrada Escritura e na Tradi\u00e7\u00e3o, ensina-nos que certos v\u00ednculos espirituais podem ser transmitidos atrav\u00e9s das gera\u00e7\u00f5es &#8211; mas que pela gra\u00e7a de Deus podemos quebrar essas correntes e viver na plena liberdade dos filhos de Deus.<\/p>\n\n\n\n<p>J\u00e1 se perguntou por que certos pecados, doen\u00e7as ou fracassos se repetem em sua fam\u00edlia? Por que, apesar de todos os esfor\u00e7os, parece haver uma &#8220;maldi\u00e7\u00e3o&#8221; perseguindo seus entes queridos? A resposta pode estar no que a teologia chama de&nbsp;<em>pecados geracionais e suas consequ\u00eancias<\/em>. Mas n\u00e3o tema, porque&nbsp;<strong>Cristo veio exatamente para nos libertar<\/strong>&nbsp;(Lucas 4,18).<\/p>\n\n\n\n<h2 class=\"wp-block-heading\"><strong>Fundamento B\u00edblico: O que Diz a Escritura?<\/strong><\/h2>\n\n\n\n<p>A B\u00edblia aborda este tema com clareza. No&nbsp;<em>\u00caxodo<\/em>, Deus adverte:<\/p>\n\n\n\n<blockquote class=\"wp-block-quote is-layout-flow wp-block-quote-is-layout-flow\">\n<p><em>&#8220;Eu, o Senhor teu Deus, sou um Deus zeloso, que castigo a iniquidade dos pais nos filhos at\u00e9 \u00e0 terceira e quarta gera\u00e7\u00e3o daqueles que me odeiam, mas uso de miseric\u00f3rdia at\u00e9 mil gera\u00e7\u00f5es com aqueles que me amam e guardam os meus mandamentos.&#8221;<\/em>&nbsp;(\u00caxodo 20,5-6)<\/p>\n<\/blockquote>\n\n\n\n<p>Esta passagem n\u00e3o significa que Deus puna injustamente os descendentes pelos pecados dos antepassados, mas que&nbsp;<em>as consequ\u00eancias do pecado<\/em>&nbsp;podem afetar gera\u00e7\u00f5es futuras. O pecado abre portas para o mal, e sem arrependimento e convers\u00e3o, seus efeitos permanecem.<\/p>\n\n\n\n<p>No entanto,&nbsp;<em>a miseric\u00f3rdia de Deus \u00e9 mais poderosa<\/em>. Em&nbsp;<em>Ezequiel 18,20<\/em>&nbsp;lemos:<\/p>\n\n\n\n<blockquote class=\"wp-block-quote is-layout-flow wp-block-quote-is-layout-flow\">\n<p><em>&#8220;O filho n\u00e3o levar\u00e1 a iniquidade do pai, nem o pai levar\u00e1 a iniquidade do filho.&#8221;<\/em><\/p>\n<\/blockquote>\n\n\n\n<p>Isto mostra que, embora possam existir consequ\u00eancias geracionais,&nbsp;<strong>Deus nos d\u00e1 a oportunidade de romper esses la\u00e7os atrav\u00e9s da f\u00e9, do arrependimento e dos sacramentos<\/strong>.<\/p>\n\n\n\n<h2 class=\"wp-block-heading\"><strong>Hist\u00f3ria e Teologia: Como a Igreja Compreende Este Fen\u00f4meno?<\/strong><\/h2>\n\n\n\n<p>A Tradi\u00e7\u00e3o Cat\u00f3lica sempre reconheceu que o pecado tem dimens\u00f5es tanto pessoais quanto comunit\u00e1rias. Os Padres da Igreja falavam da&nbsp;<em>transmiss\u00e3o do pecado original<\/em>, mas tamb\u00e9m da&nbsp;<em>liberta\u00e7\u00e3o em Cristo<\/em>.<\/p>\n\n\n\n<p>Santo Agostinho ensinava que o pecado deixa uma ferida na natureza humana, mas que a gra\u00e7a de Deus \u00e9 restauradora. A Igreja, como m\u00e3e e mestra, nos oferece ferramentas para curar estas feridas:<\/p>\n\n\n\n<ol start=\"1\" class=\"wp-block-list\">\n<li><strong>O Batismo<\/strong>: Nos liberta do pecado original e nos torna filhos de Deus.<\/li>\n\n\n\n<li><strong>A Confiss\u00e3o<\/strong>: Quebra as correntes do pecado pessoal e herdado.<\/li>\n\n\n\n<li><strong>A Eucaristia<\/strong>: Nos fortalece com o Corpo e Sangue de Cristo.<\/li>\n\n\n\n<li><strong>Ora\u00e7\u00f5es de Liberta\u00e7\u00e3o<\/strong>: Autorizadas pela Igreja, ajudam a desfazer v\u00ednculos espirituais.<\/li>\n<\/ol>\n\n\n\n<p>O&nbsp;<em>Catecismo da Igreja Cat\u00f3lica<\/em>&nbsp;(n. 409) afirma que, embora o dem\u00f4nio aja no mundo,&nbsp;<strong>Cristo j\u00e1 o venceu na Cruz<\/strong>. Portanto, a liberta\u00e7\u00e3o geracional n\u00e3o \u00e9 magia ou supersti\u00e7\u00e3o, mas um ato de f\u00e9 no poder redentor de Jesus.<\/p>\n\n\n\n<h2 class=\"wp-block-heading\"><strong>Como Reconhecer La\u00e7os Geracionais?<\/strong><\/h2>\n\n\n\n<p>Alguns sinais podem indicar a presen\u00e7a destas correntes:<\/p>\n\n\n\n<ul class=\"wp-block-list\">\n<li><strong>Padr\u00f5es repetitivos<\/strong>: V\u00edcios, div\u00f3rcios, abortos, pobreza cr\u00f4nica, doen\u00e7as heredit\u00e1rias sem explica\u00e7\u00e3o m\u00e9dica.<\/li>\n\n\n\n<li><strong>Conflitos familiares inexplic\u00e1veis<\/strong>: \u00d3dios, divis\u00f5es, incapacidade de perdoar.<\/li>\n\n\n\n<li><strong>Influ\u00eancias ocultas na fam\u00edlia<\/strong>: Espiritismo, ocultismo, ma\u00e7onaria, feiti\u00e7aria.<\/li>\n<\/ul>\n\n\n\n<p>Mas&nbsp;<strong>nem todos os problemas s\u00e3o espirituais<\/strong>. \u00c9 importante discernir com prud\u00eancia e, em caso de d\u00favida, consultar um sacerdote ou minist\u00e9rio autorizado de liberta\u00e7\u00e3o.<\/p>\n\n\n\n<h2 class=\"wp-block-heading\"><strong>Guia Pr\u00e1tico: Passos para a Liberta\u00e7\u00e3o Geracional<\/strong><\/h2>\n\n\n\n<p>Do ponto de vista teol\u00f3gico e pastoral, estes s\u00e3o os passos recomendados:<\/p>\n\n\n\n<h3 class=\"wp-block-heading\"><strong>1. Exame de Consci\u00eancia e Arrependimento<\/strong><\/h3>\n\n\n\n<ul class=\"wp-block-list\">\n<li>Pe\u00e7a ao Esp\u00edrito Santo que revele pecados pessoais e familiares.<\/li>\n\n\n\n<li>Examine sua hist\u00f3ria familiar: Houve idolatria, ocultismo, viol\u00eancia, injusti\u00e7as?<\/li>\n\n\n\n<li>Confesse estes pecados, mesmo que n\u00e3o os tenha cometido (como ato de repara\u00e7\u00e3o).<\/li>\n<\/ul>\n\n\n\n<h3 class=\"wp-block-heading\"><strong>2. Ren\u00fancia \u00e0s Obras do Mal<\/strong><\/h3>\n\n\n\n<ul class=\"wp-block-list\">\n<li>Em ora\u00e7\u00e3o, renuncie verbalmente a toda influ\u00eancia negativa:<br><em>&#8220;Em Nome de Jesus, renuncio a todo v\u00ednculo com o mal na minha linhagem e declaro que perten\u00e7o somente a Cristo.&#8221;<\/em><\/li>\n<\/ul>\n\n\n\n<h3 class=\"wp-block-heading\"><strong>3. Ora\u00e7\u00e3o de Liberta\u00e7\u00e3o e Prote\u00e7\u00e3o<\/strong><\/h3>\n\n\n\n<ul class=\"wp-block-list\">\n<li>Use o\u00a0<em>Pai Nosso<\/em>, o\u00a0<em>Credo<\/em>\u00a0e o\u00a0<em>Salmo 91<\/em>\u00a0como armas espirituais.<\/li>\n\n\n\n<li>Invocar o Sangue de Cristo sobre sua fam\u00edlia:<br><em>&#8220;Jesus, cobre minha fam\u00edlia com Teu Precioso Sangue e quebra toda corrente de maldi\u00e7\u00e3o.&#8221;<\/em><\/li>\n<\/ul>\n\n\n\n<h3 class=\"wp-block-heading\"><strong>4. Vida Sacramental e Devo\u00e7\u00e3o<\/strong><\/h3>\n\n\n\n<ul class=\"wp-block-list\">\n<li><strong>Confiss\u00e3o frequente<\/strong>: Quebra o poder do pecado.<\/li>\n\n\n\n<li><strong>Eucaristia<\/strong>: Receba Jesus como rem\u00e9dio para a alma.<\/li>\n\n\n\n<li><strong>Consagra\u00e7\u00e3o a Maria<\/strong>: Ela esmaga a cabe\u00e7a da serpente (G\u00eanesis 3,15).<\/li>\n<\/ul>\n\n\n\n<h3 class=\"wp-block-heading\"><strong>5. Romper com o Oculto<\/strong><\/h3>\n\n\n\n<ul class=\"wp-block-list\">\n<li>Destrua objetos ligados ao oculto (amuletos, hor\u00f3scopos, etc.).<\/li>\n\n\n\n<li>Aben\u00e7oe sua casa com \u00e1gua benta.<\/li>\n<\/ul>\n\n\n\n<h3 class=\"wp-block-heading\"><strong>6. Viver na Gra\u00e7a e Santidade<\/strong><\/h3>\n\n\n\n<ul class=\"wp-block-list\">\n<li>A melhor prote\u00e7\u00e3o \u00e9\u00a0<strong>uma vida na gra\u00e7a<\/strong>.<\/li>\n\n\n\n<li>Pratique o perd\u00e3o, a caridade e a ora\u00e7\u00e3o constante.<\/li>\n<\/ul>\n\n\n\n<h2 class=\"wp-block-heading\"><strong>Conclus\u00e3o: A Vit\u00f3ria de Cristo em Sua Fam\u00edlia<\/strong><\/h2>\n\n\n\n<p>A liberta\u00e7\u00e3o geracional n\u00e3o \u00e9 um ritual m\u00e1gico, mas um&nbsp;<strong>processo de convers\u00e3o e f\u00e9<\/strong>. Cristo j\u00e1 venceu a batalha, e n\u00f3s como Igreja aplicamos esta vit\u00f3ria em nossas vidas.<\/p>\n\n\n\n<p>Se suspeita de la\u00e7os em sua fam\u00edlia,&nbsp;<strong>n\u00e3o tema<\/strong>. Deus \u00e9 mais forte que qualquer maldi\u00e7\u00e3o. Como diz S\u00e3o Paulo:<\/p>\n\n\n\n<blockquote class=\"wp-block-quote is-layout-flow wp-block-quote-is-layout-flow\">\n<p><em>&#8220;Onde abundou o pecado, superabundou a gra\u00e7a.&#8221;<\/em>&nbsp;(Romanos 5,20)<\/p>\n<\/blockquote>\n\n\n\n<p><strong>Hoje \u00e9 o dia para quebrar as correntes e caminhar em liberdade.<\/strong>&nbsp;Confie em Jesus, viva os sacramentos e deixe o Esp\u00edrito Santo renovar sua linhagem!<\/p>\n\n\n\n<p>J\u00e1 experimentou esta liberta\u00e7\u00e3o? Compartilhe seu testemunho e espalhe esta esperan\u00e7a.&nbsp;<strong>A gra\u00e7a de Deus \u00e9 mais forte que qualquer heran\u00e7a de pecado.<\/strong><\/p>\n\n\n\n[<strong>Jesus vos liberta, agora e para sempre!<\/strong>]\n","protected":false},"excerpt":{"rendered":"<p>Introdu\u00e7\u00e3o: O que \u00e9 Liberta\u00e7\u00e3o Geracional? Num mundo onde muitas pessoas carregam feridas inexplic\u00e1veis, padr\u00f5es negativos e dificuldades persistentes, a Igreja Cat\u00f3lica oferece uma luz de esperan\u00e7a: a&nbsp;liberta\u00e7\u00e3o geracional. Este conceito, profundamente enraizado na Sagrada Escritura e na Tradi\u00e7\u00e3o, ensina-nos que certos v\u00ednculos espirituais podem ser transmitidos atrav\u00e9s das gera\u00e7\u00f5es &#8211; mas que pela gra\u00e7a &hellip;<\/p>\n","protected":false},"author":3,"featured_media":4214,"comment_status":"open","ping_status":"open","sticky":false,"template":"","format":"standard","meta":{"_seopress_robots_primary_cat":"","_seopress_titles_title":"","_seopress_titles_desc":"","_seopress_robots_index":"","footnotes":""},"categories":[55,39],"tags":[1515],"class_list":["post-4213","post","type-post","status-publish","format-standard","has-post-thumbnail","","category-familia-e-matrimonio","category-moral-e-vida-crista","tag-libertacao-geracional"],"_links":{"self":[{"href":"https:\/\/catholicus.eu\/pt\/wp-json\/wp\/v2\/posts\/4213","targetHints":{"allow":["GET"]}}],"collection":[{"href":"https:\/\/catholicus.eu\/pt\/wp-json\/wp\/v2\/posts"}],"about":[{"href":"https:\/\/catholicus.eu\/pt\/wp-json\/wp\/v2\/types\/post"}],"author":[{"embeddable":true,"href":"https:\/\/catholicus.eu\/pt\/wp-json\/wp\/v2\/users\/3"}],"replies":[{"embeddable":true,"href":"https:\/\/catholicus.eu\/pt\/wp-json\/wp\/v2\/comments?post=4213"}],"version-history":[{"count":1,"href":"https:\/\/catholicus.eu\/pt\/wp-json\/wp\/v2\/posts\/4213\/revisions"}],"predecessor-version":[{"id":4215,"href":"https:\/\/catholicus.eu\/pt\/wp-json\/wp\/v2\/posts\/4213\/revisions\/4215"}],"wp:featuredmedia":[{"embeddable":true,"href":"https:\/\/catholicus.eu\/pt\/wp-json\/wp\/v2\/media\/4214"}],"wp:attachment":[{"href":"https:\/\/catholicus.eu\/pt\/wp-json\/wp\/v2\/media?parent=4213"}],"wp:term":[{"taxonomy":"category","embeddable":true,"href":"https:\/\/catholicus.eu\/pt\/wp-json\/wp\/v2\/categories?post=4213"},{"taxonomy":"post_tag","embeddable":true,"href":"https:\/\/catholicus.eu\/pt\/wp-json\/wp\/v2\/tags?post=4213"}],"curies":[{"name":"wp","href":"https:\/\/api.w.org\/{rel}","templated":true}]}}