{"id":4210,"date":"2025-06-10T22:50:30","date_gmt":"2025-06-10T20:50:30","guid":{"rendered":"https:\/\/catholicus.eu\/pt\/?p=4210"},"modified":"2025-06-10T22:50:31","modified_gmt":"2025-06-10T20:50:31","slug":"a-bencao-apostolica-seu-escudo-espiritual-na-batalha-diaria","status":"publish","type":"post","link":"https:\/\/catholicus.eu\/pt\/a-bencao-apostolica-seu-escudo-espiritual-na-batalha-diaria\/","title":{"rendered":"A B\u00ean\u00e7\u00e3o Apost\u00f3lica: Seu Escudo Espiritual na Batalha Di\u00e1ria"},"content":{"rendered":"\n<p><strong>Introdu\u00e7\u00e3o: Mais que Palavras, um Poder Divino<\/strong><br>Imagine possuir um tesouro concedido diretamente pelos sucessores dos Ap\u00f3stolos, um dom que traz consolo, for\u00e7a e gra\u00e7a divina nos momentos mais cruciais da vida. N\u00e3o \u00e9 magia, nem supersti\u00e7\u00e3o. \u00c9 a&nbsp;<strong>B\u00ean\u00e7\u00e3o Apost\u00f3lica<\/strong>, tamb\u00e9m conhecida como&nbsp;<em>B\u00ean\u00e7\u00e3o Papal<\/em>&nbsp;ou&nbsp;<em>Urbi et Orbi<\/em>&nbsp;em sua forma mais solene. Num mundo marcado pela incerteza, cansa\u00e7o espiritual e busca de sentido, esta b\u00ean\u00e7\u00e3o surge como farol de luz, canal privilegiado da miseric\u00f3rdia de Deus para seus filhos. Descubramos juntos seu profundo significado, sua hist\u00f3ria fascinante e, sobretudo, como voc\u00ea pode torn\u00e1-la parte real e transformadora de seu caminho de f\u00e9.<\/p>\n\n\n\n<p><strong>I. Ra\u00edzes Sagradas: A B\u00ean\u00e7\u00e3o no Cora\u00e7\u00e3o da Alian\u00e7a<\/strong><br>A ess\u00eancia da b\u00ean\u00e7\u00e3o est\u00e1 enraizada na pr\u00f3pria Revela\u00e7\u00e3o divina. Desde o Antigo Testamento, vemos Deus aben\u00e7oar seu povo: Abra\u00e3o (G\u00eanesis 12:2-3), Jac\u00f3, Mois\u00e9s. A b\u00ean\u00e7\u00e3o (<em>berakah<\/em>&nbsp;em hebraico) implica vida, fecundidade, prote\u00e7\u00e3o e especial proximidade de Deus. Mas \u00e9 na&nbsp;<strong>Nova e Eterna Alian\u00e7a selada por Cristo<\/strong>&nbsp;que a b\u00ean\u00e7\u00e3o atinge sua plenitude. O pr\u00f3prio Cristo aben\u00e7oava: as crian\u00e7as (Mc 10:16), os p\u00e3es e peixes (Mt 14:19), seus disc\u00edpulos na Ascens\u00e3o (Lc 24:50-51). Ao ascender aos c\u00e9us, Cristo n\u00e3o nos abandonou; confiou sua autoridade e poder santificador aos Ap\u00f3stolos e seus sucessores, os bispos, em comunh\u00e3o com o Sucessor de Pedro.<\/p>\n\n\n\n<blockquote class=\"wp-block-quote is-layout-flow wp-block-quote-is-layout-flow\">\n<p><strong>&#8220;O Senhor te aben\u00e7oe e te guarde! O Senhor fa\u00e7a brilhar sobre ti a sua face e te seja prop\u00edcio! O Senhor volte para ti o seu rosto e te d\u00ea a paz!&#8221;<\/strong>&nbsp;(N\u00fameros 6:24-26).<br><em>Esta b\u00ean\u00e7\u00e3o sacerdotal do Antigo Testamento prefigura a b\u00ean\u00e7\u00e3o plena que Cristo traz e que a Igreja continua.<\/em><\/p>\n<\/blockquote>\n\n\n\n<p><strong>II. O que \u00e9 a B\u00ean\u00e7\u00e3o Apost\u00f3lica? Ess\u00eancia Teol\u00f3gica<\/strong><br>N\u00e3o \u00e9 uma simples b\u00ean\u00e7\u00e3o. \u00c9 uma&nbsp;<strong>b\u00ean\u00e7\u00e3o solene concedida em nome do Pont\u00edfice Romano (o Papa)<\/strong>, usando sua autoridade suprema como Vig\u00e1rio de Cristo e Pastor da Igreja universal. \u00c9 ato lit\u00fargico de primeira grandeza, portador de gra\u00e7as espec\u00edficas e extraordin\u00e1rias:<\/p>\n\n\n\n<ol start=\"1\" class=\"wp-block-list\">\n<li><strong>Origem Apost\u00f3lica:<\/strong>\u00a0Seu poder deriva diretamente do minist\u00e9rio petrino, em continuidade \u00e0 miss\u00e3o confiada a Pedro: &#8220;Tudo o que ligares na terra ser\u00e1 ligado nos c\u00e9us, e tudo o que desligares na terra ser\u00e1 desligado nos c\u00e9us&#8221; (Mt 16:19). A B\u00ean\u00e7\u00e3o Apost\u00f3lica &#8220;liga&#8221; as gra\u00e7as celestes \u00e0 pessoa que a recebe com f\u00e9.<\/li>\n\n\n\n<li><strong>Indulg\u00eancia Plen\u00e1ria:<\/strong>\u00a0\u00c9 seu efeito mais conhecido e singular. A B\u00ean\u00e7\u00e3o Apost\u00f3lica concede ao fiel que a recebe com as devidas disposi\u00e7\u00f5es (arrependimento, confiss\u00e3o, comunh\u00e3o e ora\u00e7\u00e3o pelo Papa)\u00a0<strong>a remiss\u00e3o de todas as penas temporais devidas por pecados j\u00e1 perdoados<\/strong>. \u00c9 &#8220;come\u00e7ar do zero&#8221; diante de Deus, gra\u00e7a imensa que liberta do purgat\u00f3rio. \u00c9 dom da miseric\u00f3rdia divina administrado pela Igreja.<\/li>\n\n\n\n<li><strong>Gra\u00e7a Sacramental (Sacramental):<\/strong>\u00a0Embora n\u00e3o seja sacramento (s\u00f3 h\u00e1 sete), \u00e9\u00a0<strong>o mais importante dos sacramentais<\/strong>. Sacramentais s\u00e3o sinais sagrados institu\u00eddos pela Igreja para nos dispor \u00e0 gra\u00e7a principal dos sacramentos e santificar diversas circunst\u00e2ncias da vida. A B\u00ean\u00e7\u00e3o Apost\u00f3lica \u00e9 o sacramental\u00a0<em>por excel\u00eancia<\/em>\u00a0por sua origem papal e efeitos poderosos.<\/li>\n\n\n\n<li><strong>Escudo Espiritual:<\/strong>\u00a0Proporciona\u00a0<strong>for\u00e7a especial no combate espiritual<\/strong>, prote\u00e7\u00e3o contra o mal, consolo no sofrimento e paz profunda. \u00c9 ref\u00fagio na tempestade.<\/li>\n<\/ol>\n\n\n\n<p><strong>III. Hist\u00f3ria Viva: Do &#8220;Urbi et Orbi&#8221; ao Seu Lar<\/strong><\/p>\n\n\n\n<ul class=\"wp-block-list\">\n<li><strong>Origens:<\/strong>\u00a0O costume de aben\u00e7oar em nome do Papa remonta aos primeiros s\u00e9culos. Os Papas aben\u00e7oavam o povo de Roma (&#8220;Urbi&#8221;) e o mundo inteiro (&#8220;Orbi&#8221;) em ocasi\u00f5es solenes da loggia da Bas\u00edlica de S\u00e3o Pedro.<\/li>\n\n\n\n<li><strong>Desenvolvimento Medieval:<\/strong>\u00a0Formalizou-se o uso de documentos chamados &#8220;Bulas&#8221; ou &#8220;Patentes&#8221; para conceder a b\u00ean\u00e7\u00e3o, especialmente aos que n\u00e3o podiam ir a Roma (enfermos, moribundos, peregrinos distantes). Mission\u00e1rios e pregadores recebiam faculdade para conced\u00ea-la.<\/li>\n\n\n\n<li><strong>Evolu\u00e7\u00e3o Moderna:<\/strong>\u00a0Hoje, a B\u00ean\u00e7\u00e3o Apost\u00f3lica \u00e9 concedida principalmente de duas formas:\n<ol start=\"1\" class=\"wp-block-list\">\n<li><strong>&#8220;Urbi et Orbi&#8221;:<\/strong>\u00a0A b\u00ean\u00e7\u00e3o solene dada pelo Papa no Natal, P\u00e1scoa e ocasi\u00f5es extraordin\u00e1rias, transmitida mundialmente. Quem a recebe (mesmo por r\u00e1dio, TV ou internet) com devo\u00e7\u00e3o pode ganhar a indulg\u00eancia plen\u00e1ria.<\/li>\n\n\n\n<li><strong>B\u00ean\u00e7\u00e3o Apost\u00f3lica aos Enfermos e Moribundos:<\/strong>\u00a0A forma mais comum para os fi\u00e9is. \u00c9 pedida para pessoas em perigo de morte (doen\u00e7a terminal, velhice extrema, cirurgia de alto risco) ou circunst\u00e2ncias graves. Qualquer sacerdote pode conced\u00ea-la usando ritual espec\u00edfico, exercendo faculdade delegada pelo Papa (que todos os sacerdotes t\u00eam para este fim com moribundos).<\/li>\n<\/ol>\n<\/li>\n<\/ul>\n\n\n\n<p><strong>IV. Guia Pr\u00e1tico Rigoroso: Como Receber e Viver Esta Gra\u00e7a<\/strong><br><em>(Abordagem Teol\u00f3gico-Pastoral)<\/em><\/p>\n\n\n\n<ol start=\"1\" class=\"wp-block-list\">\n<li><strong>Quem Pode Conced\u00ea-la?<\/strong>\n<ul class=\"wp-block-list\">\n<li><strong>Diretamente:<\/strong>\u00a0O Papa.<\/li>\n\n\n\n<li><strong>Por Faculdade Ordin\u00e1ria:<\/strong>\u00a0Todos os\u00a0<strong>sacerdotes<\/strong>\u00a0(presb\u00edteros) t\u00eam faculdade habitual para conceder a B\u00ean\u00e7\u00e3o Apost\u00f3lica com indulg\u00eancia plen\u00e1ria\u00a0<strong>aos fi\u00e9is em perigo de morte<\/strong>\u00a0(in articulo mortis). \u00c9 direito do fiel moribundo.<\/li>\n\n\n\n<li><strong>Por Faculdade Especial:<\/strong>\u00a0Bispos, sacerdotes e \u00e0s vezes di\u00e1conos ou leigos especialmente delegados podem conced\u00ea-la noutras circunst\u00e2ncias (ex. grandes peregrina\u00e7\u00f5es, jubileus) usando texto e crucifixo espec\u00edficos benzidos para isso.<\/li>\n<\/ul>\n<\/li>\n\n\n\n<li><strong>Quem Pode Receb\u00ea-la? Quando Pedi-la?<\/strong>\n<ul class=\"wp-block-list\">\n<li><strong>Principalmente:<\/strong>\u00a0<strong>Fi\u00e9is cat\u00f3licos em perigo iminente de morte<\/strong>\u00a0(por qualquer causa: doen\u00e7a terminal, acidente grave, velhice extrema, cirurgia de alto risco). \u00c9 direito e consolo imenso.<\/li>\n\n\n\n<li><strong>Tamb\u00e9m (com Faculdade Especial):<\/strong>\u00a0Em ocasi\u00f5es especiais estabelecidas pela Igreja (ex. ao final de retiro importante, em peregrina\u00e7\u00e3o a Roma, em Ano Jubilar), os fi\u00e9is presentes podem receb\u00ea-la e ganhar a indulg\u00eancia plen\u00e1ria associada.<\/li>\n\n\n\n<li><strong>Importante!<\/strong>\u00a0Para enfermos\u00a0<em>n\u00e3o<\/em>\u00a0em perigo iminente de morte, existem outras belas b\u00ean\u00e7\u00e3os e ora\u00e7\u00f5es. A B\u00ean\u00e7\u00e3o Apost\u00f3lica espec\u00edfica com indulg\u00eancia plen\u00e1ria \u00e9 reservada principalmente \u00e0 hora da morte.<\/li>\n<\/ul>\n<\/li>\n\n\n\n<li><strong>Disposi\u00e7\u00f5es Requeridas para Ganhar a Indulg\u00eancia Plen\u00e1ria:<\/strong><br><em>(Exigidas pela Igreja para receber o efeito pleno)<\/em>\n<ul class=\"wp-block-list\">\n<li><strong>Recep\u00e7\u00e3o com F\u00e9 e Devo\u00e7\u00e3o:<\/strong>\u00a0Abrir o cora\u00e7\u00e3o ao dom de Deus.<\/li>\n\n\n\n<li><strong>Rejei\u00e7\u00e3o Total ao Pecado (Apego a pecado mesmo venial):<\/strong>\u00a0Desejo sincero de viver em gra\u00e7a.<\/li>\n\n\n\n<li><strong>Ter-se Confessado:<\/strong>\u00a0Ter recebido o sacramento da Penit\u00eancia (nos dias anteriores ou depois, se a pessoa sobreviver, com inten\u00e7\u00e3o de confessar-se).\u00a0<em>Para o moribundo que n\u00e3o pode confessar-se, basta ato de contri\u00e7\u00e3o perfeita (dor dos pecados por amor a Deus).<\/em><\/li>\n\n\n\n<li><strong>Comunh\u00e3o Eucar\u00edstica:<\/strong>\u00a0Receber a Eucaristia (se poss\u00edvel).\u00a0<em>Para o moribundo que n\u00e3o pode comungar, basta vivo desejo (comunh\u00e3o espiritual).<\/em><\/li>\n\n\n\n<li><strong>Ora\u00e7\u00e3o pelas Inten\u00e7\u00f5es do Papa:<\/strong>\u00a0Rezar um Pai-Nosso e uma Ave-Maria (ou outra ora\u00e7\u00e3o) pelo Santo Padre.\u00a0<em>O sacerdote geralmente inclui esta ora\u00e7\u00e3o no pr\u00f3prio ritual da b\u00ean\u00e7\u00e3o.<\/em><\/li>\n\n\n\n<li><strong>Sobretudo, o estado de Gra\u00e7a Santificante na hora da morte.<\/strong>\u00a0A indulg\u00eancia plen\u00e1ria apaga as penas temporais, mas requer a alma limpa de pecado mortal.<\/li>\n<\/ul>\n<\/li>\n\n\n\n<li><strong>Como Solicit\u00e1-la?<\/strong>\n<ul class=\"wp-block-list\">\n<li><strong>Para um Enfermo\/Moribundo:<\/strong>\u00a0Contate\u00a0<strong>imediatamente<\/strong>\u00a0um sacerdote (p\u00e1roco, capel\u00e3o hospitalar, sacerdote conhecido). Explique claramente que a pessoa est\u00e1\u00a0<em>em perigo de morte<\/em>\u00a0e deseja receber\u00a0<strong>a B\u00ean\u00e7\u00e3o Apost\u00f3lica Papal com indulg\u00eancia plen\u00e1ria<\/strong>. Os sacerdotes s\u00e3o formados para atender tais chamados com urg\u00eancia e delicadeza. N\u00e3o espere o \u00faltimo momento.<\/li>\n<\/ul>\n<\/li>\n\n\n\n<li><strong>O Rito: O que Voc\u00ea Ver\u00e1 e Sentir\u00e1<\/strong><br>O sacerdote se aproximar\u00e1 com respeito e solenidade. Usar\u00e1 sua estola (sinal de seu minist\u00e9rio). Normalmente:\n<ul class=\"wp-block-list\">\n<li>Ouvir\u00e1 brevemente, oferecer\u00e1 palavras de consolo e animar\u00e1 o enfermo \u00e0 confian\u00e7a em Deus.<\/li>\n\n\n\n<li>Convidar\u00e1 ao arrependimento e, se poss\u00edvel e necess\u00e1rio, administrar\u00e1 os Sacramentos da Penit\u00eancia (Confiss\u00e3o) e Un\u00e7\u00e3o dos Enfermos.<\/li>\n\n\n\n<li>Dar\u00e1 a Sagrada Comunh\u00e3o (Vi\u00e1tico, alimento para a viagem).<\/li>\n\n\n\n<li><strong>Ent\u00e3o, conceder\u00e1 a B\u00ean\u00e7\u00e3o Apost\u00f3lica.<\/strong>\u00a0Usar\u00e1 f\u00f3rmula espec\u00edfica aprovada, invocando a autoridade do Papa e pedindo a indulg\u00eancia plen\u00e1ria. Far\u00e1 geralmente o sinal da cruz sobre o enfermo. \u00c9 momento de paz profunda e conex\u00e3o com o c\u00e9u.<\/li>\n\n\n\n<li>Poder\u00e1 incluir outras ora\u00e7\u00f5es (Ladainhas, Salmos).<\/li>\n<\/ul>\n<\/li>\n<\/ol>\n\n\n\n<p><strong>V. Al\u00e9m do Leito de Morte: A B\u00ean\u00e7\u00e3o Apost\u00f3lica em Sua Vida Di\u00e1ria<\/strong><br>Embora sua aplica\u00e7\u00e3o t\u00edpica seja para a hora da morte, o&nbsp;<em>esp\u00edrito<\/em>&nbsp;da B\u00ean\u00e7\u00e3o Apost\u00f3lica nos fala hoje:<\/p>\n\n\n\n<ol start=\"1\" class=\"wp-block-list\">\n<li><strong>Confian\u00e7a na Autoridade da Igreja:<\/strong>\u00a0Lembra-nos que Cristo n\u00e3o nos deixou \u00f3rf\u00e3os. Confiamos que as gra\u00e7as prometidas por Cristo a Pedro e seus sucessores s\u00e3o reais e eficazes. Fortalece nossa comunh\u00e3o com o Papa e a Igreja universal.<\/li>\n\n\n\n<li><strong>Valor Infinito da Alma:<\/strong>\u00a0O fato de a Igreja mobilizar este grande dom para o momento crucial da morte ressalta o valor incalcul\u00e1vel de cada alma humana diante de Deus. Urge-nos viver santamente e cuidar da salva\u00e7\u00e3o eterna de todos.<\/li>\n\n\n\n<li><strong>Miseric\u00f3rdia Concreta:<\/strong>\u00a0\u00c9 manifesta\u00e7\u00e3o suprema da miseric\u00f3rdia de Deus, oferecendo purifica\u00e7\u00e3o total para entrar diretamente em sua presen\u00e7a. Incentiva nossa confian\u00e7a em seu perd\u00e3o.<\/li>\n\n\n\n<li><strong>Responsabilidade Fraterna:<\/strong>\u00a0Como fam\u00edlia de f\u00e9, somos chamados a\u00a0<strong>conhecer este tesouro e facilitar seu recebimento<\/strong>\u00a0por nossos entes queridos em sua hora derradeira. Informar a fam\u00edlia, n\u00e3o temer chamar o sacerdote a tempo, \u00e9 ato de suprema caridade.<\/li>\n\n\n\n<li><strong>Prepara\u00e7\u00e3o Cont\u00ednua:<\/strong>\u00a0Saber que este dom existe nos incentiva a viver sempre em estado de gra\u00e7a, reconciliados com Deus e a Igreja pela confiss\u00e3o frequente. O melhor modo de preparar-se para uma santa morte \u00e9 viver uma santa vida.<\/li>\n<\/ol>\n\n\n\n<p><strong>Conclus\u00e3o: \u00c2ncora no Tempo, Passaporte para a Eternidade<\/strong><br>A B\u00ean\u00e7\u00e3o Apost\u00f3lica n\u00e3o \u00e9 ritual arcaico do passado. \u00c9&nbsp;<strong>dom vibrante e poderoso do amor de Cristo, canalizado por sua Igreja, para cada um de n\u00f3s em nossa hora mais decisiva.<\/strong>&nbsp;\u00c9 escudo contra o inimigo derradeiro, purifica\u00e7\u00e3o profunda e abra\u00e7o misericordioso do Pai que nos espera. Num mundo que teme e evita a morte, a Igreja oferece esta luz serena e esta certeza de vit\u00f3ria.<\/p>\n\n\n\n<p>Se tem um ente querido enfrentando o ocaso da vida,&nbsp;<strong>n\u00e3o hesite, n\u00e3o espere.<\/strong>&nbsp;Chame um sacerdote. Pe\u00e7a explicitamente a B\u00ean\u00e7\u00e3o Apost\u00f3lica Papal. \u00c9 o maior ato de amor que pode oferecer-lhe para sua passagem \u00e0 Casa do Pai. E para voc\u00ea que l\u00ea agora, que este conhecimento o impulsione a viver cada dia com o cora\u00e7\u00e3o voltado para aquela eternidade bendita, onde n\u00e3o precisaremos mais de b\u00ean\u00e7\u00e3os, pois veremos Deus face a face, benditos para sempre.<\/p>\n\n\n\n<p><strong>&#8220;O pr\u00f3prio Deus da paz vos santifique totalmente, e que o vosso esp\u00edrito, alma e corpo sejam conservados \u00edntegros e irrepreens\u00edveis para a vinda de nosso Senhor Jesus Cristo&#8221;<\/strong>&nbsp;(1 Tessalonicenses 5:23).<br><em>Que a B\u00ean\u00e7\u00e3o Apost\u00f3lica seja instrumento poderoso para alcan\u00e7ar esta santifica\u00e7\u00e3o e esta guarda at\u00e9 o encontro definitivo com Cristo.<\/em><\/p>\n","protected":false},"excerpt":{"rendered":"<p>Introdu\u00e7\u00e3o: Mais que Palavras, um Poder DivinoImagine possuir um tesouro concedido diretamente pelos sucessores dos Ap\u00f3stolos, um dom que traz consolo, for\u00e7a e gra\u00e7a divina nos momentos mais cruciais da vida. N\u00e3o \u00e9 magia, nem supersti\u00e7\u00e3o. \u00c9 a&nbsp;B\u00ean\u00e7\u00e3o Apost\u00f3lica, tamb\u00e9m conhecida como&nbsp;B\u00ean\u00e7\u00e3o Papal&nbsp;ou&nbsp;Urbi et Orbi&nbsp;em sua forma mais solene. Num mundo marcado pela incerteza, cansa\u00e7o &hellip;<\/p>\n","protected":false},"author":3,"featured_media":4211,"comment_status":"open","ping_status":"open","sticky":false,"template":"","format":"standard","meta":{"_seopress_robots_primary_cat":"","_seopress_titles_title":"","_seopress_titles_desc":"","_seopress_robots_index":"","footnotes":""},"categories":[40,62],"tags":[1514],"class_list":["post-4210","post","type-post","status-publish","format-standard","has-post-thumbnail","","category-oracao-e-espiritualidade","category-sacramentais-e-peregrinacoes","tag-bencao-apostolica"],"_links":{"self":[{"href":"https:\/\/catholicus.eu\/pt\/wp-json\/wp\/v2\/posts\/4210","targetHints":{"allow":["GET"]}}],"collection":[{"href":"https:\/\/catholicus.eu\/pt\/wp-json\/wp\/v2\/posts"}],"about":[{"href":"https:\/\/catholicus.eu\/pt\/wp-json\/wp\/v2\/types\/post"}],"author":[{"embeddable":true,"href":"https:\/\/catholicus.eu\/pt\/wp-json\/wp\/v2\/users\/3"}],"replies":[{"embeddable":true,"href":"https:\/\/catholicus.eu\/pt\/wp-json\/wp\/v2\/comments?post=4210"}],"version-history":[{"count":1,"href":"https:\/\/catholicus.eu\/pt\/wp-json\/wp\/v2\/posts\/4210\/revisions"}],"predecessor-version":[{"id":4212,"href":"https:\/\/catholicus.eu\/pt\/wp-json\/wp\/v2\/posts\/4210\/revisions\/4212"}],"wp:featuredmedia":[{"embeddable":true,"href":"https:\/\/catholicus.eu\/pt\/wp-json\/wp\/v2\/media\/4211"}],"wp:attachment":[{"href":"https:\/\/catholicus.eu\/pt\/wp-json\/wp\/v2\/media?parent=4210"}],"wp:term":[{"taxonomy":"category","embeddable":true,"href":"https:\/\/catholicus.eu\/pt\/wp-json\/wp\/v2\/categories?post=4210"},{"taxonomy":"post_tag","embeddable":true,"href":"https:\/\/catholicus.eu\/pt\/wp-json\/wp\/v2\/tags?post=4210"}],"curies":[{"name":"wp","href":"https:\/\/api.w.org\/{rel}","templated":true}]}}