{"id":4204,"date":"2025-06-09T22:42:12","date_gmt":"2025-06-09T20:42:12","guid":{"rendered":"https:\/\/catholicus.eu\/pt\/?p=4204"},"modified":"2025-06-09T22:42:12","modified_gmt":"2025-06-09T20:42:12","slug":"quem-tem-ouvidos-para-ouvir-que-ouca-um-chamado-a-escuta-profunda-em-tempos-de-ruido-espiritual","status":"publish","type":"post","link":"https:\/\/catholicus.eu\/pt\/quem-tem-ouvidos-para-ouvir-que-ouca-um-chamado-a-escuta-profunda-em-tempos-de-ruido-espiritual\/","title":{"rendered":"&#8220;Quem tem ouvidos para ouvir, que ou\u00e7a&#8221;: Um chamado \u00e0 escuta profunda em tempos de ru\u00eddo espiritual"},"content":{"rendered":"\n<h3 class=\"wp-block-heading\"><strong>Introdu\u00e7\u00e3o: Um eco que ressoa do Cora\u00e7\u00e3o de Cristo<\/strong><\/h3>\n\n\n\n<p>Num mundo saturado de palavras, onde as opini\u00f5es se multiplicam e as vozes competem por aten\u00e7\u00e3o, as palavras de Jesus Cristo \u2014&nbsp;<em>&#8220;Quem tem ouvidos para ouvir, que ou\u00e7a&#8221;<\/em>&nbsp;(Mateus 11:15) \u2014 emergem como um chamado urgente e eterno. N\u00e3o \u00e9 um convite passivo, mas uma exig\u00eancia divina de&nbsp;<em>ouvir com a alma<\/em>, de discernir a Verdade em meio ao caos.<\/p>\n\n\n\n<p>Este artigo explorar\u00e1 o profundo significado teol\u00f3gico, hist\u00f3rico e pastoral desta frase, que aparece em momentos-chave da Revela\u00e7\u00e3o. Analisaremos seu contexto b\u00edblico, sua interpreta\u00e7\u00e3o na Tradi\u00e7\u00e3o Cat\u00f3lica e como aplic\u00e1-la hoje, quando a f\u00e9 \u00e9 desafiada pelo relativismo e pela distra\u00e7\u00e3o.<\/p>\n\n\n\n<hr class=\"wp-block-separator has-alpha-channel-opacity\"\/>\n\n\n\n<h3 class=\"wp-block-heading\"><strong>I. Ra\u00edzes b\u00edblicas: Onde e por que Jesus diz esta frase?<\/strong><\/h3>\n\n\n\n<p>A express\u00e3o&nbsp;<em>&#8220;Quem tem ouvidos para ouvir, que ou\u00e7a&#8221;<\/em>&nbsp;(ou varia\u00e7\u00f5es similares) aparece em v\u00e1rias passagens do Evangelho, sempre como um selo de solenidade. N\u00e3o \u00e9 um coment\u00e1rio casual, mas um&nbsp;<em>chamado ao despertar<\/em>.<\/p>\n\n\n\n<h4 class=\"wp-block-heading\"><strong>1. Nos Sin\u00f3ticos: Um padr\u00e3o de Revela\u00e7\u00e3o<\/strong><\/h4>\n\n\n\n<ul class=\"wp-block-list\">\n<li><strong>Mateus 11:15<\/strong>: Jesus a pronuncia ap\u00f3s falar do Reino e de Jo\u00e3o Batista, convidando a reconhecer a\u00a0<em>novidade<\/em>\u00a0de sua mensagem.<\/li>\n\n\n\n<li><strong>Marcos 4:9, 23<\/strong>: No discurso das par\u00e1bolas (como a do semeador), Ele enfatiza que compreend\u00ea-las requer um\u00a0<em>cora\u00e7\u00e3o aberto<\/em>.<\/li>\n\n\n\n<li><strong>Lucas 8:8, 14:35<\/strong>: Aqui est\u00e1 ligada \u00e0\u00a0<em>responsabilidade<\/em>\u00a0do disc\u00edpulo: &#8220;Vede, pois, como ouvis&#8221; (Lucas 8:18).<\/li>\n<\/ul>\n\n\n\n<h4 class=\"wp-block-heading\"><strong>2. No Apocalipse: Um alerta \u00e0s Igrejas<\/strong><\/h4>\n\n\n\n<p>Em Apocalipse 2-3, Cristo repete&nbsp;<em>&#8220;Quem tem ouvidos, ou\u00e7a o que o Esp\u00edrito diz \u00e0s igrejas&#8221;<\/em>. \u00c9 um chamado \u00e0&nbsp;<em>convers\u00e3o<\/em>&nbsp;diante da mornid\u00e3o (Apocalipse 3:16) e ao compromisso na f\u00e9.<\/p>\n\n\n\n<h4 class=\"wp-block-heading\"><strong>Significado teol\u00f3gico<\/strong><\/h4>\n\n\n\n<p>A frase n\u00e3o se refere ao ouvido f\u00edsico, mas \u00e0&nbsp;<em>capacidade sobrenatural de acolher a Palavra<\/em>. Como explica Santo Agostinho:&nbsp;<em>&#8220;Deus fala ao ouvido do cora\u00e7\u00e3o&#8221;<\/em>. \u00c9 uma gra\u00e7a que requer&nbsp;<em>humildade<\/em>&nbsp;(para receber) e&nbsp;<em>vontade<\/em>&nbsp;(para agir).<\/p>\n\n\n\n<hr class=\"wp-block-separator has-alpha-channel-opacity\"\/>\n\n\n\n<h3 class=\"wp-block-heading\"><strong>II. Tradi\u00e7\u00e3o Cat\u00f3lica: Ouvir como a Virgem e os Santos<\/strong><\/h3>\n\n\n\n<p>A Igreja v\u00ea nesta frase um eco de&nbsp;<em>Maria, a primeira ouvinte<\/em>:&nbsp;<em>&#8220;Maria conservava todas estas palavras, meditando-as em seu cora\u00e7\u00e3o&#8221;<\/em>&nbsp;(Lucas 2:19). Ela \u00e9 o modelo da&nbsp;<em>escuta ativa<\/em>:<\/p>\n\n\n\n<ol start=\"1\" class=\"wp-block-list\">\n<li><strong>Aten\u00e7\u00e3o<\/strong>: Sem distra\u00e7\u00f5es (cf. Lucas 10:39, Maria aos p\u00e9s de Jesus).<\/li>\n\n\n\n<li><strong>Medita\u00e7\u00e3o<\/strong>: Interiorizando a Palavra (como na\u00a0<em>Lectio Divina<\/em>).<\/li>\n\n\n\n<li><strong>A\u00e7\u00e3o<\/strong>: &#8220;Fazei tudo o que Ele vos disser&#8221; (Jo\u00e3o 2:5).<\/li>\n<\/ol>\n\n\n\n<p>Os Padres da Igreja (como S\u00e3o Jo\u00e3o Cris\u00f3stomo) insistiam:&nbsp;<em>&#8220;N\u00e3o basta ouvir; \u00e9 preciso obedecer&#8221;<\/em>. A escuta aut\u00eantica leva \u00e0&nbsp;<em>convers\u00e3o<\/em>, como na par\u00e1bola do filho pr\u00f3digo (Lucas 15), onde o pai&nbsp;<em>ouve<\/em>&nbsp;o arrependimento do filho.<\/p>\n\n\n\n<hr class=\"wp-block-separator has-alpha-channel-opacity\"\/>\n\n\n\n<h3 class=\"wp-block-heading\"><strong>III. Aplica\u00e7\u00e3o pr\u00e1tica: Como &#8220;ouvir&#8221; hoje?<\/strong><\/h3>\n\n\n\n<p>Numa era de&nbsp;<em>ru\u00eddo espiritual<\/em>&nbsp;(redes sociais, secularismo, pressa), como cultivar esta escuta?<\/p>\n\n\n\n<h4 class=\"wp-block-heading\"><strong>1. Sil\u00eancio interior<\/strong><\/h4>\n\n\n\n<ul class=\"wp-block-list\">\n<li><strong>Exemplo<\/strong>: O profeta Elias ouviu Deus\u00a0<em>&#8220;num suave murm\u00fario&#8221;<\/em>\u00a0(1 Reis 19:12).<\/li>\n\n\n\n<li><strong>A\u00e7\u00e3o<\/strong>: Dedique 5 minutos di\u00e1rios ao sil\u00eancio, longe de telas.<\/li>\n<\/ul>\n\n\n\n<h4 class=\"wp-block-heading\"><strong>2. Discernimento<\/strong><\/h4>\n\n\n\n<ul class=\"wp-block-list\">\n<li><strong>Perigo<\/strong>: &#8220;Ouvir sem entender&#8221; (Mateus 13:13), como os fariseus que fechavam o cora\u00e7\u00e3o.<\/li>\n\n\n\n<li><strong>Solu\u00e7\u00e3o<\/strong>: Examine quais vozes alimentam sua alma (fofocas? cr\u00edticas? Escritura?).<\/li>\n<\/ul>\n\n\n\n<h4 class=\"wp-block-heading\"><strong>3. Obedi\u00eancia fiel<\/strong><\/h4>\n\n\n\n<ul class=\"wp-block-list\">\n<li><strong>Chave<\/strong>: A escuta culmina na\u00a0<em>a\u00e7\u00e3o<\/em>. Como diz Tiago 1:22:\u00a0<em>&#8220;Sede praticantes da Palavra&#8221;<\/em>.<\/li>\n\n\n\n<li><strong>Exemplo<\/strong>: S\u00e3o Bento ensinava:\u00a0<em>&#8220;Ou\u00e7a com os ouvidos do cora\u00e7\u00e3o&#8221;<\/em>\u00a0(Regra, Pr\u00f3logo).<\/li>\n<\/ul>\n\n\n\n<hr class=\"wp-block-separator has-alpha-channel-opacity\"\/>\n\n\n\n<h3 class=\"wp-block-heading\"><strong>IV. Desafios atuais: As surdez modernas<\/strong><\/h3>\n\n\n\n<p>O mundo hoje sofre de&nbsp;<em>surdez<\/em>&nbsp;que Cristo j\u00e1 diagnosticara:<\/p>\n\n\n\n<ol start=\"1\" class=\"wp-block-list\">\n<li><strong>Relativismo<\/strong>: &#8220;Ou\u00e7o s\u00f3 o que me agrada&#8221;.<\/li>\n\n\n\n<li><strong>Superficialidade<\/strong>: Ouvir Deus como\u00a0<em>ru\u00eddo de fundo<\/em>, n\u00e3o como centro.<\/li>\n\n\n\n<li><strong>Medo<\/strong>: Como o jovem rico (Marcos 10:22), que\u00a0<em>ouviu<\/em>\u00a0mas n\u00e3o quis mudar.<\/li>\n<\/ol>\n\n\n\n<p>A solu\u00e7\u00e3o \u00e9&nbsp;<em>f\u00e9 audaz<\/em>: como Zaqueu (Lucas 19), que&nbsp;<em>ouviu<\/em>&nbsp;Jesus e agiu.<\/p>\n\n\n\n<hr class=\"wp-block-separator has-alpha-channel-opacity\"\/>\n\n\n\n<h3 class=\"wp-block-heading\"><strong>Conclus\u00e3o: Um convite \u00e0 audi\u00e7\u00e3o sobrenatural<\/strong><\/h3>\n\n\n\n<p>Cristo n\u00e3o busca ouvintes passivos, mas&nbsp;<em>disc\u00edpulos que ouvem e vivem<\/em>.&nbsp;<em>&#8220;Quem tem ouvidos&#8230;&#8221;<\/em>&nbsp;\u00e9 um chamado pessoal:&nbsp;<em>O que Deus lhe diz hoje?<\/em>&nbsp;Onde voc\u00ea precisa se converter?<\/p>\n\n\n\n<p>Como ensinava Santa Teresa:&nbsp;<em>&#8220;Fala, Senhor, que teu servo escuta&#8221;<\/em>. Que nossa resposta seja a de Samuel (1 Samuel 3:10), de Maria, dos santos:&nbsp;<em>abrir a alma<\/em>&nbsp;para que a semente da Palavra d\u00ea fruto.<\/p>\n\n\n\n<p><strong>Para reflex\u00e3o<\/strong>:&nbsp;<em>&#8220;Hoje, se ouvirdes a sua voz, n\u00e3o endure\u00e7ais os vossos cora\u00e7\u00f5es&#8221;<\/em>&nbsp;(Salmo 95:7-8).<\/p>\n\n\n\n<hr class=\"wp-block-separator has-alpha-channel-opacity\"\/>\n\n\n\n<p>Este artigo \u00e9 apenas um ponto de partida. A Verdade se descobre&nbsp;<em>ouvindo<\/em>, mas sobretudo&nbsp;<em>amando<\/em>. Que o Esp\u00edrito Santo nos d\u00ea&nbsp;<em>ouvidos<\/em>&nbsp;para ouvi-Lo.<\/p>\n","protected":false},"excerpt":{"rendered":"<p>Introdu\u00e7\u00e3o: Um eco que ressoa do Cora\u00e7\u00e3o de Cristo Num mundo saturado de palavras, onde as opini\u00f5es se multiplicam e as vozes competem por aten\u00e7\u00e3o, as palavras de Jesus Cristo \u2014&nbsp;&#8220;Quem tem ouvidos para ouvir, que ou\u00e7a&#8221;&nbsp;(Mateus 11:15) \u2014 emergem como um chamado urgente e eterno. N\u00e3o \u00e9 um convite passivo, mas uma exig\u00eancia divina &hellip;<\/p>\n","protected":false},"author":3,"featured_media":4205,"comment_status":"open","ping_status":"open","sticky":false,"template":"","format":"standard","meta":{"_seopress_robots_primary_cat":"","_seopress_titles_title":"","_seopress_titles_desc":"","_seopress_robots_index":"","footnotes":""},"categories":[37,45],"tags":[1512],"class_list":["post-4204","post","type-post","status-publish","format-standard","has-post-thumbnail","","category-doutrina-e-fe","category-sagradas-escrituras","tag-quem-tem-ouvidos-para-ouvir"],"_links":{"self":[{"href":"https:\/\/catholicus.eu\/pt\/wp-json\/wp\/v2\/posts\/4204","targetHints":{"allow":["GET"]}}],"collection":[{"href":"https:\/\/catholicus.eu\/pt\/wp-json\/wp\/v2\/posts"}],"about":[{"href":"https:\/\/catholicus.eu\/pt\/wp-json\/wp\/v2\/types\/post"}],"author":[{"embeddable":true,"href":"https:\/\/catholicus.eu\/pt\/wp-json\/wp\/v2\/users\/3"}],"replies":[{"embeddable":true,"href":"https:\/\/catholicus.eu\/pt\/wp-json\/wp\/v2\/comments?post=4204"}],"version-history":[{"count":1,"href":"https:\/\/catholicus.eu\/pt\/wp-json\/wp\/v2\/posts\/4204\/revisions"}],"predecessor-version":[{"id":4206,"href":"https:\/\/catholicus.eu\/pt\/wp-json\/wp\/v2\/posts\/4204\/revisions\/4206"}],"wp:featuredmedia":[{"embeddable":true,"href":"https:\/\/catholicus.eu\/pt\/wp-json\/wp\/v2\/media\/4205"}],"wp:attachment":[{"href":"https:\/\/catholicus.eu\/pt\/wp-json\/wp\/v2\/media?parent=4204"}],"wp:term":[{"taxonomy":"category","embeddable":true,"href":"https:\/\/catholicus.eu\/pt\/wp-json\/wp\/v2\/categories?post=4204"},{"taxonomy":"post_tag","embeddable":true,"href":"https:\/\/catholicus.eu\/pt\/wp-json\/wp\/v2\/tags?post=4204"}],"curies":[{"name":"wp","href":"https:\/\/api.w.org\/{rel}","templated":true}]}}