{"id":4201,"date":"2025-06-09T22:09:52","date_gmt":"2025-06-09T20:09:52","guid":{"rendered":"https:\/\/catholicus.eu\/pt\/?p=4201"},"modified":"2025-06-09T22:09:53","modified_gmt":"2025-06-09T20:09:53","slug":"una-santa-catolica-e-apostolica-as-quatro-marcas-da-igreja-que-podem-salvar-a-sua-vida-sim-a-sua","status":"publish","type":"post","link":"https:\/\/catholicus.eu\/pt\/una-santa-catolica-e-apostolica-as-quatro-marcas-da-igreja-que-podem-salvar-a-sua-vida-sim-a-sua\/","title":{"rendered":"Una, Santa, Cat\u00f3lica e Apost\u00f3lica: As quatro marcas da Igreja que podem salvar a sua vida (Sim, a sua!)"},"content":{"rendered":"\n<h3 class=\"wp-block-heading\">Introdu\u00e7\u00e3o: Um farol na noite do s\u00e9culo XXI<\/h3>\n\n\n\n<p>Num mundo cheio de confus\u00e3o, relativismo e desconfian\u00e7a da verdade, ainda existe uma b\u00fassola espiritual que aponta claramente para Cristo: <strong>as quatro marcas da Igreja<\/strong>. Elas n\u00e3o s\u00e3o um conceito teol\u00f3gico ultrapassado, mas um <strong>caminho luminoso<\/strong> para viver hoje uma f\u00e9 plena, coerente e profundamente libertadora.<\/p>\n\n\n\n<p><strong>O que significa afirmar que a Igreja \u00e9 una, santa, cat\u00f3lica e apost\u00f3lica?<\/strong><br>\u00c9 apenas uma f\u00f3rmula do Credo ou um <strong>chamado urgente<\/strong> para a sua pr\u00f3pria vida?<br>Este artigo vai explicar essas marcas de forma clara e profunda, mas tamb\u00e9m <strong>concreta<\/strong>, para ajud\u00e1-lo a viv\u00ea-las <strong>na sua vida di\u00e1ria, na sua fam\u00edlia, na sua par\u00f3quia e no seu cora\u00e7\u00e3o.<\/strong><\/p>\n\n\n\n<hr class=\"wp-block-separator has-alpha-channel-opacity\"\/>\n\n\n\n<h3 class=\"wp-block-heading\">I. De onde vem essa doutrina?<\/h3>\n\n\n\n<p>As quatro marcas da Igreja s\u00e3o proclamadas solenemente no <strong>Credo Niceno-Constantinopolitano<\/strong>, definido nos Conc\u00edlios de Niceia (325) e Constantinopla (381), e que professamos todos os domingos na Missa:<\/p>\n\n\n\n<blockquote class=\"wp-block-quote is-layout-flow wp-block-quote-is-layout-flow\">\n<p>\u201cCreio na Igreja una, santa, cat\u00f3lica e apost\u00f3lica.\u201d<\/p>\n<\/blockquote>\n\n\n\n<p>Essas marcas n\u00e3o s\u00e3o atributos opcionais ou simb\u00f3licos. S\u00e3o <strong>propriedades essenciais<\/strong> que caracterizam a verdadeira Igreja fundada por Jesus Cristo, como ensina o Catecismo da Igreja Cat\u00f3lica (\u00a7811\u2013870).<br>S\u00e3o Cirilo de Jerusal\u00e9m, em suas Catequeses, afirmava:<\/p>\n\n\n\n<blockquote class=\"wp-block-quote is-layout-flow wp-block-quote-is-layout-flow\">\n<p>\u201cA Igreja \u00e9 chamada cat\u00f3lica porque est\u00e1 espalhada por toda parte e ensina universal e infalivelmente todas as verdades necess\u00e1rias para a salva\u00e7\u00e3o.\u201d<\/p>\n<\/blockquote>\n\n\n\n<hr class=\"wp-block-separator has-alpha-channel-opacity\"\/>\n\n\n\n<h3 class=\"wp-block-heading\">II. <strong>UNA: Porque h\u00e1 um s\u00f3 Senhor, uma s\u00f3 f\u00e9, um s\u00f3 batismo<\/strong><\/h3>\n\n\n\n<h4 class=\"wp-block-heading\"><strong>Fundamento teol\u00f3gico<\/strong><\/h4>\n\n\n\n<p>A unidade da Igreja tem sua raiz na unidade de Deus:<\/p>\n\n\n\n<blockquote class=\"wp-block-quote is-layout-flow wp-block-quote-is-layout-flow\">\n<p>\u201cH\u00e1 um s\u00f3 corpo e um s\u00f3 Esp\u00edrito, como tamb\u00e9m fostes chamados para uma s\u00f3 esperan\u00e7a da vossa voca\u00e7\u00e3o; um s\u00f3 Senhor, uma s\u00f3 f\u00e9, um s\u00f3 batismo, um s\u00f3 Deus e Pai de todos\u201d (Ef\u00e9sios 4, 4\u20136).<\/p>\n<\/blockquote>\n\n\n\n<p>Essa unidade se manifesta em tr\u00eas n\u00edveis:<\/p>\n\n\n\n<ol class=\"wp-block-list\">\n<li><strong>Unidade da f\u00e9<\/strong>: Todos os membros da Igreja professam a mesma f\u00e9.<\/li>\n\n\n\n<li><strong>Unidade dos sacramentos<\/strong>: Especialmente na Eucaristia, que \u00e9 o centro e fonte da comunh\u00e3o.<\/li>\n\n\n\n<li><strong>Unidade do governo<\/strong>: O Papa, sucessor de Pedro, e os bispos em comunh\u00e3o com ele.<\/li>\n<\/ol>\n\n\n\n<h4 class=\"wp-block-heading\"><strong>Aplica\u00e7\u00e3o pastoral<\/strong><\/h4>\n\n\n\n<p>Viver hoje essa unidade significa:<\/p>\n\n\n\n<ul class=\"wp-block-list\">\n<li>Rejeitar o relativismo doutrinal. N\u00e3o existe \u201cminha verdade\u201d e \u201csua verdade\u201d, mas <strong>a Verdade<\/strong>, que \u00e9 Cristo.<\/li>\n\n\n\n<li><strong>Promover a unidade na sua par\u00f3quia<\/strong>, n\u00e3o uma uniformidade for\u00e7ada, mas comunh\u00e3o na caridade.<\/li>\n\n\n\n<li>Evitar divis\u00f5es internas: cr\u00edticas destrutivas, murmura\u00e7\u00f5es, rivalidades, que rasgam o Corpo de Cristo.<\/li>\n<\/ul>\n\n\n\n<hr class=\"wp-block-separator has-alpha-channel-opacity\"\/>\n\n\n\n<h3 class=\"wp-block-heading\">III. <strong>SANTA: Porque seu Esposo \u00e9 santo e nos chama \u00e0 santidade<\/strong><\/h3>\n\n\n\n<h4 class=\"wp-block-heading\"><strong>Fundamento teol\u00f3gico<\/strong><\/h4>\n\n\n\n<p>A Igreja \u00e9 santa <strong>n\u00e3o porque seus membros sejam perfeitos<\/strong>, mas porque \u00e9 santo o seu Fundador, santa \u00e9 a sua doutrina, santos s\u00e3o os meios que ela oferece para a santifica\u00e7\u00e3o.<\/p>\n\n\n\n<blockquote class=\"wp-block-quote is-layout-flow wp-block-quote-is-layout-flow\">\n<p>\u201cCristo amou a Igreja e se entregou por ela, para santific\u00e1-la\u201d (Ef\u00e9sios 5, 25\u201326).<\/p>\n<\/blockquote>\n\n\n\n<p>Essa santidade se realiza <strong>atrav\u00e9s dos sacramentos, da Palavra de Deus e do testemunho dos santos<\/strong>, que s\u00e3o a verdadeira \u201cbiografia\u201d da Igreja.<\/p>\n\n\n\n<h4 class=\"wp-block-heading\"><strong>Mas como a Igreja pode ser santa com todos os esc\u00e2ndalos que viveu?<\/strong><\/h4>\n\n\n\n<p>Pergunta leg\u00edtima, dolorosa, mas necess\u00e1ria. A resposta \u00e9 clara:<br><strong>A santidade da Igreja \u00e9 um dom divino, n\u00e3o uma estat\u00edstica moral.<\/strong><br>Os pecados dos seus membros s\u00e3o uma trai\u00e7\u00e3o \u00e0 sua identidade, n\u00e3o a sua defini\u00e7\u00e3o. Como disse o Papa Bento XVI:<\/p>\n\n\n\n<blockquote class=\"wp-block-quote is-layout-flow wp-block-quote-is-layout-flow\">\n<p>\u201cA Igreja n\u00e3o \u00e9 a comunidade dos perfeitos, mas o lugar da cura.\u201d<\/p>\n<\/blockquote>\n\n\n\n<h4 class=\"wp-block-heading\"><strong>Aplica\u00e7\u00e3o pastoral<\/strong><\/h4>\n\n\n\n<p>Voc\u00ea tamb\u00e9m pode ser santo. Hoje. Exatamente onde est\u00e1.<\/p>\n\n\n\n<ul class=\"wp-block-list\">\n<li>Aproxime-se com frequ\u00eancia do sacramento da Reconcilia\u00e7\u00e3o.<\/li>\n\n\n\n<li>Deixe-se transformar pela Eucaristia.<\/li>\n\n\n\n<li>Imite os santos, n\u00e3o os mornos.<\/li>\n<\/ul>\n\n\n\n<hr class=\"wp-block-separator has-alpha-channel-opacity\"\/>\n\n\n\n<h3 class=\"wp-block-heading\">IV. <strong>CAT\u00d3LICA: Porque \u00e9 universal no espa\u00e7o, no tempo e na doutrina<\/strong><\/h3>\n\n\n\n<h4 class=\"wp-block-heading\"><strong>Fundamento teol\u00f3gico<\/strong><\/h4>\n\n\n\n<p>\u201cCat\u00f3lica\u201d significa <strong>universal<\/strong>. A Igreja \u00e9 aberta a todos, anuncia toda a verdade e oferece todos os meios de salva\u00e7\u00e3o.<\/p>\n\n\n\n<blockquote class=\"wp-block-quote is-layout-flow wp-block-quote-is-layout-flow\">\n<p>\u201cIde por todo o mundo e pregai o Evangelho a toda criatura\u201d (Marcos 16, 15).<\/p>\n<\/blockquote>\n\n\n\n<p>Isso implica que:<\/p>\n\n\n\n<ul class=\"wp-block-list\">\n<li>A Igreja est\u00e1 presente entre todos os povos.<\/li>\n\n\n\n<li>Anuncia a f\u00e9 na sua totalidade, n\u00e3o em partes.<\/li>\n\n\n\n<li>\u00c9 destinada a todos os homens \u2013 sem exce\u00e7\u00f5es.<\/li>\n<\/ul>\n\n\n\n<h4 class=\"wp-block-heading\"><strong>Catolicidade e miss\u00e3o<\/strong><\/h4>\n\n\n\n<p>A Igreja n\u00e3o \u00e9 uma seita local, nem uma ONG moderna. \u00c9 uma <strong>fam\u00edlia universal<\/strong>, que abra\u00e7a ricos e pobres, s\u00e1bios e simples, santos e pecadores em caminho.<br>E \u00e9 <strong>permanentemente mission\u00e1ria<\/strong>, mesmo em tempos dif\u00edceis.<\/p>\n\n\n\n<h4 class=\"wp-block-heading\"><strong>Aplica\u00e7\u00e3o pastoral<\/strong><\/h4>\n\n\n\n<p>Voc\u00ea \u00e9 um \u201ccat\u00f3lico de nome\u201d ou um cat\u00f3lico com um <strong>cora\u00e7\u00e3o universal<\/strong>?<\/p>\n\n\n\n<ul class=\"wp-block-list\">\n<li>Conhe\u00e7a toda a doutrina da Igreja, n\u00e3o apenas a que lhe agrada.<\/li>\n\n\n\n<li>Participe da vida da Igreja tamb\u00e9m al\u00e9m dos limites da sua par\u00f3quia.<\/li>\n\n\n\n<li>Reze pelos crist\u00e3os perseguidos, pelos mission\u00e1rios, pela unidade dos povos.<\/li>\n<\/ul>\n\n\n\n<hr class=\"wp-block-separator has-alpha-channel-opacity\"\/>\n\n\n\n<h3 class=\"wp-block-heading\">V. <strong>APOST\u00d3LICA: Porque fundada sobre os ap\u00f3stolos e sua doutrina<\/strong><\/h3>\n\n\n\n<h4 class=\"wp-block-heading\"><strong>Fundamento teol\u00f3gico<\/strong><\/h4>\n\n\n\n<p>A Igreja \u00e9 apost\u00f3lica porque:<\/p>\n\n\n\n<ol class=\"wp-block-list\">\n<li>Foi constru\u00edda sobre o fundamento dos ap\u00f3stolos (Ef\u00e9sios 2, 20).<\/li>\n\n\n\n<li>Guarda fielmente sua doutrina.<\/li>\n\n\n\n<li>\u00c9 guiada pelos sucessores dos ap\u00f3stolos: o Papa e os bispos.<\/li>\n<\/ol>\n\n\n\n<p>Essa sucess\u00e3o apost\u00f3lica <strong>garante a fidelidade<\/strong> ao Evangelho. N\u00f3s n\u00e3o seguimos um cristianismo moderno, mas a mesma f\u00e9 confiada por Cristo aos Doze.<\/p>\n\n\n\n<h4 class=\"wp-block-heading\"><strong>Aplica\u00e7\u00e3o pastoral<\/strong><\/h4>\n\n\n\n<ul class=\"wp-block-list\">\n<li>Confie no Magist\u00e9rio da Igreja. Nem tudo o que se encontra na internet \u00e9 doutrina cat\u00f3lica.<\/li>\n\n\n\n<li>Ame e reze pelos seus bispos, mesmo quando n\u00e3o concordar com algumas de suas decis\u00f5es.<\/li>\n\n\n\n<li>Estude seriamente a sua f\u00e9. N\u00e3o se pode amar aquilo que n\u00e3o se conhece.<\/li>\n<\/ul>\n\n\n\n<hr class=\"wp-block-separator has-alpha-channel-opacity\"\/>\n\n\n\n<h3 class=\"wp-block-heading\">VI. Por que tudo isso \u00e9 MUITO IMPORTANTE hoje?<\/h3>\n\n\n\n<p>Porque sem essas marcas, a Igreja seria apenas uma ONG, uma institui\u00e7\u00e3o ultrapassada ou um grupo espiritual entre tantos.<br>Mas <strong>com essas marcas<\/strong>, a Igreja \u00e9 a Arca da Salva\u00e7\u00e3o, o Corpo M\u00edstico de Cristo, a Esposa imaculada a caminho do Reino.<\/p>\n\n\n\n<h3 class=\"wp-block-heading\">Em tempos de confus\u00e3o\u2026<\/h3>\n\n\n\n<ul class=\"wp-block-list\">\n<li>A unidade \u00e9 o rem\u00e9dio contra o caos.<\/li>\n\n\n\n<li>A santidade \u00e9 a resposta ao pecado.<\/li>\n\n\n\n<li>A catolicidade \u00e9 o ant\u00eddoto contra tribalismos e ideologias.<\/li>\n\n\n\n<li>A apostolicidade \u00e9 o escudo contra falsas doutrinas.<\/li>\n<\/ul>\n\n\n\n<hr class=\"wp-block-separator has-alpha-channel-opacity\"\/>\n\n\n\n<h3 class=\"wp-block-heading\">Conclus\u00e3o: E voc\u00ea? Se reconhece nessas marcas?<\/h3>\n\n\n\n<p>N\u00e3o basta que a Igreja possua essas caracter\u00edsticas. <strong>Voc\u00ea tamb\u00e9m \u00e9 chamado a viv\u00ea-las<\/strong>:<\/p>\n\n\n\n<ul class=\"wp-block-list\">\n<li><strong>Seja um com seus irm\u00e3os, n\u00e3o um divisor.<\/strong><\/li>\n\n\n\n<li><strong>Busque a santidade pessoal atrav\u00e9s dos sacramentos.<\/strong><\/li>\n\n\n\n<li><strong>Viva toda a f\u00e9, n\u00e3o apenas a que \u00e9 confort\u00e1vel.<\/strong><\/li>\n\n\n\n<li><strong>Siga os ap\u00f3stolos, n\u00e3o os influenciadores.<\/strong><\/li>\n<\/ul>\n\n\n\n<p>Reze com humildade:<\/p>\n\n\n\n<blockquote class=\"wp-block-quote is-layout-flow wp-block-quote-is-layout-flow\">\n<p>\u201cSenhor, eu Te agrade\u00e7o pela Tua Igreja, una, santa, cat\u00f3lica e apost\u00f3lica. Torna-me um filho digno dessa M\u00e3e. Que eu seja uma pedra viva do Teu Templo, e que atrav\u00e9s da minha vida outros possam ver o Teu rosto.\u201d<\/p>\n<\/blockquote>\n\n\n\n<hr class=\"wp-block-separator has-alpha-channel-opacity\"\/>\n\n\n\n<h3 class=\"wp-block-heading\">Para aprofundar e rezar:<\/h3>\n\n\n\n<ul class=\"wp-block-list\">\n<li><strong>Catecismo da Igreja Cat\u00f3lica \u00a7\u00a7811\u2013870<\/strong><\/li>\n\n\n\n<li><strong>Ef\u00e9sios 4, 1\u201316<\/strong><\/li>\n\n\n\n<li><strong>Atos dos Ap\u00f3stolos<\/strong> (todo o livro \u2013 um exemplo vivo de Igreja una, santa, cat\u00f3lica e apost\u00f3lica)<\/li>\n<\/ul>\n\n\n\n<hr class=\"wp-block-separator has-alpha-channel-opacity\"\/>\n\n\n\n<p>Este texto falou ao seu cora\u00e7\u00e3o?<br>Ent\u00e3o compartilhe. Viva-o. E n\u00e3o se esque\u00e7a: <strong>A Igreja n\u00e3o \u00e9 perfeita porque voc\u00ea ainda n\u00e3o \u00e9. Mas \u00e9 santa, porque Cristo vive nela.<\/strong><br>E em Cristo, <strong>voc\u00ea tamb\u00e9m pode ser luz para este mundo ferido.<\/strong><\/p>\n","protected":false},"excerpt":{"rendered":"<p>Introdu\u00e7\u00e3o: Um farol na noite do s\u00e9culo XXI Num mundo cheio de confus\u00e3o, relativismo e desconfian\u00e7a da verdade, ainda existe uma b\u00fassola espiritual que aponta claramente para Cristo: as quatro marcas da Igreja. Elas n\u00e3o s\u00e3o um conceito teol\u00f3gico ultrapassado, mas um caminho luminoso para viver hoje uma f\u00e9 plena, coerente e profundamente libertadora. O &hellip;<\/p>\n","protected":false},"author":3,"featured_media":4202,"comment_status":"open","ping_status":"open","sticky":false,"template":"","format":"standard","meta":{"_seopress_robots_primary_cat":"","_seopress_titles_title":"","_seopress_titles_desc":"","_seopress_robots_index":"","footnotes":""},"categories":[43,37],"tags":[1511],"class_list":["post-4201","post","type-post","status-publish","format-standard","has-post-thumbnail","","category-catecismo-da-igreja-catolica","category-doutrina-e-fe","tag-quatro-marcas-da-igreja"],"_links":{"self":[{"href":"https:\/\/catholicus.eu\/pt\/wp-json\/wp\/v2\/posts\/4201","targetHints":{"allow":["GET"]}}],"collection":[{"href":"https:\/\/catholicus.eu\/pt\/wp-json\/wp\/v2\/posts"}],"about":[{"href":"https:\/\/catholicus.eu\/pt\/wp-json\/wp\/v2\/types\/post"}],"author":[{"embeddable":true,"href":"https:\/\/catholicus.eu\/pt\/wp-json\/wp\/v2\/users\/3"}],"replies":[{"embeddable":true,"href":"https:\/\/catholicus.eu\/pt\/wp-json\/wp\/v2\/comments?post=4201"}],"version-history":[{"count":1,"href":"https:\/\/catholicus.eu\/pt\/wp-json\/wp\/v2\/posts\/4201\/revisions"}],"predecessor-version":[{"id":4203,"href":"https:\/\/catholicus.eu\/pt\/wp-json\/wp\/v2\/posts\/4201\/revisions\/4203"}],"wp:featuredmedia":[{"embeddable":true,"href":"https:\/\/catholicus.eu\/pt\/wp-json\/wp\/v2\/media\/4202"}],"wp:attachment":[{"href":"https:\/\/catholicus.eu\/pt\/wp-json\/wp\/v2\/media?parent=4201"}],"wp:term":[{"taxonomy":"category","embeddable":true,"href":"https:\/\/catholicus.eu\/pt\/wp-json\/wp\/v2\/categories?post=4201"},{"taxonomy":"post_tag","embeddable":true,"href":"https:\/\/catholicus.eu\/pt\/wp-json\/wp\/v2\/tags?post=4201"}],"curies":[{"name":"wp","href":"https:\/\/api.w.org\/{rel}","templated":true}]}}