{"id":4194,"date":"2025-06-09T00:26:57","date_gmt":"2025-06-08T22:26:57","guid":{"rendered":"https:\/\/catholicus.eu\/pt\/?p=4194"},"modified":"2025-06-09T00:26:57","modified_gmt":"2025-06-08T22:26:57","slug":"fitness-e-catolicismo-cuidar-do-templo-do-espirito-santo-com-sabedoria-e-virtude","status":"publish","type":"post","link":"https:\/\/catholicus.eu\/pt\/fitness-e-catolicismo-cuidar-do-templo-do-espirito-santo-com-sabedoria-e-virtude\/","title":{"rendered":"Fitness e Catolicismo: Cuidar do Templo do Esp\u00edrito Santo com Sabedoria e Virtude"},"content":{"rendered":"\n<p><em>&#8220;Acaso n\u00e3o sabeis que o vosso corpo \u00e9 templo do Esp\u00edrito Santo, que habita em v\u00f3s, o qual recebestes de Deus, e que n\u00e3o sois de v\u00f3s mesmos? Porque fostes comprados por pre\u00e7o; glorificai, pois, a Deus no vosso corpo e no vosso esp\u00edrito, os quais pertencem a Deus.&#8221;<\/em>&nbsp;(1 Cor\u00edntios 6:19-20)<\/p>\n\n\n\n<h2 class=\"wp-block-heading\"><strong>Introdu\u00e7\u00e3o: O Corpo como Dom Sagrado<\/strong><\/h2>\n\n\n\n<p>Num mundo obcecado com a apar\u00eancia f\u00edsica, performance atl\u00e9tica e busca da eterna juventude, o cat\u00f3lico deve perguntar-se:&nbsp;<em>Qual o verdadeiro prop\u00f3sito de cuidar do corpo?<\/em>&nbsp;A resposta n\u00e3o est\u00e1 nos padr\u00f5es mundanos, mas na sabedoria eterna da Igreja, que nos ensina que nosso corpo n\u00e3o \u00e9 mero instrumento para prazer ou vaidade, mas um&nbsp;<em>templo sagrado<\/em>&nbsp;onde habita o Esp\u00edrito Santo.<\/p>\n\n\n\n<p>O fitness, entendido pela f\u00e9, n\u00e3o \u00e9 fim em si mesmo, mas meio para glorificar Deus, fortalecer virtudes e servir melhor ao pr\u00f3ximo. Neste artigo exploraremos:<\/p>\n\n\n\n<ol start=\"1\" class=\"wp-block-list\">\n<li><strong>A vis\u00e3o b\u00edblica e teol\u00f3gica do corpo humano<\/strong><\/li>\n\n\n\n<li><strong>O equil\u00edbrio entre cuidado f\u00edsico e vida espiritual<\/strong><\/li>\n\n\n\n<li><strong>Os perigos do excesso: quando o fitness vira idolatria<\/strong><\/li>\n\n\n\n<li><strong>Um guia pr\u00e1tico para integrar fitness na vida cat\u00f3lica<\/strong><\/li>\n<\/ol>\n\n\n\n<hr class=\"wp-block-separator has-alpha-channel-opacity\"\/>\n\n\n\n<h2 class=\"wp-block-heading\"><strong>I. O Corpo na B\u00edblia e Doutrina Cat\u00f3lica<\/strong><\/h2>\n\n\n\n<h3 class=\"wp-block-heading\"><strong>1. O corpo como cria\u00e7\u00e3o divina<\/strong><\/h3>\n\n\n\n<p>Desde o G\u00eanesis, Deus declara o homem&nbsp;<em>&#8220;muito bom&#8221;<\/em>&nbsp;(G\u00eanesis 1:31). O corpo n\u00e3o \u00e9 pris\u00e3o da alma (como pensavam os gn\u00f3sticos), mas obra-prima de Deus, destinado \u00e0 ressurrei\u00e7\u00e3o (1 Cor\u00edntios 15:42-44).<\/p>\n\n\n\n<p>S\u00e3o Paulo exorta:<br><em>&#8220;Rogo-vos pois, irm\u00e3os, pela miseric\u00f3rdia de Deus, que apresenteis os vossos corpos como sacrif\u00edcio vivo, santo e agrad\u00e1vel a Deus, que \u00e9 o vosso culto racional.&#8221;<\/em>&nbsp;(Romanos 12:1)<\/p>\n\n\n\n<h3 class=\"wp-block-heading\"><strong>2. Cristo, o Verbo Encarnado, santificou a mat\u00e9ria<\/strong><\/h3>\n\n\n\n<p>A Encarna\u00e7\u00e3o de Cristo elevou a dignidade do corpo. Jesus trabalhou com suas m\u00e3os, caminhou longas dist\u00e2ncias e ressuscitou&nbsp;<em>em corpo e alma<\/em>. A Igreja sempre promoveu o&nbsp;<em>equil\u00edbrio<\/em>&nbsp;entre cuidado corporal e crescimento espiritual.<\/p>\n\n\n\n<h3 class=\"wp-block-heading\"><strong>3. A doutrina cat\u00f3lica sobre a temperan\u00e7a<\/strong><\/h3>\n\n\n\n<p>A virtude da&nbsp;<em>temperan\u00e7a<\/em>&nbsp;(das quatro virtudes cardeais) nos ensina a usar bens materiais &#8211; incluindo sa\u00fade f\u00edsica &#8211; com modera\u00e7\u00e3o. O Catecismo (CCC 2290) adverte contra o&nbsp;<em>culto ao corpo<\/em>&nbsp;e pr\u00e1ticas que o rebaixem a mero objeto de prazer ou vaidade.<\/p>\n\n\n\n<hr class=\"wp-block-separator has-alpha-channel-opacity\"\/>\n\n\n\n<h2 class=\"wp-block-heading\"><strong>II. O Perigo dos Excessos: Quando o Fitness Vira Idolatria<\/strong><\/h2>\n\n\n\n<p>O pecado n\u00e3o est\u00e1 no exerc\u00edcio, mas na&nbsp;<em>inten\u00e7\u00e3o desordenada<\/em>. Sinais de que o fitness deixou de ser virtuoso:<\/p>\n\n\n\n<h3 class=\"wp-block-heading\"><strong>1. Vaidade e soberba<\/strong><\/h3>\n\n\n\n<p>Se a academia vira altar onde se adora o pr\u00f3prio reflexo, ca\u00edmos no erro de Narciso. Jesus advertia:&nbsp;<em>&#8220;Que aproveita ao homem ganhar o mundo inteiro e perder a sua alma?&#8221;<\/em>&nbsp;(Marcos 8:36)<\/p>\n\n\n\n<h3 class=\"wp-block-heading\"><strong>2. Obsess\u00e3o est\u00e9tica<\/strong><\/h3>\n\n\n\n<p>Quando buscar o &#8220;corpo perfeito&#8221; leva a dietas radicais, cirurgias desnecess\u00e1rias ou suplementos perigosos, esquecemos que a verdadeira beleza \u00e9 a&nbsp;<em>santidade<\/em>.<\/p>\n\n\n\n<h3 class=\"wp-block-heading\"><strong>3. Neglig\u00eancia de deveres espirituais e familiares<\/strong><\/h3>\n\n\n\n<p>Se treinos atrapalham a Missa dominical, ora\u00e7\u00e3o ou tempo em fam\u00edlia, tornou-se \u00eddolo.<\/p>\n\n\n\n<hr class=\"wp-block-separator has-alpha-channel-opacity\"\/>\n\n\n\n<h2 class=\"wp-block-heading\"><strong>III. Guia Pr\u00e1tico: Fitness com Vis\u00e3o Cat\u00f3lica<\/strong><\/h2>\n\n\n\n<h3 class=\"wp-block-heading\"><strong>1. Ofere\u00e7a seu exerc\u00edcio como ora\u00e7\u00e3o<\/strong><\/h3>\n\n\n\n<ul class=\"wp-block-list\">\n<li><em>&#8220;Cada gota de suor, por amor a Deus&#8221;<\/em><\/li>\n\n\n\n<li>Dedique treinos a inten\u00e7\u00f5es (ex: pelos doentes, santifica\u00e7\u00e3o das fam\u00edlias)<\/li>\n<\/ul>\n\n\n\n<h3 class=\"wp-block-heading\"><strong>2. Busque equil\u00edbrio, n\u00e3o perfei\u00e7\u00e3o mundana<\/strong><\/h3>\n\n\n\n<ul class=\"wp-block-list\">\n<li><strong>3-4 vezes por semana<\/strong>\u00a0bastam para sa\u00fade<\/li>\n\n\n\n<li>Inclua\u00a0<strong>caminhadas na natureza<\/strong>, lembrando que a Cria\u00e7\u00e3o \u00e9 dom de Deus<\/li>\n<\/ul>\n\n\n\n<h3 class=\"wp-block-heading\"><strong>3. Alimente corpo e alma<\/strong><\/h3>\n\n\n\n<ul class=\"wp-block-list\">\n<li>Coma bem, sem obsess\u00f5es<\/li>\n\n\n\n<li>Pratique\u00a0<strong>jejuns ocasionais<\/strong>\u00a0(como nos tempos lit\u00fargicos) para dominar apetites desordenados<\/li>\n<\/ul>\n\n\n\n<h3 class=\"wp-block-heading\"><strong>4. Exercite a caridade<\/strong><\/h3>\n\n\n\n<ul class=\"wp-block-list\">\n<li>Use sua for\u00e7a para servir: carregar compras, obras de miseric\u00f3rdia<\/li>\n\n\n\n<li>Participe de\u00a0<strong>corridas beneficentes<\/strong>\u00a0que apoiam causas justas<\/li>\n<\/ul>\n\n\n\n<hr class=\"wp-block-separator has-alpha-channel-opacity\"\/>\n\n\n\n<h2 class=\"wp-block-heading\"><strong>Conclus\u00e3o: Santificar o Corpo para Gl\u00f3ria de Deus<\/strong><\/h2>\n\n\n\n<p>O fitness cat\u00f3lico n\u00e3o \u00e9 moda, mas&nbsp;<em>disciplina espiritual<\/em>&nbsp;que nos ajuda a viver plenamente nossa voca\u00e7\u00e3o \u00e0 santidade. Como dizia S\u00e3o Jo\u00e3o Paulo II, atleta:&nbsp;<em>&#8220;O corpo humano n\u00e3o \u00e9 apenas instrumento, mas manifesta\u00e7\u00e3o da pessoa.&#8221;<\/em><\/p>\n\n\n\n<p>Que nossa busca por sa\u00fade f\u00edsica nunca ofusque o fim \u00faltimo:&nbsp;<em>a salva\u00e7\u00e3o eterna<\/em>. Que cada esfor\u00e7o seja louvor ao Criador, e ao cuidarmos do corpo, lembremos sempre que ele ressuscitar\u00e1 glorioso.<\/p>\n\n\n\n<p><strong>&#8220;Glorificai a Deus no vosso corpo!&#8221;<\/strong>&nbsp;(1 Cor\u00edntios 6:20)<\/p>\n\n\n\n<hr class=\"wp-block-separator has-alpha-channel-opacity\"\/>\n\n\n\n<p><strong>E voc\u00ea? Como integra fitness na vida espiritual?<\/strong>&nbsp;Compartilhe experi\u00eancias nos coment\u00e1rios!<\/p>\n\n\n\n<p><em>(Se este artigo ajudou, compartilhe com outros cat\u00f3licos buscando viver a f\u00e9 integralmente.)<\/em><\/p>\n\n\n\n<hr class=\"wp-block-separator has-alpha-channel-opacity\"\/>\n\n\n\n<p><strong>\ud83d\udd39 Quer aprofundar?<\/strong>&nbsp;Recomendamos:<\/p>\n\n\n\n<ul class=\"wp-block-list\">\n<li><em>&#8220;Esporte e Vida Crist\u00e3&#8221;<\/em>\u00a0de Jos\u00e9 Pedro Manglano<\/li>\n\n\n\n<li><em>&#8220;Teologia do Corpo&#8221;<\/em>\u00a0de S\u00e3o Jo\u00e3o Paulo II<\/li>\n\n\n\n<li>A enc\u00edclica\u00a0<em>&#8220;Spe Salvi&#8221;<\/em>\u00a0sobre esperan\u00e7a crist\u00e3<\/li>\n<\/ul>\n","protected":false},"excerpt":{"rendered":"<p>&#8220;Acaso n\u00e3o sabeis que o vosso corpo \u00e9 templo do Esp\u00edrito Santo, que habita em v\u00f3s, o qual recebestes de Deus, e que n\u00e3o sois de v\u00f3s mesmos? Porque fostes comprados por pre\u00e7o; glorificai, pois, a Deus no vosso corpo e no vosso esp\u00edrito, os quais pertencem a Deus.&#8221;&nbsp;(1 Cor\u00edntios 6:19-20) Introdu\u00e7\u00e3o: O Corpo como &hellip;<\/p>\n","protected":false},"author":3,"featured_media":4195,"comment_status":"open","ping_status":"open","sticky":false,"template":"","format":"standard","meta":{"_seopress_robots_primary_cat":"","_seopress_titles_title":"","_seopress_titles_desc":"","_seopress_robots_index":"","footnotes":""},"categories":[54,39],"tags":[221,1509],"class_list":["post-4194","post","type-post","status-publish","format-standard","has-post-thumbnail","","category-bioetica-e-questoes-contemporaneas","category-moral-e-vida-crista","tag-catolicismo","tag-fitness"],"_links":{"self":[{"href":"https:\/\/catholicus.eu\/pt\/wp-json\/wp\/v2\/posts\/4194","targetHints":{"allow":["GET"]}}],"collection":[{"href":"https:\/\/catholicus.eu\/pt\/wp-json\/wp\/v2\/posts"}],"about":[{"href":"https:\/\/catholicus.eu\/pt\/wp-json\/wp\/v2\/types\/post"}],"author":[{"embeddable":true,"href":"https:\/\/catholicus.eu\/pt\/wp-json\/wp\/v2\/users\/3"}],"replies":[{"embeddable":true,"href":"https:\/\/catholicus.eu\/pt\/wp-json\/wp\/v2\/comments?post=4194"}],"version-history":[{"count":1,"href":"https:\/\/catholicus.eu\/pt\/wp-json\/wp\/v2\/posts\/4194\/revisions"}],"predecessor-version":[{"id":4196,"href":"https:\/\/catholicus.eu\/pt\/wp-json\/wp\/v2\/posts\/4194\/revisions\/4196"}],"wp:featuredmedia":[{"embeddable":true,"href":"https:\/\/catholicus.eu\/pt\/wp-json\/wp\/v2\/media\/4195"}],"wp:attachment":[{"href":"https:\/\/catholicus.eu\/pt\/wp-json\/wp\/v2\/media?parent=4194"}],"wp:term":[{"taxonomy":"category","embeddable":true,"href":"https:\/\/catholicus.eu\/pt\/wp-json\/wp\/v2\/categories?post=4194"},{"taxonomy":"post_tag","embeddable":true,"href":"https:\/\/catholicus.eu\/pt\/wp-json\/wp\/v2\/tags?post=4194"}],"curies":[{"name":"wp","href":"https:\/\/api.w.org\/{rel}","templated":true}]}}