{"id":4140,"date":"2025-06-01T21:28:38","date_gmt":"2025-06-01T19:28:38","guid":{"rendered":"https:\/\/catholicus.eu\/pt\/?p=4140"},"modified":"2025-06-01T21:35:43","modified_gmt":"2025-06-01T19:35:43","slug":"a-virgem-de-montserrat-a-mae-que-habita-a-rocha","status":"publish","type":"post","link":"https:\/\/catholicus.eu\/pt\/a-virgem-de-montserrat-a-mae-que-habita-a-rocha\/","title":{"rendered":"A Virgem de Montserrat \u2013 A M\u00e3e que habita a rocha"},"content":{"rendered":"\n<p>A Virgem de Montserrat, carinhosamente chamada de \u201cLa Moreneta\u201d devido \u00e0 cor escura do seu rosto, n\u00e3o \u00e9 apenas uma escultura de madeira: ela \u00e9 um s\u00edmbolo vivo de f\u00e9, resist\u00eancia espiritual, identidade crist\u00e3 e ternura materna. Neste artigo, propomos explorar sua hist\u00f3ria, significado teol\u00f3gico, papel pastoral no mundo atual e como sua imagem pode inspirar e guiar nossa vida cotidiana na f\u00e9.<\/p>\n\n\n\n<p><strong>\u2756 1. Origem e localiza\u00e7\u00e3o: uma montanha tocada por Deus<\/strong><\/p>\n\n\n\n<p>A Virgem de Montserrat encontra-se no mosteiro beneditino de Montserrat, situado na montanha hom\u00f4nima na prov\u00edncia de Barcelona, na Catalunha (Espanha). Esta cadeia montanhosa, de formas recortadas e m\u00edsticas, \u00e9 uma das mais fascinantes da Europa. O nome \u201cMontserrat\u201d deriva do latim Mons Serratus, ou seja, \u201cmonte serrado\u201d \u2014 como se uma m\u00e3o divina a tivesse esculpido com uma serra celestial.<\/p>\n\n\n\n<p>Segundo a tradi\u00e7\u00e3o, a imagem da Virgem foi descoberta por volta do ano 880, quando alguns pastores viram uma luz misteriosa sair de uma gruta na montanha e ouviram m\u00fasica celestial. Ao informarem o bispo de Manresa, organizou-se uma expedi\u00e7\u00e3o que encontrou dentro da caverna uma imagem da Virgem. Tentaram lev\u00e1-la para outro lugar, mas ela se tornou inexplicavelmente pesada: interpretou-se esse fato como sinal da vontade da Virgem de permanecer ali.<\/p>\n\n\n\n<p>A partir de ent\u00e3o, construiu-se um eremit\u00e9rio, depois um mosteiro beneditino que com o tempo se tornou um dos santu\u00e1rios marianos mais importantes da Europa e do mundo. H\u00e1 mais de mil anos, peregrinos de todos os continentes escalam a montanha para buscar consolo, luz e milagres sob o olhar amoroso da Moreneta.<\/p>\n\n\n\n<p><strong>\u2756 2. A imagem: uma escultura que fala<\/strong><\/p>\n\n\n\n<p>A Virgem de Montserrat \u00e9 uma escultura rom\u00e2nica de madeira de choupo, com cerca de 95 cent\u00edmetros de altura. Ela est\u00e1 representada sentada em um trono com o Menino Jesus no colo. Ambos usam coroas. Maria segura na m\u00e3o direita uma esfera dourada, s\u00edmbolo do cosmo e da soberania divina; Jesus aben\u00e7oa com a m\u00e3o direita e segura na esquerda uma pinha, s\u00edmbolo da vida eterna.<\/p>\n\n\n\n<p>O elemento mais surpreendente \u00e9 a cor escura da pele, que lhe valeu o apelido popular de \u201cLa Moreneta\u201d. Originalmente, a imagem era mais clara, mas a fuma\u00e7a das velas, o incenso e o contato dos fi\u00e9is ao longo dos s\u00e9culos escureceram a madeira. Restaurada no s\u00e9culo XIX, a tonalidade escura foi mantida como um sinal identit\u00e1rio. \u00c9 uma das \u201cVirgens negras\u201d mais veneradas da Europa, rica em significado teol\u00f3gico e simb\u00f3lico.<\/p>\n\n\n<div class=\"wp-block-image\">\n<figure class=\"aligncenter size-large\"><img decoding=\"async\" src=\"https:\/\/catholicus.eu\/wp-content\/uploads\/2025\/06\/monasterio_montserrat.jpg\" alt=\"\"\/><\/figure>\n<\/div>\n\n\n<p><strong>\u2756 3. Significado teol\u00f3gico: a M\u00e3e da Encarna\u00e7\u00e3o<\/strong><\/p>\n\n\n\n<p>Do ponto de vista teol\u00f3gico, a Virgem de Montserrat representa m\u00faltiplas dimens\u00f5es espirituais:<\/p>\n\n\n\n<p>a) Maria, Sede da Sabedoria<br>Na iconografia rom\u00e2nica, Maria \u00e9 a Sedes Sapientiae, o \u201cTrono da Sabedoria\u201d, isto \u00e9, o trono sobre o qual se assenta o Cristo, Sabedoria encarnada de Deus (cf. 1Cor 1,24). A Moreneta n\u00e3o \u00e9 uma figura passiva, mas uma rainha e m\u00e3e viva que sustenta o Filho e o apresenta ao mundo.<\/p>\n\n\n\n<p>b) Maria, Porta do C\u00e9u<br>Posta no alto da montanha, sua posi\u00e7\u00e3o lembra o salmo: \u00abElevo os meus olhos para os montes: de onde me vir\u00e1 o aux\u00edlio? O meu aux\u00edlio vem do Senhor, que fez o c\u00e9u e a terra\u00bb (Sl 121,1\u20132). Montserrat \u00e9 um monte de esperan\u00e7a e de encontro com Deus.<\/p>\n\n\n\n<p>c) Maria, M\u00e3e universal<br>A cor escura da pele foi interpretada como s\u00edmbolo da universalidade da f\u00e9 crist\u00e3. Maria n\u00e3o pertence apenas a um povo, mas a todos os povos. Ela \u00e9 a M\u00e3e da Igreja, a M\u00e3e da humanidade redimida. A Moreneta \u00e9 uma figura acolhedora, que supera as barreiras de ra\u00e7a, l\u00edngua e cultura.<\/p>\n\n\n\n<p><strong>\u2756 4. Significado espiritual e hist\u00f3rico<\/strong><\/p>\n\n\n\n<p>Montserrat tem sido ao longo dos s\u00e9culos um farol espiritual da Europa. Muitos santos e convertidos passaram por seu santu\u00e1rio. Entre eles, Santo In\u00e1cio de Loyola, que em 1522 deixou sua espada diante da Moreneta, em sinal de ren\u00fancia ao mundo e in\u00edcio de uma nova vida sob a guia divina. Ali come\u00e7ou sua convers\u00e3o.<\/p>\n\n\n\n<p>Durante a guerra civil espanhola, o mosteiro foi milagrosamente poupado. Nos tempos modernos, apesar da seculariza\u00e7\u00e3o, Montserrat continua a atrair milhares de fi\u00e9is todos os anos.<\/p>\n\n\n\n<p>A Virgem foi coroada canonicamente e \u00e9 padroeira da Catalunha. O Papa Le\u00e3o XIII lhe concedeu privil\u00e9gios lit\u00fargicos e S\u00e3o Jo\u00e3o Paulo II foi em peregrina\u00e7\u00e3o a Montserrat para rezar.<\/p>\n\n\n\n<p><strong>\u2756 5. A Virgem na vida cotidiana: uma guia para hoje<\/strong><\/p>\n\n\n\n<p>Como pode a Virgem de Montserrat nos guiar em nossa vida espiritual atual?<\/p>\n\n\n\n<p>a) Um ref\u00fagio na prova\u00e7\u00e3o<br>Maria nos ensina a confiar nos momentos dif\u00edceis. Como em Can\u00e1 (Jo 2,1\u201311), ela intercede quando falta o \u201cvinho\u201d da alegria. Sob sua prote\u00e7\u00e3o, encontramos consolo e orienta\u00e7\u00e3o.<\/p>\n\n\n\n<p>b) Um modelo de f\u00e9<br>Maria \u00e9 a mulher do \u201cFiat\u201d, do sim a Deus. Sua f\u00e9 nos inspira a confiar em Deus mesmo quando o caminho \u00e9 escuro. Seu exemplo \u00e9 luz para os crist\u00e3os incertos ou desanimados.<\/p>\n\n\n\n<p>c) Um impulso para a miss\u00e3o<br>A Moreneta nos recorda que n\u00e3o podemos guardar Cristo s\u00f3 para n\u00f3s. Como ela o oferece ao mundo, tamb\u00e9m n\u00f3s somos chamados a levar Cristo ao trabalho, \u00e0s fam\u00edlias, \u00e0 cultura.<\/p>\n\n\n\n<p><strong>\u2756 6. Guia pr\u00e1tica teol\u00f3gico-pastoral<\/strong><\/p>\n\n\n\n<p>Eis um itiner\u00e1rio pr\u00e1tico e espiritual para viver a devo\u00e7\u00e3o \u00e0 Virgem de Montserrat no cotidiano:<\/p>\n\n\n\n<ol class=\"wp-block-list\">\n<li>Dirija-se a Maria como intercessora<br>Como os pastores que subiram ao monte, tamb\u00e9m voc\u00ea aproxime-se com confian\u00e7a. Lembre-se de que ela ouve as s\u00faplicas de quem a invoca com cora\u00e7\u00e3o simples.<\/li>\n\n\n\n<li>Reze com o cora\u00e7\u00e3o<br>Pela manh\u00e3, recite uma breve invoca\u00e7\u00e3o: \u00abVirgem de Montserrat, M\u00e3e e Padroeira, d\u00e1-me hoje a gra\u00e7a de amar teu Filho com todo o meu cora\u00e7\u00e3o\u00bb.<\/li>\n\n\n\n<li>Reze o Ros\u00e1rio com esp\u00edrito contemplativo<br>Cada mist\u00e9rio do Ros\u00e1rio pode ser rezado como se estiv\u00e9ssemos aos p\u00e9s da Moreneta. Ela est\u00e1 presente em cada etapa da vida de Jesus.<\/li>\n\n\n\n<li>Escale sua \u201cmontanha\u201d interior<br>Assim como os peregrinos enfrentam a montanha de Montserrat, tamb\u00e9m n\u00f3s somos chamados a superar as asperezas interiores: orgulho, pregui\u00e7a, des\u00e2nimo. Maria nos sustenta nesta subida.<\/li>\n\n\n\n<li>Confie na ternura de Maria<br>No barulho da vida moderna, Maria nos convida a parar, escutar, guardar. Sua presen\u00e7a silenciosa educa nosso cora\u00e7\u00e3o para acolher a Deus.<\/li>\n\n\n\n<li>Celebre sua festa (27 de abril)<br>Participe da Eucaristia, consagre-se novamente a Ela, fa\u00e7a um gesto concreto de caridade: visite um doente, perdoe uma ofensa, doe seu tempo.<\/li>\n<\/ol>\n\n\n\n<p><strong>\u2756 7. Uma M\u00e3e para todos<\/strong><\/p>\n\n\n\n<p>Num mundo ferido pela confus\u00e3o e pela perda de valores, a Virgem de Montserrat se ergue como uma rocha: firme, fiel, acolhedora. Seu rosto escuro n\u00e3o \u00e9 sombra, mas calor. Seu trono n\u00e3o \u00e9 poder, mas servi\u00e7o. Seu sil\u00eancio n\u00e3o \u00e9 aus\u00eancia, mas presen\u00e7a viva.<\/p>\n\n\n\n<p>Como disse S\u00e3o Jo\u00e3o Paulo II: \u00abMaria \u00e9 a Estrela da nova evangeliza\u00e7\u00e3o\u00bb. Do monte sagrado, a Moreneta nos chama \u00e0 convers\u00e3o, \u00e0 esperan\u00e7a, \u00e0 luz. Ela nos ensina que a f\u00e9 n\u00e3o \u00e9 evas\u00e3o, mas encarna\u00e7\u00e3o do amor em cada dia.<\/p>\n\n\n\n<p>\u2725\u2725\u2725<\/p>\n\n\n\n<p><strong>Ora\u00e7\u00e3o final<\/strong><\/p>\n\n\n\n<blockquote class=\"wp-block-quote is-layout-flow wp-block-quote-is-layout-flow\">\n<p>\u00abM\u00e3e de Montserrat, que habitas na rocha e nos mostras teu Filho como Caminho, intercede por n\u00f3s. No cansa\u00e7o, s\u00ea nosso consolo. Na incerteza, nossa luz. Na solid\u00e3o, nossa companhia. Guia nossos passos na f\u00e9, at\u00e9 chegarmos ao monte eterno onde vive glorioso teu Filho. Am\u00e9m.\u00bb<\/p>\n<\/blockquote>\n\n\n\n<p><\/p>\n","protected":false},"excerpt":{"rendered":"<p>A Virgem de Montserrat, carinhosamente chamada de \u201cLa Moreneta\u201d devido \u00e0 cor escura do seu rosto, n\u00e3o \u00e9 apenas uma escultura de madeira: ela \u00e9 um s\u00edmbolo vivo de f\u00e9, resist\u00eancia espiritual, identidade crist\u00e3 e ternura materna. Neste artigo, propomos explorar sua hist\u00f3ria, significado teol\u00f3gico, papel pastoral no mundo atual e como sua imagem pode &hellip;<\/p>\n","protected":false},"author":3,"featured_media":4141,"comment_status":"open","ping_status":"open","sticky":false,"template":"","format":"standard","meta":{"_seopress_robots_primary_cat":"","_seopress_titles_title":"","_seopress_titles_desc":"","_seopress_robots_index":"","footnotes":""},"categories":[60,40],"tags":[1493],"class_list":["post-4140","post","type-post","status-publish","format-standard","has-post-thumbnail","","category-devocoes-marianas","category-oracao-e-espiritualidade","tag-montserrat"],"_links":{"self":[{"href":"https:\/\/catholicus.eu\/pt\/wp-json\/wp\/v2\/posts\/4140","targetHints":{"allow":["GET"]}}],"collection":[{"href":"https:\/\/catholicus.eu\/pt\/wp-json\/wp\/v2\/posts"}],"about":[{"href":"https:\/\/catholicus.eu\/pt\/wp-json\/wp\/v2\/types\/post"}],"author":[{"embeddable":true,"href":"https:\/\/catholicus.eu\/pt\/wp-json\/wp\/v2\/users\/3"}],"replies":[{"embeddable":true,"href":"https:\/\/catholicus.eu\/pt\/wp-json\/wp\/v2\/comments?post=4140"}],"version-history":[{"count":2,"href":"https:\/\/catholicus.eu\/pt\/wp-json\/wp\/v2\/posts\/4140\/revisions"}],"predecessor-version":[{"id":4143,"href":"https:\/\/catholicus.eu\/pt\/wp-json\/wp\/v2\/posts\/4140\/revisions\/4143"}],"wp:featuredmedia":[{"embeddable":true,"href":"https:\/\/catholicus.eu\/pt\/wp-json\/wp\/v2\/media\/4141"}],"wp:attachment":[{"href":"https:\/\/catholicus.eu\/pt\/wp-json\/wp\/v2\/media?parent=4140"}],"wp:term":[{"taxonomy":"category","embeddable":true,"href":"https:\/\/catholicus.eu\/pt\/wp-json\/wp\/v2\/categories?post=4140"},{"taxonomy":"post_tag","embeddable":true,"href":"https:\/\/catholicus.eu\/pt\/wp-json\/wp\/v2\/tags?post=4140"}],"curies":[{"name":"wp","href":"https:\/\/api.w.org\/{rel}","templated":true}]}}