{"id":4137,"date":"2025-06-01T15:02:30","date_gmt":"2025-06-01T13:02:30","guid":{"rendered":"https:\/\/catholicus.eu\/pt\/?p=4137"},"modified":"2025-06-01T15:02:31","modified_gmt":"2025-06-01T13:02:31","slug":"quando-o-amor-e-ferido-o-poder-do-ato-de-reparacao-em-tempos-de-indiferenca","status":"publish","type":"post","link":"https:\/\/catholicus.eu\/pt\/quando-o-amor-e-ferido-o-poder-do-ato-de-reparacao-em-tempos-de-indiferenca\/","title":{"rendered":"Quando o Amor \u00e9 Ferido: O Poder do Ato de Repara\u00e7\u00e3o em Tempos de Indiferen\u00e7a"},"content":{"rendered":"\n<h3 class=\"wp-block-heading\"><strong>INTRODU\u00c7\u00c3O<\/strong><\/h3>\n\n\n\n<p>Vivemos numa \u00e9poca em que o amor a Deus, o respeito pelo Sagrado e a venera\u00e7\u00e3o do Divino foram muitas vezes substitu\u00eddos pela indiferen\u00e7a, pelo relativismo e pela banaliza\u00e7\u00e3o. Neste contexto, o <strong>Ato de Repara\u00e7\u00e3o<\/strong> ressurge com renovada for\u00e7a: \u00e9 um caminho urgente e profundo para as almas crentes que desejam consolar o Cora\u00e7\u00e3o de Cristo, ferido pelos pecados do mundo, e contribuir ativamente para a restaura\u00e7\u00e3o da ordem espiritual.<\/p>\n\n\n\n<p>Mas o que \u00e9 um Ato de Repara\u00e7\u00e3o? Por que ele \u00e9 t\u00e3o necess\u00e1rio hoje? O que ensina a Igreja sobre este tema? E, sobretudo, como podemos n\u00f3s, cat\u00f3licos, viver concretamente essa pr\u00e1tica \u2013 n\u00e3o apenas exteriormente, mas interiormente, de forma transformadora?<\/p>\n\n\n\n<p>Este artigo busca responder a essas perguntas \u2013 com <strong>rigor teol\u00f3gico<\/strong> e <strong>aplica\u00e7\u00e3o pastoral concreta<\/strong>, para ajud\u00e1-lo a redescobrir uma devo\u00e7\u00e3o n\u00e3o apenas bela e tradicional, mas tamb\u00e9m <strong>atual\u00edssima<\/strong> e <strong>espiritualmente poderosa<\/strong>.<\/p>\n\n\n\n<hr class=\"wp-block-separator has-alpha-channel-opacity\"\/>\n\n\n\n<h2 class=\"wp-block-heading\">1. <strong>O QUE \u00c9 UM ATO DE REPARA\u00c7\u00c3O?<\/strong><\/h2>\n\n\n\n<p>Um <strong>Ato de Repara\u00e7\u00e3o<\/strong> \u00e9 uma ora\u00e7\u00e3o ou a\u00e7\u00e3o oferecida a Deus com a inten\u00e7\u00e3o de <strong>reparar, consolar e compensar<\/strong> as ofensas que Ele recebe \u2013 especialmente no Sant\u00edssimo Sacramento do Altar. Essas ofensas n\u00e3o s\u00e3o apenas os grandes crimes da humanidade, mas tamb\u00e9m (e sobretudo) os <strong>pecados de omiss\u00e3o, indiferen\u00e7a, tibieza, profana\u00e7\u00f5es e sacril\u00e9gios<\/strong>, que ferem o Cora\u00e7\u00e3o de Jesus \u2013 especialmente no mist\u00e9rio eucar\u00edstico.<\/p>\n\n\n\n<p>Do ponto de vista teol\u00f3gico, o Ato de Repara\u00e7\u00e3o \u00e9 profundamente <strong>cristoc\u00eantrico e redentor<\/strong>. Ele se enra\u00edza na uni\u00e3o m\u00edstica do crente com Cristo e na sua participa\u00e7\u00e3o ativa na obra da Reden\u00e7\u00e3o. Como ensina S\u00e3o Paulo:<\/p>\n\n\n\n<blockquote class=\"wp-block-quote is-layout-flow wp-block-quote-is-layout-flow\">\n<p>\u00abAgora me alegro nos sofrimentos por v\u00f3s e completo na minha carne o que falta \u00e0s tribula\u00e7\u00f5es de Cristo, pelo seu Corpo, que \u00e9 a Igreja.\u00bb<br><em>(Colossenses 1,24)<\/em><\/p>\n<\/blockquote>\n\n\n\n<p>Isso n\u00e3o significa que \u00e0 obra de Cristo falta algo \u2013 ela \u00e9 perfeita \u2013 mas que n\u00f3s, como membros do Seu Corpo, somos chamados a <strong>unir-nos ao Seu Sacrif\u00edcio<\/strong>, para cooperar ativamente com Ele. O Ato de Repara\u00e7\u00e3o, portanto, n\u00e3o \u00e9 apenas uma forma devocional: \u00e9 um <strong>ato salv\u00edfico<\/strong>.<\/p>\n\n\n\n<hr class=\"wp-block-separator has-alpha-channel-opacity\"\/>\n\n\n\n<h2 class=\"wp-block-heading\">2. <strong>UM OLHAR HIST\u00d3RICO: DE MARGARIDA A F\u00c1TIMA<\/strong><\/h2>\n\n\n\n<p>A espiritualidade reparadora est\u00e1 profundamente enraizada na hist\u00f3ria da Igreja, mas encontrou express\u00e3o particular no <strong>s\u00e9culo XVII<\/strong>, com as <strong>revela\u00e7\u00f5es do Sagrado Cora\u00e7\u00e3o de Jesus a Santa Margarida Maria Alacoque<\/strong>.<\/p>\n\n\n\n<p>Numa dessas vis\u00f5es, Jesus mostrou a ela o Seu Cora\u00e7\u00e3o, ardente de amor pelos homens, mas cercado de espinhos \u2013 por causa da ingratid\u00e3o. Disse-lhe:<\/p>\n\n\n\n<blockquote class=\"wp-block-quote is-layout-flow wp-block-quote-is-layout-flow\">\n<p>\u00abEis o Cora\u00e7\u00e3o que tanto amou os homens, que nada poupou, at\u00e9 esgotar-Se e consumir-Se para testemunhar-lhes o Seu amor, e que em troca n\u00e3o recebe da maioria sen\u00e3o ingratid\u00e3o.\u00bb<\/p>\n<\/blockquote>\n\n\n\n<p>Da\u00ed nasceu o <strong>Ato de Repara\u00e7\u00e3o ao Sagrado Cora\u00e7\u00e3o de Jesus<\/strong>, particularmente praticado nas <strong>primeiras sextas-feiras do m\u00eas<\/strong>, para reparar as ofensas contra o amor de Cristo.<\/p>\n\n\n\n<p>Posteriormente, essa espiritualidade foi aprofundada nas <strong>apari\u00e7\u00f5es de Nossa Senhora em F\u00e1tima<\/strong> (1917). L\u00e1, a Virgem pediu aos tr\u00eas pastorinhos \u2013 e ao mundo inteiro \u2013 que fizessem <strong>atos de repara\u00e7\u00e3o ao Seu Imaculado Cora\u00e7\u00e3o<\/strong>, especialmente nos <strong>primeiros s\u00e1bados do m\u00eas<\/strong>. Queixava-se de que Seu Filho era \u00abofendido constantemente\u00bb e que eram poucos os que se dispunham a reparar.<\/p>\n\n\n\n<hr class=\"wp-block-separator has-alpha-channel-opacity\"\/>\n\n\n\n<h2 class=\"wp-block-heading\">3. <strong>FUNDAMENTOS TEOL\u00d3GICOS: QUANDO DEUS ESPERA NOSSO AMOR<\/strong><\/h2>\n\n\n\n<p>O Ato de Repara\u00e7\u00e3o se baseia em tr\u00eas pilares teol\u00f3gicos:<\/p>\n\n\n\n<h3 class=\"wp-block-heading\">a. <strong>A Justi\u00e7a Divina<\/strong><\/h3>\n\n\n\n<p>Deus \u00e9 Amor, mas tamb\u00e9m \u00e9 <strong>Justi\u00e7a<\/strong>. O pecado ofende a Deus, rompe a comunh\u00e3o com Ele e exige repara\u00e7\u00e3o. O ato reparador n\u00e3o \u201cacrescenta\u201d algo ao sacrif\u00edcio de Cristo, mas <strong>aplica-o concretamente<\/strong> \u00e0s ofensas atuais do mundo.<\/p>\n\n\n\n<h3 class=\"wp-block-heading\">b. <strong>O Corpo M\u00edstico de Cristo<\/strong><\/h3>\n\n\n\n<p>Os fi\u00e9is, em virtude do Batismo, est\u00e3o <strong>unidos a Cristo<\/strong> e participam da Sua miss\u00e3o sacerdotal, prof\u00e9tica e real. Como membros do Seu Corpo, somos <strong>correspons\u00e1veis<\/strong> pelo bem espiritual do mundo. Reparar significa <strong>amar no lugar de quem n\u00e3o ama<\/strong>.<\/p>\n\n\n\n<h3 class=\"wp-block-heading\">c. <strong>A Eucaristia no centro<\/strong><\/h3>\n\n\n\n<p>A Eucaristia \u00e9 o <strong>cora\u00e7\u00e3o pulsante da Igreja<\/strong>. Mas quantas vezes ela \u00e9 recebida em estado de pecado mortal? Quantos sacril\u00e9gios ocorrem por neglig\u00eancia, irrever\u00eancia, superficialidade? Quantos sacr\u00e1rios est\u00e3o abandonados?<\/p>\n\n\n\n<p>Reparar significa: \u00abSenhor, eu Te amo. Eu Te adoro. Estou Contigo.\u00bb<\/p>\n\n\n\n<hr class=\"wp-block-separator has-alpha-channel-opacity\"\/>\n\n\n\n<h2 class=\"wp-block-heading\">4. <strong>APLICA\u00c7\u00d5ES PR\u00c1TICAS: COMO VIVER O ATO DE REPARA\u00c7\u00c3O NO COTIDIANO<\/strong><\/h2>\n\n\n\n<p>Um Ato de Repara\u00e7\u00e3o n\u00e3o \u00e9 apenas uma ora\u00e7\u00e3o recitada, mas uma <strong>atitude interior<\/strong>, que molda nossa rela\u00e7\u00e3o com Deus e com o mundo. Aqui est\u00e3o alguns modos concretos de viv\u00ea-lo:<\/p>\n\n\n\n<h3 class=\"wp-block-heading\">a. <strong>Ora\u00e7\u00f5es de repara\u00e7\u00e3o<\/strong><\/h3>\n\n\n\n<p>Voc\u00ea pode recitar ora\u00e7\u00f5es espec\u00edficas, como:<\/p>\n\n\n\n<ul class=\"wp-block-list\">\n<li>O <strong>Ato de Repara\u00e7\u00e3o ao Sagrado Cora\u00e7\u00e3o de Jesus<\/strong><\/li>\n\n\n\n<li>O <strong>Ato de Repara\u00e7\u00e3o ao Imaculado Cora\u00e7\u00e3o de Maria<\/strong><\/li>\n\n\n\n<li>A <strong>ora\u00e7\u00e3o do Anjo de F\u00e1tima<\/strong>: \u00abMeu Deus, eu creio, adoro, espero e amo-Vos. Pe\u00e7o-Vos perd\u00e3o pelos que n\u00e3o creem, n\u00e3o adoram, n\u00e3o esperam e n\u00e3o Vos amam.\u00bb<\/li>\n<\/ul>\n\n\n\n<h3 class=\"wp-block-heading\">b. <strong>Adora\u00e7\u00e3o Eucar\u00edstica<\/strong><\/h3>\n\n\n\n<p>Passe tempo diante de Jesus no Sant\u00edssimo Sacramento \u2013 especialmente \u00e0 noite ou no sil\u00eancio. S\u00f3 <strong>estar com Ele<\/strong> consola o Seu Cora\u00e7\u00e3o ferido.<\/p>\n\n\n\n<h3 class=\"wp-block-heading\">c. <strong>Pequenos sacrif\u00edcios e ren\u00fancias<\/strong><\/h3>\n\n\n\n<p>Ofere\u00e7a pequenos atos cotidianos (esperas, sil\u00eancios, cansa\u00e7os, incompreens\u00f5es) como atos reparadores. Tamb\u00e9m o jejum volunt\u00e1rio ou uma mortifica\u00e7\u00e3o podem ser oferecidos.<\/p>\n\n\n\n<h3 class=\"wp-block-heading\">d. <strong>Santa Missa com inten\u00e7\u00e3o reparadora<\/strong><\/h3>\n\n\n\n<p>Participe da Missa com a inten\u00e7\u00e3o de reparar \u2013 receba a Eucaristia em estado de gra\u00e7a e com devo\u00e7\u00e3o. Voc\u00ea pode oferecer a Missa por pecados particulares, especialmente os contra a Eucaristia.<\/p>\n\n\n\n<h3 class=\"wp-block-heading\">e. <strong>Rezar por quem n\u00e3o reza<\/strong><\/h3>\n\n\n\n<p>Reze por quem abandonou a f\u00e9, por quem blasfema, por quem vive no pecado. Reparar \u00e9 <strong>interceder com amor<\/strong>, colocar-se \u201cno lugar deles\u201d diante de Deus.<\/p>\n\n\n\n<hr class=\"wp-block-separator has-alpha-channel-opacity\"\/>\n\n\n\n<h2 class=\"wp-block-heading\">5. <strong>A REPARA\u00c7\u00c3O EM TEMPOS DE CRISE ESPIRITUAL<\/strong><\/h2>\n\n\n\n<p>Hoje, mais do que nunca, numa Igreja marcada por <strong>abusos lit\u00fargicos, esc\u00e2ndalos morais e confus\u00e3o doutrinal<\/strong>, o Ato de Repara\u00e7\u00e3o torna-se uma urg\u00eancia \u2013 <strong>n\u00e3o para condenar, mas para suplicar<\/strong>.<\/p>\n\n\n\n<p>Reparar \u00e9 o ant\u00eddoto contra a indiferen\u00e7a, o modernismo, a resigna\u00e7\u00e3o e o niilismo espiritual. \u00c9 um ato de <strong>esperan\u00e7a e de amor<\/strong>, que afirma que mesmo na hora mais escura o amor pode vencer.<\/p>\n\n\n\n<hr class=\"wp-block-separator has-alpha-channel-opacity\"\/>\n\n\n\n<h2 class=\"wp-block-heading\">6. <strong>VOZES DOS SANTOS<\/strong><\/h2>\n\n\n\n<ul class=\"wp-block-list\">\n<li><strong>Santa Faustina Kowalska<\/strong>: \u00ab\u00d3 Jesus, desejo consolar-Te por tantas almas ingratas que Te abandonam&#8230;\u00bb<\/li>\n\n\n\n<li><strong>S\u00e3o Pio de Pietrelcina<\/strong>: \u00abA repara\u00e7\u00e3o \u00e9 a arma mais poderosa contra o mal.\u00bb<\/li>\n\n\n\n<li><strong>Beato Carlo Acutis<\/strong>: \u00abA Eucaristia \u00e9 a minha autoestrada para o C\u00e9u.\u00bb<br>\u2014 E como n\u00e3o reparar quando vemos essa autoestrada ser pisoteada?<\/li>\n<\/ul>\n\n\n\n<hr class=\"wp-block-separator has-alpha-channel-opacity\"\/>\n\n\n\n<h2 class=\"wp-block-heading\">7. <strong>UM \u00daLTIMO CONVITE: TORNE-SE UM CONSOLADOR DO CORA\u00c7\u00c3O DE DEUS<\/strong><\/h2>\n\n\n\n<p>Talvez n\u00e3o possamos reparar todas as ofensas feitas ao Cora\u00e7\u00e3o de Jesus. Mas podemos <strong>consol\u00e1-Lo<\/strong>. Podemos dizer-Lhe:<\/p>\n\n\n\n<blockquote class=\"wp-block-quote is-layout-flow wp-block-quote-is-layout-flow\">\n<p>\u00abEis-me aqui, Senhor, para amar-Te no lugar de quem n\u00e3o Te ama.<br>Para adorar-Te no lugar de quem Te despreza.<br>Para curar as Tuas feridas com o meu pequeno amor.\u00bb<\/p>\n<\/blockquote>\n\n\n\n<p>Como fez <strong>Santa Ver\u00f4nica<\/strong> no caminho do Calv\u00e1rio. Ela n\u00e3o parou a cruz, nem os insultos, mas <strong>enxugou o rosto de Jesus<\/strong> com o seu v\u00e9u de amor. E esse gesto ficou impresso para a eternidade.<\/p>\n\n\n\n<hr class=\"wp-block-separator has-alpha-channel-opacity\"\/>\n\n\n\n<h2 class=\"wp-block-heading\"><strong>ORA\u00c7\u00c3O DE REPARA\u00c7\u00c3O (para uso pessoal)<\/strong><\/h2>\n\n\n\n<blockquote class=\"wp-block-quote is-layout-flow wp-block-quote-is-layout-flow\">\n<p>Senhor Jesus,<br>Eu Te amo, Te adoro, creio em Ti com todo o meu cora\u00e7\u00e3o.<br>Pe\u00e7o-Te perd\u00e3o por todas as ofensas, sacril\u00e9gios e indiferen\u00e7as<br>que recebes todos os dias, especialmente no Sant\u00edssimo Sacramento do Altar.<\/p>\n\n\n\n<p>Acolhe, \u00f3 Jesus, esta minha pequena oferta<br>como um ato de amor e de repara\u00e7\u00e3o.<br>Une minhas palavras, meus pensamentos, meus sacrif\u00edcios<br>ao Teu eterno sacrif\u00edcio da Cruz.<\/p>\n\n\n\n<p>Que toda a minha vida seja um \u00fanico Ato de Repara\u00e7\u00e3o \u2013<br>um \u201csim\u201d de amor contra os muitos \u201cn\u00e3os\u201d do mundo.<\/p>\n\n\n\n<p>Am\u00e9m.<\/p>\n<\/blockquote>\n\n\n\n<hr class=\"wp-block-separator has-alpha-channel-opacity\"\/>\n\n\n\n<h2 class=\"wp-block-heading\"><strong>CONCLUS\u00c3O<\/strong><\/h2>\n\n\n\n<p>Reparar \u00e9 amar. E amar hoje \u00e9 um ato profundamente contracultural. O mundo precisa urgentemente de <strong>almas reparadoras<\/strong>, que vivam no esp\u00edrito de intercess\u00e3o, sacrif\u00edcio e adora\u00e7\u00e3o.<\/p>\n\n\n\n<p>Deus ainda procura cora\u00e7\u00f5es que Lhe digam como Isa\u00edas:<\/p>\n\n\n\n<blockquote class=\"wp-block-quote is-layout-flow wp-block-quote-is-layout-flow\">\n<p>\u00abEis-me aqui, envia-me!\u00bb (Isa\u00edas 6,8)<\/p>\n<\/blockquote>\n\n\n\n<p>E voc\u00ea? Quer consolar o Cora\u00e7\u00e3o ferido de Jesus?<\/p>\n","protected":false},"excerpt":{"rendered":"<p>INTRODU\u00c7\u00c3O Vivemos numa \u00e9poca em que o amor a Deus, o respeito pelo Sagrado e a venera\u00e7\u00e3o do Divino foram muitas vezes substitu\u00eddos pela indiferen\u00e7a, pelo relativismo e pela banaliza\u00e7\u00e3o. Neste contexto, o Ato de Repara\u00e7\u00e3o ressurge com renovada for\u00e7a: \u00e9 um caminho urgente e profundo para as almas crentes que desejam consolar o Cora\u00e7\u00e3o &hellip;<\/p>\n","protected":false},"author":3,"featured_media":4138,"comment_status":"open","ping_status":"open","sticky":false,"template":"","format":"standard","meta":{"_seopress_robots_primary_cat":"","_seopress_titles_title":"","_seopress_titles_desc":"","_seopress_robots_index":"","footnotes":""},"categories":[40,58],"tags":[1492],"class_list":["post-4137","post","type-post","status-publish","format-standard","has-post-thumbnail","","category-oracao-e-espiritualidade","category-oracao-e-vida-espiritual","tag-ato-de-reparacao"],"_links":{"self":[{"href":"https:\/\/catholicus.eu\/pt\/wp-json\/wp\/v2\/posts\/4137","targetHints":{"allow":["GET"]}}],"collection":[{"href":"https:\/\/catholicus.eu\/pt\/wp-json\/wp\/v2\/posts"}],"about":[{"href":"https:\/\/catholicus.eu\/pt\/wp-json\/wp\/v2\/types\/post"}],"author":[{"embeddable":true,"href":"https:\/\/catholicus.eu\/pt\/wp-json\/wp\/v2\/users\/3"}],"replies":[{"embeddable":true,"href":"https:\/\/catholicus.eu\/pt\/wp-json\/wp\/v2\/comments?post=4137"}],"version-history":[{"count":1,"href":"https:\/\/catholicus.eu\/pt\/wp-json\/wp\/v2\/posts\/4137\/revisions"}],"predecessor-version":[{"id":4139,"href":"https:\/\/catholicus.eu\/pt\/wp-json\/wp\/v2\/posts\/4137\/revisions\/4139"}],"wp:featuredmedia":[{"embeddable":true,"href":"https:\/\/catholicus.eu\/pt\/wp-json\/wp\/v2\/media\/4138"}],"wp:attachment":[{"href":"https:\/\/catholicus.eu\/pt\/wp-json\/wp\/v2\/media?parent=4137"}],"wp:term":[{"taxonomy":"category","embeddable":true,"href":"https:\/\/catholicus.eu\/pt\/wp-json\/wp\/v2\/categories?post=4137"},{"taxonomy":"post_tag","embeddable":true,"href":"https:\/\/catholicus.eu\/pt\/wp-json\/wp\/v2\/tags?post=4137"}],"curies":[{"name":"wp","href":"https:\/\/api.w.org\/{rel}","templated":true}]}}