{"id":4128,"date":"2025-06-01T08:14:39","date_gmt":"2025-06-01T06:14:39","guid":{"rendered":"https:\/\/catholicus.eu\/pt\/?p=4128"},"modified":"2025-06-01T08:14:39","modified_gmt":"2025-06-01T06:14:39","slug":"coram-sanctissimo-quando-a-missa-e-celebrada-diante-do-santissimo-exposto","status":"publish","type":"post","link":"https:\/\/catholicus.eu\/pt\/coram-sanctissimo-quando-a-missa-e-celebrada-diante-do-santissimo-exposto\/","title":{"rendered":"Coram Sanctissimo: Quando a Missa \u00e9 celebrada diante do Sant\u00edssimo exposto"},"content":{"rendered":"\n<p><em>Um guia espiritual e teol\u00f3gico para redescobrir a profundidade da adora\u00e7\u00e3o eucar\u00edstica na liturgia<\/em><\/p>\n\n\n\n<hr class=\"wp-block-separator has-alpha-channel-opacity\"\/>\n\n\n\n<h3 class=\"wp-block-heading\">INTRODU\u00c7\u00c3O: UMA MISSA QUE QUER OLHAR DEUS NOS OLHOS<\/h3>\n\n\n\n<p>Imagine que a Santa Missa seja celebrada&#8230; n\u00e3o simplesmente no altar, mas <strong>diante do pr\u00f3prio Cristo eucar\u00edstico<\/strong>, solenemente exposto na cust\u00f3dia, irradiando Sua presen\u00e7a real \u2013 do cora\u00e7\u00e3o do Tabern\u00e1culo para o mundo. Este \u00e9 o centro da <strong>Missa \u201cCoram Sanctissimo\u201d<\/strong>, uma forma profundamente reverente de celebra\u00e7\u00e3o eucar\u00edstica <strong>na presen\u00e7a do Sant\u00edssimo Sacramento exposto<\/strong>, uma pr\u00e1tica outrora difundida e hoje \u2013 embora rara \u2013 um tesouro teol\u00f3gico e espiritual da tradi\u00e7\u00e3o cat\u00f3lica.<\/p>\n\n\n\n<p>Neste artigo, exploraremos em profundidade \u2013 mas de forma acess\u00edvel \u2013 o significado desta forma particular de Missa: sua hist\u00f3ria, seu valor teol\u00f3gico e, sobretudo, como ela pode nos ajudar hoje a viver uma <strong>espiritualidade mais eucar\u00edstica e centrada em Cristo<\/strong>.<\/p>\n\n\n\n<hr class=\"wp-block-separator has-alpha-channel-opacity\"\/>\n\n\n\n<h2 class=\"wp-block-heading\">1. O QUE SIGNIFICA \u201cCORAM SANCTISSIMO\u201d?<\/h2>\n\n\n\n<p>A express\u00e3o latina <em>Coram Sanctissimo<\/em> significa literalmente \u201cdiante do Sant\u00edssimo\u201d. Refere-se \u00e0 celebra\u00e7\u00e3o da Santa Missa <strong>na presen\u00e7a do Sant\u00edssimo Sacramento exposto na cust\u00f3dia<\/strong>, ou seja, <strong>com Cristo visivelmente presente e adorado enquanto se realiza o Santo Sacrif\u00edcio<\/strong>.<\/p>\n\n\n\n<h3 class=\"wp-block-heading\">N\u00e3o \u00e9 uma Missa qualquer<\/h3>\n\n\n\n<p>N\u00e3o se trata de uma simples Missa ordin\u00e1ria ou de uma devo\u00e7\u00e3o privada. A Missa <em>Coram Sanctissimo<\/em> \u00e9, por sua natureza, <strong>express\u00e3o de m\u00e1xima rever\u00eancia, adora\u00e7\u00e3o e solenidade<\/strong>, e \u00e9 celebrada em ocasi\u00f5es particulares como:<\/p>\n\n\n\n<ul class=\"wp-block-list\">\n<li>A <strong>solenidade de Corpus Christi<\/strong> e sua Oitava<\/li>\n\n\n\n<li>Missas votivas ao Sant\u00edssimo Sacramento<\/li>\n\n\n\n<li>Durante a <strong>adora\u00e7\u00e3o eucar\u00edstica prolongada<\/strong> ou as <strong>Quarenta Horas<\/strong><\/li>\n\n\n\n<li>Em tempos de penit\u00eancia ou pedidos de gra\u00e7as especiais<\/li>\n<\/ul>\n\n\n\n<p>Durante esta Missa, a cust\u00f3dia permanece exposta no altar (ou em um trono eucar\u00edstico), cercada por velas acesas e \u2013 idealmente \u2013 constantemente incensada. Toda a a\u00e7\u00e3o lit\u00fargica se realiza \u201cdiante d\u2019Ele\u201d: fisicamente, teologicamente e espiritualmente.<\/p>\n\n\n\n<hr class=\"wp-block-separator has-alpha-channel-opacity\"\/>\n\n\n\n<h2 class=\"wp-block-heading\">2. RA\u00cdZES HIST\u00d3RICAS: UMA PR\u00c1TICA QUE DEIXA MARCAS PROFUNDAS<\/h2>\n\n\n\n<h3 class=\"wp-block-heading\">Desde a Idade M\u00e9dia<\/h3>\n\n\n\n<p>O uso de expor o Sant\u00edssimo durante a Missa nasce da crescente devo\u00e7\u00e3o eucar\u00edstica da Idade M\u00e9dia \u2013 especialmente a partir do s\u00e9culo XIII, quando o papa Urbano IV instituiu a solenidade de Corpus Christi, inspirado pelo milagre eucar\u00edstico de Bolsena.<\/p>\n\n\n\n<p>Com o tempo, desenvolveram-se formas de adora\u00e7\u00e3o prolongada como as <strong>Quarenta Horas<\/strong>, durante as quais o Sant\u00edssimo permanecia exposto por longos per\u00edodos e a celebra\u00e7\u00e3o da Missa constitu\u00eda o ponto alto da adora\u00e7\u00e3o.<\/p>\n\n\n\n<h3 class=\"wp-block-heading\">Um ato de f\u00e9 contra a incredulidade<\/h3>\n\n\n\n<p>Muitos papas encorajaram a adora\u00e7\u00e3o e a exposi\u00e7\u00e3o eucar\u00edstica como <strong>ato de repara\u00e7\u00e3o<\/strong> contra as heresias eucar\u00edsticas \u2013 particularmente contra o protestantismo \u2013 e como invoca\u00e7\u00e3o em tempos de guerra, fome ou calamidades. Era uma profiss\u00e3o p\u00fablica de f\u00e9: <strong>\u201cEle est\u00e1 aqui \u2013 e a Ele queremos falar, chorar, agradecer e suplicar!\u201d<\/strong><\/p>\n\n\n\n<hr class=\"wp-block-separator has-alpha-channel-opacity\"\/>\n\n\n\n<h2 class=\"wp-block-heading\">3. A TEOLOGIA DA PRESEN\u00c7A REAL<\/h2>\n\n\n\n<h3 class=\"wp-block-heading\">Cristo realmente presente<\/h3>\n\n\n\n<p>N\u00e3o se pode falar da Missa <em>Coram Sanctissimo<\/em> sem recordar esta verdade fundamental da f\u00e9: <strong>Cristo est\u00e1 realmente, verdadeiramente e substancialmente presente no Sant\u00edssimo Sacramento<\/strong>. Como ensina o Conc\u00edlio de Trento:<\/p>\n\n\n\n<blockquote class=\"wp-block-quote is-layout-flow wp-block-quote-is-layout-flow\">\n<p>\u201cNo sant\u00edssimo Sacramento da Eucaristia est\u00e1 contido verdadeira, real e substancialmente o corpo e o sangue, com a alma e a divindade, de nosso Senhor Jesus Cristo.\u201d (Denzinger 1651)<\/p>\n<\/blockquote>\n\n\n\n<p>A exposi\u00e7\u00e3o da cust\u00f3dia durante a Missa n\u00e3o \u00e9, portanto, um simples gesto devocional, mas \u00e9 <strong>a manifesta\u00e7\u00e3o vis\u00edvel d\u2019Aquele a quem \u00e9 oferecido o Sacrif\u00edcio<\/strong>. \u00c9 adora\u00e7\u00e3o diante do pr\u00f3prio Senhor que se oferece como alimento no Sacramento.<\/p>\n\n\n\n<h3 class=\"wp-block-heading\">A liturgia torna-se di\u00e1logo face a face<\/h3>\n\n\n\n<p>A liturgia \u00e9 sempre encontro com Deus. Mas quando Deus est\u00e1 visivelmente exposto \u2013 tang\u00edvel na H\u00f3stia \u2013 tudo adquire intensidade: cada palavra, cada gesto, cada sil\u00eancio assume um peso eterno.<\/p>\n\n\n\n<p>O sacerdote n\u00e3o age mais apenas \u201cdiante do povo\u201d, mas <strong>diante do pr\u00f3prio Rei<\/strong>, que ele olha e a quem oferece o Sacrif\u00edcio redentor. Tamb\u00e9m o povo reza, n\u00e3o apenas com palavras ou f\u00f3rmulas, mas <strong>em Sua presen\u00e7a real<\/strong>.<\/p>\n\n\n\n<hr class=\"wp-block-separator has-alpha-channel-opacity\"\/>\n\n\n\n<h2 class=\"wp-block-heading\">4. SIGNIFICADO PASTORAL E ESPIRITUAL HOJE<\/h2>\n\n\n\n<h3 class=\"wp-block-heading\">Em um mundo distra\u00eddo \u2013 olhar para Cristo<\/h3>\n\n\n\n<p>Vivemos em uma cultura hiperconectada, mas espiritualmente desconectada. A Missa <em>Coram Sanctissimo<\/em> oferece <strong>um o\u00e1sis de Presen\u00e7a<\/strong> \u2013 um momento para contemplar Jesus no sil\u00eancio, ador\u00e1-Lo, suplic\u00e1-Lo e dizer-Lhe: \u201cFica conosco\u201d (cf. Lc 24,29).<\/p>\n\n\n\n<p>Precisamos redescobrir o sentido do sagrado. Esta forma de Missa pode ser uma ferramenta pastoral para:<\/p>\n\n\n\n<ul class=\"wp-block-list\">\n<li><strong>Reavivar a adora\u00e7\u00e3o eucar\u00edstica<\/strong><\/li>\n\n\n\n<li><strong>Fomentar a rever\u00eancia lit\u00fargica<\/strong><\/li>\n\n\n\n<li>Ensinar, com sinais vis\u00edveis, que <strong>Deus est\u00e1 realmente presente<\/strong><\/li>\n\n\n\n<li>Inspirar voca\u00e7\u00f5es sacerdotais e religiosas<\/li>\n\n\n\n<li>Educar os fi\u00e9is para a contempla\u00e7\u00e3o e a piedade eucar\u00edstica<\/li>\n<\/ul>\n\n\n\n<h3 class=\"wp-block-heading\">A Missa n\u00e3o \u00e9 apenas uma refei\u00e7\u00e3o, mas um Sacrif\u00edcio<\/h3>\n\n\n\n<p>A Missa <em>Coram Sanctissimo<\/em> tamb\u00e9m ajuda a combater os erros modernos que reduzem a Eucaristia a um simples s\u00edmbolo ou refei\u00e7\u00e3o comunit\u00e1ria. Quando se v\u00ea Cristo exposto na cust\u00f3dia, enquanto a H\u00f3stia \u00e9 elevada, \u00e9 uma li\u00e7\u00e3o visual: <strong>a Missa \u00e9 o Sacrif\u00edcio do Calv\u00e1rio tornado presente.<\/strong><\/p>\n\n\n\n<hr class=\"wp-block-separator has-alpha-channel-opacity\"\/>\n\n\n\n<h2 class=\"wp-block-heading\">5. GUIA PR\u00c1TICO PARA VIVER NO ESP\u00cdRITO DO \u201cCORAM SANCTISSIMO\u201d<\/h2>\n\n\n\n<p>Mesmo que n\u00e3o se participe todos os dias de uma Missa <em>Coram Sanctissimo<\/em>, seu esp\u00edrito pode impregnar nossa vida espiritual cotidiana. Aqui est\u00e3o algumas maneiras concretas:<\/p>\n\n\n\n<h3 class=\"wp-block-heading\">1. Frequente a adora\u00e7\u00e3o eucar\u00edstica<\/h3>\n\n\n\n<p>De prefer\u00eancia toda semana. Permane\u00e7a em sil\u00eancio. Olhe para o Senhor. Deixe-se olhar. Reze o Ter\u00e7o diante do Sant\u00edssimo, leia a Sagrada Escritura \u2013 ou simplesmente fique ali, em sil\u00eancio, com Ele.<\/p>\n\n\n\n<h3 class=\"wp-block-heading\">2. Viva cada Missa \u201ccomo se Jesus estivesse exposto\u201d<\/h3>\n\n\n\n<p>Mesmo que voc\u00ea n\u00e3o O veja na cust\u00f3dia \u2013 <strong>Jesus est\u00e1 realmente presente em cada Missa<\/strong>. Tome consci\u00eancia de Sua presen\u00e7a. Ajoelhe-se com rever\u00eancia, cante com o cora\u00e7\u00e3o, vista-se com dignidade, conserve o sil\u00eancio interior.<\/p>\n\n\n\n<h3 class=\"wp-block-heading\">3. Prepare sua alma para a Comunh\u00e3o<\/h3>\n\n\n\n<p>Sua alma \u00e9 o \u201ctrono eucar\u00edstico\u201d onde Jesus quer habitar. Confesse-se com regularidade. Fa\u00e7a comunh\u00f5es espirituais. Pe\u00e7a \u00e0 Virgem Maria que lhe ensine a acolh\u00ea-Lo como Ela fez na Anuncia\u00e7\u00e3o.<\/p>\n\n\n\n<h3 class=\"wp-block-heading\">4. Promova a exposi\u00e7\u00e3o do Sant\u00edssimo em sua par\u00f3quia<\/h3>\n\n\n\n<p>Converse com seu p\u00e1roco. Proponha horas de adora\u00e7\u00e3o \u2013 especialmente \u00e0s quintas-feiras (dia da Eucaristia). Convide outros a participar. Cristo nunca se deixa vencer em generosidade.<\/p>\n\n\n\n<hr class=\"wp-block-separator has-alpha-channel-opacity\"\/>\n\n\n\n<h2 class=\"wp-block-heading\">6. UMA PALAVRA B\u00cdBLICA PARA O CORA\u00c7\u00c3O<\/h2>\n\n\n\n<p>Conclu\u00edmos com um vers\u00edculo poderoso do livro do \u00caxodo, que ilumina espiritualmente o que acontece na Missa <em>Coram Sanctissimo<\/em>:<\/p>\n\n\n\n<blockquote class=\"wp-block-quote is-layout-flow wp-block-quote-is-layout-flow\">\n<p>\u201cO Senhor falava com Mois\u00e9s face a face, como um homem fala com seu amigo.\u201d (\u00cax 33,11)<\/p>\n<\/blockquote>\n\n\n\n<p>Essa \u00e9 a Missa diante do Sant\u00edssimo: <strong>um encontro face a face, um di\u00e1logo \u00edntimo, uma amizade eterna<\/strong>. N\u00e3o apenas o sacerdote, mas cada um de n\u00f3s pode olhar para Jesus e dizer: \u201cEis-me aqui, Senhor \u2013 para Te adorar, amar, oferecer-me por inteiro.\u201d<\/p>\n\n\n\n<hr class=\"wp-block-separator has-alpha-channel-opacity\"\/>\n\n\n\n<h3 class=\"wp-block-heading\">CONCLUS\u00c3O: O ROSTO SAGRADO DO AMOR<\/h3>\n\n\n\n<p>A Missa <em>Coram Sanctissimo<\/em> \u00e9 mais que uma antiga tradi\u00e7\u00e3o lit\u00fargica. \u00c9 <strong>uma escola de adora\u00e7\u00e3o<\/strong>, um convite a recolocar Cristo no centro \u2013 n\u00e3o apenas da liturgia, mas de toda a nossa vida.<\/p>\n\n\n\n<p>Em um mundo que j\u00e1 n\u00e3o sabe ajoelhar-se, essa forma de celebra\u00e7\u00e3o nos ensina a voltar ao essencial: <strong>Deus est\u00e1 presente<\/strong>, <strong>olha para voc\u00ea<\/strong>, <strong>espera por voc\u00ea<\/strong>, <strong>ama voc\u00ea<\/strong>.<\/p>\n\n\n\n<p><strong>E voc\u00ea? Est\u00e1 pronto para olhar nos olhos d\u2019Ele?<\/strong><\/p>\n\n\n\n<hr class=\"wp-block-separator has-alpha-channel-opacity\"\/>\n\n\n\n<p>Se este artigo tocou seu cora\u00e7\u00e3o, compartilhe. A Igreja precisa de adoradores em esp\u00edrito e verdade. E voc\u00ea pode ser um deles.<\/p>\n\n\n\n<p><strong>Vinde, adoremos!<\/strong><\/p>\n","protected":false},"excerpt":{"rendered":"<p>Um guia espiritual e teol\u00f3gico para redescobrir a profundidade da adora\u00e7\u00e3o eucar\u00edstica na liturgia INTRODU\u00c7\u00c3O: UMA MISSA QUE QUER OLHAR DEUS NOS OLHOS Imagine que a Santa Missa seja celebrada&#8230; n\u00e3o simplesmente no altar, mas diante do pr\u00f3prio Cristo eucar\u00edstico, solenemente exposto na cust\u00f3dia, irradiando Sua presen\u00e7a real \u2013 do cora\u00e7\u00e3o do Tabern\u00e1culo para o &hellip;<\/p>\n","protected":false},"author":3,"featured_media":4129,"comment_status":"open","ping_status":"open","sticky":false,"template":"","format":"standard","meta":{"_seopress_robots_primary_cat":"","_seopress_titles_title":"","_seopress_titles_desc":"","_seopress_robots_index":"","footnotes":""},"categories":[38,52],"tags":[1490],"class_list":["post-4128","post","type-post","status-publish","format-standard","has-post-thumbnail","","category-historia-e-tradicao","category-liturgia-e-ano-liturgico","tag-coram-sanctissimo"],"_links":{"self":[{"href":"https:\/\/catholicus.eu\/pt\/wp-json\/wp\/v2\/posts\/4128","targetHints":{"allow":["GET"]}}],"collection":[{"href":"https:\/\/catholicus.eu\/pt\/wp-json\/wp\/v2\/posts"}],"about":[{"href":"https:\/\/catholicus.eu\/pt\/wp-json\/wp\/v2\/types\/post"}],"author":[{"embeddable":true,"href":"https:\/\/catholicus.eu\/pt\/wp-json\/wp\/v2\/users\/3"}],"replies":[{"embeddable":true,"href":"https:\/\/catholicus.eu\/pt\/wp-json\/wp\/v2\/comments?post=4128"}],"version-history":[{"count":1,"href":"https:\/\/catholicus.eu\/pt\/wp-json\/wp\/v2\/posts\/4128\/revisions"}],"predecessor-version":[{"id":4130,"href":"https:\/\/catholicus.eu\/pt\/wp-json\/wp\/v2\/posts\/4128\/revisions\/4130"}],"wp:featuredmedia":[{"embeddable":true,"href":"https:\/\/catholicus.eu\/pt\/wp-json\/wp\/v2\/media\/4129"}],"wp:attachment":[{"href":"https:\/\/catholicus.eu\/pt\/wp-json\/wp\/v2\/media?parent=4128"}],"wp:term":[{"taxonomy":"category","embeddable":true,"href":"https:\/\/catholicus.eu\/pt\/wp-json\/wp\/v2\/categories?post=4128"},{"taxonomy":"post_tag","embeddable":true,"href":"https:\/\/catholicus.eu\/pt\/wp-json\/wp\/v2\/tags?post=4128"}],"curies":[{"name":"wp","href":"https:\/\/api.w.org\/{rel}","templated":true}]}}