{"id":4125,"date":"2025-05-31T23:28:40","date_gmt":"2025-05-31T21:28:40","guid":{"rendered":"https:\/\/catholicus.eu\/pt\/?p=4125"},"modified":"2025-05-31T23:28:40","modified_gmt":"2025-05-31T21:28:40","slug":"junho-o-mes-do-sagrado-coracao-de-jesus-refugio-de-amor-em-tempos-de-crise","status":"publish","type":"post","link":"https:\/\/catholicus.eu\/pt\/junho-o-mes-do-sagrado-coracao-de-jesus-refugio-de-amor-em-tempos-de-crise\/","title":{"rendered":"Junho, o M\u00eas do Sagrado Cora\u00e7\u00e3o de Jesus: Ref\u00fagio de Amor em Tempos de Crise"},"content":{"rendered":"\n<p><strong>Introdu\u00e7\u00e3o: Um Cora\u00e7\u00e3o que bate pela humanidade<\/strong><br>Num mundo marcado pelo desespero, solid\u00e3o e agita\u00e7\u00e3o, a Igreja nos oferece um ref\u00fagio seguro: o Sagrado Cora\u00e7\u00e3o de Jesus. Junho, consagrado a esta devo\u00e7\u00e3o, n\u00e3o \u00e9 apenas uma tradi\u00e7\u00e3o piedosa, mas uma escola de amor divino, um ant\u00eddoto contra o ego\u00edsmo moderno e um chamado \u00e0 repara\u00e7\u00e3o. Mas por que esta devo\u00e7\u00e3o continua t\u00e3o relevante hoje? Como pode transformar nossa vida espiritual e social?<\/p>\n\n\n\n<h3 class=\"wp-block-heading\"><strong>I. Hist\u00f3ria e Origem: Das Revela\u00e7\u00f5es \u00e0 Devo\u00e7\u00e3o Universal<\/strong><\/h3>\n\n\n\n<p>O Sagrado Cora\u00e7\u00e3o n\u00e3o \u00e9 uma inven\u00e7\u00e3o tardia do catolicismo. Suas ra\u00edzes mergulham no pr\u00f3prio mist\u00e9rio da Encarna\u00e7\u00e3o:&nbsp;<em>&#8220;Um dos soldados lhe atravessou o lado com uma lan\u00e7a, e imediatamente saiu sangue e \u00e1gua&#8221;<\/em>&nbsp;(Jo\u00e3o 19:34). Este Cora\u00e7\u00e3o transpassado, s\u00edmbolo do amor at\u00e9 o extremo, foi revelado explicitamente a Santa Margarida Maria Alacoque no s\u00e9culo XVII.<\/p>\n\n\n\n<p>Em Paray-le-Monial (Fran\u00e7a), Jesus lhe mostrou Seu Cora\u00e7\u00e3o&nbsp;<em>&#8220;ardendo de amor pelos homens&#8221;<\/em>, queixando-se de sua ingratid\u00e3o e pedindo consolo, repara\u00e7\u00e3o e a institui\u00e7\u00e3o da Festa do Sagrado Cora\u00e7\u00e3o. O Papa Pio IX a estendeu para toda a Igreja em 1856, e Le\u00e3o XIII consagrou o mundo a este Cora\u00e7\u00e3o em 1899.<\/p>\n\n\n\n<p><strong>Relev\u00e2ncia atual<\/strong>: Numa \u00e9poca em que o homem reduz o amor a emo\u00e7\u00f5es passageiras, o Cora\u00e7\u00e3o de Jesus nos ensina que amar \u00e9&nbsp;<em>doar-se, sacrificar-se e perseverar<\/em>.<\/p>\n\n\n\n<h3 class=\"wp-block-heading\"><strong>II. Teologia do Sagrado Cora\u00e7\u00e3o: Mais que um S\u00edmbolo<\/strong><\/h3>\n\n\n\n<ol start=\"1\" class=\"wp-block-list\">\n<li><strong>Amor humano e divino<\/strong>: O Cora\u00e7\u00e3o de Cristo \u00e9 a uni\u00e3o perfeita do humano e do divino. N\u00e3o \u00e9 uma met\u00e1fora, mas a realidade de um Deus que\u00a0<em>sente<\/em>\u00a0(cf. Jo\u00e3o 11:35) e nos convida a amar como Ele.<\/li>\n\n\n\n<li><strong>Repara\u00e7\u00e3o pelos pecados<\/strong>: Jesus pediu ora\u00e7\u00e3o e penit\u00eancia para &#8220;consolar&#8221; Seu Cora\u00e7\u00e3o, ferido pela indiferen\u00e7a. Hoje, isso implica lutar contra a cultura do descarte (aborto, injusti\u00e7a, secularismo).<\/li>\n\n\n\n<li><strong>Promessas ligadas a esta devo\u00e7\u00e3o<\/strong>: Entre as 12 Promessas do Sagrado Cora\u00e7\u00e3o, destacam-se:\u00a0<em>&#8220;Darei todas as gra\u00e7as necess\u00e1rias a seu estado&#8221;<\/em>\u00a0e\u00a0<em>&#8220;Aben\u00e7oarei as casas onde minha imagem for exposta e honrada&#8221;<\/em>.<\/li>\n<\/ol>\n\n\n\n<h3 class=\"wp-block-heading\"><strong>III. Guia Pr\u00e1tico: Como viver junho no Sagrado Cora\u00e7\u00e3o?<\/strong><\/h3>\n\n\n\n<p><strong>1. Consagra\u00e7\u00e3o pessoal e familiar<\/strong><\/p>\n\n\n\n<ul class=\"wp-block-list\">\n<li><em>F\u00f3rmula cl\u00e1ssica<\/em>: &#8220;Sagrado Cora\u00e7\u00e3o de Jesus, eu me dou a V\u00f3s.&#8221;<\/li>\n\n\n\n<li><em>A\u00e7\u00e3o concreta<\/em>: Colocar uma imagem do Sagrado Cora\u00e7\u00e3o no lar e rezar em fam\u00edlia.<\/li>\n<\/ul>\n\n\n\n<p><strong>2. As Primeiras Sextas-Feiras do M\u00eas<\/strong><br>Jesus pediu a comunh\u00e3o em nove primeiras sextas-feiras consecutivas em repara\u00e7\u00e3o. \u00c9 um caminho de gra\u00e7a e fidelidade.<\/p>\n\n\n\n<p><strong>3. Ora\u00e7\u00f5es fundamentais<\/strong><\/p>\n\n\n\n<ul class=\"wp-block-list\">\n<li><em>Ato de Repara\u00e7\u00e3o<\/em>: &#8220;Doce Cora\u00e7\u00e3o de Jesus, sede o meu amor&#8230;&#8221;<\/li>\n\n\n\n<li><em>Ladainhas do Sagrado Cora\u00e7\u00e3o<\/em>\u00a0(meditando atributos como\u00a0<em>&#8220;Cora\u00e7\u00e3o de Jesus, paciente e misericordios\u00edssimo&#8221;<\/em>).<\/li>\n<\/ul>\n\n\n\n<p><strong>4. Apostolado do Cora\u00e7\u00e3o<\/strong><\/p>\n\n\n\n<ul class=\"wp-block-list\">\n<li><em>Evangelizar com ternura<\/em>: Levar outros a descobrir este amor.<\/li>\n\n\n\n<li><em>Obras de miseric\u00f3rdia<\/em>: Visitar os enfermos, dar de comer aos famintos (cf. Mateus 25).<\/li>\n<\/ul>\n\n\n\n<p><strong>5. Vida sacramental<\/strong><\/p>\n\n\n\n<ul class=\"wp-block-list\">\n<li><em>Eucaristia<\/em>: O Cora\u00e7\u00e3o de Jesus bate na H\u00f3stia.<\/li>\n\n\n\n<li><em>Confiss\u00e3o<\/em>: Curar as feridas que entristecem Cristo.<\/li>\n<\/ul>\n\n\n\n<h3 class=\"wp-block-heading\"><strong>IV. Para os C\u00e9ticos: Uma Devo\u00e7\u00e3o Ultrapassada?<\/strong><\/h3>\n\n\n\n<p>Em tempos de crise da paternidade, o Sagrado Cora\u00e7\u00e3o revela um&nbsp;<em>Deus Pai pr\u00f3ximo<\/em>. Diante do materialismo, lembra que o homem precisa amar e ser amado. Como dizia S\u00e3o Jo\u00e3o Paulo II:&nbsp;<em>&#8220;N\u00e3o tenhais medo de abrir as portas a Cristo e ao Seu Cora\u00e7\u00e3o misericordioso.&#8221;<\/em><\/p>\n\n\n\n<p><strong>Conclus\u00e3o: Um M\u00eas para Inflamar o Mundo<\/strong><br>Junho n\u00e3o \u00e9 um ritual vazio. \u00c9 um convite a&nbsp;<em>nos deixarmos amar<\/em>&nbsp;por Cristo e a amar como Ele. Em Seu Cora\u00e7\u00e3o est\u00e1 a paz que o mundo n\u00e3o d\u00e1, a for\u00e7a para sermos santos e a esperan\u00e7a para renovar a sociedade.<\/p>\n\n\n\n<p><strong>Ora\u00e7\u00e3o final<\/strong>:<br>&#8220;\u00d3 Cora\u00e7\u00e3o de Jesus, fonte de todo bem,<br>fazei que Vos amemos sobre todas as coisas<br>e transformai nosso cora\u00e7\u00e3o no Vosso.<br>Am\u00e9m.&#8221;<\/p>\n\n\n\n<hr class=\"wp-block-separator has-alpha-channel-opacity\"\/>\n\n\n\n<p><strong>Chamado \u00e0 A\u00e7\u00e3o<\/strong>:<\/p>\n\n\n\n<ul class=\"wp-block-list\">\n<li>Compartilhe este artigo com algu\u00e9m que precise de consolo.<\/li>\n\n\n\n<li>Participe da\u00a0<em>Hora Santa<\/em>\u00a0em sua par\u00f3quia neste junho.<\/li>\n\n\n\n<li>Viva uma primeira sexta-feira com amor heroico!<\/li>\n<\/ul>\n\n\n\n<p><em>&#8220;Eis este Cora\u00e7\u00e3o que tanto amou os homens&#8230; e em troca s\u00f3 recebe ingratid\u00f5es&#8221;<\/em>&nbsp;(Palavras de Jesus a Santa Margarida Maria). Como voc\u00ea responder\u00e1?<\/p>\n","protected":false},"excerpt":{"rendered":"<p>Introdu\u00e7\u00e3o: Um Cora\u00e7\u00e3o que bate pela humanidadeNum mundo marcado pelo desespero, solid\u00e3o e agita\u00e7\u00e3o, a Igreja nos oferece um ref\u00fagio seguro: o Sagrado Cora\u00e7\u00e3o de Jesus. Junho, consagrado a esta devo\u00e7\u00e3o, n\u00e3o \u00e9 apenas uma tradi\u00e7\u00e3o piedosa, mas uma escola de amor divino, um ant\u00eddoto contra o ego\u00edsmo moderno e um chamado \u00e0 repara\u00e7\u00e3o. Mas &hellip;<\/p>\n","protected":false},"author":3,"featured_media":4126,"comment_status":"open","ping_status":"open","sticky":false,"template":"","format":"standard","meta":{"_seopress_robots_primary_cat":"","_seopress_titles_title":"","_seopress_titles_desc":"","_seopress_robots_index":"","footnotes":""},"categories":[40,58],"tags":[118],"class_list":["post-4125","post","type-post","status-publish","format-standard","has-post-thumbnail","","category-oracao-e-espiritualidade","category-oracao-e-vida-espiritual","tag-sagrado-coracao-de-jesus"],"_links":{"self":[{"href":"https:\/\/catholicus.eu\/pt\/wp-json\/wp\/v2\/posts\/4125","targetHints":{"allow":["GET"]}}],"collection":[{"href":"https:\/\/catholicus.eu\/pt\/wp-json\/wp\/v2\/posts"}],"about":[{"href":"https:\/\/catholicus.eu\/pt\/wp-json\/wp\/v2\/types\/post"}],"author":[{"embeddable":true,"href":"https:\/\/catholicus.eu\/pt\/wp-json\/wp\/v2\/users\/3"}],"replies":[{"embeddable":true,"href":"https:\/\/catholicus.eu\/pt\/wp-json\/wp\/v2\/comments?post=4125"}],"version-history":[{"count":1,"href":"https:\/\/catholicus.eu\/pt\/wp-json\/wp\/v2\/posts\/4125\/revisions"}],"predecessor-version":[{"id":4127,"href":"https:\/\/catholicus.eu\/pt\/wp-json\/wp\/v2\/posts\/4125\/revisions\/4127"}],"wp:featuredmedia":[{"embeddable":true,"href":"https:\/\/catholicus.eu\/pt\/wp-json\/wp\/v2\/media\/4126"}],"wp:attachment":[{"href":"https:\/\/catholicus.eu\/pt\/wp-json\/wp\/v2\/media?parent=4125"}],"wp:term":[{"taxonomy":"category","embeddable":true,"href":"https:\/\/catholicus.eu\/pt\/wp-json\/wp\/v2\/categories?post=4125"},{"taxonomy":"post_tag","embeddable":true,"href":"https:\/\/catholicus.eu\/pt\/wp-json\/wp\/v2\/tags?post=4125"}],"curies":[{"name":"wp","href":"https:\/\/api.w.org\/{rel}","templated":true}]}}