{"id":4110,"date":"2025-05-31T08:22:25","date_gmt":"2025-05-31T06:22:25","guid":{"rendered":"https:\/\/catholicus.eu\/pt\/?p=4110"},"modified":"2025-05-31T08:22:26","modified_gmt":"2025-05-31T06:22:26","slug":"papista-o-insulto-que-virou-honra-como-redescobrir-nossa-identidade-catolica-em-um-mundo-dividido","status":"publish","type":"post","link":"https:\/\/catholicus.eu\/pt\/papista-o-insulto-que-virou-honra-como-redescobrir-nossa-identidade-catolica-em-um-mundo-dividido\/","title":{"rendered":"Papista: O insulto que virou honra. Como redescobrir nossa identidade cat\u00f3lica em um mundo dividido"},"content":{"rendered":"\n<h2 class=\"wp-block-heading\">INTRODU\u00c7\u00c3O<\/h2>\n\n\n\n<p>\u201cPapista.\u201d Uma palavra curta, mas carregada de s\u00e9culos de pol\u00eamica, preconceito e \u2014 paradoxalmente \u2014 verdade. Usada inicialmente como insulto, \u201cpapista\u201d era direcionada aos cat\u00f3licos fi\u00e9is ao Papa, como acusa\u00e7\u00e3o de fanatismo, obedi\u00eancia cega ou heresia disfar\u00e7ada.<\/p>\n\n\n\n<p>Mas e se eu te dissesse que \u00e9 uma honra ser \u201cpapista\u201d, no sentido correto? E se essa palavra, longe de ser uma ofensa, revelasse na verdade uma identidade teol\u00f3gica e espiritual profunda?<\/p>\n\n\n\n<p>Neste artigo, vamos explorar a hist\u00f3ria desse termo, analisar suas bases teol\u00f3gicas, responder apologeticamente aos abusos que ele sofreu e oferecer um guia pr\u00e1tico sobre como viver hoje a fidelidade ao Papa \u2014 como sinal de unidade, e n\u00e3o de idolatria. Prepare-se para redescobrir a beleza de ser verdadeiramente cat\u00f3lico: <strong>ser papista.<\/strong><\/p>\n\n\n\n<hr class=\"wp-block-separator has-alpha-channel-opacity\"\/>\n\n\n\n<h2 class=\"wp-block-heading\">1. O QUE SIGNIFICA \u201cPAPISTA\u201d? UM POUCO DE HIST\u00d3RIA<\/h2>\n\n\n\n<p>A palavra \u201cpapista\u201d vem do latim <em>papa<\/em>, que significa \u201cpai\u201d \u2014 uma refer\u00eancia clara ao Papa de Roma. Originalmente, o termo indicava simplesmente aqueles que seguiam o Papa.<\/p>\n\n\n\n<p>Mas com o tempo \u2014 especialmente ap\u00f3s a Reforma Protestante do s\u00e9culo XVI \u2014 a palavra assumiu uma conota\u00e7\u00e3o negativa.<\/p>\n\n\n\n<p>Os reformadores a usaram para zombar dos cat\u00f3licos, acusando-os de se submeterem cegamente ao Papa em vez de a Cristo. Na Inglaterra, por exemplo, o termo \u201cpapista\u201d tornou-se uma arma pol\u00edtica, usada para justificar persegui\u00e7\u00f5es, execu\u00e7\u00f5es e leis discriminat\u00f3rias contra os cat\u00f3licos. Era sin\u00f4nimo de \u201ctraidor\u201d, \u201cid\u00f3latra\u201d, \u201cinimigo do verdadeiro cristianismo\u201d.<\/p>\n\n\n\n<p>No entanto, em meio a essas persegui\u00e7\u00f5es, muitos cat\u00f3licos carregaram esse \u201cinsulto\u201d com orgulho. Preferiam ser chamados de \u201cpapistas\u201d e morrer por sua fidelidade ao sucessor de Pedro do que trair sua f\u00e9 em nome de uma falsa liberdade religiosa que negava a verdade e a unidade.<\/p>\n\n\n\n<hr class=\"wp-block-separator has-alpha-channel-opacity\"\/>\n\n\n\n<h2 class=\"wp-block-heading\">2. TEOLOGIA DO PAPISMO: O QUE A IGREJA ENSINA?<\/h2>\n\n\n\n<p>A Igreja Cat\u00f3lica ensina que o Papa, como sucessor de S\u00e3o Pedro, tem uma miss\u00e3o \u00fanica: <strong>ser o princ\u00edpio vis\u00edvel da unidade e guardi\u00e3o da f\u00e9<\/strong>. Esse ensinamento se baseia nas pr\u00f3prias palavras de Cristo:<\/p>\n\n\n\n<blockquote class=\"wp-block-quote is-layout-flow wp-block-quote-is-layout-flow\">\n<p>&#8220;Tu \u00e9s Pedro, e sobre esta pedra edificarei a minha Igreja, e as portas do inferno n\u00e3o prevalecer\u00e3o contra ela.&#8221;<br>\u2014 <em>Mateus 16,18<\/em><\/p>\n<\/blockquote>\n\n\n\n<p>Pedro n\u00e3o \u00e9 apenas um ap\u00f3stolo. Ele \u00e9 a pedra. A ele foi dado o poder de \u201cligar e desligar\u201d, e a ele \u2014 e a seus sucessores \u2014 foi confiada a miss\u00e3o de \u201cconfirmar os irm\u00e3os na f\u00e9\u201d (<em>cf. Lucas 22,32<\/em>).<\/p>\n\n\n\n<p>O Conc\u00edlio Vaticano I (1870) definiu dogmaticamente o <strong>primado de jurisdi\u00e7\u00e3o<\/strong> e a <strong>infalibilidade do Papa<\/strong> em mat\u00e9ria de f\u00e9 e moral, quando fala <em>ex cathedra<\/em>. Isso n\u00e3o significa que o Papa n\u00e3o possa errar em opini\u00f5es pessoais ou decis\u00f5es disciplinares, mas que, quando ensina de forma vinculante como Pastor universal, \u00e9 preservado do erro pelo Esp\u00edrito Santo.<\/p>\n\n\n\n<p>Ser papista n\u00e3o \u00e9 idolatrar um homem, mas <strong>reconhecer a autoridade que Cristo mesmo conferiu para guiar Sua Igreja<\/strong>.<\/p>\n\n\n\n<hr class=\"wp-block-separator has-alpha-channel-opacity\"\/>\n\n\n\n<h2 class=\"wp-block-heading\">3. USO PEJORATIVO DO TERMO: UMA HIST\u00d3RIA DE CAL\u00daNIAS<\/h2>\n\n\n\n<p>Ao longo dos s\u00e9culos, especialmente nos pa\u00edses protestantes, a palavra \u201cpapista\u201d foi usada para acusar os cat\u00f3licos de:<\/p>\n\n\n\n<ul class=\"wp-block-list\">\n<li><strong>idolatria<\/strong> \u2013 adorar o Papa como se fosse um deus;<\/li>\n\n\n\n<li><strong>fanatismo<\/strong> \u2013 incapacidade de pensar por si mesmo;<\/li>\n\n\n\n<li><strong>trai\u00e7\u00e3o pol\u00edtica<\/strong> \u2013 fidelidade ao Papa vista como deslealdade ao Estado;<\/li>\n\n\n\n<li><strong>ignor\u00e2ncia religiosa<\/strong> \u2013 incapacidade de ler a B\u00edblia por conta pr\u00f3pria.<\/li>\n<\/ul>\n\n\n\n<p>Essas acusa\u00e7\u00f5es s\u00e3o facilmente refut\u00e1veis:<\/p>\n\n\n\n<ul class=\"wp-block-list\">\n<li><strong>N\u00e3o adoramos o Papa<\/strong>: A venera\u00e7\u00e3o ao Papa \u00e9 institucional, n\u00e3o divina. S\u00f3 a Deus se deve adora\u00e7\u00e3o (<em>latria<\/em>), aos santos a venera\u00e7\u00e3o (<em>dulia<\/em>), e ao Papa, como chefe vis\u00edvel da Igreja, deve-se respeito (<em>obedi\u00eancia can\u00f4nica<\/em>), mas nunca culto.<\/li>\n\n\n\n<li><strong>A f\u00e9 n\u00e3o sufoca a raz\u00e3o<\/strong>: O catolicismo gerou fil\u00f3sofos, cientistas, escritores e te\u00f3logos de alt\u00edssimo n\u00edvel. A f\u00e9 cat\u00f3lica promove o uso da raz\u00e3o, iluminada pela Revela\u00e7\u00e3o.<\/li>\n\n\n\n<li><strong>Fidelidade n\u00e3o \u00e9 servid\u00e3o<\/strong>: A obedi\u00eancia ao Papa n\u00e3o \u00e9 servilismo, mas <em>discernimento em comunh\u00e3o<\/em> e abertura ao Esp\u00edrito que guia a Igreja por meio de seus leg\u00edtimos pastores.<\/li>\n<\/ul>\n\n\n\n<hr class=\"wp-block-separator has-alpha-channel-opacity\"\/>\n\n\n\n<h2 class=\"wp-block-heading\">4. APLICA\u00c7\u00c3O PR\u00c1TICA: COMO SER PAPISTA HOJE \u2013 SEM CAIR EM EXTREMOS<\/h2>\n\n\n\n<h3 class=\"wp-block-heading\">\u2714\ufe0f Ser papista <strong>n\u00e3o \u00e9 papolatria<\/strong><\/h3>\n\n\n\n<p>Alguns acreditam que ser fiel ao Papa significa justificar tudo o que ele diz ou faz, mesmo fora da doutrina. Isso \u00e9 um erro. A obedi\u00eancia ao Papa tem limites claros: <strong>f\u00e9, moral e unidade eclesial<\/strong>. N\u00e3o devemos transformar o Papa em um or\u00e1culo infal\u00edvel, mas tamb\u00e9m n\u00e3o devemos usar qualquer desconforto como pretexto para desobedi\u00eancia ou divis\u00e3o.<\/p>\n\n\n\n<h3 class=\"wp-block-heading\">\u2714\ufe0f Ser papista <strong>n\u00e3o \u00e9 ser acr\u00edtico<\/strong><\/h3>\n\n\n\n<p>O Papa n\u00e3o \u00e9 infal\u00edvel em tudo. \u00c9 leg\u00edtimo \u2014 e \u00e0s vezes necess\u00e1rio \u2014 expressar com respeito d\u00favidas ou perplexidades sobre suas opini\u00f5es pessoais ou decis\u00f5es pastorais, sempre no amor pela Igreja. S\u00e3o Paulo corrigiu publicamente S\u00e3o Pedro (<em>cf. G\u00e1latas 2,11\u201314<\/em>), sem jamais questionar seu primado.<\/p>\n\n\n\n<h3 class=\"wp-block-heading\">\u2714\ufe0f Ser papista <strong>\u00e9 viver em comunh\u00e3o<\/strong><\/h3>\n\n\n\n<p>Um bom cat\u00f3lico reza pelo Papa, o escuta, o defende de ataques injustos e se esfor\u00e7a para viver em sintonia com o Magist\u00e9rio aut\u00eantico. A fidelidade ao Papa \u00e9 sinal de unidade \u2014 n\u00e3o de uniformidade.<\/p>\n\n\n\n<hr class=\"wp-block-separator has-alpha-channel-opacity\"\/>\n\n\n\n<h2 class=\"wp-block-heading\">5. GUIA TEOL\u00d3GICO E PASTORAL: COMO VIVER UMA ESPIRITUALIDADE \u201cPAPISTA\u201d<\/h2>\n\n\n\n<h3 class=\"wp-block-heading\">\ud83d\udd4a\ufe0f 1. <strong>Forma\u00e7\u00e3o s\u00f3lida na f\u00e9<\/strong><\/h3>\n\n\n\n<p>Estude o Catecismo da Igreja Cat\u00f3lica e os documentos do Magist\u00e9rio. Isso te ajudar\u00e1 a distinguir entre o essencial e o secund\u00e1rio. Lembre-se: nem tudo que vem de Roma \u00e9 dogma \u2014 mas nem tudo \u00e9 opin\u00e1vel.<\/p>\n\n\n\n<h3 class=\"wp-block-heading\">\ud83d\ude4f 2. <strong>Ora\u00e7\u00e3o pelo Papa<\/strong><\/h3>\n\n\n\n<p>Inclua o Santo Padre em sua ora\u00e7\u00e3o di\u00e1ria. Ele carrega o peso de toda a Igreja. O cardeal Sarah disse: <em>&#8220;O Papa \u00e9 o homem mais solit\u00e1rio do mundo.&#8221;<\/em><\/p>\n\n\n\n<blockquote class=\"wp-block-quote is-layout-flow wp-block-quote-is-layout-flow\">\n<p>&#8220;Recomendo, antes de tudo, que se fa\u00e7am s\u00faplicas, ora\u00e7\u00f5es, intercess\u00f5es e a\u00e7\u00f5es de gra\u00e7as por todos os homens [\u2026] pelos reis e por todos os que exercem autoridade.&#8221;<br>\u2014 <em>1 Tim\u00f3teo 2,1\u20132<\/em><\/p>\n<\/blockquote>\n\n\n\n<h3 class=\"wp-block-heading\">\ud83d\udcd6 3. <strong>Discernimento espiritual<\/strong><\/h3>\n\n\n\n<p>Nem tudo o que os meios de comunica\u00e7\u00e3o ou as redes sociais dizem sobre o Papa \u00e9 verdadeiro. N\u00e3o se deixe confundir por manchetes alarmistas. Consulte fontes oficiais: <em>Vatican.va<\/em>, <em>Lumen Gentium<\/em>, <em>C\u00f3digo de Direito Can\u00f4nico<\/em>. N\u00e3o se deixe manipular \u2014 forme seu ju\u00edzo com caridade e intelig\u00eancia.<\/p>\n\n\n\n<h3 class=\"wp-block-heading\">\ud83d\udee1\ufe0f 4. <strong>Defesa da f\u00e9<\/strong><\/h3>\n\n\n\n<p>Se zombarem de voc\u00ea por sua fidelidade ao Papa, responda com clareza e caridade. A apolog\u00e9tica n\u00e3o \u00e9 orgulho, mas um ato de amor pela verdade. N\u00e3o tenha vergonha de ser chamado de \u201cpapista\u201d \u2014 se isso significar ser cat\u00f3lico de verdade.<\/p>\n\n\n\n<h3 class=\"wp-block-heading\">\ud83e\udd1d 5. <strong>Unidade na diversidade<\/strong><\/h3>\n\n\n\n<p>Aprecie a riqueza da Igreja: carism\u00e1ticos, tradicionalistas, religiosos, leigos, jovens e idosos&#8230; A comunh\u00e3o com o Papa \u00e9 o elo que une todos. N\u00e3o caia no sectarismo intraeclesial. O verdadeiro papista busca a unidade \u2014 sem comprometer a verdade.<\/p>\n\n\n\n<hr class=\"wp-block-separator has-alpha-channel-opacity\"\/>\n\n\n\n<h2 class=\"wp-block-heading\">6. UM T\u00cdTULO DE HONRA: O ORGULHO DE SER PAPISTA<\/h2>\n\n\n\n<p>Em um mundo que despreza a autoridade, a fidelidade e a verdade revelada, <strong>ser papista \u00e9 um ato revolucion\u00e1rio de amor e comunh\u00e3o<\/strong>. N\u00e3o \u00e9 mais um insulto, mas uma identidade. Testemunha que <strong>Cristo n\u00e3o nos deixou \u00f3rf\u00e3os<\/strong>, mas continua a guiar sua Igreja por meio de Pedro.<\/p>\n\n\n\n<p>\u00c9 dizer ao mundo:<br><em>\u201cSim, estou com o Papa. N\u00e3o porque sirvo a um homem, mas porque creio em um Deus que constr\u00f3i sua Igreja sobre uma rocha vis\u00edvel.\u201d<\/em><\/p>\n\n\n\n<hr class=\"wp-block-separator has-alpha-channel-opacity\"\/>\n\n\n\n<h2 class=\"wp-block-heading\">CONCLUS\u00c3O<\/h2>\n\n\n\n<p>Em tempos de confus\u00e3o, polariza\u00e7\u00e3o e ataques \u00e0 Igreja \u2014 de fora, mas tamb\u00e9m de dentro \u2014 \u00e9 mais necess\u00e1rio do que nunca ser \u201cpapista\u201d. N\u00e3o por fanatismo cego, mas como <strong>express\u00e3o madura da f\u00e9 eclesial<\/strong>. N\u00e3o por servilismo, mas por amor, fidelidade e esperan\u00e7a nas promessas de Cristo.<\/p>\n\n\n\n<p><strong>N\u00e3o tenha vergonha de ser chamado de papista.<\/strong> Carregue esse nome com orgulho, como S\u00e3o Jo\u00e3o Fisher e S\u00e3o Tom\u00e1s Moro \u2014 com f\u00e9, alegria e coragem.<\/p>\n\n\n\n<blockquote class=\"wp-block-quote is-layout-flow wp-block-quote-is-layout-flow\">\n<p>&#8220;Onde est\u00e1 Pedro, a\u00ed est\u00e1 a Igreja.&#8221;<br>\u2014 <em>Santo Ambr\u00f3sio de Mil\u00e3o<\/em><\/p>\n<\/blockquote>\n\n\n\n<hr class=\"wp-block-separator has-alpha-channel-opacity\"\/>\n\n\n\n<p><strong>Voc\u00ea tem coragem de viver sua f\u00e9 como um verdadeiro papista?<\/strong><\/p>\n\n\n\n<p>Que o Esp\u00edrito Santo nos fortale\u00e7a na fidelidade, e Maria, M\u00e3e da Igreja, interceda por n\u00f3s. Am\u00e9m.<\/p>\n","protected":false},"excerpt":{"rendered":"<p>INTRODU\u00c7\u00c3O \u201cPapista.\u201d Uma palavra curta, mas carregada de s\u00e9culos de pol\u00eamica, preconceito e \u2014 paradoxalmente \u2014 verdade. Usada inicialmente como insulto, \u201cpapista\u201d era direcionada aos cat\u00f3licos fi\u00e9is ao Papa, como acusa\u00e7\u00e3o de fanatismo, obedi\u00eancia cega ou heresia disfar\u00e7ada. Mas e se eu te dissesse que \u00e9 uma honra ser \u201cpapista\u201d, no sentido correto? E se &hellip;<\/p>\n","protected":false},"author":3,"featured_media":4111,"comment_status":"open","ping_status":"open","sticky":false,"template":"","format":"standard","meta":{"_seopress_robots_primary_cat":"","_seopress_titles_title":"","_seopress_titles_desc":"","_seopress_robots_index":"","footnotes":""},"categories":[48,38],"tags":[1486],"class_list":["post-4110","post","type-post","status-publish","format-standard","has-post-thumbnail","","category-historia-da-igreja","category-historia-e-tradicao","tag-papista"],"_links":{"self":[{"href":"https:\/\/catholicus.eu\/pt\/wp-json\/wp\/v2\/posts\/4110","targetHints":{"allow":["GET"]}}],"collection":[{"href":"https:\/\/catholicus.eu\/pt\/wp-json\/wp\/v2\/posts"}],"about":[{"href":"https:\/\/catholicus.eu\/pt\/wp-json\/wp\/v2\/types\/post"}],"author":[{"embeddable":true,"href":"https:\/\/catholicus.eu\/pt\/wp-json\/wp\/v2\/users\/3"}],"replies":[{"embeddable":true,"href":"https:\/\/catholicus.eu\/pt\/wp-json\/wp\/v2\/comments?post=4110"}],"version-history":[{"count":1,"href":"https:\/\/catholicus.eu\/pt\/wp-json\/wp\/v2\/posts\/4110\/revisions"}],"predecessor-version":[{"id":4112,"href":"https:\/\/catholicus.eu\/pt\/wp-json\/wp\/v2\/posts\/4110\/revisions\/4112"}],"wp:featuredmedia":[{"embeddable":true,"href":"https:\/\/catholicus.eu\/pt\/wp-json\/wp\/v2\/media\/4111"}],"wp:attachment":[{"href":"https:\/\/catholicus.eu\/pt\/wp-json\/wp\/v2\/media?parent=4110"}],"wp:term":[{"taxonomy":"category","embeddable":true,"href":"https:\/\/catholicus.eu\/pt\/wp-json\/wp\/v2\/categories?post=4110"},{"taxonomy":"post_tag","embeddable":true,"href":"https:\/\/catholicus.eu\/pt\/wp-json\/wp\/v2\/tags?post=4110"}],"curies":[{"name":"wp","href":"https:\/\/api.w.org\/{rel}","templated":true}]}}