{"id":4073,"date":"2025-05-28T11:09:56","date_gmt":"2025-05-28T09:09:56","guid":{"rendered":"https:\/\/catholicus.eu\/pt\/?p=4073"},"modified":"2025-05-28T11:09:56","modified_gmt":"2025-05-28T09:09:56","slug":"caridade-sem-evangelho-o-desafio-das-ongs-e-o-catolicismo-em-um-mundo-que-esquece-deus","status":"publish","type":"post","link":"https:\/\/catholicus.eu\/pt\/caridade-sem-evangelho-o-desafio-das-ongs-e-o-catolicismo-em-um-mundo-que-esquece-deus\/","title":{"rendered":"Caridade sem Evangelho? O desafio das ONGs e o Catolicismo em um mundo que esquece Deus"},"content":{"rendered":"\n<h3 class=\"wp-block-heading\">Introdu\u00e7\u00e3o: O rosto humano da Igreja\u2026 ou apenas uma m\u00e1scara?<\/h3>\n\n\n\n<p>Nas \u00faltimas d\u00e9cadas, as Organiza\u00e7\u00f5es N\u00e3o Governamentais (ONGs) tornaram-se atores centrais no campo social, humanit\u00e1rio e de desenvolvimento em todo o mundo. Hospitais, refeit\u00f3rios, campanhas de vacina\u00e7\u00e3o, ajuda em cat\u00e1strofes, programas educacionais&#8230; Onde o Estado n\u00e3o alcan\u00e7a, elas chegam. No entanto, em meio a essa teia de boas inten\u00e7\u00f5es, surge um fen\u00f4meno inquietante que diz respeito diretamente \u00e0 Igreja: <strong>a tenta\u00e7\u00e3o de reduzir a miss\u00e3o evangelizadora \u00e0 mera assist\u00eancia social<\/strong>, esvaziando a identidade crist\u00e3 em nome da &#8220;neutralidade ideol\u00f3gica&#8221; ou do &#8220;profissionalismo \u00e9tico&#8221;.<\/p>\n\n\n\n<p>Pode uma organiza\u00e7\u00e3o cat\u00f3lica agir como uma simples ONG? O que distingue a caridade crist\u00e3 da filantropia secular? O que acontece quando uma ONG que se diz \u201ccat\u00f3lica\u201d deixa de anunciar Cristo? E como discernir quando colaborar e quando se afastar? Este artigo \u00e9 um guia para compreender, discernir e agir.<\/p>\n\n\n\n<hr class=\"wp-block-separator has-alpha-channel-opacity\"\/>\n\n\n\n<h2 class=\"wp-block-heading\">I. O que \u00e9 uma ONG e qual o seu papel hoje?<\/h2>\n\n\n\n<p>Uma <strong>ONG<\/strong> \u00e9 uma organiza\u00e7\u00e3o sem fins lucrativos, independente do Estado, que atua no campo social, humanit\u00e1rio, ambiental ou cultural. Em geral, dedica-se \u00e0 prote\u00e7\u00e3o dos vulner\u00e1veis, \u00e0 defesa dos direitos humanos ou \u00e0 promo\u00e7\u00e3o do desenvolvimento sustent\u00e1vel.<\/p>\n\n\n\n<p>Em si mesmas, as ONGs <strong>n\u00e3o s\u00e3o boas nem m\u00e1s<\/strong>: s\u00e3o instrumentos. Muitas realizam um trabalho admir\u00e1vel e necess\u00e1rio. Mas a quest\u00e3o central \u00e9: <strong>seu objetivo \u00e9 puramente humano<\/strong>. Buscam o bem da pessoa a n\u00edvel material, psicol\u00f3gico ou cultural, <strong>n\u00e3o em sua dimens\u00e3o transcendente<\/strong>. N\u00e3o proclamam a verdade revelada. N\u00e3o buscam a salva\u00e7\u00e3o da alma.<\/p>\n\n\n\n<hr class=\"wp-block-separator has-alpha-channel-opacity\"\/>\n\n\n\n<h2 class=\"wp-block-heading\">II. A Igreja: caridade, sim \u2014 mas com o Evangelho<\/h2>\n\n\n\n<p>A caridade n\u00e3o \u00e9 simplesmente \u201cfazer o bem\u201d, mas <strong>uma parte essencial do rosto da Igreja<\/strong>. Como escreveu o Papa Bento XVI na enc\u00edclica <em>Deus Caritas Est<\/em>:<\/p>\n\n\n\n<blockquote class=\"wp-block-quote is-layout-flow wp-block-quote-is-layout-flow\">\n<p>\u201cA Igreja n\u00e3o pode descuidar o servi\u00e7o da caridade, assim como n\u00e3o pode omitir os Sacramentos e a Palavra.\u201d<br>(<em>Deus Caritas Est<\/em>, 22)<\/p>\n<\/blockquote>\n\n\n\n<p>A caridade n\u00e3o \u00e9 um ap\u00eandice do Evangelho, <strong>mas seu fruto vis\u00edvel e concreto<\/strong>. Por\u00e9m, n\u00e3o se trata de qualquer caridade: <strong>\u00e9 a caridade que traz o rosto de Cristo, que ama em nome de Deus e conduz a Ele<\/strong>. Quando a Igreja age, n\u00e3o d\u00e1 apenas p\u00e3o, d\u00e1 <strong>vida<\/strong>:<\/p>\n\n\n\n<blockquote class=\"wp-block-quote is-layout-flow wp-block-quote-is-layout-flow\">\n<p>\u201cN\u00e3o s\u00f3 de p\u00e3o viver\u00e1 o homem, mas de toda palavra que sai da boca de Deus.\u201d (Mateus 4,4)<\/p>\n<\/blockquote>\n\n\n\n<p>Portanto, <strong>a caridade cat\u00f3lica n\u00e3o pode ser neutra ou areligiosa<\/strong>. N\u00e3o pode ter medo de dizer \u201cDeus\u201d, n\u00e3o pode envergonhar-se do Evangelho. Uma caridade que se cala diante de Cristo <strong>n\u00e3o \u00e9 caridade crist\u00e3<\/strong>. Uma Igreja que ajuda, mas n\u00e3o evangeliza, <strong>trai sua miss\u00e3o<\/strong>.<\/p>\n\n\n\n<hr class=\"wp-block-separator has-alpha-channel-opacity\"\/>\n\n\n\n<h2 class=\"wp-block-heading\">III. Hist\u00f3ria: do hospital crist\u00e3o \u00e0 \u201cONG cat\u00f3lica\u201d<\/h2>\n\n\n\n<p>Desde os seus prim\u00f3rdios, a Igreja tem sido <strong>m\u00e3e dos pobres<\/strong>: fundando hospitais, criando orfanatos, promovendo a educa\u00e7\u00e3o, combatendo a escravid\u00e3o, protegendo os marginalizados. Mas sempre o fez <strong>em nome de Cristo<\/strong>, com a clara inten\u00e7\u00e3o de <strong>conduzir as almas a Deus<\/strong>.<\/p>\n\n\n\n<p>Com o surgimento das ONGs no s\u00e9culo XX, <strong>algumas obras cat\u00f3licas come\u00e7aram a receber financiamentos governamentais ou privados<\/strong>, o que levou frequentemente a <strong>uma ren\u00fancia progressiva \u00e0 express\u00e3o da f\u00e9<\/strong>, por \u201craz\u00f5es diplom\u00e1ticas\u201d ou em nome da \u201cneutralidade\u201d.<\/p>\n\n\n\n<p>Assim, <strong>algumas obras eclesiais acabaram funcionando como ONGs<\/strong>: organizam, planejam, ajudam\u2026 mas <strong>n\u00e3o evangelizam, n\u00e3o rezam, n\u00e3o testemunham<\/strong>. Algumas chegam a proibir s\u00edmbolos religiosos ou momentos de ora\u00e7\u00e3o em suas estruturas. Dessa forma, <strong>j\u00e1 n\u00e3o s\u00e3o obras da Igreja<\/strong>, mesmo que ainda levem o nome ou sejam financiadas com fundos eclesi\u00e1sticos.<\/p>\n\n\n\n<hr class=\"wp-block-separator has-alpha-channel-opacity\"\/>\n\n\n\n<h2 class=\"wp-block-heading\">IV. Teologia da caridade: o que distingue uma obra cat\u00f3lica?<\/h2>\n\n\n\n<h3 class=\"wp-block-heading\">1. <strong>O princ\u00edpio trinit\u00e1rio: caridade que nasce do amor de Deus<\/strong><\/h3>\n\n\n\n<p>A verdadeira caridade crist\u00e3 nasce do encontro com o Deus vivo. Como escreve S\u00e3o Jo\u00e3o:<\/p>\n\n\n\n<blockquote class=\"wp-block-quote is-layout-flow wp-block-quote-is-layout-flow\">\n<p>\u201cN\u00f3s amamos porque Ele nos amou primeiro.\u201d (1 Jo\u00e3o 4,19)<\/p>\n<\/blockquote>\n\n\n\n<p>N\u00e3o se trata de \u201cativismo filantr\u00f3pico\u201d, mas de <strong>uma resposta de amor ao amor de Deus<\/strong>. Portanto, <strong>uma obra caritativa sem refer\u00eancia expl\u00edcita a Deus, por mais eficaz que seja, n\u00e3o \u00e9 plenamente crist\u00e3<\/strong>.<\/p>\n\n\n\n<h3 class=\"wp-block-heading\">2. <strong>O fim sobrenatural: salvar n\u00e3o s\u00f3 o corpo, mas a alma<\/strong><\/h3>\n\n\n\n<p>Cristo n\u00e3o veio apenas para curar corpos, mas para <strong>trazer a salva\u00e7\u00e3o eterna<\/strong>. Toda obra crist\u00e3 deve ter esse fim: <strong>conduzir as almas a Deus<\/strong>.<\/p>\n\n\n\n<p>Uma organiza\u00e7\u00e3o cat\u00f3lica que esquece o fim \u00faltimo do homem <strong>perdeu sua b\u00fassola<\/strong>. A alma vale mais do que o mundo inteiro (cf. Marcos 8,36). O maior bem que podemos fazer ao irm\u00e3o \u00e9 <strong>conduzi-lo a Cristo<\/strong>.<\/p>\n\n\n\n<h3 class=\"wp-block-heading\">3. <strong>A dimens\u00e3o sacramental e eclesial<\/strong><\/h3>\n\n\n\n<p>O crist\u00e3o age <strong>como membro do Corpo de Cristo<\/strong>, em comunh\u00e3o com a Igreja. Sua a\u00e7\u00e3o nasce da ora\u00e7\u00e3o, \u00e9 alimentada pelos Sacramentos, fortalecida na Gra\u00e7a.<\/p>\n\n\n\n<hr class=\"wp-block-separator has-alpha-channel-opacity\"\/>\n\n\n\n<h2 class=\"wp-block-heading\">V. Discernimento pr\u00e1tico: como saber se uma ONG \u00e9 compat\u00edvel com a f\u00e9?<\/h2>\n\n\n\n<h3 class=\"wp-block-heading\">A. Crit\u00e9rios para colaborar com uma ONG<\/h3>\n\n\n\n<p>Antes de oferecer seu tempo ou dinheiro, pergunte-se:<\/p>\n\n\n\n<ol class=\"wp-block-list\">\n<li><strong>Ela respeita a dignidade humana desde a concep\u00e7\u00e3o at\u00e9 a morte natural?<\/strong><\/li>\n\n\n\n<li><strong>Tem uma vis\u00e3o de pessoa humana compat\u00edvel com a antropologia crist\u00e3?<\/strong><\/li>\n\n\n\n<li><strong>Permite e incentiva a express\u00e3o da f\u00e9?<\/strong><\/li>\n\n\n\n<li><strong>Est\u00e1 envolvida em ideologias contr\u00e1rias ao Evangelho (ideologia de g\u00eanero, aborto, eutan\u00e1sia)?<\/strong><\/li>\n\n\n\n<li><strong>Conduz as pessoas a Deus ou deliberadamente O exclui de suas a\u00e7\u00f5es?<\/strong><\/li>\n<\/ol>\n\n\n\n<p>Se uma ONG <strong>ofusca ou censura o nome de Deus<\/strong>, n\u00e3o pode ser um instrumento eficaz da miss\u00e3o pastoral da Igreja.<\/p>\n\n\n\n<h3 class=\"wp-block-heading\">B. Agir de dentro<\/h3>\n\n\n\n<p>Se voc\u00ea faz parte de uma obra que perdeu sua orienta\u00e7\u00e3o cat\u00f3lica, <strong>n\u00e3o precisa sair imediatamente<\/strong>. Talvez Deus o tenha colocado ali para <strong>ser fermento na massa<\/strong>. Mas aten\u00e7\u00e3o: <strong>se voc\u00ea n\u00e3o pode evangelizar, rezar ou falar de Cristo\u2026 talvez n\u00e3o esteja mais servindo como crist\u00e3o.<\/strong><\/p>\n\n\n\n<hr class=\"wp-block-separator has-alpha-channel-opacity\"\/>\n\n\n\n<h2 class=\"wp-block-heading\">VI. E as \u201cONGs cat\u00f3licas\u201d? O risco de um cristianismo sem Cristo<\/h2>\n\n\n\n<p>Um dos males mais sutis de nosso tempo \u00e9 <strong>um cristianismo sociol\u00f3gico sem Evangelho<\/strong>. Obras da Igreja que n\u00e3o rezam. Agentes pastorais que n\u00e3o evangelizam. Institui\u00e7\u00f5es que funcionam como empresas. Tudo isso faz parte de uma <strong>preocupante seculariza\u00e7\u00e3o interna da Igreja<\/strong>.<\/p>\n\n\n\n<p>Como disse o Papa Francisco:<\/p>\n\n\n\n<blockquote class=\"wp-block-quote is-layout-flow wp-block-quote-is-layout-flow\">\n<p>\u201cA Igreja n\u00e3o \u00e9 uma ONG. A Igreja \u00e9 uma hist\u00f3ria de amor.\u201d<br>(Homilia, 27 de maio de 2013)<\/p>\n<\/blockquote>\n\n\n\n<p>Quando uma obra cat\u00f3lica deixa de evangelizar, <strong>torna-se uma casca vazia<\/strong>, mesmo que administre milh\u00f5es. A caridade sem Deus torna-se <strong>servi\u00e7o est\u00e9ril<\/strong>.<\/p>\n\n\n\n<hr class=\"wp-block-separator has-alpha-channel-opacity\"\/>\n\n\n\n<h2 class=\"wp-block-heading\">VII. Guia pr\u00e1tico: como viver a caridade cat\u00f3lica hoje<\/h2>\n\n\n\n<p><strong>1. Reze antes de servir.<\/strong> A caridade crist\u00e3 nasce da ora\u00e7\u00e3o. Antes de dar o p\u00e3o, eleve os olhos ao C\u00e9u.<\/p>\n\n\n\n<p><strong>2. Nomeie Cristo.<\/strong> N\u00e3o tenha vergonha de Seu nome. O mundo precisa d\u2019Ele mais do que da sua ajuda.<\/p>\n\n\n\n<p><strong>3. Una a caridade aos Sacramentos.<\/strong> Acompanhe os pobres \u00e0 Igreja, \u00e0 Confiss\u00e3o, \u00e0 Missa.<\/p>\n\n\n\n<p><strong>4. Crie redes com outros cat\u00f3licos.<\/strong> N\u00e3o trabalhe sozinho. A comunh\u00e3o fortalece e orienta.<\/p>\n\n\n\n<p><strong>5. Forme-se.<\/strong> Leia a Doutrina Social da Igreja. Estude os documentos sobre o papel da caridade na miss\u00e3o.<\/p>\n\n\n\n<p><strong>6. Escolha bem a quem apoiar.<\/strong> Se uma organiza\u00e7\u00e3o contradiz a f\u00e9, n\u00e3o a apoie. H\u00e1 alternativas cat\u00f3licas fi\u00e9is ao Magist\u00e9rio.<\/p>\n\n\n\n<p><strong>7. Eduque na f\u00e9.<\/strong> Ofere\u00e7a tamb\u00e9m a Palavra. D\u00ea uma B\u00edblia, uma imagem santa, um Ter\u00e7o. Ensine a rezar.<\/p>\n\n\n\n<hr class=\"wp-block-separator has-alpha-channel-opacity\"\/>\n\n\n\n<h2 class=\"wp-block-heading\">Conclus\u00e3o: caridade cat\u00f3lica \u2013 luz na escurid\u00e3o<\/h2>\n\n\n\n<p>Num mundo que quer fazer o bem sem Deus, o crist\u00e3o \u00e9 chamado a ser <strong>sal e luz<\/strong> (cf. Mateus 5,13\u201316). As ONGs podem ser instrumentos \u00fateis, mas <strong>n\u00e3o podem substituir a miss\u00e3o evangelizadora da Igreja<\/strong>. A ajuda sem Cristo \u00e9 incompleta. A caridade sem verdade \u00e9 mutilada. O amor sem Evangelho \u00e9 apenas boa vontade\u2026 e n\u00e3o salva.<\/p>\n\n\n\n<p>Voc\u00ea, crist\u00e3o, \u00e9 chamado a <strong>servir como Cristo<\/strong>, n\u00e3o apenas a fazer o bem. N\u00e3o se contente em apenas ajudar: <strong>anuncie Cristo<\/strong>. Porque <strong>a \u00fanica novidade verdadeira que voc\u00ea pode oferecer ao mundo \u00e9 Jesus<\/strong>.<\/p>\n\n\n\n<hr class=\"wp-block-separator has-alpha-channel-opacity\"\/>\n\n\n\n<h3 class=\"wp-block-heading\">\ud83d\udcd6 Vers\u00edculo b\u00edblico para meditar:<\/h3>\n\n\n\n<blockquote class=\"wp-block-quote is-layout-flow wp-block-quote-is-layout-flow\">\n<p>\u201cAinda que eu distribua todos os meus bens aos pobres e entregue meu corpo para ser queimado, se n\u00e3o tiver caridade, nada disso me aproveitar\u00e1.\u201d<br><em>(1 Cor\u00edntios 13,3)<\/em><\/p>\n<\/blockquote>\n\n\n\n<hr class=\"wp-block-separator has-alpha-channel-opacity\"\/>\n\n\n\n<p>Quer fazer o bem? <strong>Fa\u00e7a com um cora\u00e7\u00e3o cheio de Deus.<\/strong><br>Quer mudar o mundo? <strong>Comece anunciando Cristo.<\/strong><\/p>\n","protected":false},"excerpt":{"rendered":"<p>Introdu\u00e7\u00e3o: O rosto humano da Igreja\u2026 ou apenas uma m\u00e1scara? Nas \u00faltimas d\u00e9cadas, as Organiza\u00e7\u00f5es N\u00e3o Governamentais (ONGs) tornaram-se atores centrais no campo social, humanit\u00e1rio e de desenvolvimento em todo o mundo. Hospitais, refeit\u00f3rios, campanhas de vacina\u00e7\u00e3o, ajuda em cat\u00e1strofes, programas educacionais&#8230; Onde o Estado n\u00e3o alcan\u00e7a, elas chegam. No entanto, em meio a essa &hellip;<\/p>\n","protected":false},"author":3,"featured_media":4074,"comment_status":"open","ping_status":"open","sticky":false,"template":"","format":"standard","meta":{"_seopress_robots_primary_cat":"","_seopress_titles_title":"","_seopress_titles_desc":"","_seopress_robots_index":"","footnotes":""},"categories":[54,39],"tags":[1370],"class_list":["post-4073","post","type-post","status-publish","format-standard","has-post-thumbnail","","category-bioetica-e-questoes-contemporaneas","category-moral-e-vida-crista","tag-ong"],"_links":{"self":[{"href":"https:\/\/catholicus.eu\/pt\/wp-json\/wp\/v2\/posts\/4073","targetHints":{"allow":["GET"]}}],"collection":[{"href":"https:\/\/catholicus.eu\/pt\/wp-json\/wp\/v2\/posts"}],"about":[{"href":"https:\/\/catholicus.eu\/pt\/wp-json\/wp\/v2\/types\/post"}],"author":[{"embeddable":true,"href":"https:\/\/catholicus.eu\/pt\/wp-json\/wp\/v2\/users\/3"}],"replies":[{"embeddable":true,"href":"https:\/\/catholicus.eu\/pt\/wp-json\/wp\/v2\/comments?post=4073"}],"version-history":[{"count":1,"href":"https:\/\/catholicus.eu\/pt\/wp-json\/wp\/v2\/posts\/4073\/revisions"}],"predecessor-version":[{"id":4075,"href":"https:\/\/catholicus.eu\/pt\/wp-json\/wp\/v2\/posts\/4073\/revisions\/4075"}],"wp:featuredmedia":[{"embeddable":true,"href":"https:\/\/catholicus.eu\/pt\/wp-json\/wp\/v2\/media\/4074"}],"wp:attachment":[{"href":"https:\/\/catholicus.eu\/pt\/wp-json\/wp\/v2\/media?parent=4073"}],"wp:term":[{"taxonomy":"category","embeddable":true,"href":"https:\/\/catholicus.eu\/pt\/wp-json\/wp\/v2\/categories?post=4073"},{"taxonomy":"post_tag","embeddable":true,"href":"https:\/\/catholicus.eu\/pt\/wp-json\/wp\/v2\/tags?post=4073"}],"curies":[{"name":"wp","href":"https:\/\/api.w.org\/{rel}","templated":true}]}}