{"id":4060,"date":"2025-05-27T22:10:19","date_gmt":"2025-05-27T20:10:19","guid":{"rendered":"https:\/\/catholicus.eu\/pt\/?p=4060"},"modified":"2025-05-27T22:10:20","modified_gmt":"2025-05-27T20:10:20","slug":"por-que-muitos-catolicos-ja-nao-acreditam-mais-no-inferno-nem-no-pecado","status":"publish","type":"post","link":"https:\/\/catholicus.eu\/pt\/por-que-muitos-catolicos-ja-nao-acreditam-mais-no-inferno-nem-no-pecado\/","title":{"rendered":"Por que muitos cat\u00f3licos j\u00e1 n\u00e3o acreditam mais no Inferno nem no pecado?"},"content":{"rendered":"\n<p><em>Uma reflex\u00e3o profunda e atual sobre duas realidades esquecidas que moldam nossa f\u00e9.<\/em><\/p>\n\n\n\n<hr class=\"wp-block-separator has-alpha-channel-opacity\"\/>\n\n\n\n<p><strong>Introdu\u00e7\u00e3o: um sil\u00eancio perigoso<\/strong><\/p>\n\n\n\n<p>Durante s\u00e9culos, as palavras \u201cpecado\u201d e \u201cInferno\u201d ressoaram fortemente nos p\u00falpitos, foram meditadas no exame de consci\u00eancia e marcaram a vida cotidiana dos crist\u00e3os como verdades indiscut\u00edveis. Mas hoje algo mudou. Muitos cat\u00f3licos \u2013 inclusive praticantes \u2013 vivem como se o Inferno n\u00e3o existisse e como se o pecado fosse um conceito ultrapassado, sujeito a interpreta\u00e7\u00f5es pessoais. Em muitas homilias, esses temas s\u00e3o evitados \u201cpara n\u00e3o assustar\u201d, e nos catecismos modernos s\u00e3o t\u00e3o suavizados que se tornam quase invis\u00edveis.<\/p>\n\n\n\n<p>Mas por que tudo isso aconteceu? Quais s\u00e3o as consequ\u00eancias para a vida espiritual e para a salva\u00e7\u00e3o eterna? Como podemos redescobrir, compreender e viver essas verdades fundamentais da nossa f\u00e9?<\/p>\n\n\n\n<p>Este artigo \u00e9 um convite para encarar essas realidades \u2013 sem medo, mas com um cora\u00e7\u00e3o aberto \u00e0 verdade que liberta (cf. Jo 8,32). N\u00e3o com terror, mas com a esperan\u00e7a que nasce da certeza de que Deus nos ama demais para nos mentir ou esconder as consequ\u00eancias de nossas escolhas.<\/p>\n\n\n\n<hr class=\"wp-block-separator has-alpha-channel-opacity\"\/>\n\n\n\n<h3 class=\"wp-block-heading\">1. <strong>O que \u00e9 o pecado? Uma realidade espiritual, n\u00e3o uma inven\u00e7\u00e3o moral<\/strong><\/h3>\n\n\n\n<p>O pecado n\u00e3o \u00e9 simplesmente \u201cfazer algo errado\u201d, e tampouco \u00e9 uma regra eclesial inventada para controlar comportamentos. O pecado \u00e9 uma ruptura real da rela\u00e7\u00e3o com Deus, uma ferida na alma, um dano ao pr\u00f3ximo e um afastamento do amor eterno.<\/p>\n\n\n\n<p>A Sagrada Escritura \u00e9 clara:<\/p>\n\n\n\n<blockquote class=\"wp-block-quote is-layout-flow wp-block-quote-is-layout-flow\">\n<p>\u00abQuem comete o pecado \u00e9 do diabo, porque o diabo peca desde o princ\u00edpio.\u00bb (1 Jo 3,8)<\/p>\n<\/blockquote>\n\n\n\n<p>Existem pecados veniais, que enfraquecem o amor sem destru\u00ed-lo; e pecados mortais, que apagam a gra\u00e7a santificante e \u2013 se n\u00e3o forem arrependidos \u2013 conduzem \u00e0 condena\u00e7\u00e3o eterna. Isso \u00e9 ensinado claramente no Catecismo da Igreja Cat\u00f3lica (CIC 1855\u20131861).<\/p>\n\n\n\n<p>E, no entanto, hoje muitos perderam o senso do pecado. Por qu\u00ea?<\/p>\n\n\n\n<h4 class=\"wp-block-heading\"><strong>Causas dessa perda:<\/strong><\/h4>\n\n\n\n<ul class=\"wp-block-list\">\n<li><strong>Relativismo moral:<\/strong> Se \u201ctudo \u00e9 relativo\u201d, ent\u00e3o o pecado se torna subjetivo. Cada um define o bem e o mal \u00e0 sua maneira.<\/li>\n\n\n\n<li><strong>Psicologismo moderno:<\/strong> A responsabilidade \u00e9 substitu\u00edda por explica\u00e7\u00f5es psicol\u00f3gicas. A culpa \u00e9 negada \u2013 e, portanto, tamb\u00e9m o pecado.<\/li>\n\n\n\n<li><strong>Prega\u00e7\u00e3o empobrecida:<\/strong> Muitos fi\u00e9is nunca ouvem falar de pecado nas homilias \u2013 e por isso n\u00e3o o reconhecem.<\/li>\n\n\n\n<li><strong>Confus\u00e3o doutrinal:<\/strong> Alguns te\u00f3logos e pastores dilu\u00edram o ensinamento moral, deixando os fi\u00e9is desorientados.<\/li>\n<\/ul>\n\n\n\n<hr class=\"wp-block-separator has-alpha-channel-opacity\"\/>\n\n\n\n<h3 class=\"wp-block-heading\">2. <strong>O Inferno: realidade ou met\u00e1fora?<\/strong><\/h3>\n\n\n\n<p>O Inferno \u00e9 uma realidade revelada por Deus. Jesus falou sobre ele mais do que sobre o Para\u00edso. N\u00e3o para nos assustar, mas para nos alertar com amor.<\/p>\n\n\n\n<blockquote class=\"wp-block-quote is-layout-flow wp-block-quote-is-layout-flow\">\n<p>\u00abE ir\u00e3o estes para o castigo eterno, e os justos, para a vida eterna.\u00bb (Mt 25,46)<\/p>\n<\/blockquote>\n\n\n\n<p>O Inferno n\u00e3o \u00e9 um lugar f\u00edsico com fogo literal (embora o fogo seja uma imagem poderosa da dor interior), mas um estado de separa\u00e7\u00e3o eterna de Deus, que o homem escolhe livremente se morrer em pecado mortal sem arrependimento.<\/p>\n\n\n\n<h4 class=\"wp-block-heading\"><strong>Por que hoje \u00e9 dif\u00edcil acreditar no Inferno?<\/strong><\/h4>\n\n\n\n<ul class=\"wp-block-list\">\n<li><strong>Um Deus apenas \u201cbonzinho\u201d:<\/strong> Difunde-se a ideia de que Deus \u00e9 t\u00e3o \u201cmisericordioso\u201d que jamais puniria. Mas isso n\u00e3o \u00e9 miseric\u00f3rdia, \u00e9 indiferen\u00e7a. Deus \u00e9 amor \u2013 mas tamb\u00e9m \u00e9 justi\u00e7a.<\/li>\n\n\n\n<li><strong>Miseric\u00f3rdia falsa:<\/strong> Alguns pregam uma miseric\u00f3rdia sem convers\u00e3o, como se Deus perdoasse tudo automaticamente, sem arrependimento.<\/li>\n\n\n\n<li><strong>Remo\u00e7\u00e3o do ju\u00edzo pessoal:<\/strong> Numa cultura centrada no presente, o ju\u00edzo final parece irrelevante.<\/li>\n\n\n\n<li><strong>Esc\u00e2ndalo do mal:<\/strong> Pergunta-se: como um Deus bom pode permitir uma pena eterna? Mas Deus n\u00e3o condena ningu\u00e9m \u2013 \u00e9 o homem que se autoexclui, rejeitando o amor.<\/li>\n<\/ul>\n\n\n\n<hr class=\"wp-block-separator has-alpha-channel-opacity\"\/>\n\n\n\n<h3 class=\"wp-block-heading\">3. <strong>A ferida da incredulidade: consequ\u00eancias pr\u00e1ticas<\/strong><\/h3>\n\n\n\n<p>Negar o pecado ou o Inferno n\u00e3o nos torna livres \u2013 nos desarma. Se n\u00e3o h\u00e1 pecado, n\u00e3o h\u00e1 necessidade de arrependimento. Se n\u00e3o h\u00e1 Inferno, n\u00e3o importa como vivemos. As consequ\u00eancias s\u00e3o devastadoras:<\/p>\n\n\n\n<ul class=\"wp-block-list\">\n<li>O sacramento da Confiss\u00e3o perde o sentido.<\/li>\n\n\n\n<li>A busca pela santidade esvazia-se.<\/li>\n\n\n\n<li>A gra\u00e7a \u00e9 banalizada, a Cruz esvaziada.<\/li>\n\n\n\n<li>O mal parece sem consequ\u00eancias eternas.<\/li>\n<\/ul>\n\n\n\n<p>Se o pecado j\u00e1 n\u00e3o d\u00f3i, deixamos de combat\u00ea-lo. E se n\u00e3o acreditamos mais no Inferno, perdemos o zelo por salvar as almas \u2013 inclusive a nossa.<\/p>\n\n\n\n<hr class=\"wp-block-separator has-alpha-channel-opacity\"\/>\n\n\n\n<h3 class=\"wp-block-heading\">4. <strong>Redescobrir a verdade: guia teol\u00f3gica e pastoral<\/strong><\/h3>\n\n\n\n<p>Acreditar novamente nessas verdades n\u00e3o \u00e9 um retrocesso \u2013 \u00e9 liberta\u00e7\u00e3o. Aqui est\u00e1 um guia pr\u00e1tico para redescobrir o pecado e o Inferno \u00e0 luz da f\u00e9 cat\u00f3lica.<\/p>\n\n\n\n<h4 class=\"wp-block-heading\"><strong>A. No plano pessoal<\/strong><\/h4>\n\n\n\n<p><strong>1. Formar a consci\u00eancia:<\/strong><br>Ler o Catecismo da Igreja Cat\u00f3lica, especialmente a terceira parte (A vida em Cristo).<br>Estudar e meditar os Dez Mandamentos.<\/p>\n\n\n\n<p><strong>2. Exame de consci\u00eancia di\u00e1rio:<\/strong><br>\u00c0 noite, rever o dia. Perguntar: o que enfraqueceu ou feriu minha rela\u00e7\u00e3o com Deus e com os outros?<\/p>\n\n\n\n<p><strong>3. Confiss\u00e3o regular:<\/strong><br>O sacramento da Reconcilia\u00e7\u00e3o cura a alma. N\u00e3o apenas apaga o pecado, mas fortalece contra futuras tenta\u00e7\u00f5es. Confessar-se pelo menos uma vez por m\u00eas.<\/p>\n\n\n\n<p><strong>4. Leitura e medita\u00e7\u00e3o do Evangelho:<\/strong><br>Jesus \u00e9 claro: o pecado tem consequ\u00eancias, mas Ele as venceu e nos convida \u00e0 convers\u00e3o. (cf. Jo 5,14: \u00abVai e n\u00e3o peques mais, para que n\u00e3o te aconte\u00e7a coisa pior!\u00bb)<\/p>\n\n\n\n<p><strong>5. Redescobrir o temor de Deus:<\/strong><br>N\u00e3o medo servil, mas amor reverente. \u00abO temor do Senhor \u00e9 o princ\u00edpio da sabedoria.\u00bb (Pr 9,10)<\/p>\n\n\n\n<hr class=\"wp-block-separator has-alpha-channel-opacity\"\/>\n\n\n\n<h4 class=\"wp-block-heading\"><strong>B. No plano comunit\u00e1rio<\/strong><\/h4>\n\n\n\n<p><strong>1. Pedir uma prega\u00e7\u00e3o corajosa:<\/strong><br>Incentivar sacerdotes e catequistas a falarem claramente sobre essas verdades \u2013 sem rodeios.<\/p>\n\n\n\n<p><strong>2. Evangelizar com amor, mas sem compromissos:<\/strong><br>O an\u00fancio do Evangelho n\u00e3o significa ado\u00e7ar as verdades, mas apresent\u00e1-las integralmente: Deus nos ama, mas respeita nossa liberdade.<\/p>\n\n\n\n<p><strong>3. Criar espa\u00e7os de forma\u00e7\u00e3o:<\/strong><br>Palestras, grupos de catequese, retiros espirituais \u2013 centrados na convers\u00e3o e no ju\u00edzo.<\/p>\n\n\n\n<p><strong>4. Acompanhar com miseric\u00f3rdia:<\/strong><br>O pecado n\u00e3o define a pessoa \u2013 mas silenci\u00e1-lo impede a cura. Somos uma comunidade que acolhe, mas que tamb\u00e9m chama \u00e0 convers\u00e3o.<\/p>\n\n\n\n<hr class=\"wp-block-separator has-alpha-channel-opacity\"\/>\n\n\n\n<h3 class=\"wp-block-heading\">5. <strong>O Inferno existe\u2026 ent\u00e3o o Para\u00edso tamb\u00e9m<\/strong><\/h3>\n\n\n\n<p>Recordar o Inferno n\u00e3o \u00e9 pessimismo \u2013 \u00e9 esperan\u00e7a. Se algo pode ser perdido, \u00e9 porque existe algo infinitamente precioso: <strong>a vida eterna com Deus.<\/strong><\/p>\n\n\n\n<p>A certeza de um ju\u00edzo final n\u00e3o nos esmaga \u2013 nos purifica. Chama-nos a viver na gra\u00e7a, a levar o amor a s\u00e9rio, a abra\u00e7ar a cruz, a ser fi\u00e9is.<\/p>\n\n\n\n<p>Como disse S\u00e3o Jo\u00e3o Paulo II:<\/p>\n\n\n\n<blockquote class=\"wp-block-quote is-layout-flow wp-block-quote-is-layout-flow\">\n<p>\u00abA pris\u00e3o mais terr\u00edvel \u00e9 um cora\u00e7\u00e3o fechado. Abramos nosso cora\u00e7\u00e3o a Cristo \u2013 e seremos livres. Mas se o fecharmos, Ele n\u00e3o o for\u00e7ar\u00e1.\u00bb<\/p>\n<\/blockquote>\n\n\n\n<hr class=\"wp-block-separator has-alpha-channel-opacity\"\/>\n\n\n\n<h3 class=\"wp-block-heading\">Conclus\u00e3o: Desperta \u2013 volta \u00e0 verdade<\/h3>\n\n\n\n<p>O mundo moderno quer viver sem consequ\u00eancias. Mas a f\u00e9 crist\u00e3 n\u00e3o \u00e9 um anest\u00e9sico \u2013 \u00e9 um encontro com a verdade. Jesus n\u00e3o veio para tranquilizar consci\u00eancias, mas para nos salvar do pecado.<\/p>\n\n\n\n<p>Por isso, redescobrir o sentido do pecado e do Inferno n\u00e3o \u00e9 regress\u00e3o \u2013 \u00e9 caminho para a liberdade. S\u00f3 quem v\u00ea o abismo reconhece o valor da ponte. E Cristo \u00e9 essa ponte. Ele venceu o pecado e o Inferno \u2013 mas n\u00e3o sem o nosso \u201csim\u201d.<\/p>\n\n\n\n<p>Hoje, mais do que nunca, o mundo precisa de cat\u00f3licos que realmente creem. Que vivam como se a alma fosse eterna. Porque ela \u00e9.<\/p>\n\n\n\n<blockquote class=\"wp-block-quote is-layout-flow wp-block-quote-is-layout-flow\">\n<p>\u00abEntrai pela porta estreita, porque larga \u00e9 a porta e espa\u00e7oso o caminho que conduz \u00e0 perdi\u00e7\u00e3o, e muitos s\u00e3o os que entram por ela. Como \u00e9 estreita a porta e apertado o caminho que conduz \u00e0 vida, e poucos s\u00e3o os que a encontram!\u00bb (Mt 7,13\u201314)<\/p>\n<\/blockquote>\n\n\n\n<hr class=\"wp-block-separator has-alpha-channel-opacity\"\/>\n\n\n\n<h3 class=\"wp-block-heading\"><strong>Guia pr\u00e1tico para a vida cotidiana<\/strong><\/h3>\n\n\n\n<figure class=\"wp-block-table\"><table class=\"has-fixed-layout\"><thead><tr><th>A\u00e7\u00e3o<\/th><th>Objetivo<\/th><th>Frequ\u00eancia<\/th><\/tr><\/thead><tbody><tr><td><strong>Exame de consci\u00eancia<\/strong><\/td><td>Reconhecer o pecado<\/td><td>Todos os dias<\/td><\/tr><tr><td><strong>Confiss\u00e3o<\/strong><\/td><td>Reconcilia\u00e7\u00e3o e gra\u00e7a<\/td><td>Todo m\u00eas<\/td><\/tr><tr><td><strong>Leitura do Catecismo<\/strong><\/td><td>Forma\u00e7\u00e3o na f\u00e9<\/td><td>Toda semana<\/td><\/tr><tr><td><strong>Medita\u00e7\u00e3o do Evangelho<\/strong><\/td><td>Discernimento espiritual<\/td><td>Todos os dias<\/td><\/tr><tr><td><strong>Ora\u00e7\u00e3o do Ros\u00e1rio<\/strong><\/td><td>Prote\u00e7\u00e3o contra o mal<\/td><td>Todos os dias<\/td><\/tr><tr><td><strong>Santa Missa<\/strong><\/td><td>Receber a gra\u00e7a<\/td><td>Todo domingo (ou mais)<\/td><\/tr><tr><td><strong>Dire\u00e7\u00e3o espiritual<\/strong><\/td><td>Orienta\u00e7\u00e3o e crescimento<\/td><td>Todo m\u00eas<\/td><\/tr><tr><td><strong>Jejum ou sacrif\u00edcio<\/strong><\/td><td>Expia\u00e7\u00e3o dos pecados<\/td><td>Todas as sextas-feiras<\/td><\/tr><tr><td><strong>Evangeliza\u00e7\u00e3o<\/strong><\/td><td>Salvar almas, anunciar a verdade<\/td><td>Sempre<\/td><\/tr><\/tbody><\/table><\/figure>\n\n\n\n<hr class=\"wp-block-separator has-alpha-channel-opacity\"\/>\n\n\n\n<p><strong>E voc\u00ea? Acredita que o pecado e o Inferno existem?<\/strong><br>Prove isso com sua vida. Converta-se hoje. Cristo espera por voc\u00ea.<\/p>\n","protected":false},"excerpt":{"rendered":"<p>Uma reflex\u00e3o profunda e atual sobre duas realidades esquecidas que moldam nossa f\u00e9. Introdu\u00e7\u00e3o: um sil\u00eancio perigoso Durante s\u00e9culos, as palavras \u201cpecado\u201d e \u201cInferno\u201d ressoaram fortemente nos p\u00falpitos, foram meditadas no exame de consci\u00eancia e marcaram a vida cotidiana dos crist\u00e3os como verdades indiscut\u00edveis. Mas hoje algo mudou. Muitos cat\u00f3licos \u2013 inclusive praticantes \u2013 vivem &hellip;<\/p>\n","protected":false},"author":3,"featured_media":4061,"comment_status":"open","ping_status":"open","sticky":false,"template":"","format":"standard","meta":{"_seopress_robots_primary_cat":"","_seopress_titles_title":"","_seopress_titles_desc":"","_seopress_robots_index":"","footnotes":""},"categories":[66,41],"tags":[551,194],"class_list":["post-4060","post","type-post","status-publish","format-standard","has-post-thumbnail","","category-cultura-popular-e-catolicismo","category-fe-e-cultura","tag-inferno","tag-pecado"],"_links":{"self":[{"href":"https:\/\/catholicus.eu\/pt\/wp-json\/wp\/v2\/posts\/4060","targetHints":{"allow":["GET"]}}],"collection":[{"href":"https:\/\/catholicus.eu\/pt\/wp-json\/wp\/v2\/posts"}],"about":[{"href":"https:\/\/catholicus.eu\/pt\/wp-json\/wp\/v2\/types\/post"}],"author":[{"embeddable":true,"href":"https:\/\/catholicus.eu\/pt\/wp-json\/wp\/v2\/users\/3"}],"replies":[{"embeddable":true,"href":"https:\/\/catholicus.eu\/pt\/wp-json\/wp\/v2\/comments?post=4060"}],"version-history":[{"count":1,"href":"https:\/\/catholicus.eu\/pt\/wp-json\/wp\/v2\/posts\/4060\/revisions"}],"predecessor-version":[{"id":4062,"href":"https:\/\/catholicus.eu\/pt\/wp-json\/wp\/v2\/posts\/4060\/revisions\/4062"}],"wp:featuredmedia":[{"embeddable":true,"href":"https:\/\/catholicus.eu\/pt\/wp-json\/wp\/v2\/media\/4061"}],"wp:attachment":[{"href":"https:\/\/catholicus.eu\/pt\/wp-json\/wp\/v2\/media?parent=4060"}],"wp:term":[{"taxonomy":"category","embeddable":true,"href":"https:\/\/catholicus.eu\/pt\/wp-json\/wp\/v2\/categories?post=4060"},{"taxonomy":"post_tag","embeddable":true,"href":"https:\/\/catholicus.eu\/pt\/wp-json\/wp\/v2\/tags?post=4060"}],"curies":[{"name":"wp","href":"https:\/\/api.w.org\/{rel}","templated":true}]}}