{"id":4054,"date":"2025-05-26T22:54:46","date_gmt":"2025-05-26T20:54:46","guid":{"rendered":"https:\/\/catholicus.eu\/pt\/?p=4054"},"modified":"2025-05-26T22:54:46","modified_gmt":"2025-05-26T20:54:46","slug":"suicidio-assistido-misericordia-ou-fracasso-civilizacional-uma-perspectiva-catolica-sobre-a-dignidade-o-sofrimento-e-a-esperanca","status":"publish","type":"post","link":"https:\/\/catholicus.eu\/pt\/suicidio-assistido-misericordia-ou-fracasso-civilizacional-uma-perspectiva-catolica-sobre-a-dignidade-o-sofrimento-e-a-esperanca\/","title":{"rendered":"Suic\u00eddio assistido: Miseric\u00f3rdia ou fracasso civilizacional? Uma perspectiva cat\u00f3lica sobre a dignidade, o sofrimento e a esperan\u00e7a"},"content":{"rendered":"\n<p>Num mundo cada vez mais marcado pela elimina\u00e7\u00e3o da dor, pela pressa em p\u00f4r fim ao sofrimento e pela perda do sentido transcendente da vida, o debate sobre o suic\u00eddio assistido tornou-se uma das quest\u00f5es mais controversas do nosso tempo. Por tr\u00e1s do v\u00e9u da compaix\u00e3o, da liberdade individual e da dignidade, esconde-se uma realidade mais profunda e complexa: uma realidade que n\u00e3o diz respeito apenas \u00e0 pessoa, mas \u00e0 pr\u00f3pria alma da nossa civiliza\u00e7\u00e3o.<\/p>\n\n\n\n<p>Este artigo \u00e9 um convite \u00e0 reflex\u00e3o s\u00e9ria, clara e profundamente espiritual sobre o suic\u00eddio assistido, \u00e0 luz da rica tradi\u00e7\u00e3o do pensamento cat\u00f3lico. O nosso objetivo n\u00e3o \u00e9 apenas explicar por que raz\u00e3o a Igreja o considera inaceit\u00e1vel, mas sobretudo mostrar que a vida humana \u2014 mesmo na dor \u2014 tem um valor infinito, que o sofrimento \u00e9 redim\u00edvel, e que o acompanhamento de quem sofre \u00e9 um gesto crist\u00e3o her\u00f3ico e um verdadeiro sinal de civiliza\u00e7\u00e3o.<\/p>\n\n\n\n<hr class=\"wp-block-separator has-alpha-channel-opacity\"\/>\n\n\n\n<h2 class=\"wp-block-heading\">1. O que \u00e9 o suic\u00eddio assistido?<\/h2>\n\n\n\n<p>O suic\u00eddio assistido \u00e9 a pr\u00e1tica pela qual uma pessoa \u2014 geralmente um m\u00e9dico \u2014 fornece a um paciente os meios para tirar a pr\u00f3pria vida, normalmente atrav\u00e9s de um f\u00e1rmaco letal. Ao contr\u00e1rio da eutan\u00e1sia ativa, no suic\u00eddio assistido \u00e9 o pr\u00f3prio paciente que realiza o ato final.<\/p>\n\n\n\n<p>Os defensores desta pr\u00e1tica apelam frequentemente \u00e0 autonomia do paciente, ao seu direito a uma \u201cmorte digna\u201d e \u00e0 vontade de evitar sofrimentos f\u00edsicos ou psicol\u00f3gicos considerados insuport\u00e1veis. Contudo, por detr\u00e1s desta aparente compaix\u00e3o, esconde-se uma ferida profunda da nossa cultura: a incapacidade de dar sentido ao sofrimento, a solid\u00e3o radical de muitos e a medicaliza\u00e7\u00e3o da morte, que se torna cada vez mais desumanizada.<\/p>\n\n\n\n<hr class=\"wp-block-separator has-alpha-channel-opacity\"\/>\n\n\n\n<h2 class=\"wp-block-heading\">2. Uma civiliza\u00e7\u00e3o que j\u00e1 n\u00e3o sabe o que fazer com o sofrimento<\/h2>\n\n\n\n<p>Vivemos numa sociedade que idolatra o bem-estar f\u00edsico, a juventude e a efici\u00eancia. Neste contexto, a dor, a depend\u00eancia e a velhice tornam-se fracassos inaceit\u00e1veis. O corpo \u00e9 tratado como um objeto a ser descartado quando \u201cj\u00e1 n\u00e3o funciona\u201d.<\/p>\n\n\n\n<p>O Papa Francisco falou com for\u00e7a sobre este tema:<\/p>\n\n\n\n<blockquote class=\"wp-block-quote is-layout-flow wp-block-quote-is-layout-flow\">\n<p>\u201cA eutan\u00e1sia e o suic\u00eddio assistido s\u00e3o uma derrota para todos. A resposta que somos chamados a dar n\u00e3o \u00e9 o abandono de quem sofre, mas a proximidade, a compaix\u00e3o e o acompanhamento.\u201d<br>(<em>Discurso \u00e0 Sociedade Italiana de Oncologia M\u00e9dica, 2019<\/em>)<\/p>\n<\/blockquote>\n\n\n\n<p>O sofrimento j\u00e1 n\u00e3o \u00e9 acompanhado, mas eliminado. A pessoa que sofre j\u00e1 n\u00e3o \u00e9 cuidada, mas abandonada em nome da \u201cpiedade\u201d.<\/p>\n\n\n\n<p>A tradi\u00e7\u00e3o crist\u00e3 ensina, por\u00e9m, que o sofrimento \u2014 por mais misterioso e doloroso que seja \u2014 nunca \u00e9 in\u00fatil. Em Cristo crucificado, ele adquire um valor redentor:<\/p>\n\n\n\n<blockquote class=\"wp-block-quote is-layout-flow wp-block-quote-is-layout-flow\">\n<p>\u201cAgora me alegro nos sofrimentos que suporto por v\u00f3s e completo na minha carne o que falta \u00e0s tribula\u00e7\u00f5es de Cristo, em favor do seu corpo, que \u00e9 a Igreja.\u201d (Colossenses 1,24)<\/p>\n<\/blockquote>\n\n\n\n<hr class=\"wp-block-separator has-alpha-channel-opacity\"\/>\n\n\n\n<h2 class=\"wp-block-heading\">3. Uma hist\u00f3ria de fidelidade \u00e0 vida<\/h2>\n\n\n\n<p>Desde os primeiros s\u00e9culos, a Igreja condenou o suic\u00eddio e todas as suas formas indiretas. O <em>Catecismo da Igreja Cat\u00f3lica<\/em> (nn. 2280\u20132283) ensina:<\/p>\n\n\n\n<blockquote class=\"wp-block-quote is-layout-flow wp-block-quote-is-layout-flow\">\n<p>\u201cSomos administradores e n\u00e3o propriet\u00e1rios da vida que Deus nos confiou. N\u00e3o a podemos dispor.\u201d<\/p>\n<\/blockquote>\n\n\n\n<p>O suic\u00eddio contradiz o amor a si mesmo, ofende o amor ao pr\u00f3ximo e rejeita o amor de Deus. Ao longo dos s\u00e9culos, santos, m\u00e1rtires, m\u00edsticos, padres da Igreja e te\u00f3logos sempre reafirmaram o valor da vida, mesmo na dor.<\/p>\n\n\n\n<p>S\u00e3o Jo\u00e3o Paulo II, na enc\u00edclica <em>Evangelium Vitae<\/em> (1995), denunciou esta nova forma de \u201ccultura da morte\u201d:<\/p>\n\n\n\n<blockquote class=\"wp-block-quote is-layout-flow wp-block-quote-is-layout-flow\">\n<p>\u201cA eutan\u00e1sia \u00e9 uma grave viola\u00e7\u00e3o da lei de Deus, pois \u00e9 a morte deliberada e moralmente inaceit\u00e1vel de uma pessoa humana.\u201d<\/p>\n<\/blockquote>\n\n\n\n<hr class=\"wp-block-separator has-alpha-channel-opacity\"\/>\n\n\n\n<h2 class=\"wp-block-heading\">4. Miseric\u00f3rdia mal compreendida<\/h2>\n\n\n\n<p>Um dos argumentos mais frequentes a favor do suic\u00eddio assistido \u00e9 a miseric\u00f3rdia. Como n\u00e3o ajudar quem sofre terrivelmente?<\/p>\n\n\n\n<p>Mas a verdadeira miseric\u00f3rdia n\u00e3o elimina quem sofre: acompanha com amor, sustenta com ternura, oferece presen\u00e7a. Como disse o Papa Francisco: \u201cA eutan\u00e1sia n\u00e3o \u00e9 um ato de compaix\u00e3o. \u00c9 uma derrota do amor.\u201d<\/p>\n\n\n\n<p>A verdadeira miseric\u00f3rdia:<\/p>\n\n\n\n<ul class=\"wp-block-list\">\n<li><strong>Acompanha<\/strong> \u2013 n\u00e3o abandona na escurid\u00e3o.<\/li>\n\n\n\n<li><strong>Escuta<\/strong> \u2013 n\u00e3o imp\u00f5e, mas acolhe o clamor do cora\u00e7\u00e3o.<\/li>\n\n\n\n<li><strong>Cuida<\/strong> \u2013 n\u00e3o elimina a dor a qualquer pre\u00e7o, mas apoia quem sofre.<\/li>\n\n\n\n<li><strong>Redime<\/strong> \u2013 encontra no Crucificado a luz em toda treva.<\/li>\n<\/ul>\n\n\n\n<hr class=\"wp-block-separator has-alpha-channel-opacity\"\/>\n\n\n\n<h2 class=\"wp-block-heading\">5. Consequ\u00eancias teol\u00f3gicas: Onde est\u00e1 Deus na dor?<\/h2>\n\n\n\n<p>A grande pergunta da pessoa que sofre \u00e9: Por qu\u00ea? Onde est\u00e1 Deus quando mais preciso? Por que Ele permite a dor?<\/p>\n\n\n\n<p>A resposta crist\u00e3 n\u00e3o \u00e9 um conceito, mas uma pessoa: <strong>Jesus Cristo<\/strong>. Ele n\u00e3o eliminou o sofrimento do mundo: <strong>assumiu-o<\/strong>, <strong>viveu-o<\/strong>, <strong>redimiu-o<\/strong>. Na cruz, Deus uniu-se \u00e0 dor do homem. N\u00e3o nos deu uma teoria, mas a sua presen\u00e7a.<\/p>\n\n\n\n<p>Isso muda tudo:<\/p>\n\n\n\n<ul class=\"wp-block-list\">\n<li>Deus <strong>n\u00e3o nos abandona<\/strong> na dor.<\/li>\n\n\n\n<li>A dor <strong>n\u00e3o \u00e9 in\u00fatil<\/strong>, se unida \u00e0 Paix\u00e3o de Cristo.<\/li>\n\n\n\n<li>A dor vivida com amor <strong>torna-se oferta, intercess\u00e3o, salva\u00e7\u00e3o<\/strong>.<\/li>\n<\/ul>\n\n\n\n<blockquote class=\"wp-block-quote is-layout-flow wp-block-quote-is-layout-flow\">\n<p>\u201cSe morremos com Ele, tamb\u00e9m com Ele viveremos; se perseveramos, tamb\u00e9m com Ele reinaremos.\u201d (2 Tim\u00f3teo 2,11\u201312)<\/p>\n<\/blockquote>\n\n\n\n<hr class=\"wp-block-separator has-alpha-channel-opacity\"\/>\n\n\n\n<h2 class=\"wp-block-heading\">6. O que diz hoje a Igreja?<\/h2>\n\n\n\n<p>Diante do suic\u00eddio assistido, a Igreja prop\u00f5e uma resposta completa e integral, feita de:<\/p>\n\n\n\n<ul class=\"wp-block-list\">\n<li><strong>Medicina paliativa<\/strong> \u2013 uma medicina que cuida, acompanha e n\u00e3o acelera a morte.<\/li>\n\n\n\n<li><strong>Presen\u00e7a humana e espiritual<\/strong> \u2013 fam\u00edlias, comunidades e par\u00f3quias que n\u00e3o abandonam.<\/li>\n\n\n\n<li><strong>Acompanhamento pastoral<\/strong> \u2013 sacerdotes, religiosos e leigos que rezam, escutam e consolam.<\/li>\n\n\n\n<li><strong>Sacramentos<\/strong> \u2013 especialmente a Eucaristia e a Un\u00e7\u00e3o dos Enfermos, como for\u00e7a para a \u00faltima etapa da caminhada.<\/li>\n<\/ul>\n\n\n\n<p>A vida \u2014 mesmo ferida \u2014 \u00e9 digna de ser vivida. N\u00e3o estamos s\u00f3s.<\/p>\n\n\n\n<hr class=\"wp-block-separator has-alpha-channel-opacity\"\/>\n\n\n\n<h2 class=\"wp-block-heading\">7. Guia pr\u00e1tica para os cat\u00f3licos: O que fazer se algu\u00e9m querido quer morrer?<\/h2>\n\n\n\n<h3 class=\"wp-block-heading\"><strong>1. Ouvir com o cora\u00e7\u00e3o<\/strong><\/h3>\n\n\n\n<p>Muitas pessoas n\u00e3o querem morrer: querem que a dor acabe. Escuta, paci\u00eancia e proximidade podem abrir brechas de luz.<\/p>\n\n\n\n<h3 class=\"wp-block-heading\"><strong>2. Responder n\u00e3o com argumentos, mas com amor<\/strong><\/h3>\n\n\n\n<p>O que salva n\u00e3o s\u00e3o palavras, mas gestos: tempo doado, car\u00edcias, perd\u00e3o, presen\u00e7a.<\/p>\n\n\n\n<h3 class=\"wp-block-heading\"><strong>3. Buscar ajuda profissional e pastoral<\/strong><\/h3>\n\n\n\n<p>N\u00e3o estamos s\u00f3s. H\u00e1 m\u00e9dicos, psic\u00f3logos, padres, volunt\u00e1rios, comunidades. O sofrimento partilhado \u00e9 mais suport\u00e1vel.<\/p>\n\n\n\n<h3 class=\"wp-block-heading\"><strong>4. Falar com delicadeza sobre o sentido da dor<\/strong><\/h3>\n\n\n\n<p>Com respeito, pode-se oferecer testemunhos de quem encontrou sentido no pr\u00f3prio calv\u00e1rio. N\u00e3o para impor, mas para inspirar.<\/p>\n\n\n\n<h3 class=\"wp-block-heading\"><strong>5. Oferecer acompanhamento espiritual<\/strong><\/h3>\n\n\n\n<p>Propor rezar juntos, participar da Missa, confessar-se, receber os sacramentos. Preparar o cora\u00e7\u00e3o para o encontro com o Pai.<\/p>\n\n\n\n<h3 class=\"wp-block-heading\"><strong>6. Defender os cuidados paliativos<\/strong><\/h3>\n\n\n\n<p>Informar-se, garantir o direito a um fim digno, mas n\u00e3o provocado.<\/p>\n\n\n\n<hr class=\"wp-block-separator has-alpha-channel-opacity\"\/>\n\n\n\n<h2 class=\"wp-block-heading\">8. Como viver isso no dia a dia?<\/h2>\n\n\n\n<ul class=\"wp-block-list\">\n<li><strong>Valorizar a vida fr\u00e1gil<\/strong> \u2013 cuidando, antes de tudo, dos idosos, doentes e solit\u00e1rios.<\/li>\n\n\n\n<li><strong>Educar para a esperan\u00e7a<\/strong> \u2013 ensinar aos jovens que a dor n\u00e3o \u00e9 o fim, mas pode conter beleza.<\/li>\n\n\n\n<li><strong>Ser comunidade<\/strong> \u2013 criar redes de amor onde ningu\u00e9m se sinta in\u00fatil.<\/li>\n\n\n\n<li><strong>Rezar por quem sofre<\/strong> \u2013 pelos moribundos, pelos que pensam em suic\u00eddio, pelos que perderam o sentido.<\/li>\n<\/ul>\n\n\n\n<hr class=\"wp-block-separator has-alpha-channel-opacity\"\/>\n\n\n\n<h2 class=\"wp-block-heading\">Conclus\u00e3o: A verdadeira civiliza\u00e7\u00e3o<\/h2>\n\n\n\n<p>Uma civiliza\u00e7\u00e3o n\u00e3o se mede pela tecnologia, pelas leis ou pelo progresso, mas por <strong>como trata os seus mais fracos<\/strong>. O suic\u00eddio assistido n\u00e3o \u00e9 miseric\u00f3rdia: \u00e9 o fracasso de uma cultura que j\u00e1 n\u00e3o sabe amar.<\/p>\n\n\n\n<p>Mas h\u00e1 esperan\u00e7a.<\/p>\n\n\n\n<p>A f\u00e9 cat\u00f3lica convida-nos a olhar para o alto, para o Crucificado ressuscitado, a n\u00e3o fugir da dor mas a transfigur\u00e1-la. Chama-nos a ser <strong>luz para quem sofre<\/strong>, <strong>voz para quem n\u00e3o tem palavras<\/strong>, <strong>presen\u00e7a para quem est\u00e1 s\u00f3<\/strong>.<\/p>\n\n\n\n<p>Que tamb\u00e9m n\u00f3s, no final do nosso caminho, possamos dizer com S\u00e3o Paulo:<\/p>\n\n\n\n<blockquote class=\"wp-block-quote is-layout-flow wp-block-quote-is-layout-flow\">\n<p>\u201cCombati o bom combate, terminei a corrida, conservei a f\u00e9.\u201d (2 Tim\u00f3teo 4,7)<\/p>\n<\/blockquote>\n\n\n\n<p>E quando chegar a nossa hora, que a nossa morte n\u00e3o seja fruto do desespero, mas ato de amor, em paz, confiando-nos ao Pai.<\/p>\n","protected":false},"excerpt":{"rendered":"<p>Num mundo cada vez mais marcado pela elimina\u00e7\u00e3o da dor, pela pressa em p\u00f4r fim ao sofrimento e pela perda do sentido transcendente da vida, o debate sobre o suic\u00eddio assistido tornou-se uma das quest\u00f5es mais controversas do nosso tempo. Por tr\u00e1s do v\u00e9u da compaix\u00e3o, da liberdade individual e da dignidade, esconde-se uma realidade &hellip;<\/p>\n","protected":false},"author":3,"featured_media":4055,"comment_status":"open","ping_status":"open","sticky":false,"template":"","format":"standard","meta":{"_seopress_robots_primary_cat":"","_seopress_titles_title":"","_seopress_titles_desc":"","_seopress_robots_index":"","footnotes":""},"categories":[54,39],"tags":[1365],"class_list":["post-4054","post","type-post","status-publish","format-standard","has-post-thumbnail","","category-bioetica-e-questoes-contemporaneas","category-moral-e-vida-crista","tag-suicidio-assistido"],"_links":{"self":[{"href":"https:\/\/catholicus.eu\/pt\/wp-json\/wp\/v2\/posts\/4054","targetHints":{"allow":["GET"]}}],"collection":[{"href":"https:\/\/catholicus.eu\/pt\/wp-json\/wp\/v2\/posts"}],"about":[{"href":"https:\/\/catholicus.eu\/pt\/wp-json\/wp\/v2\/types\/post"}],"author":[{"embeddable":true,"href":"https:\/\/catholicus.eu\/pt\/wp-json\/wp\/v2\/users\/3"}],"replies":[{"embeddable":true,"href":"https:\/\/catholicus.eu\/pt\/wp-json\/wp\/v2\/comments?post=4054"}],"version-history":[{"count":1,"href":"https:\/\/catholicus.eu\/pt\/wp-json\/wp\/v2\/posts\/4054\/revisions"}],"predecessor-version":[{"id":4056,"href":"https:\/\/catholicus.eu\/pt\/wp-json\/wp\/v2\/posts\/4054\/revisions\/4056"}],"wp:featuredmedia":[{"embeddable":true,"href":"https:\/\/catholicus.eu\/pt\/wp-json\/wp\/v2\/media\/4055"}],"wp:attachment":[{"href":"https:\/\/catholicus.eu\/pt\/wp-json\/wp\/v2\/media?parent=4054"}],"wp:term":[{"taxonomy":"category","embeddable":true,"href":"https:\/\/catholicus.eu\/pt\/wp-json\/wp\/v2\/categories?post=4054"},{"taxonomy":"post_tag","embeddable":true,"href":"https:\/\/catholicus.eu\/pt\/wp-json\/wp\/v2\/tags?post=4054"}],"curies":[{"name":"wp","href":"https:\/\/api.w.org\/{rel}","templated":true}]}}