{"id":4051,"date":"2025-05-26T22:38:03","date_gmt":"2025-05-26T20:38:03","guid":{"rendered":"https:\/\/catholicus.eu\/pt\/?p=4051"},"modified":"2025-05-26T22:38:03","modified_gmt":"2025-05-26T20:38:03","slug":"proibicao-de-simbolos-cristaos-em-espacos-publicos-neutralidade-ou-perseguicao","status":"publish","type":"post","link":"https:\/\/catholicus.eu\/pt\/proibicao-de-simbolos-cristaos-em-espacos-publicos-neutralidade-ou-perseguicao\/","title":{"rendered":"Proibi\u00e7\u00e3o de s\u00edmbolos crist\u00e3os em espa\u00e7os p\u00fablicos: Neutralidade ou persegui\u00e7\u00e3o?"},"content":{"rendered":"\n<p><em>&#8220;Se o mundo vos odeia, sabei que primeiro me odiou a mim. Se f\u00f4sseis do mundo, o mundo amaria o que era seu; mas porque n\u00e3o sois do mundo, antes eu vos escolhi do mundo, por isso o mundo vos odeia.&#8221;<\/em>&nbsp;(Jo\u00e3o 15:18-19)<\/p>\n\n\n\n<h3 class=\"wp-block-heading\"><strong>Introdu\u00e7\u00e3o: A Cruz no centro do debate<\/strong><\/h3>\n\n\n\n<p>Nos \u00faltimos anos, temos testemunhado um aumento de pol\u00edticas que buscam eliminar s\u00edmbolos crist\u00e3os &#8211; crucifixos, imagens sagradas, pres\u00e9pios natalinos &#8211; dos espa\u00e7os p\u00fablicos sob o argumento de &#8220;neutralidade religiosa&#8221;. Mas ser\u00e1 realmente neutralidade ou uma forma sutil de persegui\u00e7\u00e3o? Como cat\u00f3licos, precisamos discernir este fen\u00f4meno \u00e0 luz da f\u00e9, da hist\u00f3ria e da raz\u00e3o.<\/p>\n\n\n\n<p>Este artigo n\u00e3o apenas analisar\u00e1 o contexto dessas proibi\u00e7\u00f5es, mas oferecer\u00e1 tamb\u00e9m um guia pr\u00e1tico para vivermos nossa f\u00e9 com coragem num mundo que busca cada vez mais silenci\u00e1-la.<\/p>\n\n\n\n<hr class=\"wp-block-separator has-alpha-channel-opacity\"\/>\n\n\n\n<h3 class=\"wp-block-heading\"><strong>I. Hist\u00f3ria: Quando come\u00e7ou a elimina\u00e7\u00e3o dos s\u00edmbolos crist\u00e3os?<\/strong><\/h3>\n\n\n\n<p>A presen\u00e7a de s\u00edmbolos crist\u00e3os no espa\u00e7o p\u00fablico n\u00e3o \u00e9 um capricho, mas o reflexo de uma civiliza\u00e7\u00e3o moldada pelo Evangelho. Desde o \u00c9dito de Mil\u00e3o (313 d.C.), a Cruz se tornou o estandarte da cultura ocidental, inspirando leis, arte, educa\u00e7\u00e3o e moral.<\/p>\n\n\n\n<p>Por\u00e9m, com o advento do Iluminismo e do laicismo radical, iniciou-se uma seculariza\u00e7\u00e3o progressiva que buscou relegar a religi\u00e3o \u00e0 esfera privada. Hoje, sob o pretexto de n\u00e3o &#8220;ofender&#8221; outras cren\u00e7as, tenta-se apagar a identidade crist\u00e3 de pra\u00e7as, escolas e tribunais. Como alertava Bento XVI:&nbsp;<em>&#8220;Uma sociedade que ignora Deus perde sua alma.&#8221;<\/em><\/p>\n\n\n\n<hr class=\"wp-block-separator has-alpha-channel-opacity\"\/>\n\n\n\n<h3 class=\"wp-block-heading\"><strong>II. Teologia: Por que os s\u00edmbolos importam?<\/strong><\/h3>\n\n\n\n<p>Os s\u00edmbolos n\u00e3o s\u00e3o meras decora\u00e7\u00f5es; s\u00e3o sinais vis\u00edveis de realidades invis\u00edveis (Catecismo da Igreja Cat\u00f3lica, 1145-1152). A Cruz, por exemplo, nos recorda:<\/p>\n\n\n\n<ol start=\"1\" class=\"wp-block-list\">\n<li><strong>A Reden\u00e7\u00e3o<\/strong>: \u00c9 o instrumento de nossa salva\u00e7\u00e3o (Colossenses 1:20).<\/li>\n\n\n\n<li><strong>A Vit\u00f3ria de Cristo sobre o mal<\/strong>:\u00a0<em>&#8220;E eu, quando for levantado da terra, atrairei todos a mim.&#8221;<\/em>\u00a0(Jo\u00e3o 12:32).<\/li>\n\n\n\n<li><strong>A Identidade crist\u00e3<\/strong>: N\u00e3o nos envergonhamos de Cristo (Romanos 1:16).<\/li>\n<\/ol>\n\n\n\n<p>Remover esses s\u00edmbolos n\u00e3o \u00e9 neutralidade, mas uma tentativa de negar a influ\u00eancia p\u00fablica da f\u00e9. Como escrevia S\u00e3o Jo\u00e3o Paulo II:&nbsp;<em>&#8220;Uma f\u00e9 que n\u00e3o se torna cultura \u00e9 uma f\u00e9 n\u00e3o plenamente acolhida.&#8221;<\/em><\/p>\n\n\n\n<hr class=\"wp-block-separator has-alpha-channel-opacity\"\/>\n\n\n\n<h3 class=\"wp-block-heading\"><strong>III. Neutralidade ou persegui\u00e7\u00e3o: Uma an\u00e1lise honesta<\/strong><\/h3>\n\n\n\n<p>Muitos governos argumentam que proibir s\u00edmbolos crist\u00e3os garante &#8220;igualdade&#8221;. Mas na pr\u00e1tica isso se revela frequentemente como:<\/p>\n\n\n\n<ul class=\"wp-block-list\">\n<li><strong>Seletividade<\/strong>: Ataca-se o cristianismo enquanto se promovem outros s\u00edmbolos ideol\u00f3gicos.<\/li>\n\n\n\n<li><strong>Injusti\u00e7a hist\u00f3rica<\/strong>: Europa e Am\u00e9rica foram constru\u00eddas sobre ra\u00edzes crist\u00e3s.<\/li>\n\n\n\n<li><strong>Perigo<\/strong>: Sem referenciais morais, a sociedade cai no relativismo.<\/li>\n<\/ul>\n\n\n\n<p><em>&#8220;Quando se exclui Deus da vida p\u00fablica, acaba-se adorando os \u00eddolos do poder, do dinheiro e do prazer.&#8221;<\/em><\/p>\n\n\n\n<hr class=\"wp-block-separator has-alpha-channel-opacity\"\/>\n\n\n\n<h3 class=\"wp-block-heading\"><strong>IV. Guia pr\u00e1tico: Como responder como cat\u00f3licos?<\/strong><\/h3>\n\n\n\n<p>Da perspectiva pastoral, propomos um caminho baseado na&nbsp;<strong>firmeza na verdade<\/strong>&nbsp;e na&nbsp;<strong>caridade evang\u00e9lica<\/strong>:<\/p>\n\n\n\n<h4 class=\"wp-block-heading\"><strong>1. Educar na f\u00e9<\/strong><\/h4>\n\n\n\n<ul class=\"wp-block-list\">\n<li><strong>Conhe\u00e7a sua identidade<\/strong>: Estude o Catecismo e a hist\u00f3ria da Igreja.<\/li>\n\n\n\n<li><strong>Forme outros<\/strong>: Compartilhe artigos, livros e document\u00e1rios que expliquem o valor dos s\u00edmbolos.<\/li>\n<\/ul>\n\n\n\n<h4 class=\"wp-block-heading\"><strong>2. Agir com coragem<\/strong><\/h4>\n\n\n\n<ul class=\"wp-block-list\">\n<li><strong>Defenda o sagrado<\/strong>: Se em sua cidade removerem um crucifixo, organize iniciativas pac\u00edficas (cartas, reuni\u00f5es com autoridades).<\/li>\n\n\n\n<li><strong>Viva coerentemente<\/strong>: Que sua vida seja o melhor &#8220;s\u00edmbolo p\u00fablico&#8221; de Cristo (Mateus 5:16).<\/li>\n<\/ul>\n\n\n\n<h4 class=\"wp-block-heading\"><strong>3. Ora\u00e7\u00e3o e repara\u00e7\u00e3o<\/strong><\/h4>\n\n\n\n<ul class=\"wp-block-list\">\n<li><strong>Consagre espa\u00e7os<\/strong>: Aben\u00e7oe sua casa e local de trabalho.<\/li>\n\n\n\n<li><strong>Adore a Eucaristia<\/strong>: Jesus no Sant\u00edssimo \u00e9 o maior s\u00edmbolo p\u00fablico de amor.<\/li>\n<\/ul>\n\n\n\n<h4 class=\"wp-block-heading\"><strong>4. Engajamento c\u00edvico<\/strong><\/h4>\n\n\n\n<ul class=\"wp-block-list\">\n<li><strong>Vote com consci\u00eancia<\/strong>: Apoie leis que protejam a liberdade religiosa.<\/li>\n\n\n\n<li><strong>Use as redes com sabedoria<\/strong>: Compartilhe mensagens que elevem em vez de dividir.<\/li>\n<\/ul>\n\n\n\n<hr class=\"wp-block-separator has-alpha-channel-opacity\"\/>\n\n\n\n<h3 class=\"wp-block-heading\"><strong>Conclus\u00e3o: A Cruz n\u00e3o se render\u00e1<\/strong><\/h3>\n\n\n\n<p>A batalha pelos s\u00edmbolos \u00e9, no fundo, uma batalha pela alma de nossa civiliza\u00e7\u00e3o. N\u00e3o lutamos por privil\u00e9gios, mas pelo direito de recordar que&nbsp;<em>&#8220;n\u00e3o temos aqui cidade permanente, mas buscamos a futura.&#8221;<\/em>&nbsp;(Hebreus 13:14).<\/p>\n\n\n\n<p>Que a Virgem Maria, que esteve de p\u00e9 junto \u00e0 Cruz, nos d\u00ea for\u00e7a para sermos testemunhas fi\u00e9is nestes tempos.&nbsp;<strong>A neutralidade n\u00e3o existe: ou somos luz, ou seremos engolidos pelas trevas.<\/strong><\/p>\n\n\n\n<p><strong>A\u00e7\u00e3o concreta hoje<\/strong>:<\/p>\n\n\n\n<ul class=\"wp-block-list\">\n<li>Compartilhe este artigo com quem precisa de encorajamento.<\/li>\n\n\n\n<li>Exponha uma cruz vis\u00edvel em sua casa ou trabalho.<\/li>\n\n\n\n<li>Ofere\u00e7a um ter\u00e7o pelas autoridades.<\/li>\n<\/ul>\n\n\n\n<p><em>&#8220;N\u00e3o temas, pequeno rebanho, porque vosso Pai se agradou em dar-vos o Reino.&#8221;<\/em>&nbsp;(Lucas 12:32)<\/p>\n\n\n\n<p>Gostou deste artigo? Sigamos defendendo a beleza da Cruz!<\/p>\n","protected":false},"excerpt":{"rendered":"<p>&#8220;Se o mundo vos odeia, sabei que primeiro me odiou a mim. Se f\u00f4sseis do mundo, o mundo amaria o que era seu; mas porque n\u00e3o sois do mundo, antes eu vos escolhi do mundo, por isso o mundo vos odeia.&#8221;&nbsp;(Jo\u00e3o 15:18-19) Introdu\u00e7\u00e3o: A Cruz no centro do debate Nos \u00faltimos anos, temos testemunhado um &hellip;<\/p>\n","protected":false},"author":3,"featured_media":4052,"comment_status":"open","ping_status":"open","sticky":false,"template":"","format":"standard","meta":{"_seopress_robots_primary_cat":"","_seopress_titles_title":"","_seopress_titles_desc":"","_seopress_robots_index":"","footnotes":""},"categories":[54,39],"tags":[1364,1363],"class_list":["post-4051","post","type-post","status-publish","format-standard","has-post-thumbnail","","category-bioetica-e-questoes-contemporaneas","category-moral-e-vida-crista","tag-espacos-publicos","tag-simbolos-cristaos"],"_links":{"self":[{"href":"https:\/\/catholicus.eu\/pt\/wp-json\/wp\/v2\/posts\/4051","targetHints":{"allow":["GET"]}}],"collection":[{"href":"https:\/\/catholicus.eu\/pt\/wp-json\/wp\/v2\/posts"}],"about":[{"href":"https:\/\/catholicus.eu\/pt\/wp-json\/wp\/v2\/types\/post"}],"author":[{"embeddable":true,"href":"https:\/\/catholicus.eu\/pt\/wp-json\/wp\/v2\/users\/3"}],"replies":[{"embeddable":true,"href":"https:\/\/catholicus.eu\/pt\/wp-json\/wp\/v2\/comments?post=4051"}],"version-history":[{"count":1,"href":"https:\/\/catholicus.eu\/pt\/wp-json\/wp\/v2\/posts\/4051\/revisions"}],"predecessor-version":[{"id":4053,"href":"https:\/\/catholicus.eu\/pt\/wp-json\/wp\/v2\/posts\/4051\/revisions\/4053"}],"wp:featuredmedia":[{"embeddable":true,"href":"https:\/\/catholicus.eu\/pt\/wp-json\/wp\/v2\/media\/4052"}],"wp:attachment":[{"href":"https:\/\/catholicus.eu\/pt\/wp-json\/wp\/v2\/media?parent=4051"}],"wp:term":[{"taxonomy":"category","embeddable":true,"href":"https:\/\/catholicus.eu\/pt\/wp-json\/wp\/v2\/categories?post=4051"},{"taxonomy":"post_tag","embeddable":true,"href":"https:\/\/catholicus.eu\/pt\/wp-json\/wp\/v2\/tags?post=4051"}],"curies":[{"name":"wp","href":"https:\/\/api.w.org\/{rel}","templated":true}]}}