{"id":4048,"date":"2025-05-26T00:03:20","date_gmt":"2025-05-25T22:03:20","guid":{"rendered":"https:\/\/catholicus.eu\/pt\/?p=4048"},"modified":"2025-05-26T00:03:21","modified_gmt":"2025-05-25T22:03:21","slug":"divorcio-expresso-e-a-destruicao-da-familia-liberdade-ou-egoismo","status":"publish","type":"post","link":"https:\/\/catholicus.eu\/pt\/divorcio-expresso-e-a-destruicao-da-familia-liberdade-ou-egoismo\/","title":{"rendered":"Div\u00f3rcio Expresso e a Destrui\u00e7\u00e3o da Fam\u00edlia: Liberdade ou Ego\u00edsmo?"},"content":{"rendered":"\n<h2 class=\"wp-block-heading\"><strong>Introdu\u00e7\u00e3o: A Fam\u00edlia, Santu\u00e1rio do Amor<\/strong><\/h2>\n\n\n\n<p>Num mundo que celebra velocidade, facilidade e gratifica\u00e7\u00e3o imediata, conceitos como a indissolubilidade do matrim\u00f4nio e a fam\u00edlia para toda a vida parecem ultrapassados, at\u00e9 opressivos. No entanto, a Igreja Cat\u00f3lica, fiel aos ensinamentos de Cristo, continua a defender a santidade do matrim\u00f4nio como v\u00ednculo sagrado e irrevog\u00e1vel.<\/p>\n\n\n\n<p>O chamado&nbsp;<em>&#8220;div\u00f3rcio expresso&#8221;<\/em>&nbsp;&#8211; um mecanismo legal que permite dissolver um casamento em tempo recorde &#8211; tornou-se s\u00edmbolo de uma cultura que coloca desejos individuais acima do bem comum. Mas isso nos torna realmente mais livres? Ou n\u00e3o ser\u00e1 antes uma manifesta\u00e7\u00e3o de ego\u00edsmo disfar\u00e7ada de autonomia?<\/p>\n\n\n\n<p>Neste artigo exploraremos:<\/p>\n\n\n\n<ol start=\"1\" class=\"wp-block-list\">\n<li><strong>A vis\u00e3o cat\u00f3lica do matrim\u00f4nio<\/strong>\u00a0e por que \u00e9 indissol\u00favel<\/li>\n\n\n\n<li><strong>O div\u00f3rcio expresso no contexto hist\u00f3rico e social<\/strong>: como chegamos aqui?<\/li>\n\n\n\n<li><strong>Consequ\u00eancias espirituais e sociais<\/strong>\u00a0da ruptura familiar<\/li>\n\n\n\n<li><strong>Guia pr\u00e1tico para fortalecer o matrim\u00f4nio<\/strong>\u00a0do ponto de vista teol\u00f3gico e pastoral<\/li>\n\n\n\n<li><strong>Alternativas ao div\u00f3rcio<\/strong>: reconcilia\u00e7\u00e3o, miseric\u00f3rdia e esperan\u00e7a<\/li>\n<\/ol>\n\n\n\n<hr class=\"wp-block-separator has-alpha-channel-opacity\"\/>\n\n\n\n<h2 class=\"wp-block-heading\"><strong>1. O Matrim\u00f4nio na Teologia Cat\u00f3lica: Um V\u00ednculo Sagrado<\/strong><\/h2>\n\n\n\n<p>Jesus foi claro:<\/p>\n\n\n\n<blockquote class=\"wp-block-quote is-layout-flow wp-block-quote-is-layout-flow\">\n<p><em>&#8220;O que Deus uniu, o homem n\u00e3o separe&#8221;<\/em>&nbsp;(Mateus 19,6).<\/p>\n<\/blockquote>\n\n\n\n<p>O matrim\u00f4nio n\u00e3o \u00e9 mero contrato civil, mas um&nbsp;<strong>sacramento<\/strong>, sinal vis\u00edvel do amor inquebrant\u00e1vel entre Cristo e sua Igreja (Ef\u00e9sios 5,25-32). Por isso a Igreja ensina que:<\/p>\n\n\n\n<ul class=\"wp-block-list\">\n<li><strong>O matrim\u00f4nio \u00e9 para sempre<\/strong>\u00a0(indissol\u00favel)<\/li>\n\n\n\n<li><strong>\u00c9 caminho de santidade<\/strong>, onde os c\u00f4njuges se ajudam a alcan\u00e7ar o C\u00e9u<\/li>\n\n\n\n<li><strong>Os filhos s\u00e3o fruto e dom<\/strong>\u00a0deste amor, n\u00e3o acess\u00f3rio opcional<\/li>\n<\/ul>\n\n\n\n<p>O Catecismo da Igreja Cat\u00f3lica (CIC 1603) o define como&nbsp;<em>&#8220;a alian\u00e7a pela qual o homem e a mulher constituem entre si uma comunh\u00e3o de vida toda ordenada ao bem dos c\u00f4njuges e \u00e0 gera\u00e7\u00e3o e educa\u00e7\u00e3o da prole&#8221;<\/em>.<\/p>\n\n\n\n<h3 class=\"wp-block-heading\"><strong>Por que o div\u00f3rcio contradiz o plano de Deus?<\/strong><\/h3>\n\n\n\n<ul class=\"wp-block-list\">\n<li><strong>Rompem uma promessa sagrada<\/strong>\u00a0(&#8220;at\u00e9 que a morte nos separe&#8221;)<\/li>\n\n\n\n<li><strong>Enfraquece o tecido social<\/strong>, pois a fam\u00edlia \u00e9 c\u00e9lula base da sociedade<\/li>\n\n\n\n<li><strong>Prejudica os filhos<\/strong>, que t\u00eam direito a crescer num lar unido<\/li>\n<\/ul>\n\n\n\n<hr class=\"wp-block-separator has-alpha-channel-opacity\"\/>\n\n\n\n<h2 class=\"wp-block-heading\"><strong>2. Div\u00f3rcio Expresso: Liberdade ou Ego\u00edsmo Moderno?<\/strong><\/h2>\n\n\n\n<p>Nas \u00faltimas d\u00e9cadas muitos pa\u00edses adotaram leis de&nbsp;<em>&#8220;div\u00f3rcio expresso&#8221;<\/em>, permitindo dissolver casamentos em poucos dias, sem per\u00edodos de reflex\u00e3o ou media\u00e7\u00e3o.<\/p>\n\n\n\n<h3 class=\"wp-block-heading\"><strong>Breve Hist\u00f3ria do Div\u00f3rcio no Ocidente<\/strong><\/h3>\n\n\n\n<ul class=\"wp-block-list\">\n<li><strong>Antes do s\u00e9culo XX<\/strong>\u00a0o div\u00f3rcio era raro e malvisto<\/li>\n\n\n\n<li><strong>Anos 60-70<\/strong>: A\u00a0<em>&#8220;revolu\u00e7\u00e3o sexual&#8221;<\/em>\u00a0promoveu o div\u00f3rcio como &#8220;liberta\u00e7\u00e3o&#8221;<\/li>\n\n\n\n<li><strong>S\u00e9culo XXI<\/strong>: O\u00a0<em>div\u00f3rcio expresso<\/em>\u00a0torna o matrim\u00f4nio\u00a0<em>&#8220;descart\u00e1vel&#8221;<\/em><\/li>\n<\/ul>\n\n\n\n<h3 class=\"wp-block-heading\"><strong>O que est\u00e1 por tr\u00e1s desta tend\u00eancia?<\/strong><\/h3>\n\n\n\n<ol start=\"1\" class=\"wp-block-list\">\n<li><strong>Cultura do descarte<\/strong>: O que n\u00e3o satisfaz imediatamente \u00e9 eliminado (cf. Papa Francisco)<\/li>\n\n\n\n<li><strong>Individualismo radical<\/strong>: O\u00a0<em>&#8220;eu&#8221;<\/em>\u00a0prevalece sobre o\u00a0<em>&#8220;n\u00f3s&#8221;<\/em><\/li>\n\n\n\n<li><strong>Perda do sentido de sacrif\u00edcio<\/strong>: O verdadeiro amor exige empenho, mas hoje se confunde amor com\u00a0<em>&#8220;sentir-se bem&#8221;<\/em><\/li>\n<\/ol>\n\n\n\n<hr class=\"wp-block-separator has-alpha-channel-opacity\"\/>\n\n\n\n<h2 class=\"wp-block-heading\"><strong>3. Consequ\u00eancias do Div\u00f3rcio: Al\u00e9m da Dor Imediata<\/strong><\/h2>\n\n\n\n<h3 class=\"wp-block-heading\"><strong>A) Efeitos nos Filhos<\/strong><\/h3>\n\n\n\n<ul class=\"wp-block-list\">\n<li>Maior risco de problemas emocionais, escolares e comportamentais<\/li>\n\n\n\n<li>Ferida espiritual: muitos perdem a f\u00e9 ao ver o fracasso dos pais<\/li>\n<\/ul>\n\n\n\n<h3 class=\"wp-block-heading\"><strong>B) Efeitos na Sociedade<\/strong><\/h3>\n\n\n\n<ul class=\"wp-block-list\">\n<li><strong>Aumento da solid\u00e3o<\/strong>: Fam\u00edlias desfeitas = adultos e crian\u00e7as mais isolados<\/li>\n\n\n\n<li><strong>Crise da paternidade<\/strong>: Pais ausentes criam inseguran\u00e7a nos jovens<\/li>\n\n\n\n<li><strong>Enfraquecimento da f\u00e9<\/strong>: Se falha o matrim\u00f4nio, em que mais pode falhar a Igreja?<\/li>\n<\/ul>\n\n\n\n<h3 class=\"wp-block-heading\"><strong>C) Efeitos Espirituais<\/strong><\/h3>\n\n\n\n<ul class=\"wp-block-list\">\n<li><strong>O div\u00f3rcio (sem declara\u00e7\u00e3o de nulidade) impede de receber a Comunh\u00e3o<\/strong>\u00a0(CIC 1650)<\/li>\n\n\n\n<li><strong>\u00c9 ocasi\u00e3o de pecado<\/strong>, especialmente com novas uni\u00f5es<\/li>\n<\/ul>\n\n\n\n<hr class=\"wp-block-separator has-alpha-channel-opacity\"\/>\n\n\n\n<h2 class=\"wp-block-heading\"><strong>4. Guia Pr\u00e1tico: Como Salvar um Matrim\u00f4nio em Crise?<\/strong><\/h2>\n\n\n\n<p>Do ponto de vista teol\u00f3gico e pastoral, a Igreja oferece ferramentas para curar, n\u00e3o para condenar:<\/p>\n\n\n\n<h3 class=\"wp-block-heading\"><strong>1. Rezar Juntos<\/strong><\/h3>\n\n\n\n<ul class=\"wp-block-list\">\n<li><em>&#8220;A fam\u00edlia que reza unida permanece unida&#8221;<\/em>\u00a0(Pe. Peyton)<\/li>\n\n\n\n<li>Incluir ora\u00e7\u00f5es pelo c\u00f4njuge, mesmo com ressentimentos<\/li>\n<\/ul>\n\n\n\n<h3 class=\"wp-block-heading\"><strong>2. Buscar Ajuda Espiritual e Psicol\u00f3gica<\/strong><\/h3>\n\n\n\n<ul class=\"wp-block-list\">\n<li><strong>Diretores espirituais<\/strong>\u00a0e sacerdotes podem orientar<\/li>\n\n\n\n<li><strong>Terapia de casal cat\u00f3lica<\/strong>: Centrada no perd\u00e3o e na gra\u00e7a<\/li>\n<\/ul>\n\n\n\n<h3 class=\"wp-block-heading\"><strong>3. Viver as Bem-aventuran\u00e7as no Matrim\u00f4nio<\/strong><\/h3>\n\n\n\n<ul class=\"wp-block-list\">\n<li><em>&#8220;Felizes os misericordiosos&#8230;&#8221;<\/em>\u00a0(Mateus 5,7). Perdoar setenta vezes sete<\/li>\n\n\n\n<li><em>&#8220;Felizes os pacificadores&#8230;&#8221;<\/em>\u00a0(Mateus 5,9). Evitar brigas desnecess\u00e1rias<\/li>\n<\/ul>\n\n\n\n<h3 class=\"wp-block-heading\"><strong>4. Lembrar que o Amor \u00e9 Escolha, n\u00e3o apenas Sentimento<\/strong><\/h3>\n\n\n\n<p>O amor&nbsp;<em>&#8220;n\u00e3o busca seus pr\u00f3prios interesses&#8221;<\/em>&nbsp;(1 Cor\u00edntios 13,5). Nos momentos dif\u00edceis, escolher amar mesmo quando n\u00e3o&nbsp;<em>&#8220;temos vontade&#8221;<\/em>.<\/p>\n\n\n\n<h3 class=\"wp-block-heading\"><strong>5. Recorrer aos Sacramentos<\/strong><\/h3>\n\n\n\n<ul class=\"wp-block-list\">\n<li><strong>Confiss\u00e3o<\/strong>: Para curar feridas morais<\/li>\n\n\n\n<li><strong>Eucaristia<\/strong>: Fonte de for\u00e7a sobrenatural<\/li>\n\n\n\n<li><strong>Un\u00e7\u00e3o dos enfermos<\/strong>: Se a rela\u00e7\u00e3o est\u00e1\u00a0<em>&#8220;doente&#8221;<\/em><\/li>\n<\/ul>\n\n\n\n<hr class=\"wp-block-separator has-alpha-channel-opacity\"\/>\n\n\n\n<h2 class=\"wp-block-heading\"><strong>5. Alternativas ao Div\u00f3rcio: Reconcilia\u00e7\u00e3o e Miseric\u00f3rdia<\/strong><\/h2>\n\n\n\n<p>Se o div\u00f3rcio j\u00e1 ocorreu, a Igreja n\u00e3o abandona ningu\u00e9m:<\/p>\n\n\n\n<ul class=\"wp-block-list\">\n<li><strong>Declara\u00e7\u00e3o de nulidade<\/strong>: Em caso de v\u00edcios de consentimento (n\u00e3o &#8220;div\u00f3rcio cat\u00f3lico&#8221; mas declara\u00e7\u00e3o de nulidade)<\/li>\n\n\n\n<li><strong>Viver em castidade<\/strong>: Sem nulidade, evitar novas uni\u00f5es<\/li>\n\n\n\n<li><strong>Oferecer a dor a Deus<\/strong>: Em repara\u00e7\u00e3o pelos pecados do mundo<\/li>\n<\/ul>\n\n\n\n<hr class=\"wp-block-separator has-alpha-channel-opacity\"\/>\n\n\n\n<h2 class=\"wp-block-heading\"><strong>Conclus\u00e3o: Reconstruir a Civiliza\u00e7\u00e3o do Amor<\/strong><\/h2>\n\n\n\n<p>O&nbsp;<em>div\u00f3rcio expresso<\/em>&nbsp;n\u00e3o \u00e9 progresso mas armadilha do mundo moderno que confunde liberdade com ego\u00edsmo. A verdadeira liberdade est\u00e1 em amar como Cristo:&nbsp;<em>&#8220;Sem condi\u00e7\u00f5es, sem data de validade&#8221;<\/em>.<\/p>\n\n\n\n<p>Se seu matrim\u00f4nio est\u00e1 em crise,&nbsp;<strong>n\u00e3o desista<\/strong>. Deus pode operar milagres onde h\u00e1 f\u00e9. Como disse S\u00e3o Jo\u00e3o Paulo II:<\/p>\n\n\n\n<blockquote class=\"wp-block-quote is-layout-flow wp-block-quote-is-layout-flow\">\n<p><em>&#8220;A fam\u00edlia \u00e9 o caminho da Igreja.&#8221;<\/em><\/p>\n<\/blockquote>\n\n\n\n<p>E neste caminho, se h\u00e1 cruzes, h\u00e1 tamb\u00e9m Ressurrei\u00e7\u00e3o.<\/p>\n\n\n\n<p><strong>E voc\u00ea? Est\u00e1 pronto para lutar por sua fam\u00edlia?<\/strong><\/p>\n\n\n\n<hr class=\"wp-block-separator has-alpha-channel-opacity\"\/>\n\n\n\n<p><strong>A\u00e7\u00f5es Concretas para Hoje:<\/strong><br>\u2705 Reze um&nbsp;<em>Pai Nosso<\/em>&nbsp;por seu c\u00f4njuge<br>\u2705 Em caso de conflito: busque di\u00e1logo, n\u00e3o fuga<br>\u2705 Leia&nbsp;<em>&#8220;Amor e Responsabilidade&#8221;<\/em>&nbsp;de S\u00e3o Jo\u00e3o Paulo II<\/p>\n\n\n\n<p>A fam\u00edlia vale a pena.&nbsp;<strong>N\u00e3o a deixemos morrer!<\/strong><\/p>\n","protected":false},"excerpt":{"rendered":"<p>Introdu\u00e7\u00e3o: A Fam\u00edlia, Santu\u00e1rio do Amor Num mundo que celebra velocidade, facilidade e gratifica\u00e7\u00e3o imediata, conceitos como a indissolubilidade do matrim\u00f4nio e a fam\u00edlia para toda a vida parecem ultrapassados, at\u00e9 opressivos. No entanto, a Igreja Cat\u00f3lica, fiel aos ensinamentos de Cristo, continua a defender a santidade do matrim\u00f4nio como v\u00ednculo sagrado e irrevog\u00e1vel. O &hellip;<\/p>\n","protected":false},"author":3,"featured_media":4049,"comment_status":"open","ping_status":"open","sticky":false,"template":"","format":"standard","meta":{"_seopress_robots_primary_cat":"","_seopress_titles_title":"","_seopress_titles_desc":"","_seopress_robots_index":"","footnotes":""},"categories":[55,39],"tags":[1362],"class_list":["post-4048","post","type-post","status-publish","format-standard","has-post-thumbnail","","category-familia-e-matrimonio","category-moral-e-vida-crista","tag-divorcio-expresso"],"_links":{"self":[{"href":"https:\/\/catholicus.eu\/pt\/wp-json\/wp\/v2\/posts\/4048","targetHints":{"allow":["GET"]}}],"collection":[{"href":"https:\/\/catholicus.eu\/pt\/wp-json\/wp\/v2\/posts"}],"about":[{"href":"https:\/\/catholicus.eu\/pt\/wp-json\/wp\/v2\/types\/post"}],"author":[{"embeddable":true,"href":"https:\/\/catholicus.eu\/pt\/wp-json\/wp\/v2\/users\/3"}],"replies":[{"embeddable":true,"href":"https:\/\/catholicus.eu\/pt\/wp-json\/wp\/v2\/comments?post=4048"}],"version-history":[{"count":1,"href":"https:\/\/catholicus.eu\/pt\/wp-json\/wp\/v2\/posts\/4048\/revisions"}],"predecessor-version":[{"id":4050,"href":"https:\/\/catholicus.eu\/pt\/wp-json\/wp\/v2\/posts\/4048\/revisions\/4050"}],"wp:featuredmedia":[{"embeddable":true,"href":"https:\/\/catholicus.eu\/pt\/wp-json\/wp\/v2\/media\/4049"}],"wp:attachment":[{"href":"https:\/\/catholicus.eu\/pt\/wp-json\/wp\/v2\/media?parent=4048"}],"wp:term":[{"taxonomy":"category","embeddable":true,"href":"https:\/\/catholicus.eu\/pt\/wp-json\/wp\/v2\/categories?post=4048"},{"taxonomy":"post_tag","embeddable":true,"href":"https:\/\/catholicus.eu\/pt\/wp-json\/wp\/v2\/tags?post=4048"}],"curies":[{"name":"wp","href":"https:\/\/api.w.org\/{rel}","templated":true}]}}