{"id":4045,"date":"2025-05-25T23:16:57","date_gmt":"2025-05-25T21:16:57","guid":{"rendered":"https:\/\/catholicus.eu\/pt\/?p=4045"},"modified":"2025-05-25T23:16:57","modified_gmt":"2025-05-25T21:16:57","slug":"o-homem-pode-mudar-de-sexo-a-verdade-catolica-sobre-a-identidade","status":"publish","type":"post","link":"https:\/\/catholicus.eu\/pt\/o-homem-pode-mudar-de-sexo-a-verdade-catolica-sobre-a-identidade\/","title":{"rendered":"O Homem Pode &#8220;Mudar&#8221; de Sexo? A Verdade Cat\u00f3lica sobre a Identidade"},"content":{"rendered":"\n<h3 class=\"wp-block-heading\"><strong>Introdu\u00e7\u00e3o: Um Mundo Confuso, uma Verdade Eterna<\/strong><\/h3>\n\n\n\n<p>Vivemos numa \u00e9poca em que os aspectos mais fundamentais da exist\u00eancia humana &#8211; a natureza da sexualidade, o significado da identidade e o pr\u00f3prio prop\u00f3sito do nosso corpo criado &#8211; s\u00e3o constantemente questionados e manipulados ideologicamente. Diversos movimentos promovem agressivamente a ideia de que o sexo biol\u00f3gico seria meramente &#8220;atribu\u00eddo no nascimento&#8221; em vez de reconhecido, e que a identidade de g\u00e9nero n\u00e3o passaria de uma constru\u00e7\u00e3o social fluida que cada um poderia moldar segundo os seus sentimentos subjectivos.<\/p>\n\n\n\n<p>Perante esta convuls\u00e3o cultural, os cat\u00f3licos perguntam-se legitimamente: O que ensina a nossa Santa M\u00e3e Igreja sobre estas quest\u00f5es? Poder\u00e1 um ser humano verdadeiramente &#8220;mudar&#8221; de sexo? A resposta cat\u00f3lica a estas quest\u00f5es prementes \u00e9 simultaneamente clara na sua precis\u00e3o doutrinal, compassiva na sua aplica\u00e7\u00e3o pastoral e firmemente enraizada na Revela\u00e7\u00e3o divina e na lei natural:&nbsp;<strong>O nosso sexo biol\u00f3gico n\u00e3o \u00e9 uma conven\u00e7\u00e3o cultural arbitr\u00e1ria mas um dom sagrado inscrito na nossa pr\u00f3pria natureza pela m\u00e3o de Deus<\/strong>.<\/p>\n\n\n\n<p>Neste estudo aprofundado, examinaremos:<\/p>\n\n\n\n<ol start=\"1\" class=\"wp-block-list\">\n<li><strong>Os fundamentos b\u00edblicos e a compreens\u00e3o teol\u00f3gica do sexo e da identidade<\/strong><\/li>\n\n\n\n<li><strong>Os graves erros antropol\u00f3gicos da ideologia de g\u00e9nero<\/strong><\/li>\n\n\n\n<li><strong>Uma abordagem pastoral fiel: manter a verdade praticando a caridade<\/strong><\/li>\n\n\n\n<li><strong>Orienta\u00e7\u00f5es pr\u00e1ticas para viver estas verdades num mundo cada vez mais confuso<\/strong><\/li>\n<\/ol>\n\n\n\n<hr class=\"wp-block-separator has-alpha-channel-opacity\"\/>\n\n\n\n<h3 class=\"wp-block-heading\"><strong>1. &#8220;Homem e Mulher os Criou&#8221;: A Vis\u00e3o B\u00edblica e Teol\u00f3gica<\/strong><\/h3>\n\n\n\n<p>A revela\u00e7\u00e3o divina sobre a sexualidade humana come\u00e7a nos primeiros cap\u00edtulos da Sagrada Escritura. No G\u00e9nesis, encontramos n\u00e3o apenas um relato po\u00e9tico da cria\u00e7\u00e3o, mas o ensino autorizado de Deus sobre a natureza fundamental da pessoa humana:<\/p>\n\n\n\n<blockquote class=\"wp-block-quote is-layout-flow wp-block-quote-is-layout-flow\">\n<p><em>&#8220;Deus criou o homem \u00e0 sua imagem; \u00e0 imagem de Deus o criou; homem e mulher os criou&#8221;<\/em>&nbsp;(G\u00e9nesis 1:27).<\/p>\n<\/blockquote>\n\n\n\n<p>Esta passagem fundamental revela v\u00e1rias verdades teol\u00f3gicas essenciais que devem moldar a nossa compreens\u00e3o:<\/p>\n\n\n\n<ul class=\"wp-block-list\">\n<li><strong>A diferencia\u00e7\u00e3o sexual \u00e9 intr\u00ednseca \u00e0 natureza humana querida por Deus<\/strong>\u00a0&#8211; A nossa masculinidade ou feminilidade n\u00e3o \u00e9 uma qualidade acidental mas parte constitutiva do que significa ser humano.<\/li>\n\n\n\n<li><strong>O corpo possui um profundo significado teol\u00f3gico<\/strong>\u00a0&#8211; Longe de ser uma mera casca biol\u00f3gica, a nossa forma f\u00edsica exprime realidades espirituais e participa no plano criador de Deus.<\/li>\n\n\n\n<li><strong>A complementaridade sexual reflecte a sabedoria divina<\/strong>\u00a0&#8211; A distin\u00e7\u00e3o e comunh\u00e3o entre homem e mulher s\u00e3o imagem da Trindade e permitem a miss\u00e3o procriadora (G\u00e9nesis 1:28; 2:24).<\/li>\n<\/ul>\n\n\n\n<p>Os profundos insights da Teologia do Corpo de S\u00e3o Jo\u00e3o Paulo II desenvolvem ainda mais esta compreens\u00e3o. O pont\u00edfice ensina que o corpo humano serve de&nbsp;<strong>&#8220;sinal sacramental&#8221;<\/strong>&nbsp;&#8211; uma express\u00e3o vis\u00edvel de realidades espirituais invis\u00edveis. A nossa masculinidade ou feminilidade f\u00edsica fala uma linguagem escrita pelo pr\u00f3prio Deus, revelando a nossa voca\u00e7\u00e3o para o amor de doa\u00e7\u00e3o. N\u00e3o somos, como sugerem algumas ideologias contempor\u00e2neas, esp\u00edritos desencarnados aprisionados em formas f\u00edsicas erradas, mas antes&nbsp;<strong>uma unidade essencial de alma e corpo<\/strong>, que se informam e aperfei\u00e7oam mutuamente.<\/p>\n\n\n\n<hr class=\"wp-block-separator has-alpha-channel-opacity\"\/>\n\n\n\n<h3 class=\"wp-block-heading\"><strong>2. O Erro Antropol\u00f3gico da Ideologia Transg\u00e9nero<\/strong><\/h3>\n\n\n\n<p>O movimento transg\u00e9nero contempor\u00e2neo assenta numa s\u00e9rie de pressupostos filos\u00f3ficos e antropol\u00f3gicos que contradizem directamente o ensino cat\u00f3lico:<\/p>\n\n\n\n<ul class=\"wp-block-list\">\n<li><strong>Um dualismo gn\u00f3stico<\/strong>\u00a0que trata o corpo como acess\u00f3rio \u00e0 identidade pessoal, reduzindo-o a mera mat\u00e9ria-prima para auto-cria\u00e7\u00e3o<\/li>\n\n\n\n<li><strong>Uma rejei\u00e7\u00e3o da teleologia natural<\/strong>\u00a0que nega o sentido e prop\u00f3sito intr\u00ednsecos inscritos no nosso ser f\u00edsico pelo Criador<\/li>\n\n\n\n<li><strong>Uma exalta\u00e7\u00e3o da autonomia<\/strong>\u00a0que ecoa a tenta\u00e7\u00e3o primordial &#8211; &#8220;sereis como deuses&#8221; (G\u00e9nesis 3:5) &#8211; fazendo da vontade individual o \u00e1rbitro \u00faltimo da realidade<\/li>\n<\/ul>\n\n\n\n<p><strong>As consequ\u00eancias devastadoras destes erros s\u00e3o j\u00e1 vis\u00edveis:<\/strong><\/p>\n\n\n\n<ul class=\"wp-block-list\">\n<li><strong>A medicaliza\u00e7\u00e3o da sa\u00fade mental<\/strong>: Em vez de abordar as ra\u00edzes psicol\u00f3gicas da disforia de g\u00e9nero atrav\u00e9s de terapia e cuidado espiritual, as abordagens actuais apressam-se frequentemente a interven\u00e7\u00f5es m\u00e9dicas irrevers\u00edveis<\/li>\n\n\n\n<li><strong>A explora\u00e7\u00e3o da inf\u00e2ncia<\/strong>: Jovens, particularmente durante a turbul\u00eancia natural da adolesc\u00eancia, s\u00e3o encorajados a tomar decis\u00f5es que alteram permanentemente os seus corpos antes de atingirem a maturidade<\/li>\n\n\n\n<li><strong>A eros\u00e3o da dignidade humana<\/strong>: Ao negar o dado da nossa natureza criada, arriscamos reduzir pessoas a feixes de sentimentos subjectivos em vez de obras-primas de Deus<\/li>\n<\/ul>\n\n\n\n<hr class=\"wp-block-separator has-alpha-channel-opacity\"\/>\n\n\n\n<h3 class=\"wp-block-heading\"><strong>3. Abordagem Pastoral: Verdade e Caridade em Tens\u00e3o<\/strong><\/h3>\n\n\n\n<p>O cora\u00e7\u00e3o materno da Igreja sofre por aqueles que experimentam confus\u00e3o ou ang\u00fastia acerca da sua identidade sexual. A nossa resposta deve evitar dois extremos igualmente perigosos: a condena\u00e7\u00e3o dura por um lado, e o compromisso acomodat\u00edcio por outro. O caminho cat\u00f3lico aut\u00eantico \u00e9&nbsp;<strong>acompanhar com verdade e amor<\/strong>.<\/p>\n\n\n\n<h4 class=\"wp-block-heading\"><strong>Orienta\u00e7\u00f5es Pr\u00e1ticas para um Acompanhamento Pastoral Fiel:<\/strong><\/h4>\n\n\n\n<p>\u2705&nbsp;<strong>1. Afirma\u00e7\u00e3o intransigente da dignidade humana<\/strong><\/p>\n\n\n\n<ul class=\"wp-block-list\">\n<li>Toda a pessoa humana, independentemente das suas lutas ou cren\u00e7as, possui dignidade inviol\u00e1vel como criatura amada por Deus<\/li>\n\n\n\n<li>Evitando linguagem dura, devemos resistir a adoptar terminologia ideol\u00f3gica que aceita implicitamente falsos pressupostos<\/li>\n<\/ul>\n\n\n\n<p>\u2705&nbsp;<strong>2. Ensino claro sobre antropologia crist\u00e3<\/strong><\/p>\n\n\n\n<ul class=\"wp-block-list\">\n<li>Apresentar o corpo n\u00e3o como pris\u00e3o ou erro, mas como dom bom de Deus e meio da nossa auto-doa\u00e7\u00e3o<\/li>\n\n\n\n<li>Ajudar os indiv\u00edduos a descobrir que a verdadeira liberdade est\u00e1 em aceitar, n\u00e3o rejeitar, a sua natureza criada<\/li>\n<\/ul>\n\n\n\n<p>\u2705&nbsp;<strong>3. Estruturas de apoio integral<\/strong><\/p>\n\n\n\n<ul class=\"wp-block-list\">\n<li>Proporcionar acesso a cuidados psicol\u00f3gicos \u00e9ticos que abordem problemas subjacentes sem confirmar a confus\u00e3o<\/li>\n\n\n\n<li>Construir comunidades paroquiais que ofere\u00e7am genu\u00edno sentido de perten\u00e7a mantendo a verdade<\/li>\n<\/ul>\n\n\n\n<p>\u2705&nbsp;<strong>4. Guiar para a plenitude em Cristo<\/strong><\/p>\n\n\n\n<ul class=\"wp-block-list\">\n<li>Como testemunha S\u00e3o Paulo:\u00a0<em>&#8220;J\u00e1 n\u00e3o sou eu que vivo, \u00e9 Cristo que vive em mim&#8221;<\/em>\u00a0(G\u00e1latas 2:20). A nossa identidade \u00faltima encontra-se na filia\u00e7\u00e3o divina, n\u00e3o na auto-cria\u00e7\u00e3o.<\/li>\n<\/ul>\n\n\n\n<hr class=\"wp-block-separator has-alpha-channel-opacity\"\/>\n\n\n\n<h3 class=\"wp-block-heading\"><strong>4. Viver Esta Verdade num Mundo Hostil<\/strong><\/h3>\n\n\n\n<p><strong>Para pais cat\u00f3licos:<\/strong><\/p>\n\n\n\n<ul class=\"wp-block-list\">\n<li>Educar os filhos a apreciar a beleza do seu sexo biol\u00f3gico<\/li>\n\n\n\n<li>Vigiar atentamente as influ\u00eancias educativas e medi\u00e1ticas<\/li>\n<\/ul>\n\n\n\n<p><strong>Para cl\u00e9rigos e leigos empenhados:<\/strong><\/p>\n\n\n\n<ul class=\"wp-block-list\">\n<li>Pregar o belo ensino da Igreja com coragem e compaix\u00e3o<\/li>\n\n\n\n<li>Desenvolver sistemas de apoio a n\u00edvel paroquial<\/li>\n<\/ul>\n\n\n\n<p><strong>Para quem experiencia confus\u00e3o de g\u00e9nero:<\/strong><\/p>\n\n\n\n<ul class=\"wp-block-list\">\n<li>Procurar cuidados integrados que abordem dimens\u00f5es espirituais, psicol\u00f3gicas e f\u00edsicas<\/li>\n\n\n\n<li>Descobrir em Cristo a paz que ultrapassa todo o entendimento<\/li>\n<\/ul>\n\n\n\n<hr class=\"wp-block-separator has-alpha-channel-opacity\"\/>\n\n\n\n<h3 class=\"wp-block-heading\"><strong>Conclus\u00e3o: A Liberta\u00e7\u00e3o na Verdade<\/strong><\/h3>\n\n\n\n<p>A promessa contempor\u00e2nea de auto-cria\u00e7\u00e3o revela-se afinal ilus\u00f3ria. N\u00e3o podemos &#8220;mudar&#8221; de sexo porque&nbsp;<strong>a nossa identidade sexual \u00e9 parte do des\u00edgnio amoroso de Deus, n\u00e3o da nossa pr\u00f3pria constru\u00e7\u00e3o<\/strong>. A verdadeira liberta\u00e7\u00e3o n\u00e3o vem da rejei\u00e7\u00e3o da nossa natureza, mas do seu abra\u00e7o \u00e0 luz do Evangelho.<\/p>\n\n\n\n<p>A um mundo que grita &#8220;S\u00ea tu mesmo&#8221;, a Igreja oferece algo muito mais profundo:&nbsp;<strong>&#8220;Tu \u00e9s de Deus&#8221;<\/strong>.<\/p>\n\n\n\n<blockquote class=\"wp-block-quote is-layout-flow wp-block-quote-is-layout-flow\">\n<p><em>&#8220;Conhecereis a verdade e a verdade vos libertar\u00e1&#8221;<\/em>&nbsp;(Jo\u00e3o 8:32).<\/p>\n<\/blockquote>\n\n\n\n<p><strong>Ora\u00e7\u00e3o para o Nosso Tempo:<\/strong><br><em>Pai celeste, dai-nos a coragem de proclamar o vosso des\u00edgnio para o amor humano, a humildade para caminhar com os que sofrem e a sabedoria para vivermos como vossos filhos fi\u00e9is nestes tempos dif\u00edceis. Por Cristo nosso Senhor. \u00c1men.<\/em><\/p>\n\n\n\n<hr class=\"wp-block-separator has-alpha-channel-opacity\"\/>\n\n\n\n<p>Este artigo foi \u00fatil? Partilhe esta luz da verdade com outros que navegam na confus\u00e3o actual.&nbsp;<strong>In veritate libertas &#8211; Na verdade est\u00e1 a liberdade.<\/strong><\/p>\n","protected":false},"excerpt":{"rendered":"<p>Introdu\u00e7\u00e3o: Um Mundo Confuso, uma Verdade Eterna Vivemos numa \u00e9poca em que os aspectos mais fundamentais da exist\u00eancia humana &#8211; a natureza da sexualidade, o significado da identidade e o pr\u00f3prio prop\u00f3sito do nosso corpo criado &#8211; s\u00e3o constantemente questionados e manipulados ideologicamente. Diversos movimentos promovem agressivamente a ideia de que o sexo biol\u00f3gico seria &hellip;<\/p>\n","protected":false},"author":3,"featured_media":4046,"comment_status":"open","ping_status":"open","sticky":false,"template":"","format":"standard","meta":{"_seopress_robots_primary_cat":"","_seopress_titles_title":"","_seopress_titles_desc":"","_seopress_robots_index":"","footnotes":""},"categories":[54,39],"tags":[1360],"class_list":["post-4045","post","type-post","status-publish","format-standard","has-post-thumbnail","","category-bioetica-e-questoes-contemporaneas","category-moral-e-vida-crista","tag-transgenero"],"_links":{"self":[{"href":"https:\/\/catholicus.eu\/pt\/wp-json\/wp\/v2\/posts\/4045","targetHints":{"allow":["GET"]}}],"collection":[{"href":"https:\/\/catholicus.eu\/pt\/wp-json\/wp\/v2\/posts"}],"about":[{"href":"https:\/\/catholicus.eu\/pt\/wp-json\/wp\/v2\/types\/post"}],"author":[{"embeddable":true,"href":"https:\/\/catholicus.eu\/pt\/wp-json\/wp\/v2\/users\/3"}],"replies":[{"embeddable":true,"href":"https:\/\/catholicus.eu\/pt\/wp-json\/wp\/v2\/comments?post=4045"}],"version-history":[{"count":1,"href":"https:\/\/catholicus.eu\/pt\/wp-json\/wp\/v2\/posts\/4045\/revisions"}],"predecessor-version":[{"id":4047,"href":"https:\/\/catholicus.eu\/pt\/wp-json\/wp\/v2\/posts\/4045\/revisions\/4047"}],"wp:featuredmedia":[{"embeddable":true,"href":"https:\/\/catholicus.eu\/pt\/wp-json\/wp\/v2\/media\/4046"}],"wp:attachment":[{"href":"https:\/\/catholicus.eu\/pt\/wp-json\/wp\/v2\/media?parent=4045"}],"wp:term":[{"taxonomy":"category","embeddable":true,"href":"https:\/\/catholicus.eu\/pt\/wp-json\/wp\/v2\/categories?post=4045"},{"taxonomy":"post_tag","embeddable":true,"href":"https:\/\/catholicus.eu\/pt\/wp-json\/wp\/v2\/tags?post=4045"}],"curies":[{"name":"wp","href":"https:\/\/api.w.org\/{rel}","templated":true}]}}