{"id":4042,"date":"2025-05-25T22:53:55","date_gmt":"2025-05-25T20:53:55","guid":{"rendered":"https:\/\/catholicus.eu\/pt\/?p=4042"},"modified":"2025-05-25T22:53:55","modified_gmt":"2025-05-25T20:53:55","slug":"vive-e-deixa-viver-tolerancia-ou-indiferenca-diante-do-mal","status":"publish","type":"post","link":"https:\/\/catholicus.eu\/pt\/vive-e-deixa-viver-tolerancia-ou-indiferenca-diante-do-mal\/","title":{"rendered":"\u201cVive e deixa viver\u201d: Toler\u00e2ncia ou indiferen\u00e7a diante do mal?"},"content":{"rendered":"\n<p><em>Uma reflex\u00e3o cat\u00f3lica para tempos confusos<\/em><\/p>\n\n\n\n<hr class=\"wp-block-separator has-alpha-channel-opacity\"\/>\n\n\n\n<p>Vivemos numa \u00e9poca em que um dos lemas mais populares \u2014 e aparentemente inofensivos \u2014 \u00e9: <strong>\u201cVive e deixa viver\u201d<\/strong>. Repete-se nas redes sociais, no cotidiano, nos programas de televis\u00e3o e at\u00e9 mesmo em certos ambientes eclesiais. \u00c0 primeira vista, parece expressar toler\u00e2ncia, respeito pela liberdade alheia e um saud\u00e1vel pluralismo. Mas se cavarmos um pouco abaixo da superf\u00edcie, n\u00e3o encontramos talvez uma armadilha sutil? Por tr\u00e1s desse slogan moderno n\u00e3o se esconde talvez <strong>uma profunda indiferen\u00e7a diante do mal<\/strong>?<\/p>\n\n\n\n<p>O objetivo deste artigo \u00e9 iluminar, \u00e0 luz da <strong>Tradi\u00e7\u00e3o cat\u00f3lica<\/strong>, o verdadeiro significado da toler\u00e2ncia, esclarecer o papel do crist\u00e3o diante do mal moral e social e mostrar como discernir entre o respeito aut\u00eantico e o sil\u00eancio c\u00famplice diante daquilo que fere a alma e distorce a verdade. Aprofundaremos as <strong>ra\u00edzes teol\u00f3gicas, hist\u00f3ricas, b\u00edblicas<\/strong> e <strong>pastorais<\/strong> deste tema atual, oferecendo por fim <strong>um guia pr\u00e1tico<\/strong> para viver com fidelidade no s\u00e9culo XXI.<\/p>\n\n\n\n<hr class=\"wp-block-separator has-alpha-channel-opacity\"\/>\n\n\n\n<h2 class=\"wp-block-heading\">I. De onde vem o \u201cVive e deixa viver\u201d?<\/h2>\n\n\n\n<p>Essa frase tem suas ra\u00edzes na filosofia moderna e se difundiu no s\u00e9culo XX como lema do liberalismo cultural. Baseado na ideia de que <strong>cada um pode viver como quiser<\/strong>, \u201cvive e deixa viver\u201d tornou-se a bandeira de movimentos que promovem <strong>a autonomia pessoal absoluta<\/strong>, muitas vezes desconectada de qualquer refer\u00eancia objetiva ao bem e ao mal.<\/p>\n\n\n\n<p>Se essa l\u00f3gica pode parecer razo\u00e1vel em quest\u00f5es de gosto pessoal ou opini\u00e3o, <strong>torna-se perigosa quando aplicada \u00e0s verdades morais universais<\/strong>. Pode realmente um crist\u00e3o dizer \u201cvive e deixa viver\u201d diante do aborto, da eutan\u00e1sia, da pornografia, da ideologia de g\u00eanero ou da destrui\u00e7\u00e3o da fam\u00edlia? N\u00e3o \u00e9 como fechar os olhos diante do sofrimento, do pecado e da mentira?<\/p>\n\n\n\n<hr class=\"wp-block-separator has-alpha-channel-opacity\"\/>\n\n\n\n<h2 class=\"wp-block-heading\">II. A verdadeira toler\u00e2ncia na Tradi\u00e7\u00e3o Cat\u00f3lica<\/h2>\n\n\n\n<p>A Igreja \u2014 desde os Padres at\u00e9 os \u00faltimos Papas \u2014 <strong>nunca promoveu uma toler\u00e2ncia entendida como indiferen\u00e7a ou relativismo moral<\/strong>. Ao contr\u00e1rio, a verdadeira toler\u00e2ncia crist\u00e3 se fundamenta na <strong>caridade<\/strong> e na <strong>verdade<\/strong>. S\u00e3o Tom\u00e1s de Aquino ensina:<\/p>\n\n\n\n<blockquote class=\"wp-block-quote is-layout-flow wp-block-quote-is-layout-flow\">\n<p>\u201cAmar \u00e9 querer o bem do outro. Mas n\u00e3o se pode verdadeiramente querer o bem do outro se se tolera aquilo que prejudica a sua alma.\u201d<\/p>\n<\/blockquote>\n\n\n\n<p>Portanto, a <strong>toler\u00e2ncia crist\u00e3 n\u00e3o \u00e9 indiferen\u00e7a, mas paci\u00eancia<\/strong>. \u00c9 a capacidade de <strong>suportar com miseric\u00f3rdia quem erra<\/strong>, sem, no entanto, aceitar o erro e <strong>sem abdicar da miss\u00e3o prof\u00e9tica de anunciar a verdade<\/strong>.<\/p>\n\n\n\n<p>Como escreve S\u00e3o Paulo:<\/p>\n\n\n\n<blockquote class=\"wp-block-quote is-layout-flow wp-block-quote-is-layout-flow\">\n<p>\u201cProclama a Palavra, insiste oportuna e inoportunamente, repreende, amea\u00e7a, exorta com toda a paci\u00eancia e doutrina\u201d (2 Tim\u00f3teo 4,2).<\/p>\n<\/blockquote>\n\n\n\n<hr class=\"wp-block-separator has-alpha-channel-opacity\"\/>\n\n\n\n<h2 class=\"wp-block-heading\">III. Jesus Cristo: o modelo do amor que corrige<\/h2>\n\n\n\n<p>Jesus foi o homem mais caridoso da hist\u00f3ria, mas <strong>nunca indiferente ao mal<\/strong>. <strong>Perdoou o pecador, mas condenou o pecado.<\/strong> N\u00e3o apedrejou a mulher ad\u00faltera, mas lhe disse: <em>\u201cVai e n\u00e3o peques mais\u201d<\/em> (Jo\u00e3o 8,11). Chamou os fariseus de \u201csepulcros caiados\u201d (Mt 23,27), expulsou os vendedores do Templo (Jo 2,15) e constantemente convidou \u00e0 convers\u00e3o.<\/p>\n\n\n\n<p>Jesus <strong>n\u00e3o negociou com o mal para n\u00e3o ofender ningu\u00e9m<\/strong>. Seu amor o levou \u00e0 cruz, precisamente porque teve coragem de desafiar o pecado do mundo. Em seu exemplo vemos que o verdadeiro amor <strong>inclui tamb\u00e9m a corre\u00e7\u00e3o fraterna<\/strong>, a den\u00fancia do mal e a defesa da verdade.<\/p>\n\n\n\n<hr class=\"wp-block-separator has-alpha-channel-opacity\"\/>\n\n\n\n<h2 class=\"wp-block-heading\">IV. \u201cQuem sou eu para julgar?\u201d<\/h2>\n\n\n\n<p>Essa frase do Papa Francisco foi <strong>frequentemente mal interpretada<\/strong> e instrumentalizada. Na verdade, o Papa quis dizer que <strong>n\u00e3o podemos julgar o foro \u00edntimo de uma consci\u00eancia<\/strong>, mas isso <strong>n\u00e3o significa<\/strong> que devemos deixar de discernir o que \u00e9 objetivamente bom ou mau. A Igreja tem o dever de julgar atos, ideias e estruturas que contradizem o Evangelho. <strong>Corrigir fraternalmente \u00e9 um ato de miseric\u00f3rdia.<\/strong><\/p>\n\n\n\n<blockquote class=\"wp-block-quote is-layout-flow wp-block-quote-is-layout-flow\">\n<p>\u201cSe teu irm\u00e3o pecar contra ti, vai corrigi-lo, tu e ele a s\u00f3s. Se ele te ouvir, ganhaste teu irm\u00e3o\u201d (Mateus 18,15).<\/p>\n<\/blockquote>\n\n\n\n<p>Corrigir com amor n\u00e3o \u00e9 julgar a pessoa, mas <strong>ajud\u00e1-la a reencontrar o caminho da salva\u00e7\u00e3o<\/strong>. A indiferen\u00e7a, ao contr\u00e1rio, deixa o outro no erro.<\/p>\n\n\n\n<hr class=\"wp-block-separator has-alpha-channel-opacity\"\/>\n\n\n\n<h2 class=\"wp-block-heading\">V. Aplica\u00e7\u00f5es pr\u00e1ticas: viver o amor sem trair a verdade<\/h2>\n\n\n\n<p>Eis aqui um <strong>guia teol\u00f3gico e pastoral<\/strong> para discernir entre falsa toler\u00e2ncia e aut\u00eantico amor crist\u00e3o:<\/p>\n\n\n\n<h3 class=\"wp-block-heading\">1. <strong>Examina o teu cora\u00e7\u00e3o<\/strong><\/h3>\n\n\n\n<p>Antes de corrigir os outros, pergunta a ti mesmo se o fazes por <strong>verdadeiro amor ou por orgulho ou impaci\u00eancia<\/strong>. Pede a Deus que purifique tuas inten\u00e7\u00f5es. Uma corre\u00e7\u00e3o sem humildade pode ser destrutiva.<\/p>\n\n\n\n<h3 class=\"wp-block-heading\">2. <strong>N\u00e3o te cales diante do mal estrutural ou social<\/strong><\/h3>\n\n\n\n<p>Diante de leis injustas, ideologias destrutivas ou pr\u00e1ticas sociais imorais, o crist\u00e3o <strong>n\u00e3o pode se refugiar num \u201cvive e deixa viver\u201d neutro<\/strong>. \u00c9 chamado a ser <strong>luz do mundo e sal da terra<\/strong> (Mt 5,13-16). O sil\u00eancio c\u00famplice tamb\u00e9m \u00e9 pecado.<\/p>\n\n\n\n<h3 class=\"wp-block-heading\">3. <strong>Corrige com amor, n\u00e3o com viol\u00eancia<\/strong><\/h3>\n\n\n\n<p>Quando o mal atinge teus entes queridos, n\u00e3o se trata de atacar, mas de <strong>acompanhar, rezar, dialogar e \u2014 se poss\u00edvel \u2014 corrigir com suavidade.<\/strong> A verdade sem amor \u00e9 crueldade; o amor sem verdade \u00e9 cumplicidade.<\/p>\n\n\n\n<h3 class=\"wp-block-heading\">4. <strong>Educa com coragem<\/strong><\/h3>\n\n\n\n<p>Pais, catequistas, educadores e sacerdotes t\u00eam uma tarefa delicada: <strong>formar na verdade do Evangelho, sem medo do julgamento do mundo.<\/strong> Um crist\u00e3o n\u00e3o pode ser educado na tibieza ou na ambiguidade.<\/p>\n\n\n\n<h3 class=\"wp-block-heading\">5. <strong>S\u00ea uma testemunha cred\u00edvel<\/strong><\/h3>\n\n\n\n<p>\u00c0s vezes, o meio mais eficaz de corre\u00e7\u00e3o \u00e9 <strong>viver a f\u00e9 com coer\u00eancia e alegria.<\/strong> Um crist\u00e3o que age com amor e firmeza, sem se deixar guiar pelo esp\u00edrito do mundo, <strong>convence mais do que mil discursos.<\/strong><\/p>\n\n\n\n<h3 class=\"wp-block-heading\">6. <strong>Reza por quem est\u00e1 no erro<\/strong><\/h3>\n\n\n\n<p>Nem sempre se pode corrigir diretamente. Mas sempre se pode <strong>interceder, oferecer sacrif\u00edcios, fazer penit\u00eancia por quem est\u00e1 longe de Deus.<\/strong> Esta tamb\u00e9m \u00e9 uma forma poderosa de amor.<\/p>\n\n\n\n<hr class=\"wp-block-separator has-alpha-channel-opacity\"\/>\n\n\n\n<h2 class=\"wp-block-heading\">VI. O perigo da tibieza espiritual<\/h2>\n\n\n\n<p>O \u201cvive e deixa viver\u201d \u00e9 muitas vezes n\u00e3o toler\u00e2ncia, mas <strong>covardia espiritual<\/strong>. Preferimos a paz exterior ao conflito que a verdade pode gerar. Mas Jesus foi muito claro:<\/p>\n\n\n\n<blockquote class=\"wp-block-quote is-layout-flow wp-block-quote-is-layout-flow\">\n<p>\u201cConhe\u00e7o as tuas obras: n\u00e3o \u00e9s frio nem quente. Oxal\u00e1 fosses frio ou quente! Mas porque \u00e9s morno&#8230; estou a ponto de vomitar-te da minha boca\u201d (Apocalipse 3,15-16).<\/p>\n<\/blockquote>\n\n\n\n<p>A tibieza \u00e9 um dos maiores perigos para o crist\u00e3o de hoje: ceder, calar, adaptar-se, fugir do desconforto. Mas o cristianismo <strong>n\u00e3o \u00e9 uma religi\u00e3o confort\u00e1vel<\/strong>. \u00c9 uma via crucis, um caminho de verdade e salva\u00e7\u00e3o.<\/p>\n\n\n\n<hr class=\"wp-block-separator has-alpha-channel-opacity\"\/>\n\n\n\n<h2 class=\"wp-block-heading\">VII. Conclus\u00e3o: amar \u00e9 dizer a verdade<\/h2>\n\n\n\n<p>\u201cVive e deixa viver\u201d pode ser um princ\u00edpio leg\u00edtimo em quest\u00f5es discut\u00edveis. Mas quando se trata de bem e mal, de verdade e mentira, de salva\u00e7\u00e3o ou condena\u00e7\u00e3o, <strong>n\u00e3o podemos permanecer passivos<\/strong>.<\/p>\n\n\n\n<p>N\u00e3o se trata de julgar, condenar ou impor com viol\u00eancia. Trata-se de <strong>amar verdadeiramente<\/strong> \u2014 e isso significa tamb\u00e9m dizer a verdade, mesmo quando custa, mesmo quando incomoda, mesmo quando implica corrigir quem erra e testemunhar Cristo com a vida, as palavras e as obras.<\/p>\n\n\n\n<h3 class=\"wp-block-heading\">Porque amar significa <strong>n\u00e3o deixar que o outro viva na mentira<\/strong>.<\/h3>\n\n\n\n<hr class=\"wp-block-separator has-alpha-channel-opacity\"\/>\n\n\n\n<h2 class=\"wp-block-heading\">Recomenda\u00e7\u00f5es pastorais finais<\/h2>\n\n\n\n<ol class=\"wp-block-list\">\n<li><strong>Confessa-te com frequ\u00eancia<\/strong>, para viver tu mesmo em estado de gra\u00e7a e poder corrigir com autoridade moral e humildade.<\/li>\n\n\n\n<li><strong>Pede ao Esp\u00edrito Santo o dom do discernimento<\/strong>, antes de falar: nem sempre \u00e9 o momento certo, mas h\u00e1 sempre uma forma s\u00e1bia de dizer a verdade.<\/li>\n\n\n\n<li><strong>Forma-te solidamente na doutrina<\/strong>, para n\u00e3o cair no relativismo ou no medo que se disfar\u00e7a de toler\u00e2ncia.<\/li>\n\n\n\n<li><strong>Procura um diretor espiritual<\/strong>, especialmente se precisas lidar com algu\u00e9m em uma situa\u00e7\u00e3o moral delicada.<\/li>\n\n\n\n<li><strong>Ama a verdade \u2014 n\u00e3o contra o outro, mas para o seu maior bem<\/strong>: a sua salva\u00e7\u00e3o eterna.<\/li>\n<\/ol>\n\n\n\n<hr class=\"wp-block-separator has-alpha-channel-opacity\"\/>\n\n\n\n<blockquote class=\"wp-block-quote is-layout-flow wp-block-quote-is-layout-flow\">\n<p>\u201cConhecereis a verdade, e a verdade vos libertar\u00e1\u201d (Jo\u00e3o 8,32)<\/p>\n<\/blockquote>\n\n\n\n<p>E a verdade n\u00e3o \u00e9 uma ideia. A Verdade tem um rosto, e Seu nome \u00e9 <strong>Jesus Cristo<\/strong>.<\/p>\n","protected":false},"excerpt":{"rendered":"<p>Uma reflex\u00e3o cat\u00f3lica para tempos confusos Vivemos numa \u00e9poca em que um dos lemas mais populares \u2014 e aparentemente inofensivos \u2014 \u00e9: \u201cVive e deixa viver\u201d. Repete-se nas redes sociais, no cotidiano, nos programas de televis\u00e3o e at\u00e9 mesmo em certos ambientes eclesiais. \u00c0 primeira vista, parece expressar toler\u00e2ncia, respeito pela liberdade alheia e um &hellip;<\/p>\n","protected":false},"author":3,"featured_media":4043,"comment_status":"open","ping_status":"open","sticky":false,"template":"","format":"standard","meta":{"_seopress_robots_primary_cat":"","_seopress_titles_title":"","_seopress_titles_desc":"","_seopress_robots_index":"","footnotes":""},"categories":[41,63],"tags":[519,1359],"class_list":["post-4042","post","type-post","status-publish","format-standard","has-post-thumbnail","","category-fe-e-cultura","category-filosofia-e-fe","tag-tolerancia","tag-vive-e-deixa-viver"],"_links":{"self":[{"href":"https:\/\/catholicus.eu\/pt\/wp-json\/wp\/v2\/posts\/4042","targetHints":{"allow":["GET"]}}],"collection":[{"href":"https:\/\/catholicus.eu\/pt\/wp-json\/wp\/v2\/posts"}],"about":[{"href":"https:\/\/catholicus.eu\/pt\/wp-json\/wp\/v2\/types\/post"}],"author":[{"embeddable":true,"href":"https:\/\/catholicus.eu\/pt\/wp-json\/wp\/v2\/users\/3"}],"replies":[{"embeddable":true,"href":"https:\/\/catholicus.eu\/pt\/wp-json\/wp\/v2\/comments?post=4042"}],"version-history":[{"count":1,"href":"https:\/\/catholicus.eu\/pt\/wp-json\/wp\/v2\/posts\/4042\/revisions"}],"predecessor-version":[{"id":4044,"href":"https:\/\/catholicus.eu\/pt\/wp-json\/wp\/v2\/posts\/4042\/revisions\/4044"}],"wp:featuredmedia":[{"embeddable":true,"href":"https:\/\/catholicus.eu\/pt\/wp-json\/wp\/v2\/media\/4043"}],"wp:attachment":[{"href":"https:\/\/catholicus.eu\/pt\/wp-json\/wp\/v2\/media?parent=4042"}],"wp:term":[{"taxonomy":"category","embeddable":true,"href":"https:\/\/catholicus.eu\/pt\/wp-json\/wp\/v2\/categories?post=4042"},{"taxonomy":"post_tag","embeddable":true,"href":"https:\/\/catholicus.eu\/pt\/wp-json\/wp\/v2\/tags?post=4042"}],"curies":[{"name":"wp","href":"https:\/\/api.w.org\/{rel}","templated":true}]}}