{"id":4015,"date":"2025-05-25T00:06:31","date_gmt":"2025-05-24T22:06:31","guid":{"rendered":"https:\/\/catholicus.eu\/pt\/?p=4015"},"modified":"2025-05-25T00:06:31","modified_gmt":"2025-05-24T22:06:31","slug":"rainha-ester-e-maria-duas-intercessoras-no-plano-de-salvacao-de-deus","status":"publish","type":"post","link":"https:\/\/catholicus.eu\/pt\/rainha-ester-e-maria-duas-intercessoras-no-plano-de-salvacao-de-deus\/","title":{"rendered":"Rainha Ester e Maria: Duas Intercessoras no Plano de Salva\u00e7\u00e3o de Deus"},"content":{"rendered":"\n<p><em>Um guia espiritual e teol\u00f3gico para o crist\u00e3o de hoje<\/em><\/p>\n\n\n\n<hr class=\"wp-block-separator has-alpha-channel-opacity\"\/>\n\n\n\n<h3 class=\"wp-block-heading\">Introdu\u00e7\u00e3o: Intercessoras no cora\u00e7\u00e3o da hist\u00f3ria da salva\u00e7\u00e3o<\/h3>\n\n\n\n<p>As Sagradas Escrituras revelam constantemente o papel da mulher como intercessora, sinal de ternura, coragem e sabedoria com as quais Deus age atrav\u00e9s de pessoas aparentemente fr\u00e1geis, mas profundamente crentes. Duas das figuras femininas mais poderosas no plano divino de salva\u00e7\u00e3o s\u00e3o duas rainhas cujos nomes resplandecem por sua fun\u00e7\u00e3o de mediadoras diante do poder: <strong>Ester<\/strong>, a rainha do Antigo Testamento que se faz voz de seu povo, e <strong>Maria<\/strong>, a Rainha do C\u00e9u, que intercede por toda a humanidade.<\/p>\n\n\n\n<p>Ainda que tenham vivido em tempos e contextos diferentes, compartilham a mesma miss\u00e3o: colocam-se diante da autoridade para pedir miseric\u00f3rdia e salva\u00e7\u00e3o. Contempl\u00e1-las juntas nos ajuda a redescobrir a beleza da intercess\u00e3o, a aud\u00e1cia da f\u00e9 e o papel ativo da mulher no des\u00edgnio divino. Este artigo prop\u00f5e mostrar n\u00e3o apenas o v\u00ednculo teol\u00f3gico entre Ester e Maria, mas tamb\u00e9m oferecer um guia concreto para nos inspirarmos em seu exemplo, crescer na f\u00e9 e viver uma espiritualidade que toque a vida cotidiana.<\/p>\n\n\n\n<hr class=\"wp-block-separator has-alpha-channel-opacity\"\/>\n\n\n\n<h3 class=\"wp-block-heading\">1. <strong>Rainha Ester: uma mulher, um povo, uma s\u00faplica corajosa<\/strong><\/h3>\n\n\n\n<p>O Livro de Ester, no Antigo Testamento, narra uma hist\u00f3ria de intrigas palacianas e de provid\u00eancia divina. Ester, jovem \u00f3rf\u00e3 judia, torna-se rainha do imp\u00e9rio persa sob o rei Assuero (Xerxes I). Sua identidade judaica permanece inicialmente oculta, at\u00e9 que seu povo \u00e9 condenado ao exterm\u00ednio por um decreto arquitetado por Ham\u00e3.<\/p>\n\n\n\n<p>Diante dessa crise, Ester assume um papel decisivo de intercess\u00e3o. Ela se exp\u00f5e, se revela, arrisca a vida para interceder junto ao rei. Antes disso, por\u00e9m, pede jejum e ora\u00e7\u00e3o:<\/p>\n\n\n\n<blockquote class=\"wp-block-quote is-layout-flow wp-block-quote-is-layout-flow\">\n<p>\u00abVai, re\u00fane todos os judeus que se encontram em Sus\u00e3 e jejuai por mim; n\u00e3o comais nem bebais durante tr\u00eas dias, nem de dia nem de noite. Eu tamb\u00e9m, com as minhas servas, jejuarei do mesmo modo; depois disso, irei ter com o rei, mesmo sem ser chamada. Se eu tiver de morrer, morrerei.\u00bb<br>(Ester 4,16)<\/p>\n<\/blockquote>\n\n\n\n<p>Este gesto de f\u00e9 e de entrega total faz de Ester um \u00edcone prof\u00e9tico da intercess\u00e3o. Ela n\u00e3o se limita a orar: ela age. Sua s\u00faplica ao rei, cheia de sabedoria e confian\u00e7a em Deus, obt\u00e9m a revoga\u00e7\u00e3o do decreto de morte. Seu povo \u00e9 salvo gra\u00e7as \u00e0 sua media\u00e7\u00e3o.<\/p>\n\n\n\n<hr class=\"wp-block-separator has-alpha-channel-opacity\"\/>\n\n\n\n<h3 class=\"wp-block-heading\">2. <strong>Maria, Rainha e Advogada: \u00abFazei tudo o que Ele vos disser\u00bb<\/strong><\/h3>\n\n\n\n<p>Maria, M\u00e3e de Jesus, no Novo Testamento, n\u00e3o aparece como uma rainha em um trono, mas como a serva do Senhor (cf. Lc 1,38). No entanto, a Igreja a reconhece na Tradi\u00e7\u00e3o como <em>Regina Caeli<\/em>, a Rainha do C\u00e9u, por sua proximidade \u00fanica com Cristo e sua coopera\u00e7\u00e3o no plano salv\u00edfico.<\/p>\n\n\n\n<p>Um dos momentos mais luminosos de sua intercess\u00e3o ocorre nas <strong>Bodas de Can\u00e1<\/strong> (Jo 2,1\u201312). Quando falta o vinho, Maria n\u00e3o permanece indiferente. Ela percebe a dificuldade antes dos outros, l\u00ea os sinais ocultos, aproxima-se do Filho:<\/p>\n\n\n\n<blockquote class=\"wp-block-quote is-layout-flow wp-block-quote-is-layout-flow\">\n<p>\u00abEles n\u00e3o t\u00eam mais vinho\u00bb (Jo 2,3)<\/p>\n<\/blockquote>\n\n\n\n<p>Com esta simples frase, Maria mostra sua sensibilidade materna e seu papel intercessor. Ela n\u00e3o ordena, n\u00e3o exige. Indica uma necessidade. Jesus parece responder com dureza (\u00abMulher, que tenho eu contigo? Ainda n\u00e3o chegou a minha hora\u00bb), mas realiza o primeiro milagre. Porque Maria diz aos servos:<\/p>\n\n\n\n<blockquote class=\"wp-block-quote is-layout-flow wp-block-quote-is-layout-flow\">\n<p>\u00abFazei tudo o que Ele vos disser\u00bb (Jo 2,5)<\/p>\n<\/blockquote>\n\n\n\n<p>Este \u00e9 o cora\u00e7\u00e3o da intercess\u00e3o mariana: <strong>n\u00e3o substituir a vontade de Deus, mas ajudar o homem a confiar nela<\/strong>. Maria n\u00e3o \u00e9 um obst\u00e1culo, mas uma guia para Cristo. \u00c9 uma ponte, n\u00e3o um muro; um espelho de obedi\u00eancia e f\u00e9.<\/p>\n\n\n\n<hr class=\"wp-block-separator has-alpha-channel-opacity\"\/>\n\n\n\n<h3 class=\"wp-block-heading\">3. <strong>Ester e Maria: Paralelos teol\u00f3gicos e espirituais<\/strong><\/h3>\n\n\n\n<p>Aproximar Ester de Maria n\u00e3o \u00e9 uma inven\u00e7\u00e3o moderna. Desde os Padres da Igreja, passando pela liturgia, Ester tem sido considerada um tipo (uma antecipa\u00e7\u00e3o prof\u00e9tica) da Virgem Maria. Ambas rainhas, ambas intercedem pelo povo, ambas arriscam tudo por amor. Mas sobretudo: ambas s\u00e3o instrumentos da salva\u00e7\u00e3o nas m\u00e3os de Deus.<\/p>\n\n\n\n<figure class=\"wp-block-table\"><table class=\"has-fixed-layout\"><thead><tr><th>Ester<\/th><th>Maria<\/th><\/tr><\/thead><tbody><tr><td>Rainha da P\u00e9rsia<\/td><td>Rainha do C\u00e9u<\/td><\/tr><tr><td>Intercede junto a Assuero<\/td><td>Intercede junto ao Filho, Rei dos reis<\/td><\/tr><tr><td>Prepara-se com jejum e ora\u00e7\u00e3o<\/td><td>Vive imersa na ora\u00e7\u00e3o e na intimidade com Deus<\/td><\/tr><tr><td>Suplica pelo povo judeu<\/td><td>Intercede por toda a humanidade<\/td><\/tr><tr><td>Arrisca a vida por seu povo<\/td><td>Oferece toda a sua vida como serva do Senhor<\/td><\/tr><\/tbody><\/table><\/figure>\n\n\n\n<p>Na tradi\u00e7\u00e3o patr\u00edstica, Maria \u00e9 vista como a nova Ester. Como escreve S\u00e3o Bernardo:<\/p>\n\n\n\n<blockquote class=\"wp-block-quote is-layout-flow wp-block-quote-is-layout-flow\">\n<p>\u00abMaria \u00e9 verdadeiramente Rainha, porque seu Filho \u00e9 Rei dos reis. Mas seu reinado \u00e9 feito de humildade, compaix\u00e3o e intercess\u00e3o.\u00bb<\/p>\n<\/blockquote>\n\n\n\n<hr class=\"wp-block-separator has-alpha-channel-opacity\"\/>\n\n\n\n<h3 class=\"wp-block-heading\">4. <strong>Aplica\u00e7\u00f5es pr\u00e1ticas: Como viver hoje como essas duas Rainhas<\/strong><\/h3>\n\n\n\n<h4 class=\"wp-block-heading\">a) <strong>A for\u00e7a da intercess\u00e3o<\/strong><\/h4>\n\n\n\n<p>Ester e Maria nos ensinam que a intercess\u00e3o <strong>n\u00e3o \u00e9 um ato passivo<\/strong>. Requer coragem, discernimento, ora\u00e7\u00e3o, jejum, aten\u00e7\u00e3o \u00e0 dor alheia. Na vida cotidiana, podemos viver essa intercess\u00e3o assim:<\/p>\n\n\n\n<ul class=\"wp-block-list\">\n<li>Orar por quem sofre ou se afastou da f\u00e9.<\/li>\n\n\n\n<li>Confiar ao Senhor as grandes dores do mundo (guerras, doen\u00e7as, injusti\u00e7as).<\/li>\n\n\n\n<li>Oferecer espiritualmente acompanhamento a um filho, familiar ou amigo em crise.<\/li>\n\n\n\n<li>Participar da Missa com profunda inten\u00e7\u00e3o de interceder pela convers\u00e3o dos pecadores.<\/li>\n<\/ul>\n\n\n\n<h4 class=\"wp-block-heading\">b) <strong>O valor do jejum e da penit\u00eancia<\/strong><\/h4>\n\n\n\n<p>Ester pede jejum. Maria vive na simplicidade. A Igreja nos convida a redescobrir essas pr\u00e1ticas \u2013 como purifica\u00e7\u00e3o do cora\u00e7\u00e3o e oferta de amor.<\/p>\n\n\n\n<ul class=\"wp-block-list\">\n<li>Oferecer um dia de jejum pela convers\u00e3o de uma pessoa querida.<\/li>\n\n\n\n<li>Renunciar a distra\u00e7\u00f5es para dedicar tempo \u00e0 ora\u00e7\u00e3o ou \u00e0 caridade.<\/li>\n\n\n\n<li>Unir pequenos sacrif\u00edcios cotidianos ao Cristo Crucificado, pela salva\u00e7\u00e3o dos outros.<\/li>\n<\/ul>\n\n\n\n<h4 class=\"wp-block-heading\">c) <strong>Obedi\u00eancia na confian\u00e7a<\/strong><\/h4>\n\n\n\n<p>Maria em Can\u00e1 n\u00e3o conhece todo o des\u00edgnio, mas confia. A obedi\u00eancia \u00e0 vontade de Deus, mesmo quando n\u00e3o a compreendemos, \u00e9 caminho de santidade.<\/p>\n\n\n\n<ul class=\"wp-block-list\">\n<li>Aceitar com f\u00e9 as prova\u00e7\u00f5es, como caminho de salva\u00e7\u00e3o.<\/li>\n\n\n\n<li>Dizer todas as manh\u00e3s a Jesus: \u00abFa\u00e7a-se em mim segundo a tua palavra\u00bb.<\/li>\n\n\n\n<li>Encontrar quem sofre com esperan\u00e7a, como Maria com Isabel.<\/li>\n<\/ul>\n\n\n\n<hr class=\"wp-block-separator has-alpha-channel-opacity\"\/>\n\n\n\n<h3 class=\"wp-block-heading\">5. <strong>Guia teol\u00f3gica e pastoral para uma vida intercessora<\/strong><\/h3>\n\n\n\n<figure class=\"wp-block-table\"><table class=\"has-fixed-layout\"><thead><tr><th>Ato espiritual<\/th><th>Fundamento b\u00edblico<\/th><th>Aplica\u00e7\u00e3o concreta<\/th><\/tr><\/thead><tbody><tr><td>Orar pelos outros<\/td><td>1 Tim\u00f3teo 2,1<\/td><td>Escrever todos os dias uma lista de pessoas por quem orar<\/td><\/tr><tr><td>Jejuar pela convers\u00e3o<\/td><td>Mateus 6,16\u201318<\/td><td>Escolher um dia por m\u00eas para oferecer um jejum com uma inten\u00e7\u00e3o<\/td><\/tr><tr><td>Oferecer sacrif\u00edcios<\/td><td>Colossenses 1,24<\/td><td>Unir os sofrimentos cotidianos aos de Cristo<\/td><\/tr><tr><td>Confiar em Deus<\/td><td>Prov\u00e9rbios 3,5<\/td><td>Fazer diariamente Lectio Divina com os Evangelhos<\/td><\/tr><tr><td>Dar voz aos sem voz<\/td><td>Isa\u00edas 1,17<\/td><td>Engajar-se em obras de justi\u00e7a inspiradas pela f\u00e9<\/td><\/tr><\/tbody><\/table><\/figure>\n\n\n\n<hr class=\"wp-block-separator has-alpha-channel-opacity\"\/>\n\n\n\n<h3 class=\"wp-block-heading\">Conclus\u00e3o: Somos chamados a ser como Ester e Maria<\/h3>\n\n\n\n<p>As hist\u00f3rias de Ester e Maria nos mostram que n\u00e3o somos chamados a viver uma f\u00e9 passiva. Cada um de n\u00f3s \u2013 m\u00e3e, pai, jovem, sacerdote, consagrado, leigo \u2013 \u00e9 chamado a ser <strong>intercessor<\/strong> diante de Deus pelos outros. O mundo precisa de homens e mulheres que, como Ester, tenham a coragem de se levantar, e como Maria, a f\u00e9 para confiar.<\/p>\n\n\n\n<p>Lembremo-nos: Maria continua sua intercess\u00e3o por n\u00f3s. Como diz o Conc\u00edlio Vaticano II:<\/p>\n\n\n\n<blockquote class=\"wp-block-quote is-layout-flow wp-block-quote-is-layout-flow\">\n<p>\u00abA bem-aventurada Virgem\u2026 continua a alcan\u00e7ar-nos com sua m\u00faltipla intercess\u00e3o os dons da salva\u00e7\u00e3o eterna\u00bb<br>(<em>Lumen Gentium<\/em>, 62)<\/p>\n<\/blockquote>\n\n\n\n<p>Aprendamos com elas. Vivamos como elas. E oremos com a confian\u00e7a de que mesmo nossa menor s\u00faplica ressoa no cora\u00e7\u00e3o de Deus.<\/p>\n\n\n\n<hr class=\"wp-block-separator has-alpha-channel-opacity\"\/>\n\n\n\n<h3 class=\"wp-block-heading\">Ora\u00e7\u00e3o final<\/h3>\n\n\n\n<p><em>M\u00e3e do Redentor, Rainha do C\u00e9u, tu que em Can\u00e1 percebeste a necessidade e confiaste na Palavra de teu Filho, ensina-nos a interceder com f\u00e9. D\u00e1-nos, como Ester, a coragem de nos apresentarmos diante do Rei. Como tu, ensina-nos a dizer: \u201cFa\u00e7a-se em mim segundo a tua palavra\u201d. Que a nossa vida seja uma ora\u00e7\u00e3o viva pela salva\u00e7\u00e3o do mundo. Am\u00e9m.<\/em><\/p>\n","protected":false},"excerpt":{"rendered":"<p>Um guia espiritual e teol\u00f3gico para o crist\u00e3o de hoje Introdu\u00e7\u00e3o: Intercessoras no cora\u00e7\u00e3o da hist\u00f3ria da salva\u00e7\u00e3o As Sagradas Escrituras revelam constantemente o papel da mulher como intercessora, sinal de ternura, coragem e sabedoria com as quais Deus age atrav\u00e9s de pessoas aparentemente fr\u00e1geis, mas profundamente crentes. Duas das figuras femininas mais poderosas no &hellip;<\/p>\n","protected":false},"author":3,"featured_media":4016,"comment_status":"open","ping_status":"open","sticky":false,"template":"","format":"standard","meta":{"_seopress_robots_primary_cat":"","_seopress_titles_title":"","_seopress_titles_desc":"","_seopress_robots_index":"","footnotes":""},"categories":[37,45],"tags":[1348],"class_list":["post-4015","post","type-post","status-publish","format-standard","has-post-thumbnail","","category-doutrina-e-fe","category-sagradas-escrituras","tag-rainha-ester"],"_links":{"self":[{"href":"https:\/\/catholicus.eu\/pt\/wp-json\/wp\/v2\/posts\/4015","targetHints":{"allow":["GET"]}}],"collection":[{"href":"https:\/\/catholicus.eu\/pt\/wp-json\/wp\/v2\/posts"}],"about":[{"href":"https:\/\/catholicus.eu\/pt\/wp-json\/wp\/v2\/types\/post"}],"author":[{"embeddable":true,"href":"https:\/\/catholicus.eu\/pt\/wp-json\/wp\/v2\/users\/3"}],"replies":[{"embeddable":true,"href":"https:\/\/catholicus.eu\/pt\/wp-json\/wp\/v2\/comments?post=4015"}],"version-history":[{"count":1,"href":"https:\/\/catholicus.eu\/pt\/wp-json\/wp\/v2\/posts\/4015\/revisions"}],"predecessor-version":[{"id":4017,"href":"https:\/\/catholicus.eu\/pt\/wp-json\/wp\/v2\/posts\/4015\/revisions\/4017"}],"wp:featuredmedia":[{"embeddable":true,"href":"https:\/\/catholicus.eu\/pt\/wp-json\/wp\/v2\/media\/4016"}],"wp:attachment":[{"href":"https:\/\/catholicus.eu\/pt\/wp-json\/wp\/v2\/media?parent=4015"}],"wp:term":[{"taxonomy":"category","embeddable":true,"href":"https:\/\/catholicus.eu\/pt\/wp-json\/wp\/v2\/categories?post=4015"},{"taxonomy":"post_tag","embeddable":true,"href":"https:\/\/catholicus.eu\/pt\/wp-json\/wp\/v2\/tags?post=4015"}],"curies":[{"name":"wp","href":"https:\/\/api.w.org\/{rel}","templated":true}]}}