{"id":4000,"date":"2025-05-24T15:34:44","date_gmt":"2025-05-24T13:34:44","guid":{"rendered":"https:\/\/catholicus.eu\/pt\/?p=4000"},"modified":"2025-05-24T15:34:44","modified_gmt":"2025-05-24T13:34:44","slug":"o-mana-do-deserto-vs-a-eucaristia-o-que-este-paralelo-nos-revela","status":"publish","type":"post","link":"https:\/\/catholicus.eu\/pt\/o-mana-do-deserto-vs-a-eucaristia-o-que-este-paralelo-nos-revela\/","title":{"rendered":"O Man\u00e1 do Deserto vs. a Eucaristia: O Que Este Paralelo nos Revela?"},"content":{"rendered":"\n<p><em>Um guia teol\u00f3gico e pastoral para redescobrir o alimento da alma<\/em><\/p>\n\n\n\n<hr class=\"wp-block-separator has-alpha-channel-opacity\"\/>\n\n\n\n<h3 class=\"wp-block-heading\">Introdu\u00e7\u00e3o: O p\u00e3o do c\u00e9u, ontem e hoje<\/h3>\n\n\n\n<p>\u00abEu sou o p\u00e3o vivo que desceu do c\u00e9u. Quem comer deste p\u00e3o viver\u00e1 eternamente.\u00bb (Jo\u00e3o 6,51)<\/p>\n\n\n\n<p>Estas palavras de Jesus ressoam com for\u00e7a particular no cora\u00e7\u00e3o do crente. Com elas, o Senhor n\u00e3o apenas Se apresenta como alimento, mas insere-Se na continuidade de uma hist\u00f3ria sagrada iniciada s\u00e9culos antes, no deserto, enquanto o povo de Israel caminhava rumo \u00e0 liberdade.<\/p>\n\n\n\n<p>Podemos compreender melhor a Eucaristia olhando para o man\u00e1 do Antigo Testamento? Que liga\u00e7\u00e3o existe entre aquele misterioso alimento celeste e o Corpo de Cristo que recebemos em cada Missa? O que esse paralelo nos diz sobre a nossa vida espiritual hoje?<\/p>\n\n\n\n<p>Este artigo convida voc\u00ea a percorrer a ponte teol\u00f3gica entre o man\u00e1 no deserto e a Eucaristia \u2014 n\u00e3o apenas para aprofundar o seu conhecimento, mas para renovar o seu amor pelo Sacramento do Altar.<\/p>\n\n\n\n<hr class=\"wp-block-separator has-alpha-channel-opacity\"\/>\n\n\n\n<h2 class=\"wp-block-heading\">I. O Man\u00e1: Hist\u00f3ria de um dom celeste<\/h2>\n\n\n\n<h3 class=\"wp-block-heading\">1. O contexto do deserto<\/h3>\n\n\n\n<p>O povo de Israel, libertado da escravid\u00e3o no Egito, atravessa o deserto: lugar de purifica\u00e7\u00e3o, prova, depend\u00eancia total de Deus. Ali, a fome f\u00edsica torna-se s\u00edmbolo de uma fome espiritual.<\/p>\n\n\n\n<p>E Deus responde com um milagre di\u00e1rio:<\/p>\n\n\n\n<blockquote class=\"wp-block-quote is-layout-flow wp-block-quote-is-layout-flow\">\n<p>\u00abEis que farei chover do c\u00e9u p\u00e3o para v\u00f3s.\u00bb (\u00caxodo 16,4)<\/p>\n<\/blockquote>\n\n\n\n<p>Todas as manh\u00e3s, uma subst\u00e2ncia misteriosa cobria o solo: branca, fina, doce como o mel. Era o man\u00e1. Um alimento desconhecido at\u00e9 ent\u00e3o, que alimentaria o povo durante quarenta anos.<\/p>\n\n\n\n<hr class=\"wp-block-separator has-alpha-channel-opacity\"\/>\n\n\n\n<h3 class=\"wp-block-heading\">2. As caracter\u00edsticas do man\u00e1<\/h3>\n\n\n\n<ul class=\"wp-block-list\">\n<li><strong>Dom gratuito<\/strong>: n\u00e3o era fruto do trabalho humano. Era pura gra\u00e7a.<\/li>\n\n\n\n<li><strong>Di\u00e1rio<\/strong>: n\u00e3o podia ser guardado; era necess\u00e1rio colh\u00ea-lo todos os dias. Ensinava confian\u00e7a e const\u00e2ncia.<\/li>\n\n\n\n<li><strong>Alimento para todos<\/strong>: era destinado a todo o povo; n\u00e3o apenas a alguns eleitos.<\/li>\n\n\n\n<li><strong>Corrupt\u00edvel, exceto para o s\u00e1bado<\/strong>: ensinava obedi\u00eancia ao ritmo de Deus e preparava para o repouso sab\u00e1tico.<\/li>\n<\/ul>\n\n\n\n<p>O man\u00e1 n\u00e3o nutria apenas o corpo \u2014 formava o cora\u00e7\u00e3o do povo. Era uma <strong>\u201cantecipa\u00e7\u00e3o\u201d<\/strong> de algo maior que viria.<\/p>\n\n\n\n<hr class=\"wp-block-separator has-alpha-channel-opacity\"\/>\n\n\n\n<h2 class=\"wp-block-heading\">II. A Eucaristia: O verdadeiro p\u00e3o descido do c\u00e9u<\/h2>\n\n\n\n<h3 class=\"wp-block-heading\">1. O cumprimento em Cristo<\/h3>\n\n\n\n<p>Quando Jesus multiplica os p\u00e3es (Jo\u00e3o 6), a multid\u00e3o o aclama e o segue. Mas Ele lhes diz: \u00abN\u00e3o foi Mois\u00e9s quem vos deu o p\u00e3o do c\u00e9u, mas \u00e9 meu Pai quem vos d\u00e1 o verdadeiro p\u00e3o do c\u00e9u.\u00bb (Jo\u00e3o 6,32)<\/p>\n\n\n\n<p>Come\u00e7a assim uma revela\u00e7\u00e3o profunda: <strong>o man\u00e1 era uma figura, um sinal prof\u00e9tico de Cristo mesmo.<\/strong><\/p>\n\n\n\n<blockquote class=\"wp-block-quote is-layout-flow wp-block-quote-is-layout-flow\">\n<p>\u00abEu sou o p\u00e3o da vida. Vossos pais comeram o man\u00e1 no deserto e morreram. Este \u00e9 o p\u00e3o que desce do c\u00e9u, para que quem dele comer, n\u00e3o morra.\u00bb (Jo\u00e3o 6,48-50)<\/p>\n<\/blockquote>\n\n\n\n<p>Cristo n\u00e3o d\u00e1 apenas um alimento espiritual. <strong>Ele \u00e9 o pr\u00f3prio alimento.<\/strong> Na Eucaristia, n\u00e3o recebemos um s\u00edmbolo \u2013 recebemos uma Pessoa viva, real, glorificada: Jesus, Filho de Deus.<\/p>\n\n\n\n<hr class=\"wp-block-separator has-alpha-channel-opacity\"\/>\n\n\n\n<h3 class=\"wp-block-heading\">2. Diferen\u00e7as e continuidade com o man\u00e1<\/h3>\n\n\n\n<figure class=\"wp-block-table\"><table class=\"has-fixed-layout\"><thead><tr><th>Caracter\u00edstica<\/th><th>Man\u00e1<\/th><th>Eucaristia<\/th><\/tr><\/thead><tbody><tr><td>Origem<\/td><td>Do c\u00e9u (milagrosa)<\/td><td>Do c\u00e9u (mediada pela Igreja)<\/td><\/tr><tr><td>Natureza<\/td><td>Subst\u00e2ncia misteriosa<\/td><td>Corpo, Sangue, Alma e Divindade de Cristo<\/td><\/tr><tr><td>Dura\u00e7\u00e3o<\/td><td>Tempor\u00e1ria (40 anos)<\/td><td>Eterna, para toda a Igreja<\/td><\/tr><tr><td>Finalidade<\/td><td>Alimento f\u00edsico<\/td><td>Dom da vida eterna<\/td><\/tr><tr><td>Acessibilidade<\/td><td>Para o povo de Israel<\/td><td>Para todos os batizados<\/td><\/tr><tr><td>Corruptibilidade<\/td><td>Sim, exceto para o s\u00e1bado<\/td><td>N\u00e3o, permanece no sacr\u00e1rio<\/td><\/tr><\/tbody><\/table><\/figure>\n\n\n\n<h2 class=\"wp-block-heading\">III. Ensinamentos teol\u00f3gicos do paralelo<\/h2>\n\n\n\n<h3 class=\"wp-block-heading\">1. <strong>Cristo, cumprimento das promessas<\/strong><\/h3>\n\n\n\n<p>O man\u00e1 n\u00e3o era um fim em si; era uma prepara\u00e7\u00e3o. Assim como o man\u00e1 anunciava o verdadeiro p\u00e3o, <strong>todo o Antigo Testamento converge para Cristo.<\/strong> Nele se cumpre o desejo de comunh\u00e3o perfeita entre Deus e o Seu povo.<\/p>\n\n\n\n<h3 class=\"wp-block-heading\">2. <strong>A pedagogia divina<\/strong><\/h3>\n\n\n\n<p>Deus n\u00e3o age de repente; Ele educa com paci\u00eancia. O man\u00e1 era um \u201ccatecismo vivo\u201d, que ensinava a Israel confian\u00e7a, obedi\u00eancia, partilha, louvor. Hoje, <strong>a Eucaristia continua essa educa\u00e7\u00e3o a n\u00edvel sacramental.<\/strong><\/p>\n\n\n\n<h3 class=\"wp-block-heading\">3. <strong>Do alimento material ao espiritual<\/strong><\/h3>\n\n\n\n<p>A passagem do man\u00e1 para a Eucaristia mostra uma evolu\u00e7\u00e3o: <strong>Deus n\u00e3o quer apenas saciar a nossa fome f\u00edsica, mas a da alma.<\/strong> N\u00e3o basta viver; \u00e9 preciso <strong>viver em Deus.<\/strong><\/p>\n\n\n\n<hr class=\"wp-block-separator has-alpha-channel-opacity\"\/>\n\n\n\n<h2 class=\"wp-block-heading\">IV. Aplica\u00e7\u00f5es pr\u00e1ticas para hoje<\/h2>\n\n\n\n<h3 class=\"wp-block-heading\">1. <strong>Viver com fome de Deus<\/strong><\/h3>\n\n\n\n<p>Voc\u00ea sente fome de sentido, de amor, de verdade? Isso \u00e9 bom. N\u00e3o reprima essa fome, nem a preencha com migalhas do mundo. <strong>Dirija-a \u00e0 Eucaristia<\/strong>, o \u00fanico p\u00e3o que sacia a alma.<\/p>\n\n\n\n<blockquote class=\"wp-block-quote is-layout-flow wp-block-quote-is-layout-flow\">\n<p><em>\u00abBem-aventurados os que t\u00eam fome e sede de justi\u00e7a, porque ser\u00e3o saciados.\u00bb<\/em> (Mateus 5,6)<\/p>\n<\/blockquote>\n\n\n\n<p><strong>Pergunta pastoral<\/strong>: Como voc\u00ea expressa sua fome espiritual no cotidiano? Participa da Missa com frequ\u00eancia?<\/p>\n\n\n\n<hr class=\"wp-block-separator has-alpha-channel-opacity\"\/>\n\n\n\n<h3 class=\"wp-block-heading\">2. <strong>Habituar-se ao alimento di\u00e1rio<\/strong><\/h3>\n\n\n\n<p>O man\u00e1 devia ser colhido todas as manh\u00e3s. Hoje, muitos crist\u00e3os negligenciam o alimento eucar\u00edstico. Se poss\u00edvel, participe da Missa todos os dias. Se n\u00e3o puder, fa\u00e7a uma comunh\u00e3o espiritual intensa. <strong>Fa\u00e7a do P\u00e3o da Vida seu alimento habitual, e n\u00e3o um doce ocasional.<\/strong><\/p>\n\n\n\n<p><strong>Propostas pr\u00e1ticas<\/strong>:<\/p>\n\n\n\n<ul class=\"wp-block-list\">\n<li>Dedique 10 minutos di\u00e1rios \u00e0 adora\u00e7\u00e3o ou ao Evangelho do dia.<\/li>\n\n\n\n<li>Fa\u00e7a uma comunh\u00e3o espiritual ao acordar.<\/li>\n<\/ul>\n\n\n\n<hr class=\"wp-block-separator has-alpha-channel-opacity\"\/>\n\n\n\n<h3 class=\"wp-block-heading\">3. <strong>Viver na confian\u00e7a da Provid\u00eancia<\/strong><\/h3>\n\n\n\n<p>O man\u00e1 ensinava a viver um dia de cada vez, sem acumular. Tamb\u00e9m a Eucaristia nos convida a <strong>viver com confian\u00e7a, sem medo do amanh\u00e3.<\/strong> Jesus est\u00e1 com voc\u00ea hoje. Por que temer?<\/p>\n\n\n\n<p><strong>Ora\u00e7\u00e3o sugerida<\/strong>: \u00abSenhor, d\u00e1-me hoje o meu p\u00e3o de cada dia. Ensina-me a depender mais de Ti do que das minhas for\u00e7as.\u00bb<\/p>\n\n\n\n<hr class=\"wp-block-separator has-alpha-channel-opacity\"\/>\n\n\n\n<h3 class=\"wp-block-heading\">4. <strong>Alimentar-se para caminhar<\/strong><\/h3>\n\n\n\n<p>O man\u00e1 era o alimento da caminhada para a Terra Prometida. A Eucaristia \u00e9 <strong>o alimento da caminhada rumo ao C\u00e9u.<\/strong> Cada comunh\u00e3o fortalece seus passos \u2013 especialmente nos momentos de prova\u00e7\u00e3o.<\/p>\n\n\n\n<p><strong>Ponto de reflex\u00e3o<\/strong>: Quando estiver cansado, n\u00e3o busque ref\u00fagio em distra\u00e7\u00f5es vazias. <strong>Corra ao altar. L\u00e1 voc\u00ea encontrar\u00e1 for\u00e7a, luz e paz.<\/strong><\/p>\n\n\n\n<hr class=\"wp-block-separator has-alpha-channel-opacity\"\/>\n\n\n\n<h2 class=\"wp-block-heading\">V. Guia teol\u00f3gico-pastoral para uma vida eucar\u00edstica<\/h2>\n\n\n\n<p><strong>1.<\/strong> <strong>Antes da comunh\u00e3o<\/strong>:<\/p>\n\n\n\n<ul class=\"wp-block-list\">\n<li>Fa\u00e7a um bom exame de consci\u00eancia.<\/li>\n\n\n\n<li>Confesse-se se estiver em pecado grave.<\/li>\n\n\n\n<li>Ofere\u00e7a a comunh\u00e3o por uma inten\u00e7\u00e3o concreta.<\/li>\n<\/ul>\n\n\n\n<p><strong>2.<\/strong> <strong>Durante a comunh\u00e3o<\/strong>:<\/p>\n\n\n\n<ul class=\"wp-block-list\">\n<li>Receba com humildade e recolhimento.<\/li>\n\n\n\n<li>Creia de todo o cora\u00e7\u00e3o que est\u00e1 recebendo o pr\u00f3prio Cristo.<\/li>\n\n\n\n<li>Ame o Senhor com palavras simples: \u00abObrigado, Jesus. Fica comigo.\u00bb<\/li>\n<\/ul>\n\n\n\n<p><strong>3.<\/strong> <strong>Ap\u00f3s a comunh\u00e3o<\/strong>:<\/p>\n\n\n\n<ul class=\"wp-block-list\">\n<li>Permane\u00e7a em sil\u00eancio, em adora\u00e7\u00e3o.<\/li>\n\n\n\n<li>Pe\u00e7a para se tornar outro Cristo para o mundo.<\/li>\n\n\n\n<li>Leve a paz da Eucaristia para sua vida di\u00e1ria \u2013 em casa, no trabalho, entre as pessoas.<\/li>\n<\/ul>\n\n\n\n<p><strong>4.<\/strong> <strong>Fora da Missa<\/strong>:<\/p>\n\n\n\n<ul class=\"wp-block-list\">\n<li>Visite o Sant\u00edssimo Sacramento.<\/li>\n\n\n\n<li>Ofere\u00e7a seu dia como prolongamento da Missa.<\/li>\n\n\n\n<li>Seja uma \u201cEucaristia viva\u201d: dom, perd\u00e3o, servi\u00e7o, presen\u00e7a de Cristo.<\/li>\n<\/ul>\n\n\n\n<hr class=\"wp-block-separator has-alpha-channel-opacity\"\/>\n\n\n\n<h2 class=\"wp-block-heading\">Conclus\u00e3o: Um novo man\u00e1 para um mundo faminto<\/h2>\n\n\n\n<p>O mundo tem fome. Mas n\u00e3o sabe disso. Procura no dinheiro, no prazer, no poder\u2026 e continua insatisfeito. Voc\u00ea e eu, como crist\u00e3os, sabemos onde est\u00e1 o verdadeiro p\u00e3o. Provamos o Corpo do Senhor. E por isso temos <strong>a miss\u00e3o de ser testemunhas do P\u00e3o da Vida.<\/strong><\/p>\n\n\n\n<p>Hoje, como ontem, Deus faz chover o man\u00e1 do c\u00e9u. Mas n\u00e3o mais sob a forma de orvalho branco, e sim como H\u00f3stia consagrada. E Ele nos diz:<\/p>\n\n\n\n<blockquote class=\"wp-block-quote is-layout-flow wp-block-quote-is-layout-flow\">\n<p>\u00abQuem come a minha carne e bebe o meu sangue tem a vida eterna, e eu o ressuscitarei no \u00faltimo dia.\u00bb (Jo\u00e3o 6,54)<\/p>\n<\/blockquote>\n\n\n\n<p>O man\u00e1 no deserto era uma sombra. A Eucaristia \u00e9 realidade eterna.<\/p>\n\n\n\n<p>Voc\u00ea, v\u00ea-a assim?<\/p>\n\n\n\n<hr class=\"wp-block-separator has-alpha-channel-opacity\"\/>\n\n\n\n<p><strong>Volte ao altar, redescubra o P\u00e3o da Vida e alimente-se como filho de Deus!<\/strong><br><strong>O deserto deste mundo n\u00e3o ser\u00e1 seu fim. Cristo na Eucaristia \u00e9 sua P\u00e1scoa eterna.<\/strong><\/p>\n","protected":false},"excerpt":{"rendered":"<p>Um guia teol\u00f3gico e pastoral para redescobrir o alimento da alma Introdu\u00e7\u00e3o: O p\u00e3o do c\u00e9u, ontem e hoje \u00abEu sou o p\u00e3o vivo que desceu do c\u00e9u. Quem comer deste p\u00e3o viver\u00e1 eternamente.\u00bb (Jo\u00e3o 6,51) Estas palavras de Jesus ressoam com for\u00e7a particular no cora\u00e7\u00e3o do crente. Com elas, o Senhor n\u00e3o apenas Se &hellip;<\/p>\n","protected":false},"author":3,"featured_media":4001,"comment_status":"open","ping_status":"open","sticky":false,"template":"","format":"standard","meta":{"_seopress_robots_primary_cat":"","_seopress_titles_title":"","_seopress_titles_desc":"","_seopress_robots_index":"","footnotes":""},"categories":[37,45],"tags":[97,1343],"class_list":["post-4000","post","type-post","status-publish","format-standard","has-post-thumbnail","","category-doutrina-e-fe","category-sagradas-escrituras","tag-eucaristia","tag-mana"],"_links":{"self":[{"href":"https:\/\/catholicus.eu\/pt\/wp-json\/wp\/v2\/posts\/4000","targetHints":{"allow":["GET"]}}],"collection":[{"href":"https:\/\/catholicus.eu\/pt\/wp-json\/wp\/v2\/posts"}],"about":[{"href":"https:\/\/catholicus.eu\/pt\/wp-json\/wp\/v2\/types\/post"}],"author":[{"embeddable":true,"href":"https:\/\/catholicus.eu\/pt\/wp-json\/wp\/v2\/users\/3"}],"replies":[{"embeddable":true,"href":"https:\/\/catholicus.eu\/pt\/wp-json\/wp\/v2\/comments?post=4000"}],"version-history":[{"count":1,"href":"https:\/\/catholicus.eu\/pt\/wp-json\/wp\/v2\/posts\/4000\/revisions"}],"predecessor-version":[{"id":4002,"href":"https:\/\/catholicus.eu\/pt\/wp-json\/wp\/v2\/posts\/4000\/revisions\/4002"}],"wp:featuredmedia":[{"embeddable":true,"href":"https:\/\/catholicus.eu\/pt\/wp-json\/wp\/v2\/media\/4001"}],"wp:attachment":[{"href":"https:\/\/catholicus.eu\/pt\/wp-json\/wp\/v2\/media?parent=4000"}],"wp:term":[{"taxonomy":"category","embeddable":true,"href":"https:\/\/catholicus.eu\/pt\/wp-json\/wp\/v2\/categories?post=4000"},{"taxonomy":"post_tag","embeddable":true,"href":"https:\/\/catholicus.eu\/pt\/wp-json\/wp\/v2\/tags?post=4000"}],"curies":[{"name":"wp","href":"https:\/\/api.w.org\/{rel}","templated":true}]}}