{"id":3991,"date":"2025-05-24T14:34:02","date_gmt":"2025-05-24T12:34:02","guid":{"rendered":"https:\/\/catholicus.eu\/pt\/?p=3991"},"modified":"2025-05-24T14:34:03","modified_gmt":"2025-05-24T12:34:03","slug":"o-cordeiro-de-deus-como-o-sacrificio-de-isaac-prefigurava-a-cruz-de-cristo","status":"publish","type":"post","link":"https:\/\/catholicus.eu\/pt\/o-cordeiro-de-deus-como-o-sacrificio-de-isaac-prefigurava-a-cruz-de-cristo\/","title":{"rendered":"O Cordeiro de Deus: Como o Sacrif\u00edcio de Isaac Prefigurava a Cruz de Cristo?"},"content":{"rendered":"\n<h2 class=\"wp-block-heading\"><strong>Introdu\u00e7\u00e3o: Um Mist\u00e9rio de F\u00e9 e Reden\u00e7\u00e3o<\/strong><\/h2>\n\n\n\n<p>No cora\u00e7\u00e3o da hist\u00f3ria da salva\u00e7\u00e3o existe um fio dourado que liga o Antigo e o Novo Testamento:&nbsp;<strong>a figura do Cordeiro de Deus<\/strong>. Um dos momentos mais comoventes e profundamente simb\u00f3licos da B\u00edblia \u00e9 o sacrif\u00edcio de Isaac, narrado em&nbsp;<strong>G\u00eanesis 22<\/strong>. Este relato n\u00e3o \u00e9 apenas um teste para a f\u00e9 de Abra\u00e3o, mas tamb\u00e9m&nbsp;<strong>uma profecia velada<\/strong>&nbsp;do sacrif\u00edcio definitivo de Cristo na Cruz.<\/p>\n\n\n\n<p>Neste artigo exploraremos:<\/p>\n\n\n\n<ol start=\"1\" class=\"wp-block-list\">\n<li><strong>O relato b\u00edblico do sacrif\u00edcio de Isaac<\/strong>\u00a0e seu contexto hist\u00f3rico<\/li>\n\n\n\n<li><strong>As conex\u00f5es teol\u00f3gicas<\/strong>\u00a0entre Isaac e Cristo<\/li>\n\n\n\n<li><strong>O significado do Cordeiro de Deus<\/strong>\u00a0na liturgia e espiritualidade cat\u00f3lica<\/li>\n\n\n\n<li><strong>Um guia pr\u00e1tico<\/strong>\u00a0para viver esta verdade no dia a dia<\/li>\n<\/ol>\n\n\n\n<hr class=\"wp-block-separator has-alpha-channel-opacity\"\/>\n\n\n\n<h2 class=\"wp-block-heading\"><strong>I. O Sacrif\u00edcio de Isaac: F\u00e9, Obedi\u00eancia e Provid\u00eancia<\/strong><\/h2>\n\n\n\n<h3 class=\"wp-block-heading\"><strong>A. O Relato B\u00edblico (G\u00eanesis 22:1-19)<\/strong><\/h3>\n\n\n\n<p>Deus prova Abra\u00e3o pedindo-lhe o impens\u00e1vel:<\/p>\n\n\n\n<blockquote class=\"wp-block-quote is-layout-flow wp-block-quote-is-layout-flow\">\n<p><em>&#8220;Toma teu filho, teu \u00fanico filho Isaac, a quem amas, vai \u00e0 terra de Mori\u00e1 e oferece-o ali em holocausto sobre um dos montes que eu te indicar&#8221;<\/em>&nbsp;(G\u00eanesis 22:2)<\/p>\n<\/blockquote>\n\n\n\n<p>Abra\u00e3o, com o cora\u00e7\u00e3o partido mas cheio de f\u00e9, obedece. Sobe o monte com Isaac, que carrega a lenha para o sacrif\u00edcio. Ao chegarem, Isaac pergunta:<\/p>\n\n\n\n<blockquote class=\"wp-block-quote is-layout-flow wp-block-quote-is-layout-flow\">\n<p><em>&#8220;Meu pai! [&#8230;] Aqui est\u00e1 o fogo e a lenha, mas onde est\u00e1 o cordeiro para o holocausto?&#8221;<\/em>&nbsp;(G\u00eanesis 22:7)<\/p>\n<\/blockquote>\n\n\n\n<p>A resposta de Abra\u00e3o \u00e9 prof\u00e9tica:<\/p>\n\n\n\n<blockquote class=\"wp-block-quote is-layout-flow wp-block-quote-is-layout-flow\">\n<p><em>&#8220;Deus prover\u00e1 para si o cordeiro para o holocausto, meu filho&#8221;<\/em>&nbsp;(G\u00eanesis 22:8)<\/p>\n<\/blockquote>\n\n\n\n<p>No \u00faltimo momento, um anjo det\u00e9m Abra\u00e3o e no lugar de Isaac \u00e9 sacrificado um&nbsp;<strong>carneiro<\/strong>&nbsp;preso num arbusto.<\/p>\n\n\n\n<h3 class=\"wp-block-heading\"><strong>B. Chaves Teol\u00f3gicas do Relato<\/strong><\/h3>\n\n\n\n<ol start=\"1\" class=\"wp-block-list\">\n<li><strong>A obedi\u00eancia de Abra\u00e3o<\/strong>\u00a0prefigura a obedi\u00eancia de Cristo ao Pai<\/li>\n\n\n\n<li><strong>Isaac carrega a lenha<\/strong>\u00a0como Cristo carrega a Cruz<\/li>\n\n\n\n<li><strong>O monte Mori\u00e1<\/strong>\u00a0(onde depois foi constru\u00eddo o Templo de Jerusal\u00e9m) \u00e9 o mesmo local geogr\u00e1fico do Calv\u00e1rio<\/li>\n\n\n\n<li><strong>Deus providencia o sacrif\u00edcio<\/strong>: primeiro um carneiro, depois seu pr\u00f3prio Filho<\/li>\n<\/ol>\n\n\n\n<hr class=\"wp-block-separator has-alpha-channel-opacity\"\/>\n\n\n\n<h2 class=\"wp-block-heading\"><strong>II. Isaac como Figura de Cristo: O Verdadeiro Cordeiro de Deus<\/strong><\/h2>\n\n\n\n<p>O Novo Testamento revela que&nbsp;<strong>Jesus \u00e9 o cumprimento desta profecia<\/strong>. Jo\u00e3o Batista o proclama:<\/p>\n\n\n\n<blockquote class=\"wp-block-quote is-layout-flow wp-block-quote-is-layout-flow\">\n<p><em>&#8220;Eis o Cordeiro de Deus, que tira o pecado do mundo!&#8221;<\/em>&nbsp;(Jo\u00e3o 1:29)<\/p>\n<\/blockquote>\n\n\n\n<h3 class=\"wp-block-heading\"><strong>A. Paralelos entre Isaac e Jesus<\/strong><\/h3>\n\n\n\n<figure class=\"wp-block-table\"><table class=\"has-fixed-layout\"><thead><tr><th><strong>Isaac<\/strong><\/th><th><strong>Jesus<\/strong><\/th><\/tr><\/thead><tbody><tr><td>Filho \u00fanico e amado de Abra\u00e3o (Gn 22:2)<\/td><td>Filho \u00fanico e amado do Pai (Mateus 3:17)<\/td><\/tr><tr><td>Carrega a lenha do sacrif\u00edcio (Gn 22:6)<\/td><td>Carrega a Cruz (Jo\u00e3o 19:17)<\/td><\/tr><tr><td>Obedece ao pai sem resist\u00eancia<\/td><td>&#8220;N\u00e3o seja como eu quero, mas como tu queres&#8221; (Lucas 22:42)<\/td><\/tr><tr><td>O sacrif\u00edcio \u00e9 interrompido<\/td><td>Cristo \u00e9 realmente imolado<\/td><\/tr><tr><td>Um carneiro morre em seu lugar<\/td><td>Cristo morre em nosso lugar<\/td><\/tr><\/tbody><\/table><\/figure>\n\n\n\n<h3 class=\"wp-block-heading\"><strong>B. O Cordeiro Pascal e a Eucaristia<\/strong><\/h3>\n\n\n\n<p>Na \u00daltima Ceia, Jesus institui a Eucaristia durante a&nbsp;<strong>P\u00e1scoa judaica<\/strong>, quando se sacrificava um cordeiro. Oferece-se como o&nbsp;<strong>verdadeiro Cordeiro<\/strong>, cujo sangue nos liberta do pecado.<\/p>\n\n\n\n<blockquote class=\"wp-block-quote is-layout-flow wp-block-quote-is-layout-flow\">\n<p><em>&#8220;Cristo, nossa P\u00e1scoa, foi imolado&#8221;<\/em>&nbsp;(1 Cor\u00edntios 5:7)<\/p>\n<\/blockquote>\n\n\n\n<hr class=\"wp-block-separator has-alpha-channel-opacity\"\/>\n\n\n\n<h2 class=\"wp-block-heading\"><strong>III. Aplica\u00e7\u00e3o Pr\u00e1tica: Viver como Filhos do Cordeiro<\/strong><\/h2>\n\n\n\n<h3 class=\"wp-block-heading\"><strong>Guia Espiritual para Hoje<\/strong><\/h3>\n\n\n\n<ol start=\"1\" class=\"wp-block-list\">\n<li><strong>F\u00e9 e Abandono \u00e0 Provid\u00eancia<\/strong>\n<ul class=\"wp-block-list\">\n<li>Como Abra\u00e3o, devemos confiar mesmo quando n\u00e3o compreendemos<\/li>\n\n\n\n<li><strong>Passo pr\u00e1tico<\/strong>: Nos momentos de prova, repetir:\u00a0<em>&#8220;Deus prover\u00e1&#8221;<\/em><\/li>\n<\/ul>\n<\/li>\n\n\n\n<li><strong>Obedi\u00eancia Amorosa<\/strong>\n<ul class=\"wp-block-list\">\n<li>Isaac n\u00e3o se op\u00f5e; Jesus aceita a Cruz por amor<\/li>\n\n\n\n<li><strong>Passo pr\u00e1tico<\/strong>: Aceitar com paz os sacrif\u00edcios di\u00e1rios (fam\u00edlia, trabalho, doen\u00e7a)<\/li>\n<\/ul>\n<\/li>\n\n\n\n<li><strong>Adora\u00e7\u00e3o do Cordeiro Imolado<\/strong>\n<ul class=\"wp-block-list\">\n<li>Na Missa, renovamos o sacrif\u00edcio de Cristo<\/li>\n\n\n\n<li><strong>Passo pr\u00e1tico<\/strong>: Participar da Missa com devo\u00e7\u00e3o, contemplando Jesus como Cordeiro de Deus<\/li>\n<\/ul>\n<\/li>\n\n\n\n<li><strong>Ser Instrumentos de Miseric\u00f3rdia<\/strong>\n<ul class=\"wp-block-list\">\n<li>Se Cristo se doou por n\u00f3s, devemos amar at\u00e9 o extremo<\/li>\n\n\n\n<li><strong>Passo pr\u00e1tico<\/strong>: Praticar obras de caridade, perdoar, evangelizar<\/li>\n<\/ul>\n<\/li>\n<\/ol>\n\n\n\n<hr class=\"wp-block-separator has-alpha-channel-opacity\"\/>\n\n\n\n<h2 class=\"wp-block-heading\"><strong>Conclus\u00e3o: O Cordeiro que Venceu<\/strong><\/h2>\n\n\n\n<p>O sacrif\u00edcio de Isaac era uma sombra da realidade cumprida em Cristo.&nbsp;<strong>Jesus \u00e9 o Cordeiro definitivo<\/strong>, cujo sangue nos redime e cujo sacrif\u00edcio nos d\u00e1 a vida eterna.<\/p>\n\n\n\n<p>Hoje, quando ouvimos na Missa&nbsp;<em>&#8220;Eis o Cordeiro de Deus&#8230;&#8221;<\/em>, lembramos que&nbsp;<strong>Deus n\u00e3o poupou seu pr\u00f3prio Filho<\/strong>&nbsp;(Romanos 8:32) para nos salvar.<\/p>\n\n\n\n<p><strong>Como responderemos a tanto amor?<\/strong>&nbsp;Com f\u00e9, adora\u00e7\u00e3o e doa\u00e7\u00e3o generosa de n\u00f3s mesmos.<\/p>\n\n\n\n<blockquote class=\"wp-block-quote is-layout-flow wp-block-quote-is-layout-flow\">\n<p><em>&#8220;Digno \u00e9 o Cordeiro, que foi imolado, de receber o poder, a riqueza, a sabedoria, a for\u00e7a, a honra, a gl\u00f3ria e o louvor&#8221;<\/em>&nbsp;(Apocalipse 5:12)<\/p>\n<\/blockquote>\n\n\n\n<p><strong>Que nossa vida seja um eterno &#8220;Am\u00e9m&#8221; ao Cordeiro imolado.<\/strong><\/p>\n","protected":false},"excerpt":{"rendered":"<p>Introdu\u00e7\u00e3o: Um Mist\u00e9rio de F\u00e9 e Reden\u00e7\u00e3o No cora\u00e7\u00e3o da hist\u00f3ria da salva\u00e7\u00e3o existe um fio dourado que liga o Antigo e o Novo Testamento:&nbsp;a figura do Cordeiro de Deus. Um dos momentos mais comoventes e profundamente simb\u00f3licos da B\u00edblia \u00e9 o sacrif\u00edcio de Isaac, narrado em&nbsp;G\u00eanesis 22. Este relato n\u00e3o \u00e9 apenas um teste &hellip;<\/p>\n","protected":false},"author":3,"featured_media":3992,"comment_status":"open","ping_status":"open","sticky":false,"template":"","format":"standard","meta":{"_seopress_robots_primary_cat":"","_seopress_titles_title":"","_seopress_titles_desc":"","_seopress_robots_index":"","footnotes":""},"categories":[37,45],"tags":[1339,1340],"class_list":["post-3991","post","type-post","status-publish","format-standard","has-post-thumbnail","","category-doutrina-e-fe","category-sagradas-escrituras","tag-cordeiro-de-deus","tag-isaac"],"_links":{"self":[{"href":"https:\/\/catholicus.eu\/pt\/wp-json\/wp\/v2\/posts\/3991","targetHints":{"allow":["GET"]}}],"collection":[{"href":"https:\/\/catholicus.eu\/pt\/wp-json\/wp\/v2\/posts"}],"about":[{"href":"https:\/\/catholicus.eu\/pt\/wp-json\/wp\/v2\/types\/post"}],"author":[{"embeddable":true,"href":"https:\/\/catholicus.eu\/pt\/wp-json\/wp\/v2\/users\/3"}],"replies":[{"embeddable":true,"href":"https:\/\/catholicus.eu\/pt\/wp-json\/wp\/v2\/comments?post=3991"}],"version-history":[{"count":1,"href":"https:\/\/catholicus.eu\/pt\/wp-json\/wp\/v2\/posts\/3991\/revisions"}],"predecessor-version":[{"id":3993,"href":"https:\/\/catholicus.eu\/pt\/wp-json\/wp\/v2\/posts\/3991\/revisions\/3993"}],"wp:featuredmedia":[{"embeddable":true,"href":"https:\/\/catholicus.eu\/pt\/wp-json\/wp\/v2\/media\/3992"}],"wp:attachment":[{"href":"https:\/\/catholicus.eu\/pt\/wp-json\/wp\/v2\/media?parent=3991"}],"wp:term":[{"taxonomy":"category","embeddable":true,"href":"https:\/\/catholicus.eu\/pt\/wp-json\/wp\/v2\/categories?post=3991"},{"taxonomy":"post_tag","embeddable":true,"href":"https:\/\/catholicus.eu\/pt\/wp-json\/wp\/v2\/tags?post=3991"}],"curies":[{"name":"wp","href":"https:\/\/api.w.org\/{rel}","templated":true}]}}