{"id":3982,"date":"2025-05-23T23:23:05","date_gmt":"2025-05-23T21:23:05","guid":{"rendered":"https:\/\/catholicus.eu\/pt\/?p=3982"},"modified":"2025-05-23T23:23:06","modified_gmt":"2025-05-23T21:23:06","slug":"a-mortificacao-a-arte-crista-de-morrer-para-viver","status":"publish","type":"post","link":"https:\/\/catholicus.eu\/pt\/a-mortificacao-a-arte-crista-de-morrer-para-viver\/","title":{"rendered":"A Mortifica\u00e7\u00e3o: A arte crist\u00e3 de morrer para viver"},"content":{"rendered":"\n<h3 class=\"wp-block-heading\">Introdu\u00e7\u00e3o: Uma palavra que incomoda\u2026 e salva<\/h3>\n\n\n\n<p>Num mundo que foge da dor, do sacrif\u00edcio e da ren\u00fancia, a palavra &#8220;mortifica\u00e7\u00e3o&#8221; soa estranha, antiquada, at\u00e9 mesmo suspeita. No entanto, essa pr\u00e1tica milenar, profundamente enraizada na espiritualidade crist\u00e3, guarda um segredo esquecido: s\u00f3 se vive verdadeiramente aprendendo a morrer\u2026 para si mesmo.<\/p>\n\n\n\n<p>A mortifica\u00e7\u00e3o n\u00e3o \u00e9 uma pr\u00e1tica masoquista ou retr\u00f3grada, mas um caminho de liberdade, um rem\u00e9dio para a alma, um ato de amor que nos torna mais semelhantes ao Cristo crucificado. Neste artigo, redescobrimos o seu significado, o seu fundamento b\u00edblico-teol\u00f3gico, a sua evolu\u00e7\u00e3o hist\u00f3rica e, sobretudo, como viv\u00ea-la hoje \u2014 numa \u00e9poca que deseja tudo, imediatamente e sem esfor\u00e7o.<\/p>\n\n\n\n<hr class=\"wp-block-separator has-alpha-channel-opacity\"\/>\n\n\n\n<h3 class=\"wp-block-heading\">O que \u00e9 a mortifica\u00e7\u00e3o? Defini\u00e7\u00e3o e sentido crist\u00e3o<\/h3>\n\n\n\n<p>A palavra &#8220;mortifica\u00e7\u00e3o&#8221; vem do latim <em>mortificatio<\/em>, que significa \u201cdar a morte\u201d. No \u00e2mbito crist\u00e3o, indica uma pr\u00e1tica espiritual destinada a disciplinar as paix\u00f5es desordenadas, purificar a alma e tornar o fiel conforme ao Cristo crucificado.<\/p>\n\n\n\n<p>N\u00e3o se trata de odiar o corpo ou reprimir os sentimentos, mas de ordenar os desejos para que o amor de Deus reine plenamente em n\u00f3s. Como diz S\u00e3o Paulo:<\/p>\n\n\n\n<blockquote class=\"wp-block-quote is-layout-flow wp-block-quote-is-layout-flow\">\n<p>\u00abSe viverdes segundo a carne, morrereis. Mas, se pelo Esp\u00edrito fizerdes morrer as obras do corpo, vivereis\u00bb (Rm 8,13).<\/p>\n<\/blockquote>\n\n\n\n<p>Este vers\u00edculo resume toda a l\u00f3gica da mortifica\u00e7\u00e3o: \u00e9 o Esp\u00edrito quem a guia \u2014 e o seu fruto \u00e9 a verdadeira vida.<\/p>\n\n\n\n<hr class=\"wp-block-separator has-alpha-channel-opacity\"\/>\n\n\n\n<h3 class=\"wp-block-heading\">Fundamento b\u00edblico: morrer para ressuscitar<\/h3>\n\n\n\n<p>O pr\u00f3prio Cristo nos deu o exemplo mais perfeito de mortifica\u00e7\u00e3o: a sua paix\u00e3o e morte na cruz. Ele, sem pecado, escolheu livremente o sofrimento por amor ao Pai e para a salva\u00e7\u00e3o de todos.<\/p>\n\n\n\n<p>As Escrituras est\u00e3o repletas de apelos \u00e0 mortifica\u00e7\u00e3o:<\/p>\n\n\n\n<ul class=\"wp-block-list\">\n<li><strong>\u00abSe algu\u00e9m quiser vir ap\u00f3s mim, negue-se a si mesmo, tome a sua cruz cada dia e siga-me\u00bb<\/strong> (Lc 9,23).<\/li>\n\n\n\n<li><strong>\u00abJ\u00e1 estou crucificado com Cristo; e vivo, n\u00e3o mais eu, mas Cristo vive em mim\u00bb<\/strong> (Gl 2,20).<\/li>\n\n\n\n<li><strong>\u00abOs que s\u00e3o de Cristo Jesus crucificaram a carne com as suas paix\u00f5es e concupisc\u00eancias\u00bb<\/strong> (Gl 5,24).<\/li>\n<\/ul>\n\n\n\n<p>Estas n\u00e3o s\u00e3o apenas met\u00e1foras po\u00e9ticas. S\u00e3o chamados concretos a uma vida de convers\u00e3o, disciplina interior e amor radical.<\/p>\n\n\n\n<hr class=\"wp-block-separator has-alpha-channel-opacity\"\/>\n\n\n\n<h3 class=\"wp-block-heading\">A mortifica\u00e7\u00e3o na hist\u00f3ria da Igreja<\/h3>\n\n\n\n<p>Desde os primeiros s\u00e9culos, a mortifica\u00e7\u00e3o foi considerada uma necessidade espiritual. Os m\u00e1rtires ofereceram a pr\u00f3pria vida como suprema prova de f\u00e9. Os Padres do Deserto, como Santo Ant\u00e3o, viveram na ascese para buscar a Deus no sil\u00eancio e na solid\u00e3o.<\/p>\n\n\n\n<p>Na Idade M\u00e9dia, santos como Francisco de Assis ou Catarina de Siena levaram vidas austeras \u2014 n\u00e3o por \u00f3dio ao corpo, mas por amor ardente ao Cristo crucificado.<\/p>\n\n\n\n<p>O Conc\u00edlio de Trento reafirmou o valor da mortifica\u00e7\u00e3o como ajuda indispens\u00e1vel na luta contra o pecado, e os grandes m\u00edsticos como S\u00e3o Jo\u00e3o da Cruz a consideraram caminho de purifica\u00e7\u00e3o para a uni\u00e3o com Deus.<\/p>\n\n\n\n<hr class=\"wp-block-separator has-alpha-channel-opacity\"\/>\n\n\n\n<h3 class=\"wp-block-heading\">A teologia da mortifica\u00e7\u00e3o: uma pedagogia do amor<\/h3>\n\n\n\n<p>Por que a mortifica\u00e7\u00e3o \u00e9 necess\u00e1ria?<\/p>\n\n\n\n<ol class=\"wp-block-list\">\n<li><strong>Porque o pecado desordenou os nossos desejos.<\/strong><br>Nem tudo o que desejamos nos faz bem. A mortifica\u00e7\u00e3o ajuda a dominar a vontade para servir o bem e a Deus.<\/li>\n\n\n\n<li><strong>Porque nos une \u00e0 cruz de Cristo.<\/strong><br>S\u00e3o Paulo afirma: \u00abCompleto na minha carne o que falta \u00e0s tribula\u00e7\u00f5es de Cristo\u00bb (Cl 1,24). Na mortifica\u00e7\u00e3o, participamos da sua obra redentora.<\/li>\n\n\n\n<li><strong>Porque fortalece as virtudes.<\/strong><br>Paci\u00eancia, temperan\u00e7a, humildade\u2026 n\u00e3o crescem sem esfor\u00e7o. A mortifica\u00e7\u00e3o \u00e9 uma academia espiritual onde se formam os santos.<\/li>\n\n\n\n<li><strong>Porque purifica a alma.<\/strong><br>A dor oferecida por amor repara as penas temporais do pecado, liberta o cora\u00e7\u00e3o dos apegos e aumenta a gra\u00e7a.<\/li>\n<\/ol>\n\n\n\n<hr class=\"wp-block-separator has-alpha-channel-opacity\"\/>\n\n\n\n<h3 class=\"wp-block-heading\">A mortifica\u00e7\u00e3o hoje: \u00e9 poss\u00edvel no s\u00e9culo XXI?<\/h3>\n\n\n\n<p>A resposta \u00e9 sim \u2014 mais do que nunca. Vivemos numa cultura da imediatidade, do prazer f\u00e1cil, do &#8220;primeiro eu&#8221;. A mortifica\u00e7\u00e3o, ao contr\u00e1rio, ensina-nos a esperar, a renunciar, a amar sem condi\u00e7\u00f5es.<\/p>\n\n\n\n<p>N\u00e3o se trata de buscar a dor pela dor, mas <strong>de formar a alma, de amar verdadeiramente<\/strong>. \u00c9 uma forma de dizer a Deus: &#8220;Amo-te mais do que a mim mesmo&#8221;.<\/p>\n\n\n\n<hr class=\"wp-block-separator has-alpha-channel-opacity\"\/>\n\n\n\n<h3 class=\"wp-block-heading\">Guia pr\u00e1tica da mortifica\u00e7\u00e3o crist\u00e3<\/h3>\n\n\n\n<h4 class=\"wp-block-heading\">1. <strong>Mortifica\u00e7\u00e3o interior: a mais importante<\/strong><\/h4>\n\n\n\n<ul class=\"wp-block-list\">\n<li><strong>Conter o julgamento interior:<\/strong> sem cr\u00edticas internas, sem condena\u00e7\u00f5es.<\/li>\n\n\n\n<li><strong>Superar a impaci\u00eancia:<\/strong> acolher as contrariedades sem murmurar.<\/li>\n\n\n\n<li><strong>Mortificar o ego:<\/strong> ceder nas discuss\u00f5es, n\u00e3o querer estar sempre no centro.<\/li>\n\n\n\n<li><strong>Dominar pensamentos in\u00fateis ou negativos.<\/strong><\/li>\n<\/ul>\n\n\n\n<blockquote class=\"wp-block-quote is-layout-flow wp-block-quote-is-layout-flow\">\n<p><em>Conselho pastoral:<\/em> faz diariamente uma hora de \u201cjejum mental\u201d. Renuncia voluntariamente aos pensamentos negativos e oferece-os a Cristo.<\/p>\n<\/blockquote>\n\n\n\n<h4 class=\"wp-block-heading\">2. <strong>Mortifica\u00e7\u00e3o dos sentidos<\/strong><\/h4>\n\n\n\n<ul class=\"wp-block-list\">\n<li><strong>Vista:<\/strong> evita imagens que distraem ou afastam de Deus.<\/li>\n\n\n\n<li><strong>Audi\u00e7\u00e3o:<\/strong> n\u00e3o participes de conversas vazias ou maledicentes.<\/li>\n\n\n\n<li><strong>L\u00edngua:<\/strong> cala-te quando quiseres falar.<\/li>\n\n\n\n<li><strong>Paladar:<\/strong> renuncia aos lanches, escolhe alimentos simples.<\/li>\n\n\n\n<li><strong>Tato:<\/strong> evita conforto f\u00edsico excessivo.<\/li>\n<\/ul>\n\n\n\n<blockquote class=\"wp-block-quote is-layout-flow wp-block-quote-is-layout-flow\">\n<p><em>Exemplo:<\/em> renuncia uma vez por semana ao caf\u00e9 com a\u00e7\u00facar como oferta de amor \u2014 n\u00e3o por culpa, mas por amor.<\/p>\n<\/blockquote>\n\n\n\n<h4 class=\"wp-block-heading\">3. <strong>Mortifica\u00e7\u00e3o corporal<\/strong><\/h4>\n\n\n\n<ul class=\"wp-block-list\">\n<li><strong>Jejum:<\/strong> arma espiritual reconhecida pela Igreja. N\u00e3o apenas na Quaresma.<\/li>\n\n\n\n<li><strong>Ren\u00fancias volunt\u00e1rias:<\/strong> dormir sem almofada, usar \u00e1gua fria, evitar luxos.<\/li>\n\n\n\n<li><strong>Ora\u00e7\u00e3o em posi\u00e7\u00e3o exigente:<\/strong> rezar de joelhos, fazer rever\u00eancias com devo\u00e7\u00e3o.<\/li>\n<\/ul>\n\n\n\n<blockquote class=\"wp-block-quote is-layout-flow wp-block-quote-is-layout-flow\">\n<p><em>Aten\u00e7\u00e3o:<\/em> sempre com modera\u00e7\u00e3o. Nunca em preju\u00edzo da sa\u00fade. Fala com um confessor ou diretor espiritual.<\/p>\n<\/blockquote>\n\n\n\n<h4 class=\"wp-block-heading\">4. <strong>Mortifica\u00e7\u00e3o social<\/strong><\/h4>\n\n\n\n<ul class=\"wp-block-list\">\n<li><strong>Calar quando se quer ter raz\u00e3o.<\/strong><\/li>\n\n\n\n<li><strong>Aceitar uma corre\u00e7\u00e3o com humildade.<\/strong><\/li>\n\n\n\n<li><strong>N\u00e3o querer ter sempre a \u00faltima palavra.<\/strong><\/li>\n<\/ul>\n\n\n\n<blockquote class=\"wp-block-quote is-layout-flow wp-block-quote-is-layout-flow\">\n<p><em>Conselho pastoral:<\/em> pratica a arte de \u201cperder com amor\u201d \u2014 ganhar\u00e1s paz interior.<\/p>\n<\/blockquote>\n\n\n\n<hr class=\"wp-block-separator has-alpha-channel-opacity\"\/>\n\n\n\n<h3 class=\"wp-block-heading\">A mortifica\u00e7\u00e3o como express\u00e3o de caridade<\/h3>\n\n\n\n<p>Nunca te esque\u00e7as: toda mortifica\u00e7\u00e3o crist\u00e3 est\u00e1 ao servi\u00e7o do amor \u2014 a Deus e ao pr\u00f3ximo. Mortificar-se para ser mais paciente, mais dispon\u00edvel, mais generoso, mais livre. O verdadeiro sinal de uma boa mortifica\u00e7\u00e3o \u00e9 que ela nos torna mais am\u00e1veis.<\/p>\n\n\n\n<blockquote class=\"wp-block-quote is-layout-flow wp-block-quote-is-layout-flow\">\n<p>\u00abAinda que eu distribu\u00edsse todos os meus bens para sustento dos pobres e entregasse o meu corpo para ser queimado, mas n\u00e3o tivesse amor, nada disso me aproveitaria\u00bb (1 Cor 13,3).<\/p>\n<\/blockquote>\n\n\n\n<hr class=\"wp-block-separator has-alpha-channel-opacity\"\/>\n\n\n\n<h3 class=\"wp-block-heading\">Conclus\u00e3o: A alegria de morrer um pouco a cada dia<\/h3>\n\n\n\n<p>A mortifica\u00e7\u00e3o n\u00e3o \u00e9 penit\u00eancia amarga, mas rem\u00e9dio divino. N\u00e3o \u00e9 repress\u00e3o, mas liberta\u00e7\u00e3o. N\u00e3o \u00e9 morte, mas vida. \u00c9 o caminho oculto dos santos, a escola do amor aut\u00eantico, a arte crist\u00e3 de morrer para viver.<\/p>\n\n\n\n<p>Est\u00e1s pronto para come\u00e7ar? Podes faz\u00ea-lo hoje mesmo. N\u00e3o esperes um sinal extraordin\u00e1rio. Come\u00e7a pelas pequenas coisas \u2014 pelos gestos ocultos, na vida cotidiana. Onde ningu\u00e9m te v\u00ea, Deus te espera. E por cada pequena morte, Ele te dar\u00e1 um pouco mais da Sua Vida.<\/p>\n\n\n\n<hr class=\"wp-block-separator has-alpha-channel-opacity\"\/>\n\n\n\n<p>Queres mais artigos como este, guias pr\u00e1ticos ou acompanhamento espiritual? Escreve-me ou visita o meu site. Caminhemos juntos rumo \u00e0 santidade.<\/p>\n\n\n\n<p><strong>\u00abSe, de fato, fomos unidos a Ele pela semelhan\u00e7a da sua morte, tamb\u00e9m o seremos pela semelhan\u00e7a da sua ressurrei\u00e7\u00e3o\u00bb (Rm 6,5)<\/strong><\/p>\n","protected":false},"excerpt":{"rendered":"<p>Introdu\u00e7\u00e3o: Uma palavra que incomoda\u2026 e salva Num mundo que foge da dor, do sacrif\u00edcio e da ren\u00fancia, a palavra &#8220;mortifica\u00e7\u00e3o&#8221; soa estranha, antiquada, at\u00e9 mesmo suspeita. No entanto, essa pr\u00e1tica milenar, profundamente enraizada na espiritualidade crist\u00e3, guarda um segredo esquecido: s\u00f3 se vive verdadeiramente aprendendo a morrer\u2026 para si mesmo. A mortifica\u00e7\u00e3o n\u00e3o \u00e9 &hellip;<\/p>\n","protected":false},"author":3,"featured_media":3983,"comment_status":"open","ping_status":"open","sticky":false,"template":"","format":"standard","meta":{"_seopress_robots_primary_cat":"","_seopress_titles_title":"","_seopress_titles_desc":"","_seopress_robots_index":"","footnotes":""},"categories":[39,57],"tags":[1336],"class_list":["post-3982","post","type-post","status-publish","format-standard","has-post-thumbnail","","category-moral-e-vida-crista","category-virtudes-cristas","tag-mortificacao"],"_links":{"self":[{"href":"https:\/\/catholicus.eu\/pt\/wp-json\/wp\/v2\/posts\/3982","targetHints":{"allow":["GET"]}}],"collection":[{"href":"https:\/\/catholicus.eu\/pt\/wp-json\/wp\/v2\/posts"}],"about":[{"href":"https:\/\/catholicus.eu\/pt\/wp-json\/wp\/v2\/types\/post"}],"author":[{"embeddable":true,"href":"https:\/\/catholicus.eu\/pt\/wp-json\/wp\/v2\/users\/3"}],"replies":[{"embeddable":true,"href":"https:\/\/catholicus.eu\/pt\/wp-json\/wp\/v2\/comments?post=3982"}],"version-history":[{"count":1,"href":"https:\/\/catholicus.eu\/pt\/wp-json\/wp\/v2\/posts\/3982\/revisions"}],"predecessor-version":[{"id":3984,"href":"https:\/\/catholicus.eu\/pt\/wp-json\/wp\/v2\/posts\/3982\/revisions\/3984"}],"wp:featuredmedia":[{"embeddable":true,"href":"https:\/\/catholicus.eu\/pt\/wp-json\/wp\/v2\/media\/3983"}],"wp:attachment":[{"href":"https:\/\/catholicus.eu\/pt\/wp-json\/wp\/v2\/media?parent=3982"}],"wp:term":[{"taxonomy":"category","embeddable":true,"href":"https:\/\/catholicus.eu\/pt\/wp-json\/wp\/v2\/categories?post=3982"},{"taxonomy":"post_tag","embeddable":true,"href":"https:\/\/catholicus.eu\/pt\/wp-json\/wp\/v2\/tags?post=3982"}],"curies":[{"name":"wp","href":"https:\/\/api.w.org\/{rel}","templated":true}]}}