{"id":3979,"date":"2025-05-23T22:43:53","date_gmt":"2025-05-23T20:43:53","guid":{"rendered":"https:\/\/catholicus.eu\/pt\/?p=3979"},"modified":"2025-05-23T22:43:53","modified_gmt":"2025-05-23T20:43:53","slug":"retira-te-para-voltares-transfigurado-o-poder-transformador-dos-retiros-espirituais","status":"publish","type":"post","link":"https:\/\/catholicus.eu\/pt\/retira-te-para-voltares-transfigurado-o-poder-transformador-dos-retiros-espirituais\/","title":{"rendered":"Retira-te para voltares transfigurado: o poder transformador dos retiros espirituais"},"content":{"rendered":"\n<p><strong>INTRODU\u00c7\u00c3O: Uma pausa no caminho para reencontrar o C\u00e9u<\/strong><\/p>\n\n\n\n<p>Vivemos numa sociedade hiperativa. Corremos de um compromisso para outro, os nossos telem\u00f3veis vibram sem cessar, os pensamentos est\u00e3o sobrecarregados e as almas\u2026 sedentas. O mundo de hoje empurra-nos para a agita\u00e7\u00e3o, mas esquece o essencial. Neste contexto, os retiros espirituais n\u00e3o s\u00e3o um luxo para piedosos ou consagrados, mas uma necessidade vital para todo crist\u00e3o que queira voltar a ouvir aquela voz que d\u00e1 sentido \u00e0 vida.<\/p>\n\n\n\n<p>Um retiro espiritual n\u00e3o \u00e9 uma fuga, mas uma <strong>imers\u00e3o na realidade \u00faltima<\/strong>: Deus. \u00c9 como subir ao Monte Tabor para reencontrar a luz \u2014 como Jesus que \u201cretirava-se para lugares desertos para orar\u201d (cf. Lc 5,16).<\/p>\n\n\n\n<p>Neste artigo, descobrir\u00e1s o que s\u00e3o os retiros espirituais, a sua hist\u00f3ria, o fundamento teol\u00f3gico, como podem mudar a vida \u2014 e sobretudo \u2014 <strong>como tu mesmo podes viv\u00ea-los e deixar-te transformar por Deus<\/strong>.<\/p>\n\n\n\n<hr class=\"wp-block-separator has-alpha-channel-opacity\"\/>\n\n\n\n<h2 class=\"wp-block-heading\">1. O QUE S\u00c3O OS RETIROS ESPIRITUAIS?<\/h2>\n\n\n\n<p>Os retiros espirituais s\u00e3o um tempo <strong>de suspens\u00e3o do quotidiano<\/strong>, para reconectar-se com Deus, escutar a Sua Palavra, entrar no sil\u00eancio, examinar a consci\u00eancia e reorientar-se. Por defini\u00e7\u00e3o, \u00e9 uma experi\u00eancia de ora\u00e7\u00e3o, introspe\u00e7\u00e3o e renova\u00e7\u00e3o interior.<\/p>\n\n\n\n<p>Mas \u00e9 tamb\u00e9m muito mais: <strong>\u00e9 uma experi\u00eancia pascal<\/strong>. Como Cristo no deserto (Mt 4,1\u201311), a alma entra em combate, \u00e9 tentada, purificada e finalmente fortalecida. N\u00e3o se trata de um simples descanso, mas de um encontro com a Verdade.<\/p>\n\n\n\n<blockquote class=\"wp-block-quote is-layout-flow wp-block-quote-is-layout-flow\">\n<p>\u00abVinde \u00e0 parte, para um lugar deserto, e descansai um pouco\u00bb (Mc 6,31)<\/p>\n<\/blockquote>\n\n\n\n<p>Este convite de Jesus aos Ap\u00f3stolos continua v\u00e1lido hoje. Ele n\u00e3o nos chama apenas \u00e0 miss\u00e3o, mas tamb\u00e9m \u00e0 recolha interior. Sem contacto profundo com Deus, a f\u00e9 torna-se h\u00e1bito, o servi\u00e7o torna-se pesado, e a vida espiritual seca.<\/p>\n\n\n\n<hr class=\"wp-block-separator has-alpha-channel-opacity\"\/>\n\n\n\n<h2 class=\"wp-block-heading\">2. UMA BREVE HIST\u00d3RIA DOS RETIROS: DOS PADRES DO DESERTO A SANTO IN\u00c1CIO<\/h2>\n\n\n\n<p>Os retiros espirituais t\u00eam ra\u00edzes antiqu\u00edssimas. Na tradi\u00e7\u00e3o b\u00edblica, o retiro no deserto \u00e9 essencial: <strong>Mois\u00e9s<\/strong> sobe ao Sinai, <strong>Elias<\/strong> caminha 40 dias at\u00e9 o Horeb, e <strong>Jesus<\/strong> retira-se ao deserto antes da sua miss\u00e3o p\u00fablica.<\/p>\n\n\n\n<h3 class=\"wp-block-heading\">2.1. Os Padres do Deserto<\/h3>\n\n\n\n<p>Nos s\u00e9culos III e IV, os primeiros monges \u2014 como Santo Ant\u00e3o Abade e S\u00e3o Mac\u00e1rio \u2014 retiraram-se para o deserto eg\u00edpcio para viverem em pureza, sil\u00eancio e luta espiritual. Da\u00ed nasce a tradi\u00e7\u00e3o mon\u00e1stica, uma fonte riqu\u00edssima de sabedoria espiritual ainda atual.<\/p>\n\n\n\n<h3 class=\"wp-block-heading\">2.2. Santo In\u00e1cio de Loyola: os Exerc\u00edcios Espirituais<\/h3>\n\n\n\n<p>No s\u00e9culo XVI, Santo In\u00e1cio de Loyola sistematiza os retiros com o seu c\u00e9lebre texto dos <strong>Exerc\u00edcios Espirituais<\/strong> \u2014 uma escola de discernimento, convers\u00e3o e vida em Cristo. Milh\u00f5es de pessoas, religiosos e leigos, ainda hoje beneficiam deste caminho de profunda transforma\u00e7\u00e3o.<\/p>\n\n\n\n<hr class=\"wp-block-separator has-alpha-channel-opacity\"\/>\n\n\n\n<h2 class=\"wp-block-heading\">3. FUNDAMENTO TEOL\u00d3GICO DOS RETIROS: DEUS FALA NO SIL\u00caNCIO<\/h2>\n\n\n\n<p>Deus, normalmente, n\u00e3o fala no ru\u00eddo. A Escritura mostra que <strong>a revela\u00e7\u00e3o ocorre no sil\u00eancio<\/strong>, na escuta profunda do cora\u00e7\u00e3o. O profeta Elias experimenta isso no Horeb: Deus n\u00e3o estava no vento impetuoso, nem no terremoto, nem no fogo\u2026 mas <strong>num murm\u00fario suave e leve<\/strong> (1 Rs 19,11\u201313).<\/p>\n\n\n\n<p>O retiro espiritual \u00e9 a ocasi\u00e3o para escutar esse murm\u00fario. \u00c9 um ato profundamente teol\u00f3gico, pois expressa uma atitude <strong>mariana<\/strong>: disponibilidade, abertura, humildade.<\/p>\n\n\n\n<h3 class=\"wp-block-heading\">3.1. Teologia dos retiros: tr\u00eas dimens\u00f5es essenciais<\/h3>\n\n\n\n<ul class=\"wp-block-list\">\n<li><strong>Cristoc\u00eantrica<\/strong>: n\u00e3o \u00e9 uma t\u00e9cnica psicol\u00f3gica, mas um encontro com Cristo vivo. \u00c9 deixar-se olhar, amar e transformar por Ele.<\/li>\n\n\n\n<li><strong>Eclesial<\/strong>: os retiros s\u00e3o um dom da Igreja, vividos na Igreja, para o bem da Igreja.<\/li>\n\n\n\n<li><strong>Escatol\u00f3gica<\/strong>: lembram-nos que somos peregrinos. O nosso fim n\u00e3o \u00e9 a efici\u00eancia, mas o C\u00e9u. Os retiros recolocam ordem nas prioridades.<\/li>\n<\/ul>\n\n\n\n<blockquote class=\"wp-block-quote is-layout-flow wp-block-quote-is-layout-flow\">\n<p>\u00abConvertei-vos e crede no Evangelho\u00bb (Mc 1,15)<br>Cada tempo de retiro \u00e9 um novo apelo a voltar para Deus com todo o cora\u00e7\u00e3o.<\/p>\n<\/blockquote>\n\n\n\n<hr class=\"wp-block-separator has-alpha-channel-opacity\"\/>\n\n\n\n<h2 class=\"wp-block-heading\">4. APLICA\u00c7\u00c3O PR\u00c1TICA: COMO FAZER UM RETIRO ESPIRITUAL?<\/h2>\n\n\n\n<p>N\u00e3o \u00e9 preciso ser padre, nem ir para um eremit\u00e9rio em Fran\u00e7a. Mas s\u00e3o necess\u00e1rias tr\u00eas coisas: <strong>disponibilidade, sil\u00eancio e acompanhamento espiritual<\/strong>. Aqui tens um guia pr\u00e1tico completo segundo a perspectiva cat\u00f3lica tradicional:<\/p>\n\n\n\n<h3 class=\"wp-block-heading\">4.1. Tipos de retiro espiritual<\/h3>\n\n\n\n<ul class=\"wp-block-list\">\n<li><strong>Retiros completos (3\u20138 dias)<\/strong>: Ideais em casas de retiro ou mosteiros. Incluem ora\u00e7\u00e3o, acompanhamento espiritual, confiss\u00e3o e Missa di\u00e1ria.<\/li>\n\n\n\n<li><strong>Retiros de um dia<\/strong>: Muitas vezes organizados em par\u00f3quias ou comunidades. Excelentes para quem trabalha.<\/li>\n\n\n\n<li><strong>Retiro pessoal em casa<\/strong>: Se n\u00e3o podes sair, ainda assim podes criar um dia de sil\u00eancio, leitura e ora\u00e7\u00e3o na tua casa.<\/li>\n<\/ul>\n\n\n\n<h3 class=\"wp-block-heading\">4.2. O que se faz durante um retiro?<\/h3>\n\n\n\n<ul class=\"wp-block-list\">\n<li><strong>Confiss\u00e3o<\/strong>: come\u00e7a-se com o cora\u00e7\u00e3o purificado.<\/li>\n\n\n\n<li><strong>Sil\u00eancio exterior e interior<\/strong>: desligar o telefone, pacificar a alma.<\/li>\n\n\n\n<li><strong>Leitura espiritual<\/strong>: os Evangelhos, os Santos (Jo\u00e3o da Cruz, Teresa de \u00c1vila\u2026).<\/li>\n\n\n\n<li><strong>Medita\u00e7\u00e3o e contempla\u00e7\u00e3o<\/strong>: estar diante de Cristo e deixar-se iluminar.<\/li>\n\n\n\n<li><strong>Exame de vida<\/strong>: reler as pr\u00f3prias escolhas, feridas, fidelidades.<\/li>\n\n\n\n<li><strong>Plano espiritual<\/strong>: no fim, concretizar em compromissos: ora\u00e7\u00e3o, sacramentos, caridade\u2026<\/li>\n<\/ul>\n\n\n\n<h3 class=\"wp-block-heading\">4.3. Acompanhamento espiritual<\/h3>\n\n\n\n<p>Procura um guia (sacerdote, consagrado ou leigo formado) que te ajude a discernir o que Deus est\u00e1 a dizer ao cora\u00e7\u00e3o.<\/p>\n\n\n\n<hr class=\"wp-block-separator has-alpha-channel-opacity\"\/>\n\n\n\n<h2 class=\"wp-block-heading\">5. OS FRUTOS DOS RETIROS: O QUE DEUS PODE FAZER EM TI<\/h2>\n\n\n\n<p>Quem entra com f\u00e9 num retiro <strong>nunca volta como antes<\/strong>. Deus cura, liberta, orienta, acende o amor, d\u00e1 luz.<\/p>\n\n\n\n<h3 class=\"wp-block-heading\">Testemunhos t\u00edpicos ap\u00f3s um retiro:<\/h3>\n\n\n\n<ul class=\"wp-block-list\">\n<li>\u00abConfessei-me depois de anos\u00bb.<\/li>\n\n\n\n<li>\u00abDescobri a minha voca\u00e7\u00e3o\u00bb.<\/li>\n\n\n\n<li>\u00abFiz as pazes com o meu passado\u00bb.<\/li>\n\n\n\n<li>\u00abPela primeira vez senti o amor de Deus\u00bb.<\/li>\n<\/ul>\n\n\n\n<blockquote class=\"wp-block-quote is-layout-flow wp-block-quote-is-layout-flow\">\n<p>\u00abSenhor, faze-me conhecer os meus pecados e a Tua miseric\u00f3rdia\u00bb (Santo In\u00e1cio de Loyola)<\/p>\n<\/blockquote>\n\n\n\n<hr class=\"wp-block-separator has-alpha-channel-opacity\"\/>\n\n\n\n<h2 class=\"wp-block-heading\">6. RETIROS E MUNDO MODERNO: UM ANT\u00cdDOTO PARA O VAZIO<\/h2>\n\n\n\n<p>No tempo do medo, da solid\u00e3o e do niilismo, os retiros espirituais s\u00e3o <strong>o\u00e1sis de luz e verdade<\/strong>. O mundo oferece distra\u00e7\u00e3o; Deus oferece paz. E esta paz nasce apenas do sil\u00eancio fecundo do retiro.<\/p>\n\n\n\n<p>A pastoral de hoje precisa redescobrir os retiros como <strong>instrumento de convers\u00e3o<\/strong>, sobretudo para os leigos. A forma\u00e7\u00e3o intelectual n\u00e3o basta: \u00e9 necess\u00e1ria <strong>transforma\u00e7\u00e3o interior<\/strong>.<\/p>\n\n\n\n<hr class=\"wp-block-separator has-alpha-channel-opacity\"\/>\n\n\n\n<h2 class=\"wp-block-heading\">7. PROPOSTA: ORGANIZA O TEU RETIRO ESPIRITUAL<\/h2>\n\n\n\n<p>Se sentes o chamado, aqui tens um modelo simples:<\/p>\n\n\n\n<p><strong>Mini-retiro dom\u00e9stico num fim de semana<\/strong><\/p>\n\n\n\n<p><strong>Sexta \u00e0 noite:<\/strong><\/p>\n\n\n\n<ul class=\"wp-block-list\">\n<li>Ler o Evangelho do domingo.<\/li>\n\n\n\n<li>Exame de consci\u00eancia, tempo de sil\u00eancio.<\/li>\n<\/ul>\n\n\n\n<p><strong>S\u00e1bado:<\/strong><\/p>\n\n\n\n<ul class=\"wp-block-list\">\n<li>Manh\u00e3: medita\u00e7\u00e3o (20\u201330 min), leitura espiritual (Agostinho, Teresa\u2026)<\/li>\n\n\n\n<li>Tarde: Ros\u00e1rio, adora\u00e7\u00e3o, confiss\u00e3o na par\u00f3quia.<\/li>\n\n\n\n<li>Noite: sil\u00eancio, Salmo, dormir cedo.<\/li>\n<\/ul>\n\n\n\n<p><strong>Domingo:<\/strong><\/p>\n\n\n\n<ul class=\"wp-block-list\">\n<li>Participa\u00e7\u00e3o na Santa Missa.<\/li>\n\n\n\n<li>A\u00e7\u00e3o de gra\u00e7as e escrita de compromissos espirituais.<\/li>\n<\/ul>\n\n\n\n<blockquote class=\"wp-block-quote is-layout-flow wp-block-quote-is-layout-flow\">\n<p>Se puderes, faz o retiro numa casa apropriada. Mas mesmo em tua casa, Deus fala a quem deseja escut\u00e1-Lo.<\/p>\n<\/blockquote>\n\n\n\n<hr class=\"wp-block-separator has-alpha-channel-opacity\"\/>\n\n\n\n<h2 class=\"wp-block-heading\">CONCLUS\u00c3O: UM CORA\u00c7\u00c3O NOVO PARA UM MUNDO NOVO<\/h2>\n\n\n\n<p>Retirar-se n\u00e3o \u00e9 fugir. \u00c9 preparar-se. \u00c9 <strong>reabastecer-se espiritualmente<\/strong> para voltar ao mundo com luz, for\u00e7a e amor. Jesus retirava-se, mas depois voltava para curar, pregar, dar a vida, ressuscitar.<\/p>\n\n\n\n<p>Faz o mesmo. Retira-te. Deixa que Deus te fale. Volta com um cora\u00e7\u00e3o novo.<\/p>\n\n\n\n<blockquote class=\"wp-block-quote is-layout-flow wp-block-quote-is-layout-flow\">\n<p>\u00abConvertei-vos ao Senhor, vosso Deus, pois Ele \u00e9 misericordioso e compassivo\u00bb (Jl 2,13)<\/p>\n<\/blockquote>\n\n\n\n<hr class=\"wp-block-separator has-alpha-channel-opacity\"\/>\n\n\n\n<p><strong>Este artigo tocou o teu cora\u00e7\u00e3o?<\/strong><br>N\u00e3o esperes pelo \u201cmomento certo\u201d. Ele talvez nunca chegue. O momento \u00e9 agora. Organiza o teu pr\u00f3ximo retiro e deixa que o Senhor te transforme.<\/p>\n\n\n\n<p><strong>A tua alma precisa. O mundo espera por ti. Deus deseja isso.<\/strong><\/p>\n","protected":false},"excerpt":{"rendered":"<p>INTRODU\u00c7\u00c3O: Uma pausa no caminho para reencontrar o C\u00e9u Vivemos numa sociedade hiperativa. Corremos de um compromisso para outro, os nossos telem\u00f3veis vibram sem cessar, os pensamentos est\u00e3o sobrecarregados e as almas\u2026 sedentas. O mundo de hoje empurra-nos para a agita\u00e7\u00e3o, mas esquece o essencial. Neste contexto, os retiros espirituais n\u00e3o s\u00e3o um luxo para &hellip;<\/p>\n","protected":false},"author":3,"featured_media":3980,"comment_status":"open","ping_status":"open","sticky":false,"template":"","format":"standard","meta":{"_seopress_robots_primary_cat":"","_seopress_titles_title":"","_seopress_titles_desc":"","_seopress_robots_index":"","footnotes":""},"categories":[40,58],"tags":[1335],"class_list":["post-3979","post","type-post","status-publish","format-standard","has-post-thumbnail","","category-oracao-e-espiritualidade","category-oracao-e-vida-espiritual","tag-retiros-espirituais"],"_links":{"self":[{"href":"https:\/\/catholicus.eu\/pt\/wp-json\/wp\/v2\/posts\/3979","targetHints":{"allow":["GET"]}}],"collection":[{"href":"https:\/\/catholicus.eu\/pt\/wp-json\/wp\/v2\/posts"}],"about":[{"href":"https:\/\/catholicus.eu\/pt\/wp-json\/wp\/v2\/types\/post"}],"author":[{"embeddable":true,"href":"https:\/\/catholicus.eu\/pt\/wp-json\/wp\/v2\/users\/3"}],"replies":[{"embeddable":true,"href":"https:\/\/catholicus.eu\/pt\/wp-json\/wp\/v2\/comments?post=3979"}],"version-history":[{"count":1,"href":"https:\/\/catholicus.eu\/pt\/wp-json\/wp\/v2\/posts\/3979\/revisions"}],"predecessor-version":[{"id":3981,"href":"https:\/\/catholicus.eu\/pt\/wp-json\/wp\/v2\/posts\/3979\/revisions\/3981"}],"wp:featuredmedia":[{"embeddable":true,"href":"https:\/\/catholicus.eu\/pt\/wp-json\/wp\/v2\/media\/3980"}],"wp:attachment":[{"href":"https:\/\/catholicus.eu\/pt\/wp-json\/wp\/v2\/media?parent=3979"}],"wp:term":[{"taxonomy":"category","embeddable":true,"href":"https:\/\/catholicus.eu\/pt\/wp-json\/wp\/v2\/categories?post=3979"},{"taxonomy":"post_tag","embeddable":true,"href":"https:\/\/catholicus.eu\/pt\/wp-json\/wp\/v2\/tags?post=3979"}],"curies":[{"name":"wp","href":"https:\/\/api.w.org\/{rel}","templated":true}]}}