{"id":3963,"date":"2025-05-20T22:32:49","date_gmt":"2025-05-20T20:32:49","guid":{"rendered":"https:\/\/catholicus.eu\/pt\/?p=3963"},"modified":"2025-05-20T22:32:49","modified_gmt":"2025-05-20T20:32:49","slug":"as-12-promessas-do-sagrado-coracao-um-refugio-de-amor-e-misericordia-em-tempos-de-crise","status":"publish","type":"post","link":"https:\/\/catholicus.eu\/pt\/as-12-promessas-do-sagrado-coracao-um-refugio-de-amor-e-misericordia-em-tempos-de-crise\/","title":{"rendered":"As 12 Promessas do Sagrado Cora\u00e7\u00e3o: Um Ref\u00fagio de Amor e Miseric\u00f3rdia em Tempos de Crise"},"content":{"rendered":"\n<h2 class=\"wp-block-heading\"><strong>Introdu\u00e7\u00e3o: Um Cora\u00e7\u00e3o que Ama num Mundo Ferido<\/strong><\/h2>\n\n\n\n<p>Num mundo marcado pelo desespero, solid\u00e3o e incerteza, o Sagrado Cora\u00e7\u00e3o de Jesus ergue-se como um farol de amor divino, oferecendo consolo e promessas eternas \u00e0queles que n&#8217;Ele se refugiam. Estas promessas n\u00e3o s\u00e3o meras palavras piedosas, mas compromissos firmes de Deus, revelados a Santa Margarida Maria Alacoque no s\u00e9culo XVII, e que hoje mant\u00eam uma atualidade impressionante.<\/p>\n\n\n\n<p>Porqu\u00ea o Cora\u00e7\u00e3o de Jesus? Porque \u00e9 o s\u00edmbolo m\u00e1ximo do amor de Deus:&nbsp;<em>&#8220;Eis este Cora\u00e7\u00e3o que tanto amou os homens&#8230; e em troca n\u00e3o recebe sen\u00e3o ingratid\u00e3o&#8221;<\/em>&nbsp;(Palavras de Jesus a Santa Margarida). Numa \u00e9poca em que o amor humano falha, as institui\u00e7\u00f5es vacilam e a f\u00e9 se arrefece, Cristo nos estende seu Cora\u00e7\u00e3o como garantia de paz, prote\u00e7\u00e3o e salva\u00e7\u00e3o.<\/p>\n\n\n\n<p>Neste artigo exploraremos:<\/p>\n\n\n\n<ol start=\"1\" class=\"wp-block-list\">\n<li><strong>A origem hist\u00f3rica e teol\u00f3gica das promessas<\/strong><\/li>\n\n\n\n<li><strong>O significado profundo de cada uma<\/strong><\/li>\n\n\n\n<li><strong>Como viv\u00ea-las hoje em meio \u00e0s crises modernas<\/strong><\/li>\n<\/ol>\n\n\n\n<hr class=\"wp-block-separator has-alpha-channel-opacity\"\/>\n\n\n\n<h2 class=\"wp-block-heading\"><strong>1. Hist\u00f3ria e Revela\u00e7\u00e3o: Quando Jesus Mostrou Seu Cora\u00e7\u00e3o ao Mundo<\/strong><\/h2>\n\n\n\n<h3 class=\"wp-block-heading\"><strong>As Apari\u00e7\u00f5es a Santa Margarida Maria Alacoque<\/strong><\/h3>\n\n\n\n<p>Em 1673, no mosteiro da Visita\u00e7\u00e3o em Paray-le-Monial (Fran\u00e7a), uma humilde religiosa come\u00e7ou a receber revela\u00e7\u00f5es de Jesus. Ele lhe apareceu mostrando seu Sagrado Cora\u00e7\u00e3o,&nbsp;<em>&#8220;ardendo de amor pelos homens e cercado de espinhos&#8221;<\/em>, s\u00edmbolo das ofensas e indiferen\u00e7as da humanidade.<\/p>\n\n\n\n<p>Jesus pediu:<\/p>\n\n\n\n<ul class=\"wp-block-list\">\n<li><strong>A devo\u00e7\u00e3o reparadora das Primeiras Sextas-feiras do m\u00eas<\/strong><\/li>\n\n\n\n<li><strong>A consagra\u00e7\u00e3o pessoal e familiar ao seu Cora\u00e7\u00e3o<\/strong><\/li>\n\n\n\n<li><strong>A difus\u00e3o de seu amor misericordioso<\/strong><\/li>\n<\/ul>\n\n\n\n<p>Em troca, prometeu&nbsp;<strong>12 gra\u00e7as especiais<\/strong>&nbsp;aos que praticassem esta devo\u00e7\u00e3o com fidelidade.<\/p>\n\n\n\n<h3 class=\"wp-block-heading\"><strong>Fundamento B\u00edblico: O Cora\u00e7\u00e3o Transpassado<\/strong><\/h3>\n\n\n\n<p>Esta devo\u00e7\u00e3o n\u00e3o \u00e9 inova\u00e7\u00e3o, mas enra\u00edza-se no Evangelho. S\u00e3o Jo\u00e3o, testemunha da crucifica\u00e7\u00e3o, escreveu:<\/p>\n\n\n\n<blockquote class=\"wp-block-quote is-layout-flow wp-block-quote-is-layout-flow\">\n<p><em>&#8220;Um dos soldados trespassou-lhe o lado com uma lan\u00e7a, e imediatamente saiu sangue e \u00e1gua&#8221;<\/em>&nbsp;(Jo\u00e3o 19:34).<\/p>\n<\/blockquote>\n\n\n\n<p>Este Cora\u00e7\u00e3o traspassado \u00e9 a fonte da Igreja, dos sacramentos e da miseric\u00f3rdia infinita.<\/p>\n\n\n\n<hr class=\"wp-block-separator has-alpha-channel-opacity\"\/>\n\n\n\n<h2 class=\"wp-block-heading\"><strong>2. As 12 Promessas do Sagrado Cora\u00e7\u00e3o: An\u00e1lise Teol\u00f3gica e Pr\u00e1tica<\/strong><\/h2>\n\n\n\n<p>Jesus prometeu a Santa Margarida Maria:<\/p>\n\n\n\n<ol start=\"1\" class=\"wp-block-list\">\n<li><strong>&#8220;Darei todas as gra\u00e7as necess\u00e1rias ao seu estado de vida.&#8221;<\/strong>\n<ul class=\"wp-block-list\">\n<li><em>Aplica\u00e7\u00e3o:<\/em>\u00a0N\u00e3o estamos s\u00f3s. Deus prov\u00ea o necess\u00e1rio para vivermos santamente segundo nossa voca\u00e7\u00e3o.<\/li>\n<\/ul>\n<\/li>\n\n\n\n<li><strong>&#8220;Estabelecerei a paz em suas fam\u00edlias.&#8221;<\/strong>\n<ul class=\"wp-block-list\">\n<li><em>Atualidade:<\/em>\u00a0Numa era de div\u00f3rcios e conflitos familiares, o Sagrado Cora\u00e7\u00e3o restaura a unidade.<\/li>\n<\/ul>\n<\/li>\n\n\n\n<li><strong>&#8220;Consol\u00e1-los-ei em todas as suas afli\u00e7\u00f5es.&#8221;<\/strong>\n<ul class=\"wp-block-list\">\n<li><em>Para quem:<\/em>\u00a0Os que sofrem de depress\u00e3o, perdas ou ang\u00fastia.<\/li>\n<\/ul>\n<\/li>\n\n\n\n<li><strong>&#8220;Serei seu ref\u00fagio seguro durante a vida e sobretudo na hora da morte.&#8221;<\/strong>\n<ul class=\"wp-block-list\">\n<li><em>Promessa central:<\/em>\u00a0Num mundo que teme a morte, Cristo oferece seguran\u00e7a eterna.<\/li>\n<\/ul>\n<\/li>\n\n\n\n<li><strong>&#8220;Derramarei abundantes b\u00ean\u00e7\u00e3os sobre todas as suas empresas.&#8221;<\/strong>\n<ul class=\"wp-block-list\">\n<li><em>N\u00e3o \u00e9 &#8220;prosperidade barata&#8221;:<\/em>\u00a0\u00c9 a provid\u00eancia divina no material e espiritual.<\/li>\n<\/ul>\n<\/li>\n\n\n\n<li><strong>&#8220;Os pecadores encontrar\u00e3o em meu Cora\u00e7\u00e3o fonte e oceano infinito de miseric\u00f3rdia.&#8221;<\/strong>\n<ul class=\"wp-block-list\">\n<li><em>Para os afastados:<\/em>\u00a0Nunca \u00e9 tarde para voltar a Deus.<\/li>\n<\/ul>\n<\/li>\n\n\n\n<li><strong>&#8220;As almas t\u00edbias tornar-se-\u00e3o fervorosas.&#8221;<\/strong>\n<ul class=\"wp-block-list\">\n<li><em>Crise atual:<\/em>\u00a0A indiferen\u00e7a religiosa cura-se pelo fogo de seu amor.<\/li>\n<\/ul>\n<\/li>\n\n\n\n<li><strong>&#8220;As almas fervorosas elevar-se-\u00e3o rapidamente a grande perfei\u00e7\u00e3o.&#8221;<\/strong>\n<ul class=\"wp-block-list\">\n<li><em>Caminho de santidade:<\/em>\u00a0N\u00e3o h\u00e1 limites para quem se abandona a Ele.<\/li>\n<\/ul>\n<\/li>\n\n\n\n<li><strong>&#8220;Aben\u00e7oarei as casas onde minha imagem for exposta e honrada.&#8221;<\/strong>\n<ul class=\"wp-block-list\">\n<li><em>Pr\u00e1tica concreta:<\/em>\u00a0Ter uma imagem do Sagrado Cora\u00e7\u00e3o em casa atrai gra\u00e7as.<\/li>\n<\/ul>\n<\/li>\n\n\n\n<li><strong>&#8220;Darei aos sacerdotes o dom de tocar os cora\u00e7\u00f5es mais endurecidos.&#8221;<\/strong>\n<ul class=\"wp-block-list\">\n<li><em>Para a Igreja:<\/em>\u00a0Num mundo secularizado, os ministros precisam desta un\u00e7\u00e3o.<\/li>\n<\/ul>\n<\/li>\n\n\n\n<li><strong>&#8220;As pessoas que propagarem esta devo\u00e7\u00e3o ter\u00e3o seu nome escrito em meu Cora\u00e7\u00e3o e jamais ser\u00e1 apagado.&#8221;<\/strong>\n<ul class=\"wp-block-list\">\n<li><em>Miss\u00e3o evangelizadora:<\/em>\u00a0Difundir esta devo\u00e7\u00e3o \u00e9 obra de miseric\u00f3rdia.<\/li>\n<\/ul>\n<\/li>\n\n\n\n<li><strong>&#8220;Aos que comungarem nove Primeiras Sextas-feiras consecutivas, o amor onipotente de meu Cora\u00e7\u00e3o lhes dar\u00e1 a gra\u00e7a da perseveran\u00e7a final.&#8221;<\/strong>\n<ul class=\"wp-block-list\">\n<li><em>\u00daltima promessa:<\/em>\u00a0A salva\u00e7\u00e3o eterna assegurada.<\/li>\n<\/ul>\n<\/li>\n<\/ol>\n\n\n\n<hr class=\"wp-block-separator has-alpha-channel-opacity\"\/>\n\n\n\n<h2 class=\"wp-block-heading\"><strong>3. Como Viver Esta Devo\u00e7\u00e3o Hoje<\/strong><\/h2>\n\n\n\n<h3 class=\"wp-block-heading\"><strong>a) As Primeiras Sextas-feiras: Um Ato de Amor Reparador<\/strong><\/h3>\n\n\n\n<p>Jesus pediu:<\/p>\n\n\n\n<ul class=\"wp-block-list\">\n<li><strong>Confiss\u00e3o e Comunh\u00e3o<\/strong>\u00a0nas primeiras sextas do m\u00eas por nove meses seguidos<\/li>\n\n\n\n<li><strong>Oferec\u00ea-las em repara\u00e7\u00e3o<\/strong>\u00a0pelas ofensas a seu Cora\u00e7\u00e3o<\/li>\n<\/ul>\n\n\n\n<p><em>Porqu\u00ea?<\/em>&nbsp;Porque o mundo precisa reparar os pecados p\u00fablicos: aborto, blasf\u00eamias, indiferen\u00e7a.<\/p>\n\n\n\n<h3 class=\"wp-block-heading\"><strong>b) Consagra\u00e7\u00e3o Pessoal e Familiar<\/strong><\/h3>\n\n\n\n<ul class=\"wp-block-list\">\n<li><strong>Renovar a consagra\u00e7\u00e3o<\/strong>\u00a0com ora\u00e7\u00f5es como:<br><em>&#8220;Sagrado Cora\u00e7\u00e3o de Jesus, eu confio em V\u00f3s!&#8221;<\/em><\/li>\n\n\n\n<li><strong>Entronizar sua imagem<\/strong>\u00a0no lar, convidando-O a reinar na fam\u00edlia.<\/li>\n<\/ul>\n\n\n\n<h3 class=\"wp-block-heading\"><strong>c) Amor Pr\u00e1tico: Imitar Seu Cora\u00e7\u00e3o<\/strong><\/h3>\n\n\n\n<ul class=\"wp-block-list\">\n<li><strong>Ser misericordiosos<\/strong>\u00a0como Ele<\/li>\n\n\n\n<li><strong>Amar quem nos fere<\/strong>, perdoando como Cristo na Cruz<\/li>\n<\/ul>\n\n\n\n<hr class=\"wp-block-separator has-alpha-channel-opacity\"\/>\n\n\n\n<h2 class=\"wp-block-heading\"><strong>Conclus\u00e3o: Um Chamado a Abra\u00e7ar Seu Cora\u00e7\u00e3o<\/strong><\/h2>\n\n\n\n<p>Num mundo sedento de amor aut\u00eantico, o Sagrado Cora\u00e7\u00e3o \u00e9 a resposta. Estas promessas n\u00e3o s\u00e3o m\u00e1gicas, mas uma alian\u00e7a de amor que exige f\u00e9 e resposta.<\/p>\n\n\n\n<p><strong>Hoje Jesus vos repete:<\/strong><br><em>&#8220;N\u00e3o temais. Vinde a meu Cora\u00e7\u00e3o. Aqui encontrareis paz.&#8221;<\/em><\/p>\n\n\n\n<p>Aceitais Seu convite?<\/p>\n\n\n\n<hr class=\"wp-block-separator has-alpha-channel-opacity\"\/>\n\n\n\n<p><strong>Passos pr\u00e1ticos para come\u00e7ar:<\/strong><\/p>\n\n\n\n<ol start=\"1\" class=\"wp-block-list\">\n<li><strong>Iniciar as nove Primeiras Sextas-feiras<\/strong><\/li>\n\n\n\n<li><strong>Consagrar vossa fam\u00edlia ao Sagrado Cora\u00e7\u00e3o<\/strong><\/li>\n\n\n\n<li><strong>Acolher Sua imagem em vosso lar e cora\u00e7\u00e3o<\/strong><\/li>\n<\/ol>\n\n\n\n<p><em>&#8220;Quem beber da \u00e1gua que eu lhe der, nunca mais ter\u00e1 sede; a \u00e1gua que eu lhe der se tornar\u00e1 nele fonte de \u00e1gua que jorra para a vida eterna&#8221;<\/em>&nbsp;(Jo\u00e3o 4:14).<\/p>\n\n\n\n<p>O Sagrado Cora\u00e7\u00e3o \u00e9 esta fonte. Vireis beber de Seu amor?<\/p>\n","protected":false},"excerpt":{"rendered":"<p>Introdu\u00e7\u00e3o: Um Cora\u00e7\u00e3o que Ama num Mundo Ferido Num mundo marcado pelo desespero, solid\u00e3o e incerteza, o Sagrado Cora\u00e7\u00e3o de Jesus ergue-se como um farol de amor divino, oferecendo consolo e promessas eternas \u00e0queles que n&#8217;Ele se refugiam. Estas promessas n\u00e3o s\u00e3o meras palavras piedosas, mas compromissos firmes de Deus, revelados a Santa Margarida Maria &hellip;<\/p>\n","protected":false},"author":3,"featured_media":3964,"comment_status":"open","ping_status":"open","sticky":false,"template":"","format":"standard","meta":{"_seopress_robots_primary_cat":"","_seopress_titles_title":"","_seopress_titles_desc":"","_seopress_robots_index":"","footnotes":""},"categories":[40,58],"tags":[1331],"class_list":["post-3963","post","type-post","status-publish","format-standard","has-post-thumbnail","","category-oracao-e-espiritualidade","category-oracao-e-vida-espiritual","tag-promessas-do-sagrado-coracao"],"_links":{"self":[{"href":"https:\/\/catholicus.eu\/pt\/wp-json\/wp\/v2\/posts\/3963","targetHints":{"allow":["GET"]}}],"collection":[{"href":"https:\/\/catholicus.eu\/pt\/wp-json\/wp\/v2\/posts"}],"about":[{"href":"https:\/\/catholicus.eu\/pt\/wp-json\/wp\/v2\/types\/post"}],"author":[{"embeddable":true,"href":"https:\/\/catholicus.eu\/pt\/wp-json\/wp\/v2\/users\/3"}],"replies":[{"embeddable":true,"href":"https:\/\/catholicus.eu\/pt\/wp-json\/wp\/v2\/comments?post=3963"}],"version-history":[{"count":1,"href":"https:\/\/catholicus.eu\/pt\/wp-json\/wp\/v2\/posts\/3963\/revisions"}],"predecessor-version":[{"id":3965,"href":"https:\/\/catholicus.eu\/pt\/wp-json\/wp\/v2\/posts\/3963\/revisions\/3965"}],"wp:featuredmedia":[{"embeddable":true,"href":"https:\/\/catholicus.eu\/pt\/wp-json\/wp\/v2\/media\/3964"}],"wp:attachment":[{"href":"https:\/\/catholicus.eu\/pt\/wp-json\/wp\/v2\/media?parent=3963"}],"wp:term":[{"taxonomy":"category","embeddable":true,"href":"https:\/\/catholicus.eu\/pt\/wp-json\/wp\/v2\/categories?post=3963"},{"taxonomy":"post_tag","embeddable":true,"href":"https:\/\/catholicus.eu\/pt\/wp-json\/wp\/v2\/tags?post=3963"}],"curies":[{"name":"wp","href":"https:\/\/api.w.org\/{rel}","templated":true}]}}