{"id":3957,"date":"2025-05-19T22:47:27","date_gmt":"2025-05-19T20:47:27","guid":{"rendered":"https:\/\/catholicus.eu\/pt\/?p=3957"},"modified":"2025-05-19T22:47:28","modified_gmt":"2025-05-19T20:47:28","slug":"a-deficiencia-um-chamado-ao-amor-pleno-no-coracao-do-evangelho","status":"publish","type":"post","link":"https:\/\/catholicus.eu\/pt\/a-deficiencia-um-chamado-ao-amor-pleno-no-coracao-do-evangelho\/","title":{"rendered":"A Defici\u00eancia: um chamado ao amor pleno no cora\u00e7\u00e3o do Evangelho"},"content":{"rendered":"\n<h2 class=\"wp-block-heading\">Introdu\u00e7\u00e3o<\/h2>\n\n\n\n<p>A defici\u00eancia \u2014 em todas as suas formas \u2014 representa um desafio profundo para n\u00f3s como Igreja, como fam\u00edlias e como sociedade. Em um mundo que idolatra a efici\u00eancia, a apar\u00eancia exterior e a autonomia, a fragilidade humana muitas vezes aparece como um esc\u00e2ndalo. Mas, na vis\u00e3o cat\u00f3lica tradicional, a defici\u00eancia n\u00e3o \u00e9 um erro, nem uma puni\u00e7\u00e3o, nem uma falta de dignidade. Ela \u00e9, antes, uma oportunidade sagrada: um chamado a redescobrir o amor, a comunh\u00e3o e o verdadeiro rosto de Cristo.<\/p>\n\n\n\n<p>Este artigo deseja oferecer, \u00e0 luz da hist\u00f3ria, da teologia e da pr\u00e1tica pastoral, uma reflex\u00e3o sobre como os cat\u00f3licos podem e devem viver a defici\u00eancia como um mist\u00e9rio redentor, um lugar de gra\u00e7a e uma escola de santidade.<\/p>\n\n\n\n<hr class=\"wp-block-separator has-alpha-channel-opacity\"\/>\n\n\n\n<h2 class=\"wp-block-heading\">I. Um olhar hist\u00f3rico: a defici\u00eancia na tradi\u00e7\u00e3o da Igreja<\/h2>\n\n\n\n<p>Desde os seus primeiros s\u00e9culos, a Igreja reconheceu o valor e a dignidade das pessoas com defici\u00eancia. Num mundo greco-romano que desprezava a fraqueza e muitas vezes eliminava os rec\u00e9m-nascidos deformados, os crist\u00e3os acolhiam aqueles que o Imp\u00e9rio rejeitava: batizavam-nos, cuidavam deles e viviam com eles.<\/p>\n\n\n\n<p>S\u00e3o Bento prescrevia em sua <em>Regra<\/em> que os doentes e os idosos fossem tratados \u201ccomo o pr\u00f3prio Cristo\u201d (<em>Regra<\/em>, cap. 36). S\u00e3o Jo\u00e3o Cris\u00f3stomo pregava contra o abandono dos enfermos. Na Idade M\u00e9dia, os mosteiros e ordens hospitalares cuidavam de leprosos, cegos, surdos e paral\u00edticos.<\/p>\n\n\n\n<p>Esse testemunho n\u00e3o nascia apenas da caridade, mas de uma <strong>profunda convic\u00e7\u00e3o teol\u00f3gica<\/strong>: <strong>toda pessoa, mesmo a mais fr\u00e1gil, \u00e9 imagem de Deus<\/strong> (<em>imago Dei<\/em>) e possui uma dignidade inviol\u00e1vel.<\/p>\n\n\n\n<hr class=\"wp-block-separator has-alpha-channel-opacity\"\/>\n\n\n\n<h2 class=\"wp-block-heading\">II. Fundamento teol\u00f3gico: dignidade, reden\u00e7\u00e3o e mist\u00e9rio<\/h2>\n\n\n\n<h3 class=\"wp-block-heading\">1. <strong>A dignidade inviol\u00e1vel da pessoa humana<\/strong><\/h3>\n\n\n\n<p>A teologia cat\u00f3lica ensina que cada ser humano \u2014 independentemente da condi\u00e7\u00e3o f\u00edsica ou mental \u2014 \u00e9 criado \u00e0 imagem e semelhan\u00e7a de Deus (cf. Gn 1,26). Essa imagem divina n\u00e3o \u00e9 apagada pela defici\u00eancia, pois n\u00e3o se fundamenta nas capacidades cognitivas ou f\u00edsicas, mas no pr\u00f3prio ser.<\/p>\n\n\n\n<p>A dignidade n\u00e3o depende do que a pessoa \u201c\u00e9 capaz de fazer\u201d, mas de <strong>quem<\/strong> ela \u00e9: um filho ou filha amado(a) por Deus desde a eternidade.<\/p>\n\n\n\n<blockquote class=\"wp-block-quote is-layout-flow wp-block-quote-is-layout-flow\">\n<p><em>\u201cAntes de formar voc\u00ea no ventre materno, eu o escolhi\u201d (Jeremias 1,5).<\/em><\/p>\n<\/blockquote>\n\n\n\n<h3 class=\"wp-block-heading\">2. <strong>O valor redentor do sofrimento<\/strong><\/h3>\n\n\n\n<p>A defici\u00eancia \u2014 sobretudo se adquirida \u2014 pode trazer sofrimentos f\u00edsicos, psicol\u00f3gicos e espirituais. Mas, em Cristo, o sofrimento foi redimido. S\u00e3o Paulo o expressa com for\u00e7a:<\/p>\n\n\n\n<blockquote class=\"wp-block-quote is-layout-flow wp-block-quote-is-layout-flow\">\n<p><em>\u201cAgora me alegro nos sofrimentos que suporto por v\u00f3s e completo, na minha carne, o que falta aos sofrimentos de Cristo, em favor do seu corpo, que \u00e9 a Igreja\u201d (Colossenses 1,24).<\/em><\/p>\n<\/blockquote>\n\n\n\n<p>Longe de ser uma maldi\u00e7\u00e3o, a defici\u00eancia pode tornar-se uma via crucis \u2014 e, portanto, um <strong>caminho de uni\u00e3o profunda com Jesus<\/strong>. N\u00e3o se trata de glorificar a dor, mas de reconhecer sua participa\u00e7\u00e3o no mist\u00e9rio pascal.<\/p>\n\n\n\n<h3 class=\"wp-block-heading\">3. <strong>Uma voca\u00e7\u00e3o pr\u00f3pria no corpo de Cristo<\/strong><\/h3>\n\n\n\n<p>Cada pessoa tem uma voca\u00e7\u00e3o no corpo m\u00edstico da Igreja (cf. 1Cor 12). Paulo recorda que os membros mais fracos s\u00e3o, na verdade, os mais necess\u00e1rios:<\/p>\n\n\n\n<blockquote class=\"wp-block-quote is-layout-flow wp-block-quote-is-layout-flow\">\n<p><em>\u201cDeus organizou o corpo, atribuindo mais honra aos membros menos honrosos, para que n\u00e3o haja divis\u00e3o no corpo, mas que os membros cuidem igualmente uns dos outros\u201d (1 Cor\u00edntios 12,24\u201325).<\/em><\/p>\n<\/blockquote>\n\n\n\n<p>As pessoas com defici\u00eancia t\u00eam uma <strong>voca\u00e7\u00e3o espec\u00edfica<\/strong>: humanizar, sensibilizar, chamar ao amor \u2014 e revelar o rosto misericordioso de Deus.<\/p>\n\n\n\n<hr class=\"wp-block-separator has-alpha-channel-opacity\"\/>\n\n\n\n<h2 class=\"wp-block-heading\">III. Formas de defici\u00eancia: natural, adquirida e a experi\u00eancia crist\u00e3<\/h2>\n\n\n\n<h3 class=\"wp-block-heading\">1. <strong>Defici\u00eancias cong\u00eanitas<\/strong><\/h3>\n\n\n\n<p>Incluem defici\u00eancias f\u00edsicas (ex. espinha b\u00edfida, paralisia cerebral), mentais (ex. s\u00edndrome de Down, autismo) e sensoriais (cegueira, surdez).<\/p>\n\n\n\n<h4 class=\"wp-block-heading\">Acompanhamento familiar:<\/h4>\n\n\n\n<ul class=\"wp-block-list\">\n<li>A <strong>acolhida incondicional<\/strong> \u00e9 fundamental. Uma crian\u00e7a com defici\u00eancia n\u00e3o \u00e9 um erro, mas um dom que convida ao amor gratuito.<\/li>\n\n\n\n<li>Os pais necessitam de <strong>apoio espiritual e comunit\u00e1rio<\/strong>, n\u00e3o apenas t\u00e9cnico e m\u00e9dico.<\/li>\n\n\n\n<li>\u00c9 necess\u00e1rio oferecer uma <strong>catequese adaptada<\/strong>, mas jamais negar os sacramentos se houver sinal impl\u00edcito de f\u00e9.<\/li>\n<\/ul>\n\n\n\n<h4 class=\"wp-block-heading\">Pr\u00e1tica pastoral:<\/h4>\n\n\n\n<ul class=\"wp-block-list\">\n<li>A par\u00f3quia deve ser n\u00e3o apenas <strong>fisicamente acess\u00edvel<\/strong>, mas tamb\u00e9m emocional e espiritualmente.<\/li>\n\n\n\n<li>As pessoas com defici\u00eancia devem ser <strong>protagonistas ativas<\/strong> na liturgia, catequese e vida comunit\u00e1ria \u2014 dentro de suas possibilidades.<\/li>\n<\/ul>\n\n\n\n<h3 class=\"wp-block-heading\">2. <strong>Defici\u00eancias adquiridas (traumas, doen\u00e7as, envelhecimento)<\/strong><\/h3>\n\n\n\n<p>Muitas vezes trazem traumas, crises de f\u00e9, perdas e mudan\u00e7as radicais.<\/p>\n\n\n\n<h4 class=\"wp-block-heading\">Chaves pastorais:<\/h4>\n\n\n\n<ul class=\"wp-block-list\">\n<li><strong>Reconhecer a dor<\/strong>: n\u00e3o espiritualiz\u00e1-la de forma precipitada. O luto e a raiva t\u00eam papel leg\u00edtimo \u2014 como nos Salmos.<\/li>\n\n\n\n<li><strong>Descobrir uma nova voca\u00e7\u00e3o<\/strong>: o que Deus pede agora, nesta nova realidade?<\/li>\n\n\n\n<li><strong>Cultivar resili\u00eancia espiritual<\/strong>, inspirada em exemplos como S\u00e3o L\u00e1zaro (tradi\u00e7\u00e3o), o Beato Carlo Acutis (doen\u00e7a degenerativa), Santa Josefina Bakhita (sofrimentos transformados em gra\u00e7a).<\/li>\n<\/ul>\n\n\n\n<h4 class=\"wp-block-heading\">Acompanhamento das fam\u00edlias:<\/h4>\n\n\n\n<ul class=\"wp-block-list\">\n<li><strong>Tamb\u00e9m quem cuida precisa de cuidado<\/strong>: muitos familiares vivem um esgotamento invis\u00edvel. A Igreja deve oferecer apoio espiritual, afetivo e pr\u00e1tico.<\/li>\n<\/ul>\n\n\n\n<hr class=\"wp-block-separator has-alpha-channel-opacity\"\/>\n\n\n\n<h2 class=\"wp-block-heading\">IV. Guia pr\u00e1tica teol\u00f3gico-pastoral<\/h2>\n\n\n\n<h3 class=\"wp-block-heading\">1. <strong>Na vida pessoal<\/strong><\/h3>\n\n\n\n<ul class=\"wp-block-list\">\n<li>Acolher a pr\u00f3pria fragilidade como <strong>caminho de santidade<\/strong>. No fundo, todos somos \u201cdeficientes\u201d diante de Deus.<\/li>\n\n\n\n<li>Cultivar uma espiritualidade do <strong>\u201cser\u201d mais do que do fazer\u201d<\/strong>. A ora\u00e7\u00e3o contemplativa e os sacramentos s\u00e3o acess\u00edveis a todos.<\/li>\n<\/ul>\n\n\n\n<h3 class=\"wp-block-heading\">2. <strong>Na fam\u00edlia<\/strong><\/h3>\n\n\n\n<ul class=\"wp-block-list\">\n<li>Educar os filhos na <strong>cultura do encontro<\/strong>: visitar institui\u00e7\u00f5es, participar de grupos inclusivos.<\/li>\n\n\n\n<li>Ensinar que cada pessoa \u00e9 amada e preciosa \u2014 <strong>n\u00e3o por sua utilidade<\/strong>, mas por seu ser.<\/li>\n<\/ul>\n\n\n\n<h3 class=\"wp-block-heading\">3. <strong>Na comunidade paroquial<\/strong><\/h3>\n\n\n\n<ul class=\"wp-block-list\">\n<li>Formar um <strong>grupo pastoral para a inclus\u00e3o<\/strong>.<\/li>\n\n\n\n<li>Garantir <strong>acessibilidade arquitet\u00f4nica<\/strong>, mas tamb\u00e9m abertura relacional e espiritual.<\/li>\n\n\n\n<li>Adaptar a catequese e celebrar <strong>liturgias inclusivas<\/strong> (com L\u00edngua Brasileira de Sinais, textos simplificados, participa\u00e7\u00e3o ativa).<\/li>\n<\/ul>\n\n\n\n<h3 class=\"wp-block-heading\">4. <strong>Na sociedade<\/strong><\/h3>\n\n\n\n<ul class=\"wp-block-list\">\n<li>Ser voz prof\u00e9tica <strong>contra a cultura do descarte<\/strong>. A eutan\u00e1sia, o aborto seletivo e a exclus\u00e3o devem ser denunciados \u00e0 luz do Evangelho.<\/li>\n\n\n\n<li>Apoiar <strong>iniciativas educativas, laborais e legislativas<\/strong> que promovam verdadeira inclus\u00e3o.<\/li>\n<\/ul>\n\n\n\n<hr class=\"wp-block-separator has-alpha-channel-opacity\"\/>\n\n\n\n<h2 class=\"wp-block-heading\">V. Testemunhos: santos e defici\u00eancia<\/h2>\n\n\n\n<ul class=\"wp-block-list\">\n<li><strong>Santa Margarida de Citt\u00e0 di Castello<\/strong>: cega, manca, rejeitada pela fam\u00edlia \u2014 viveu em ora\u00e7\u00e3o e caridade.<\/li>\n\n\n\n<li><strong>Beato Hermano de Reichenau<\/strong>: gravemente deficiente no s\u00e9culo XI, te\u00f3logo e compositor (poss\u00edvel autor do <em>Salve Regina<\/em>).<\/li>\n\n\n\n<li><strong>S\u00e3o Jo\u00e3o Paulo II<\/strong>: em seus \u00faltimos anos, mostrou com o corpo sofredor a <strong>for\u00e7a do abandono em Deus<\/strong>.<\/li>\n<\/ul>\n\n\n\n<hr class=\"wp-block-separator has-alpha-channel-opacity\"\/>\n\n\n\n<h2 class=\"wp-block-heading\">Conclus\u00e3o: um Evangelho que come\u00e7a pelas margens<\/h2>\n\n\n\n<p>A defici\u00eancia n\u00e3o \u00e9 obst\u00e1culo ao amor de Deus, mas frequentemente <strong>sua via privilegiada<\/strong>. No rosto do Crucificado, do Servo Sofredor, do Deus que se fez fr\u00e1gil por amor, revela-se a verdadeira beleza do ser humano.<\/p>\n\n\n\n<p>Hoje mais do que nunca, a Igreja \u00e9 chamada a testemunhar que <strong>toda vida \u00e9 sagrada, preciosa e digna<\/strong> \u2014 e que cada pessoa com defici\u00eancia tem uma <strong>miss\u00e3o \u00fanica e insubstitu\u00edvel no Reino de Deus<\/strong>.<\/p>\n\n\n\n<blockquote class=\"wp-block-quote is-layout-flow wp-block-quote-is-layout-flow\">\n<p><em>\u201cTodas as vezes que fizestes isso a um destes meus irm\u00e3os mais pequeninos, foi a mim que o fizestes\u201d (Mateus 25,40).<\/em><\/p>\n<\/blockquote>\n","protected":false},"excerpt":{"rendered":"<p>Introdu\u00e7\u00e3o A defici\u00eancia \u2014 em todas as suas formas \u2014 representa um desafio profundo para n\u00f3s como Igreja, como fam\u00edlias e como sociedade. Em um mundo que idolatra a efici\u00eancia, a apar\u00eancia exterior e a autonomia, a fragilidade humana muitas vezes aparece como um esc\u00e2ndalo. Mas, na vis\u00e3o cat\u00f3lica tradicional, a defici\u00eancia n\u00e3o \u00e9 um &hellip;<\/p>\n","protected":false},"author":3,"featured_media":3958,"comment_status":"open","ping_status":"open","sticky":false,"template":"","format":"standard","meta":{"_seopress_robots_primary_cat":"","_seopress_titles_title":"","_seopress_titles_desc":"","_seopress_robots_index":"","footnotes":""},"categories":[54,39],"tags":[1330],"class_list":["post-3957","post","type-post","status-publish","format-standard","has-post-thumbnail","","category-bioetica-e-questoes-contemporaneas","category-moral-e-vida-crista","tag-deficiencia"],"_links":{"self":[{"href":"https:\/\/catholicus.eu\/pt\/wp-json\/wp\/v2\/posts\/3957","targetHints":{"allow":["GET"]}}],"collection":[{"href":"https:\/\/catholicus.eu\/pt\/wp-json\/wp\/v2\/posts"}],"about":[{"href":"https:\/\/catholicus.eu\/pt\/wp-json\/wp\/v2\/types\/post"}],"author":[{"embeddable":true,"href":"https:\/\/catholicus.eu\/pt\/wp-json\/wp\/v2\/users\/3"}],"replies":[{"embeddable":true,"href":"https:\/\/catholicus.eu\/pt\/wp-json\/wp\/v2\/comments?post=3957"}],"version-history":[{"count":1,"href":"https:\/\/catholicus.eu\/pt\/wp-json\/wp\/v2\/posts\/3957\/revisions"}],"predecessor-version":[{"id":3959,"href":"https:\/\/catholicus.eu\/pt\/wp-json\/wp\/v2\/posts\/3957\/revisions\/3959"}],"wp:featuredmedia":[{"embeddable":true,"href":"https:\/\/catholicus.eu\/pt\/wp-json\/wp\/v2\/media\/3958"}],"wp:attachment":[{"href":"https:\/\/catholicus.eu\/pt\/wp-json\/wp\/v2\/media?parent=3957"}],"wp:term":[{"taxonomy":"category","embeddable":true,"href":"https:\/\/catholicus.eu\/pt\/wp-json\/wp\/v2\/categories?post=3957"},{"taxonomy":"post_tag","embeddable":true,"href":"https:\/\/catholicus.eu\/pt\/wp-json\/wp\/v2\/tags?post=3957"}],"curies":[{"name":"wp","href":"https:\/\/api.w.org\/{rel}","templated":true}]}}